{"id":172485,"date":"2023-10-02T11:26:28","date_gmt":"2023-10-02T09:26:28","guid":{"rendered":"https:\/\/graziamagazine.com\/es\/?post_type=articles&#038;p=172485"},"modified":"2023-10-02T11:26:28","modified_gmt":"2023-10-02T09:26:28","slug":"the-loubi-show-la-coleccion-louboutin-para-la-proxima-temporada","status":"publish","type":"articles","link":"https:\/\/graziamagazine.com\/es\/articles\/the-loubi-show-la-coleccion-louboutin-para-la-proxima-temporada\/","title":{"rendered":"\u201cThe Loubi Show\u201d: la colecci\u00f3n Louboutin para la pr\u00f3xima primavera"},"content":{"rendered":"<p>Christian Louboutin regres\u00f3 con <strong>\u201cThe Loubi Show\u201d<\/strong> en Par\u00eds el 28 de septiembre, presentando su colecci\u00f3n <strong>Mujer Primavera\/Verano 2024<\/strong> en una actuaci\u00f3n contempor\u00e1nea en vivo en el <strong>Gran Anfiteatro de La Sorbona.<\/strong><\/p>\n<p>Esta presentaci\u00f3n explor\u00f3 la fusi\u00f3n entre lo humano y la tecnolog\u00eda, incorporando pantallas de \u00faltima generaci\u00f3n para dar vida a dise\u00f1os \u00fanicos en su ic\u00f3nico color rojo.<\/p>\n<figure id=\"attachment_129977\" class=\"wp-caption alignnone\" style=\"width: 1024px\" aria-describedby=\"caption-attachment-129977\"><img loading=\"lazy\" decoding=\"async\" class=\"size-large wp-image-129977\" src=\"https:\/\/graziamagazine.com\/mx\/wp-content\/uploads\/sites\/13\/2023\/10\/performance_1620x1080_0004_iuliamatei_louboutin_performance_-7.jpg?w=1024&amp;resize=1024%2C683\" alt=\"&quot;The Loubi Show&quot;: Christian Louboutin presenta su colecci\u00f3n Mujer Primavera\/Verano 2024\" width=\"1024\" height=\"683\" data-recalc-dims=\"1\" \/><\/figure>\n<p>El dise\u00f1ador invit\u00f3 al artista belga-marroqu\u00ed<strong> Sidi Larbi Cherkaoui<\/strong> para coreografiar el espect\u00e1culo, quien es conocido por colaborar con destacados teatros y artistas internacionales como Lady Gaga y Beyonc\u00e9.<\/p>\n<p>La colaboraci\u00f3n entre Louboutin y Cherkaoui busc\u00f3 crear una <strong>experiencia m\u00e1gica<\/strong> al combinar <strong>elementos art\u00edsticos multifac\u00e9ticos.<\/strong><\/p>\n<p>Para aumentar la inmersi\u00f3n en el espect\u00e1culo,<strong> Christian Louboutin<\/strong> tambi\u00e9n colabor\u00f3 con el artista persa alem\u00e1n Tobias Gremmler, quien reimagin\u00f3 el ic\u00f3nico \u201cRed Sole\u201d de la marca como cuerpos virtuales emergiendo de pantallas rob\u00f3ticas en movimiento.<\/p>\n<div id=\"v-YIwAvtH3-1\" class=\"video-player\"><\/div>\n<p>El evento cont\u00f3 con la presencia de Viktoria Modesta, la primera artista pop bi\u00f3nica del mundo, y diecis\u00e9is artistas que interpretaron danza contempor\u00e1nea rodeados de pantallas m\u00f3viles creadas por Aumovis, una compa\u00f1\u00eda alemana l\u00edder en paredes LED aut\u00f3nomas. La actuaci\u00f3n fue acompa\u00f1ada por una partitura musical que inclu\u00eda un poema de amor \u00e1rabe.<\/p>\n<p>En el Gran Sal\u00f3n, Christian Louboutin present\u00f3 su colecci\u00f3n Primavera\/Verano 2024 en una galer\u00eda magn\u00edfica con productos levitando en nichos rojos, creando ilusiones \u00f3pticas infinitas. Aqu\u00ed puedes volver a ver el show:<\/p>\n<p><iframe loading=\"lazy\" title=\"The Loubi Show IV\" width=\"500\" height=\"281\" src=\"https:\/\/www.youtube.com\/embed\/CvF_wtpAVLc?feature=oembed\" frameborder=\"0\" allow=\"accelerometer; autoplay; clipboard-write; encrypted-media; gyroscope; picture-in-picture; web-share\" allowfullscreen><\/iframe><\/p>\n<p><em>*Im\u00e1genes: cortes\u00eda\u00a0<\/em><\/p>\n","protected":false},"author":16349,"featured_media":172486,"template":"","format":"standard","categories":[1],"acf":[],"yoast_head":"<!-- This site is optimized with the Yoast SEO Premium plugin v18.5 (Yoast SEO v20.4) - https:\/\/yoast.com\/wordpress\/plugins\/seo\/ -->\n<title>The Loubi Show: la colecci\u00f3n Louboutin para la pr\u00f3xima primavera<\/title>\n<meta name=\"description\" content=\"Christian Louboutin muestra sus \u00faltimos dise\u00f1os de una manera creativa y art\u00edstica incorporando danza y elementos visuales para cautivar al p\u00fablico\" \/>\n<meta name=\"robots\" content=\"index, follow, max-snippet:-1, max-image-preview:large, max-video-preview:-1\" \/>\n<link rel=\"canonical\" href=\"https:\/\/graziamagazine.com\/es\/articles\/the-loubi-show-la-coleccion-louboutin-para-la-proxima-temporada\/\" \/>\n<meta property=\"og:locale\" content=\"es_ES\" \/>\n<meta property=\"og:type\" content=\"article\" \/>\n<meta property=\"og:title\" content=\"\u201cThe Loubi Show\u201d: la colecci\u00f3n Louboutin para la pr\u00f3xima primavera\" \/>\n<meta property=\"og:description\" content=\"Christian Louboutin muestra sus \u00faltimos dise\u00f1os de una manera creativa y art\u00edstica incorporando danza y elementos visuales para cautivar al p\u00fablico\" \/>\n<meta property=\"og:url\" content=\"https:\/\/graziamagazine.com\/es\/articles\/the-loubi-show-la-coleccion-louboutin-para-la-proxima-temporada\/\" \/>\n<meta property=\"og:site_name\" content=\"Grazia\" \/>\n<meta property=\"og:image\" content=\"https:\/\/graziamagazine.com\/es\/wp-content\/uploads\/sites\/12\/2023\/10\/performance_1620x1080_0001_iuliamatei_louboutin_performance_-10.jpg\" \/>\n\t<meta property=\"og:image:width\" content=\"1620\" \/>\n\t<meta property=\"og:image:height\" content=\"1080\" \/>\n\t<meta property=\"og:image:type\" content=\"image\/jpeg\" \/>\n<meta name=\"twitter:card\" content=\"summary_large_image\" \/>\n<meta name=\"twitter:label1\" content=\"Est. reading time\" \/>\n\t<meta name=\"twitter:data1\" content=\"2 minutos\" \/>\n<script type=\"application\/ld+json\" class=\"yoast-schema-graph\">{\"@context\":\"https:\/\/schema.org\",\"@graph\":[{\"@type\":\"WebPage\",\"@id\":\"https:\/\/graziamagazine.com\/es\/articles\/the-loubi-show-la-coleccion-louboutin-para-la-proxima-temporada\/\",\"url\":\"https:\/\/graziamagazine.com\/es\/articles\/the-loubi-show-la-coleccion-louboutin-para-la-proxima-temporada\/\",\"name\":\"The Loubi Show: la colecci\u00f3n Louboutin para la pr\u00f3xima primavera\",\"isPartOf\":{\"@id\":\"https:\/\/graziamagazine.com\/es\/#website\"},\"datePublished\":\"2023-10-02T09:26:28+00:00\",\"dateModified\":\"2023-10-02T09:26:28+00:00\",\"description\":\"Christian Louboutin muestra sus \u00faltimos dise\u00f1os de una manera creativa y art\u00edstica incorporando danza y elementos visuales para cautivar al p\u00fablico\",\"breadcrumb\":{\"@id\":\"https:\/\/graziamagazine.com\/es\/articles\/the-loubi-show-la-coleccion-louboutin-para-la-proxima-temporada\/#breadcrumb\"},\"inLanguage\":\"es\",\"potentialAction\":[{\"@type\":\"ReadAction\",\"target\":[\"https:\/\/graziamagazine.com\/es\/articles\/the-loubi-show-la-coleccion-louboutin-para-la-proxima-temporada\/\"]}]},{\"@type\":\"BreadcrumbList\",\"@id\":\"https:\/\/graziamagazine.com\/es\/articles\/the-loubi-show-la-coleccion-louboutin-para-la-proxima-temporada\/#breadcrumb\",\"itemListElement\":[{\"@type\":\"ListItem\",\"position\":1,\"name\":\"Portada\",\"item\":\"https:\/\/graziamagazine.com\/es\/\"},{\"@type\":\"ListItem\",\"position\":2,\"name\":\"\u201cThe Loubi Show\u201d: la colecci\u00f3n Louboutin para la pr\u00f3xima primavera\"}]},{\"@type\":\"WebSite\",\"@id\":\"https:\/\/graziamagazine.com\/es\/#website\",\"url\":\"https:\/\/graziamagazine.com\/es\/\",\"name\":\"Grazia\",\"description\":\"Moda, belleza, celebrities, estilo de vida...\",\"potentialAction\":[{\"@type\":\"SearchAction\",\"target\":{\"@type\":\"EntryPoint\",\"urlTemplate\":\"https:\/\/graziamagazine.com\/es\/?s={search_term_string}\"},\"query-input\":\"required name=search_term_string\"}],\"inLanguage\":\"es\"}]}<\/script>\n<!-- \/ Yoast SEO Premium plugin. -->","yoast_head_json":{"title":"The Loubi Show: la colecci\u00f3n Louboutin para la pr\u00f3xima primavera","description":"Christian Louboutin muestra sus \u00faltimos dise\u00f1os de una manera creativa y art\u00edstica incorporando danza y elementos visuales para cautivar al p\u00fablico","robots":{"index":"index","follow":"follow","max-snippet":"max-snippet:-1","max-image-preview":"max-image-preview:large","max-video-preview":"max-video-preview:-1"},"canonical":"https:\/\/graziamagazine.com\/es\/articles\/the-loubi-show-la-coleccion-louboutin-para-la-proxima-temporada\/","og_locale":"es_ES","og_type":"article","og_title":"\u201cThe Loubi Show\u201d: la colecci\u00f3n Louboutin para la pr\u00f3xima primavera","og_description":"Christian Louboutin muestra sus \u00faltimos dise\u00f1os de una manera creativa y art\u00edstica incorporando danza y elementos visuales para cautivar al p\u00fablico","og_url":"https:\/\/graziamagazine.com\/es\/articles\/the-loubi-show-la-coleccion-louboutin-para-la-proxima-temporada\/","og_site_name":"Grazia","og_image":[{"width":1620,"height":1080,"url":"https:\/\/graziamagazine.com\/es\/wp-content\/uploads\/sites\/12\/2023\/10\/performance_1620x1080_0001_iuliamatei_louboutin_performance_-10.jpg","type":"image\/jpeg"}],"twitter_card":"summary_large_image","twitter_misc":{"Est. reading time":"2 minutos"},"schema":{"@context":"https:\/\/schema.org","@graph":[{"@type":"WebPage","@id":"https:\/\/graziamagazine.com\/es\/articles\/the-loubi-show-la-coleccion-louboutin-para-la-proxima-temporada\/","url":"https:\/\/graziamagazine.com\/es\/articles\/the-loubi-show-la-coleccion-louboutin-para-la-proxima-temporada\/","name":"The Loubi Show: la colecci\u00f3n Louboutin para la pr\u00f3xima primavera","isPartOf":{"@id":"https:\/\/graziamagazine.com\/es\/#website"},"datePublished":"2023-10-02T09:26:28+00:00","dateModified":"2023-10-02T09:26:28+00:00","description":"Christian Louboutin muestra sus \u00faltimos dise\u00f1os de una manera creativa y art\u00edstica incorporando danza y elementos visuales para cautivar al p\u00fablico","breadcrumb":{"@id":"https:\/\/graziamagazine.com\/es\/articles\/the-loubi-show-la-coleccion-louboutin-para-la-proxima-temporada\/#breadcrumb"},"inLanguage":"es","potentialAction":[{"@type":"ReadAction","target":["https:\/\/graziamagazine.com\/es\/articles\/the-loubi-show-la-coleccion-louboutin-para-la-proxima-temporada\/"]}]},{"@type":"BreadcrumbList","@id":"https:\/\/graziamagazine.com\/es\/articles\/the-loubi-show-la-coleccion-louboutin-para-la-proxima-temporada\/#breadcrumb","itemListElement":[{"@type":"ListItem","position":1,"name":"Portada","item":"https:\/\/graziamagazine.com\/es\/"},{"@type":"ListItem","position":2,"name":"\u201cThe Loubi Show\u201d: la colecci\u00f3n Louboutin para la pr\u00f3xima primavera"}]},{"@type":"WebSite","@id":"https:\/\/graziamagazine.com\/es\/#website","url":"https:\/\/graziamagazine.com\/es\/","name":"Grazia","description":"Moda, belleza, celebrities, estilo de vida...","potentialAction":[{"@type":"SearchAction","target":{"@type":"EntryPoint","urlTemplate":"https:\/\/graziamagazine.com\/es\/?s={search_term_string}"},"query-input":"required name=search_term_string"}],"inLanguage":"es"}]}},"jetpack_sharing_enabled":true,"distributor_meta":false,"distributor_terms":false,"distributor_media":false,"distributor_original_site_name":"Grazia","distributor_original_site_url":"https:\/\/graziamagazine.com\/es","push-errors":false,"_links":{"self":[{"href":"https:\/\/graziamagazine.com\/es\/wp-json\/wp\/v2\/articles\/172485"}],"collection":[{"href":"https:\/\/graziamagazine.com\/es\/wp-json\/wp\/v2\/articles"}],"about":[{"href":"https:\/\/graziamagazine.com\/es\/wp-json\/wp\/v2\/types\/articles"}],"author":[{"embeddable":true,"href":"https:\/\/graziamagazine.com\/es\/wp-json\/wp\/v2\/users\/16349"}],"wp:featuredmedia":[{"embeddable":true,"href":"https:\/\/graziamagazine.com\/es\/wp-json\/wp\/v2\/media\/172486"}],"wp:attachment":[{"href":"https:\/\/graziamagazine.com\/es\/wp-json\/wp\/v2\/media?parent=172485"}],"wp:term":[{"taxonomy":"category","embeddable":true,"href":"https:\/\/graziamagazine.com\/es\/wp-json\/wp\/v2\/categories?post=172485"}],"curies":[{"name":"wp","href":"https:\/\/api.w.org\/{rel}","templated":true}]}}