{"id":172352,"date":"2023-09-21T10:29:33","date_gmt":"2023-09-21T08:29:33","guid":{"rendered":"https:\/\/graziamagazine.com\/es\/?post_type=articles&#038;p=172352"},"modified":"2023-09-21T10:29:33","modified_gmt":"2023-09-21T08:29:33","slug":"berlin-la-precuela-de-la-casa-de-papel-que-ya-casi-esta-aqui","status":"publish","type":"articles","link":"https:\/\/graziamagazine.com\/es\/articles\/berlin-la-precuela-de-la-casa-de-papel-que-ya-casi-esta-aqui\/","title":{"rendered":"Berl\u00edn, la precuela de La Casa de Papel que ya casi est\u00e1 aqu\u00ed"},"content":{"rendered":"<p><b>Netflix<\/b><span style=\"font-weight: 400\"> anunci\u00f3 la fecha de estreno de <\/span><b><i>Berl\u00edn<\/i><\/b><span style=\"font-weight: 400\">, la precuela de <\/span><b><i>La Casa de Papel<\/i><\/b><span style=\"font-weight: 400\">, una de sus series m\u00e1s exitosas, la cual podremos disfrutar a partir del 29 de diciembre.<\/span><\/p>\n<figure id=\"attachment_129338\" class=\"wp-caption alignnone\" style=\"width: 1024px\" aria-describedby=\"caption-attachment-129338\"><img loading=\"lazy\" decoding=\"async\" class=\"wp-image-129338 size-large\" src=\"https:\/\/graziamagazine.com\/mx\/wp-content\/uploads\/sites\/13\/2023\/09\/WhatsApp-Image-2023-09-19-at-18.13.24.jpeg?w=1024&amp;resize=1024%2C557\" alt=\"\" width=\"1024\" height=\"557\" data-recalc-dims=\"1\" \/><\/figure>\n<p><span style=\"font-weight: 400\">Esta serie creada por <\/span><b>\u00c1lex Pina<\/b><span style=\"font-weight: 400\"> y protagonizada por <\/span><b>Pedro Alonso<\/b><span style=\"font-weight: 400\">, se centrar\u00e1 en la vida de <\/span><b>Andr\u00e9s de Fonollosa<\/b><span style=\"font-weight: 400\">, mejor conocido por el sobrenombre de la capital alemana, Berl\u00edn.\u00a0<\/span><\/p>\n<p><span style=\"font-weight: 400\">\u201cTanto para cenar en un restaurante cinco estrellas como para cometer un delito, la compa\u00f1\u00eda es lo m\u00e1s importante\u201d, public\u00f3 la cuenta oficial de la serie en <\/span><b>Instagram<\/b><span style=\"font-weight: 400\">.<\/span><\/p>\n<figure id=\"attachment_129339\" class=\"wp-caption alignnone\" style=\"width: 1024px\" aria-describedby=\"caption-attachment-129339\"><img loading=\"lazy\" decoding=\"async\" class=\"wp-image-129339 size-large\" src=\"https:\/\/graziamagazine.com\/mx\/wp-content\/uploads\/sites\/13\/2023\/09\/WhatsApp-Image-2023-09-19-at-18.13.25.jpeg?w=1024&amp;resize=1024%2C654\" alt=\"\" width=\"1024\" height=\"654\" data-recalc-dims=\"1\" \/><\/figure>\n<p><span style=\"font-weight: 400\">El creador de la serie asegura que la misi\u00f3n de este ladr\u00f3n tendr\u00e1 m\u00e1s emoci\u00f3n que nunca, pues con las habilidades de un gran mago har\u00e1 desaparecer un bot\u00edn de joyas valuado en 44 millones de euros.<\/span><\/p>\n<p><span style=\"font-weight: 400\">Para esta intr\u00e9pida aventura se unen grandes personajes como <\/span><b>Michelle Jenner<\/b><span style=\"font-weight: 400\">, quien dar\u00e1 vida a Keila, una impresionante ingeniera electr\u00f3nica, <\/span><b>Trist\u00e1n Ulloa<\/b><span style=\"font-weight: 400\">, quien interpreta a Dami\u00e1n, un fil\u00e1ntropo y catedr\u00e1tico muy cercano a Berl\u00edn.<\/span><\/p>\n<p><span style=\"font-weight: 400\">Tambi\u00e9n disfrutaremos de la participaci\u00f3n de <\/span><b>Bego\u00f1a Vargas<\/b><span style=\"font-weight: 400\"> como Cameron, <\/span><b>Julio Pe\u00f1a Fern\u00e1ndez<\/b><span style=\"font-weight: 400\">, quien interpreta a Roy, <\/span><b>Joel S\u00e1nchez<\/b><span style=\"font-weight: 400\"> da vida a Bruce, as\u00ed como <\/span><b>Itziar Castro<\/b><span style=\"font-weight: 400\"> y <\/span><b>Najwa Nimri<\/b><span style=\"font-weight: 400\"> que regresan como agentes de polic\u00eda.<\/span><\/p>\n<figure id=\"attachment_129341\" class=\"wp-caption alignnone\" style=\"width: 1024px\" aria-describedby=\"caption-attachment-129341\"><img loading=\"lazy\" decoding=\"async\" class=\"wp-image-129341 size-large\" src=\"https:\/\/graziamagazine.com\/mx\/wp-content\/uploads\/sites\/13\/2023\/09\/WhatsApp-Image-2023-09-19-at-18.13.26-2.jpeg?w=1024&amp;resize=1024%2C649\" alt=\"\" width=\"1024\" height=\"649\" data-recalc-dims=\"1\" \/><\/figure>\n<p><span style=\"font-weight: 400\">Esta producci\u00f3n sorprender\u00e1 con gran acci\u00f3n e intensos romances, donde veremos uno de los robos m\u00e1s impresionantes del famoso personaje en una misi\u00f3n completamente diferente, motivado por el amor y un bot\u00edn millonario.<\/span><\/p>\n<p><span style=\"font-weight: 400\">\u201cS\u00f3lo hay dos cosas que pueden convertir un d\u00eda de perros en un d\u00eda maravilloso: una es el amor, y la otra, un bot\u00edn millonario\u201d, se lee en la sinopsis.\u00a0\u00a0<\/span><\/p>\n<figure id=\"attachment_129340\" class=\"wp-caption alignnone\" style=\"width: 1024px\" aria-describedby=\"caption-attachment-129340\"><img loading=\"lazy\" decoding=\"async\" class=\"wp-image-129340 size-large\" src=\"https:\/\/graziamagazine.com\/mx\/wp-content\/uploads\/sites\/13\/2023\/09\/WhatsApp-Image-2023-09-19-at-18.13.26-1.jpeg?w=1024&amp;resize=1024%2C659\" alt=\"\" width=\"1024\" height=\"659\" data-recalc-dims=\"1\" \/><\/figure>\n<p><span style=\"font-weight: 400\">\u201cHoy hablaba con <\/span><b>Jes\u00fas Colmenar<\/b><span style=\"font-weight: 400\"> y dec\u00edamos que ahora caminamos hacia lo desconocido, abiertos a lo que pase y sin expectativas\u201d, expres\u00f3 el protagonista de la serie.<\/span><\/p>\n<p><span style=\"font-weight: 400\">Sin duda esta historia nos llevar\u00e1 a la \u00e9poca de oro, donde la acci\u00f3n, el misterio y un toque de comedia, ser\u00e1n los ingredientes esenciales para cautivarnos.<\/span><\/p>\n","protected":false},"author":16349,"featured_media":172353,"template":"","format":"standard","categories":[2971],"acf":{"banner":null},"yoast_head":"<!-- This site is optimized with the Yoast SEO Premium plugin v18.5 (Yoast SEO v20.4) - https:\/\/yoast.com\/wordpress\/plugins\/seo\/ -->\n<title>Berl\u00edn, la precuela de La Casa de Papel que ya casi est\u00e1 aqu\u00ed<\/title>\n<meta name=\"description\" content=\"Netflix anunci\u00f3 la fecha de estreno de Berl\u00edn, la precuela de La Casa de Papel, una de sus series m\u00e1s exitosas, la cual podremos disfrutar a partir del 29\" \/>\n<meta name=\"robots\" content=\"index, follow, max-snippet:-1, max-image-preview:large, max-video-preview:-1\" \/>\n<link rel=\"canonical\" href=\"https:\/\/graziamagazine.com\/es\/articles\/berlin-la-precuela-de-la-casa-de-papel-que-ya-casi-esta-aqui\/\" \/>\n<meta property=\"og:locale\" content=\"es_ES\" \/>\n<meta property=\"og:type\" content=\"article\" \/>\n<meta property=\"og:title\" content=\"Berl\u00edn, la precuela de La Casa de Papel que ya casi est\u00e1 aqu\u00ed\" \/>\n<meta property=\"og:description\" content=\"Netflix anunci\u00f3 la fecha de estreno de Berl\u00edn, la precuela de La Casa de Papel, una de sus series m\u00e1s exitosas, la cual podremos disfrutar a partir del 29\" \/>\n<meta property=\"og:url\" content=\"https:\/\/graziamagazine.com\/es\/articles\/berlin-la-precuela-de-la-casa-de-papel-que-ya-casi-esta-aqui\/\" \/>\n<meta property=\"og:site_name\" content=\"Grazia\" \/>\n<meta property=\"og:image\" content=\"https:\/\/graziamagazine.com\/es\/wp-content\/uploads\/sites\/12\/2023\/09\/WhatsApp-Image-2023-09-19-at-18.13.26-e1695170146329.jpeg\" \/>\n\t<meta property=\"og:image:width\" content=\"1125\" \/>\n\t<meta property=\"og:image:height\" content=\"718\" \/>\n\t<meta property=\"og:image:type\" content=\"image\/jpeg\" \/>\n<meta name=\"twitter:card\" content=\"summary_large_image\" \/>\n<meta name=\"twitter:label1\" content=\"Est. reading time\" \/>\n\t<meta name=\"twitter:data1\" content=\"3 minutos\" \/>\n<script type=\"application\/ld+json\" class=\"yoast-schema-graph\">{\"@context\":\"https:\/\/schema.org\",\"@graph\":[{\"@type\":\"WebPage\",\"@id\":\"https:\/\/graziamagazine.com\/es\/articles\/berlin-la-precuela-de-la-casa-de-papel-que-ya-casi-esta-aqui\/\",\"url\":\"https:\/\/graziamagazine.com\/es\/articles\/berlin-la-precuela-de-la-casa-de-papel-que-ya-casi-esta-aqui\/\",\"name\":\"Berl\u00edn, la precuela de La Casa de Papel que ya casi est\u00e1 aqu\u00ed\",\"isPartOf\":{\"@id\":\"https:\/\/graziamagazine.com\/es\/#website\"},\"datePublished\":\"2023-09-21T08:29:33+00:00\",\"dateModified\":\"2023-09-21T08:29:33+00:00\",\"description\":\"Netflix anunci\u00f3 la fecha de estreno de Berl\u00edn, la precuela de La Casa de Papel, una de sus series m\u00e1s exitosas, la cual podremos disfrutar a partir del 29\",\"breadcrumb\":{\"@id\":\"https:\/\/graziamagazine.com\/es\/articles\/berlin-la-precuela-de-la-casa-de-papel-que-ya-casi-esta-aqui\/#breadcrumb\"},\"inLanguage\":\"es\",\"potentialAction\":[{\"@type\":\"ReadAction\",\"target\":[\"https:\/\/graziamagazine.com\/es\/articles\/berlin-la-precuela-de-la-casa-de-papel-que-ya-casi-esta-aqui\/\"]}]},{\"@type\":\"BreadcrumbList\",\"@id\":\"https:\/\/graziamagazine.com\/es\/articles\/berlin-la-precuela-de-la-casa-de-papel-que-ya-casi-esta-aqui\/#breadcrumb\",\"itemListElement\":[{\"@type\":\"ListItem\",\"position\":1,\"name\":\"Portada\",\"item\":\"https:\/\/graziamagazine.com\/es\/\"},{\"@type\":\"ListItem\",\"position\":2,\"name\":\"Berl\u00edn, la precuela de La Casa de Papel que ya casi est\u00e1 aqu\u00ed\"}]},{\"@type\":\"WebSite\",\"@id\":\"https:\/\/graziamagazine.com\/es\/#website\",\"url\":\"https:\/\/graziamagazine.com\/es\/\",\"name\":\"Grazia\",\"description\":\"Moda, belleza, celebrities, estilo de vida...\",\"potentialAction\":[{\"@type\":\"SearchAction\",\"target\":{\"@type\":\"EntryPoint\",\"urlTemplate\":\"https:\/\/graziamagazine.com\/es\/?s={search_term_string}\"},\"query-input\":\"required name=search_term_string\"}],\"inLanguage\":\"es\"}]}<\/script>\n<!-- \/ Yoast SEO Premium plugin. -->","yoast_head_json":{"title":"Berl\u00edn, la precuela de La Casa de Papel que ya casi est\u00e1 aqu\u00ed","description":"Netflix anunci\u00f3 la fecha de estreno de Berl\u00edn, la precuela de La Casa de Papel, una de sus series m\u00e1s exitosas, la cual podremos disfrutar a partir del 29","robots":{"index":"index","follow":"follow","max-snippet":"max-snippet:-1","max-image-preview":"max-image-preview:large","max-video-preview":"max-video-preview:-1"},"canonical":"https:\/\/graziamagazine.com\/es\/articles\/berlin-la-precuela-de-la-casa-de-papel-que-ya-casi-esta-aqui\/","og_locale":"es_ES","og_type":"article","og_title":"Berl\u00edn, la precuela de La Casa de Papel que ya casi est\u00e1 aqu\u00ed","og_description":"Netflix anunci\u00f3 la fecha de estreno de Berl\u00edn, la precuela de La Casa de Papel, una de sus series m\u00e1s exitosas, la cual podremos disfrutar a partir del 29","og_url":"https:\/\/graziamagazine.com\/es\/articles\/berlin-la-precuela-de-la-casa-de-papel-que-ya-casi-esta-aqui\/","og_site_name":"Grazia","og_image":[{"width":1125,"height":718,"url":"https:\/\/graziamagazine.com\/es\/wp-content\/uploads\/sites\/12\/2023\/09\/WhatsApp-Image-2023-09-19-at-18.13.26-e1695170146329.jpeg","type":"image\/jpeg"}],"twitter_card":"summary_large_image","twitter_misc":{"Est. reading time":"3 minutos"},"schema":{"@context":"https:\/\/schema.org","@graph":[{"@type":"WebPage","@id":"https:\/\/graziamagazine.com\/es\/articles\/berlin-la-precuela-de-la-casa-de-papel-que-ya-casi-esta-aqui\/","url":"https:\/\/graziamagazine.com\/es\/articles\/berlin-la-precuela-de-la-casa-de-papel-que-ya-casi-esta-aqui\/","name":"Berl\u00edn, la precuela de La Casa de Papel que ya casi est\u00e1 aqu\u00ed","isPartOf":{"@id":"https:\/\/graziamagazine.com\/es\/#website"},"datePublished":"2023-09-21T08:29:33+00:00","dateModified":"2023-09-21T08:29:33+00:00","description":"Netflix anunci\u00f3 la fecha de estreno de Berl\u00edn, la precuela de La Casa de Papel, una de sus series m\u00e1s exitosas, la cual podremos disfrutar a partir del 29","breadcrumb":{"@id":"https:\/\/graziamagazine.com\/es\/articles\/berlin-la-precuela-de-la-casa-de-papel-que-ya-casi-esta-aqui\/#breadcrumb"},"inLanguage":"es","potentialAction":[{"@type":"ReadAction","target":["https:\/\/graziamagazine.com\/es\/articles\/berlin-la-precuela-de-la-casa-de-papel-que-ya-casi-esta-aqui\/"]}]},{"@type":"BreadcrumbList","@id":"https:\/\/graziamagazine.com\/es\/articles\/berlin-la-precuela-de-la-casa-de-papel-que-ya-casi-esta-aqui\/#breadcrumb","itemListElement":[{"@type":"ListItem","position":1,"name":"Portada","item":"https:\/\/graziamagazine.com\/es\/"},{"@type":"ListItem","position":2,"name":"Berl\u00edn, la precuela de La Casa de Papel que ya casi est\u00e1 aqu\u00ed"}]},{"@type":"WebSite","@id":"https:\/\/graziamagazine.com\/es\/#website","url":"https:\/\/graziamagazine.com\/es\/","name":"Grazia","description":"Moda, belleza, celebrities, estilo de vida...","potentialAction":[{"@type":"SearchAction","target":{"@type":"EntryPoint","urlTemplate":"https:\/\/graziamagazine.com\/es\/?s={search_term_string}"},"query-input":"required name=search_term_string"}],"inLanguage":"es"}]}},"jetpack_sharing_enabled":true,"distributor_meta":false,"distributor_terms":false,"distributor_media":false,"distributor_original_site_name":"Grazia","distributor_original_site_url":"https:\/\/graziamagazine.com\/es","push-errors":false,"_links":{"self":[{"href":"https:\/\/graziamagazine.com\/es\/wp-json\/wp\/v2\/articles\/172352"}],"collection":[{"href":"https:\/\/graziamagazine.com\/es\/wp-json\/wp\/v2\/articles"}],"about":[{"href":"https:\/\/graziamagazine.com\/es\/wp-json\/wp\/v2\/types\/articles"}],"author":[{"embeddable":true,"href":"https:\/\/graziamagazine.com\/es\/wp-json\/wp\/v2\/users\/16349"}],"wp:featuredmedia":[{"embeddable":true,"href":"https:\/\/graziamagazine.com\/es\/wp-json\/wp\/v2\/media\/172353"}],"wp:attachment":[{"href":"https:\/\/graziamagazine.com\/es\/wp-json\/wp\/v2\/media?parent=172352"}],"wp:term":[{"taxonomy":"category","embeddable":true,"href":"https:\/\/graziamagazine.com\/es\/wp-json\/wp\/v2\/categories?post=172352"}],"curies":[{"name":"wp","href":"https:\/\/api.w.org\/{rel}","templated":true}]}}