{"id":172267,"date":"2023-09-14T09:00:59","date_gmt":"2023-09-14T07:00:59","guid":{"rendered":"https:\/\/graziamagazine.com\/es\/?post_type=articles&#038;p=172267"},"modified":"2023-09-13T23:49:31","modified_gmt":"2023-09-13T21:49:31","slug":"estas-son-las-15-firmas-emergentes-que-optan-al-premio-allianz-ego-confidence-in-fashion-en-mbfwmadrid","status":"publish","type":"articles","link":"https:\/\/graziamagazine.com\/es\/articles\/estas-son-las-15-firmas-emergentes-que-optan-al-premio-allianz-ego-confidence-in-fashion-en-mbfwmadrid\/","title":{"rendered":"Estas son las 15 firmas emergentes que optan al premio Allianz EGO Confidence in Fashion en MBFWMadrid"},"content":{"rendered":"<p>Allianz EGO, la plataforma de talento emergente de la moda m\u00e1s importante de nuestro pa\u00eds celebra, del 14 al 17 de septiembre, una nueva edici\u00f3n dentro de MBFWMadrid. De esta manera, Allianz apuesta por sexta edici\u00f3n consecutiva por el talento y la moda nacional, promoviendo e impulsando la grandeza de los nuevos creadores y situ\u00e1ndose al lado de los dise\u00f1adores en los momentos clave de sus carreras.<\/p>\n<p>Para ello, Allianz ha convocado la quinta edici\u00f3n del premio Allianz EGO Confidence in Fashion. Este galard\u00f3n reconocer\u00e1 el trabajo de una de las 15 firmas presentes en el Showroom Allianz EGO, espacio donde mostrar\u00e1n y pondr\u00e1n a la venta sus colecciones.<\/p>\n<blockquote class=\"instagram-media\" data-instgrm-captioned data-instgrm-permalink=\"https:\/\/www.instagram.com\/reel\/CxF17z8tRaI\/?utm_source=ig_embed&amp;utm_campaign=loading\" data-instgrm-version=\"14\" style=\" background:#FFF; border:0; border-radius:3px; box-shadow:0 0 1px 0 rgba(0,0,0,0.5),0 1px 10px 0 rgba(0,0,0,0.15); margin: 1px; max-width:500px; min-width:326px; padding:0; width:99.375%; width:-webkit-calc(100% - 2px); width:calc(100% - 2px);\">\n<div style=\"padding:16px;\"> <a href=\"https:\/\/www.instagram.com\/reel\/CxF17z8tRaI\/?utm_source=ig_embed&amp;utm_campaign=loading\" style=\" background:#FFFFFF; line-height:0; padding:0 0; text-align:center; text-decoration:none; width:100%;\" target=\"_blank\"> <\/p>\n<div style=\" display: flex; flex-direction: row; align-items: center;\">\n<div style=\"background-color: #F4F4F4; border-radius: 50%; flex-grow: 0; height: 40px; margin-right: 14px; width: 40px;\"><\/div>\n<div style=\"display: flex; flex-direction: column; flex-grow: 1; justify-content: center;\">\n<div style=\" background-color: #F4F4F4; border-radius: 4px; flex-grow: 0; height: 14px; margin-bottom: 6px; width: 100px;\"><\/div>\n<div style=\" background-color: #F4F4F4; border-radius: 4px; flex-grow: 0; height: 14px; width: 60px;\"><\/div>\n<\/div>\n<\/div>\n<div style=\"padding: 19% 0;\"><\/div>\n<div style=\"display:block; height:50px; margin:0 auto 12px; width:50px;\"><svg width=\"50px\" height=\"50px\" viewBox=\"0 0 60 60\" version=\"1.1\" xmlns=\"https:\/\/www.w3.org\/2000\/svg\" xmlns:xlink=\"https:\/\/www.w3.org\/1999\/xlink\"><g stroke=\"none\" stroke-width=\"1\" fill=\"none\" fill-rule=\"evenodd\"><g transform=\"translate(-511.000000, -20.000000)\" fill=\"#000000\"><g><path d=\"M556.869,30.41 C554.814,30.41 553.148,32.076 553.148,34.131 C553.148,36.186 554.814,37.852 556.869,37.852 C558.924,37.852 560.59,36.186 560.59,34.131 C560.59,32.076 558.924,30.41 556.869,30.41 M541,60.657 C535.114,60.657 530.342,55.887 530.342,50 C530.342,44.114 535.114,39.342 541,39.342 C546.887,39.342 551.658,44.114 551.658,50 C551.658,55.887 546.887,60.657 541,60.657 M541,33.886 C532.1,33.886 524.886,41.1 524.886,50 C524.886,58.899 532.1,66.113 541,66.113 C549.9,66.113 557.115,58.899 557.115,50 C557.115,41.1 549.9,33.886 541,33.886 M565.378,62.101 C565.244,65.022 564.756,66.606 564.346,67.663 C563.803,69.06 563.154,70.057 562.106,71.106 C561.058,72.155 560.06,72.803 558.662,73.347 C557.607,73.757 556.021,74.244 553.102,74.378 C549.944,74.521 548.997,74.552 541,74.552 C533.003,74.552 532.056,74.521 528.898,74.378 C525.979,74.244 524.393,73.757 523.338,73.347 C521.94,72.803 520.942,72.155 519.894,71.106 C518.846,70.057 518.197,69.06 517.654,67.663 C517.244,66.606 516.755,65.022 516.623,62.101 C516.479,58.943 516.448,57.996 516.448,50 C516.448,42.003 516.479,41.056 516.623,37.899 C516.755,34.978 517.244,33.391 517.654,32.338 C518.197,30.938 518.846,29.942 519.894,28.894 C520.942,27.846 521.94,27.196 523.338,26.654 C524.393,26.244 525.979,25.756 528.898,25.623 C532.057,25.479 533.004,25.448 541,25.448 C548.997,25.448 549.943,25.479 553.102,25.623 C556.021,25.756 557.607,26.244 558.662,26.654 C560.06,27.196 561.058,27.846 562.106,28.894 C563.154,29.942 563.803,30.938 564.346,32.338 C564.756,33.391 565.244,34.978 565.378,37.899 C565.522,41.056 565.552,42.003 565.552,50 C565.552,57.996 565.522,58.943 565.378,62.101 M570.82,37.631 C570.674,34.438 570.167,32.258 569.425,30.349 C568.659,28.377 567.633,26.702 565.965,25.035 C564.297,23.368 562.623,22.342 560.652,21.575 C558.743,20.834 556.562,20.326 553.369,20.18 C550.169,20.033 549.148,20 541,20 C532.853,20 531.831,20.033 528.631,20.18 C525.438,20.326 523.257,20.834 521.349,21.575 C519.376,22.342 517.703,23.368 516.035,25.035 C514.368,26.702 513.342,28.377 512.574,30.349 C511.834,32.258 511.326,34.438 511.181,37.631 C511.035,40.831 511,41.851 511,50 C511,58.147 511.035,59.17 511.181,62.369 C511.326,65.562 511.834,67.743 512.574,69.651 C513.342,71.625 514.368,73.296 516.035,74.965 C517.703,76.634 519.376,77.658 521.349,78.425 C523.257,79.167 525.438,79.673 528.631,79.82 C531.831,79.965 532.853,80.001 541,80.001 C549.148,80.001 550.169,79.965 553.369,79.82 C556.562,79.673 558.743,79.167 560.652,78.425 C562.623,77.658 564.297,76.634 565.965,74.965 C567.633,73.296 568.659,71.625 569.425,69.651 C570.167,67.743 570.674,65.562 570.82,62.369 C570.966,59.17 571,58.147 571,50 C571,41.851 570.966,40.831 570.82,37.631\"><\/path><\/g><\/g><\/g><\/svg><\/div>\n<div style=\"padding-top: 8px;\">\n<div style=\" color:#3897f0; font-family:Arial,sans-serif; font-size:14px; font-style:normal; font-weight:550; line-height:18px;\">View this post on Instagram<\/div>\n<\/div>\n<div style=\"padding: 12.5% 0;\"><\/div>\n<div style=\"display: flex; flex-direction: row; margin-bottom: 14px; align-items: center;\">\n<div>\n<div style=\"background-color: #F4F4F4; border-radius: 50%; height: 12.5px; width: 12.5px; transform: translateX(0px) translateY(7px);\"><\/div>\n<div style=\"background-color: #F4F4F4; height: 12.5px; transform: rotate(-45deg) translateX(3px) translateY(1px); width: 12.5px; flex-grow: 0; margin-right: 14px; margin-left: 2px;\"><\/div>\n<div style=\"background-color: #F4F4F4; border-radius: 50%; height: 12.5px; width: 12.5px; transform: translateX(9px) translateY(-18px);\"><\/div>\n<\/div>\n<div style=\"margin-left: 8px;\">\n<div style=\" background-color: #F4F4F4; border-radius: 50%; flex-grow: 0; height: 20px; width: 20px;\"><\/div>\n<div style=\" width: 0; height: 0; border-top: 2px solid transparent; border-left: 6px solid #f4f4f4; border-bottom: 2px solid transparent; transform: translateX(16px) translateY(-4px) rotate(30deg)\"><\/div>\n<\/div>\n<div style=\"margin-left: auto;\">\n<div style=\" width: 0px; border-top: 8px solid #F4F4F4; border-right: 8px solid transparent; transform: translateY(16px);\"><\/div>\n<div style=\" background-color: #F4F4F4; flex-grow: 0; height: 12px; width: 16px; transform: translateY(-4px);\"><\/div>\n<div style=\" width: 0; height: 0; border-top: 8px solid #F4F4F4; border-left: 8px solid transparent; transform: translateY(-4px) translateX(8px);\"><\/div>\n<\/div>\n<\/div>\n<div style=\"display: flex; flex-direction: column; flex-grow: 1; justify-content: center; margin-bottom: 24px;\">\n<div style=\" background-color: #F4F4F4; border-radius: 4px; flex-grow: 0; height: 14px; margin-bottom: 6px; width: 224px;\"><\/div>\n<div style=\" background-color: #F4F4F4; border-radius: 4px; flex-grow: 0; height: 14px; width: 144px;\"><\/div>\n<\/div>\n<p><\/a><\/p>\n<p style=\" color:#c9c8cd; font-family:Arial,sans-serif; font-size:14px; line-height:17px; margin-bottom:0; margin-top:8px; overflow:hidden; padding:8px 0 7px; text-align:center; text-overflow:ellipsis; white-space:nowrap;\"><a href=\"https:\/\/www.instagram.com\/reel\/CxF17z8tRaI\/?utm_source=ig_embed&amp;utm_campaign=loading\" style=\" color:#c9c8cd; font-family:Arial,sans-serif; font-size:14px; font-style:normal; font-weight:normal; line-height:17px; text-decoration:none;\" target=\"_blank\" target=\"_blank\">A post shared by MBFWMadrid (@mbfwmadrid)<\/a><\/p>\n<\/div>\n<\/blockquote>\n<p><script async src=\"\/\/platform.instagram.com\/en_US\/embeds.js\"><\/script><\/p>\n<h3><b>15 firmas llamadas a ser el futuro de la moda nacional<\/b><b>\u00a0<\/b><\/h3>\n<h2><b>Alineo Studio.\u00a0<\/b>Origen: Ibiza<\/h2>\n<p>Lis Dom\u00ednguez es la dise\u00f1adora que est\u00e1 detr\u00e1s del proyecto Alineo Studio. Sus dise\u00f1os est\u00e1n construidos a partir de sus vivencias y su transici\u00f3n, convirti\u00e9ndose as\u00ed en peque\u00f1os reflejos de la vida misma. La marca se caracteriza por ser s\u00faper femenina y elaborar dise\u00f1os totalmente asim\u00e9tricos. Las siluetas combinan piezas con grandes vol\u00famenes que modifican el cuerpo y, en ocasiones, lo acompa\u00f1an con pliegues y fruncidos usando la t\u00e9cnica del moulage, adaptando la tela al maniqu\u00ed para conseguir una silueta \u00fanica.<\/p>\n<h2><b>ANAMINGO.\u00a0<\/b>Origen: A Coru\u00f1a<\/h2>\n<p>ANAMINGO entiende la moda como un arte con una perspectiva rom\u00e1ntica. En cada creaci\u00f3n, sus dise\u00f1adores se transportan a un mundo de ensue\u00f1o junto con un imaginario \u201ccute\u201d y \u201cnaif\u201d en el cual el color y la fantas\u00eda son protagonistas. Tras la marca, se encuentran Fran Basteiro y Ana Mar\u00eda V\u00e1zquez, que se conocieron en su etapa formativa y desde entonces han seguido en paralelo creando este nuevo universo. Entienden la moda como una expresi\u00f3n creativa donde confluyen distintas disciplinas art\u00edsticas y cada prenda como un objeto de dise\u00f1o, por lo que no podr\u00edan pensar en un g\u00e9nero definido tras ellas.<b>\u00a0<\/b><\/p>\n<h2><b>COCONUTSCANKILL.\u00a0<\/b>Origen: Ferrol, A Coru\u00f1a<\/h2>\n<p>COCONUTSCANKILL reflexiona a trav\u00e9s del contrapunto con los aspectos culturales y sociales que est\u00e1n presentes en el mundo de la moda, el arte y la vida misma. Habita enmarcada en un car\u00e1cter conceptual y contracultural, donde el juego con el lenguaje se convierte en el mensaje de cada una de sus colecciones. La marca fue fundada por Amara Caruncho.<\/p>\n<h2><b>ELE ABOUT.\u00a0<\/b>Origen: Barcelona<\/h2>\n<p>ELE ABOUT es una marca de pr\u00eat-\u00e0-porter fundada en Barcelona por su directora creativa, Elena Fern\u00e1ndez (1998), en el a\u00f1o 2021. Sus prendas est\u00e1n fabricadas artesanalmente y de forma sostenible en Barcelona, tanto en el proceso de patronaje como de confecci\u00f3n. ELE ABOUT utiliza tejidos org\u00e1nicos y reciclados, as\u00ed como productos como fornituras de bajo impacto medioambiental adquiridos en el comercio local y de cercan\u00eda.<b>\u00a0<\/b><\/p>\n<h2><b>ELENA MORALES.\u00a0<\/b>Origen: Las Palmas de Gran Canaria.<\/h2>\n<p>ELENA MORALES es una marca slow fashion y sostenible que produce en la isla de Gran Canaria. Sus l\u00edneas de beachwear y pr\u00eat-\u00e0-porter dan lugar a colecciones exclusivas que se venden en todo el mundo. Esta marca, nacionalmente reconocida, ha sido galardonada con varios premios de sostenibilidad.<\/p>\n<h2><b>EstadoDeRuido.\u00a0<\/b>Origen: Barcelona.<\/h2>\n<p>EstadoDeRuido es una marca independiente de Barcelona profundamente inspirada en la m\u00fasica electr\u00f3nica. El car\u00e1cter l\u00fadico, vers\u00e1til y exclusivo de sus creaciones proviene de la recuperaci\u00f3n de tejidos en stock y del upcycling de piezas vintage, donde la deconstrucci\u00f3n y reinterpretaci\u00f3n de cl\u00e1sicos da lugar a una moda sin g\u00e9nero ni temporada, moda que es particularmente libre y recreativa.<\/p>\n<h2><b>ESTELA CLARES.\u00a0<\/b>Origen: Almer\u00eda<\/h2>\n<p>ESTELA CLARES es una marca de moda emergente que nace por la inquietud de explorar y comunicar una visi\u00f3n personal a trav\u00e9s del dise\u00f1o, basada en los principios del slow fashion. La firma es la combinaci\u00f3n entre lo tradicional y artesanal, lo \u201cnaif\u201d y lo andr\u00f3gino. Se caracteriza por el uso de fibras naturales con las que se llevan a cabo prendas atemporales de gran valor sentimental. Destaca el uso de la t\u00e9cnica y el patronaje, utilizados con la finalidad de dar una visi\u00f3n moderna, actual y a medida.<\/p>\n<h2><b>GAG\u00d3 STUDIO.\u00a0<\/b>Origen: Barcelona<\/h2>\n<p>GA G\u00d3 STUDIO crea piezas emocionales, dise\u00f1adas por y para humanos hechas a mano donde convive el arte y el dise\u00f1o, la artesan\u00eda y los detalles. Preocupada por el mundo, la naturaleza y la humanidad, la marca apuesta por la producci\u00f3n sostenible de piezas \u00fanicas utilizando materiales org\u00e1nicos, sostenibles y reciclados.<\/p>\n<h2><b>Gen\u00eds Betrian.\u00a0<\/b>Origen: Barcelona<\/h2>\n<p>La marca lleva el propio nombre del artista a su cargo, Gen\u00eds Betrian, dise\u00f1ador nacido en Barcelona que actualmente reside en Valencia. Gen\u00eds Betrian entiende la moda como una herramienta de expresi\u00f3n y autodescubrimiento, un m\u00e9todo de experimentaci\u00f3n a partir del cual se puede ofrecer algo real y con un mensaje detr\u00e1s. Reconocida por sus estampados, colores saturados y su estudio de la silueta, la marca aspira a apostar por una moda diferente.<\/p>\n<h2><b>KI FI.\u00a0Origen: Tenerife \/ Vigo<\/b><\/h2>\n<p>KI-FI es un laboratorio de creaci\u00f3n que gira en torno a la moda y que surge a finales de 2017 de la mano de Marta y Miguel. Ambos con vocaciones art\u00edsticas interdisciplinares, eligen el tejido como hilo conductor para explorar y desarrollar su identidad. Para ellos, la moda es comprendida como un oficio en el cual las t\u00e9cnicas de patronaje y confecci\u00f3n son fundamentales para elaborar prendas \u00fanicas, as\u00ed como la estampaci\u00f3n de tejidos y el uso de otras herramientas artesanales. Ubicado en un peque\u00f1o estudio en Vigo, KI-FI se identifica como un proyecto de moda de autor, donde otras disciplinas como la fotograf\u00eda, el v\u00eddeo, la m\u00fasica y la pintura interfieren en la creaci\u00f3n de las prendas.<\/p>\n<h2><b>KOLLAPSE.\u00a0<\/b>Origen: Santa Coloma de Queralt, Tarragona<\/h2>\n<p>KOLLAPSE utiliza materiales de alta calidad y se centra en el pasado de la sastrer\u00eda masculina para traducirla a un contexto contempor\u00e1neo. Reinterpreta de forma art\u00edstica las revoluciones y las cr\u00edticas fusionando varios estilos, siempre haciendo una yuxtaposici\u00f3n entre marginal y clich\u00e9, antisistema y patriarcal, formal y rebelde, sostenibilidad y creaci\u00f3n de moda y, lo m\u00e1s importante, pasado y modernidad. KOLLAPSE crea prendas de corte cl\u00e1sico con el efecto \u201ctwo in one\u201d de los patrones, la combinaci\u00f3n de estampados, las superposiciones o complementos que respiran un aire punky y grunge.<\/p>\n<h2><b>LARETTA.\u00a0<\/b>Origen: Amposta, Tarragona<\/h2>\n<p>Laretta nace del sue\u00f1o y la ilusi\u00f3n de la dise\u00f1adora emergente Lara Serrano, que, despu\u00e9s de graduarse en Econom\u00eda, decide dar un giro de 180 grados a su carrera y toma la decisi\u00f3n de matricularse en el M\u00e1ster de Dise\u00f1o de Moda en el IED Barcelona. Lo que su creadora pretende, a trav\u00e9s de Laretta, es crear una atm\u00f3sfera donde conviven tradici\u00f3n, artesan\u00eda y modernidad, exaltando la belleza de lo costumbrista y canalizando todo esto a trav\u00e9s de prendas con grandes vol\u00famenes, tejidos sostenibles y producci\u00f3n local.<b>\u00a0<\/b><\/p>\n<h2><b>LARHHA.\u00a0<\/b>Origen: Montoro, C\u00f3rdoba<\/h2>\n<p>Miguel Mar\u00edn naci\u00f3 en Montoro, C\u00f3rdoba, y se form\u00f3 en arquitectura en Madrid, lugar en el que reside actualmente. Aunque ejerci\u00f3 como arquitecto durante 10 a\u00f1os, siempre fue un apasionado incansable de la moda y recuerda su infancia inmerso en el mundo de la costura de su entorno familiar, lo que desemboc\u00f3 en un eterno amor por el dise\u00f1o. En 2019 decidi\u00f3 unir sus dos pasiones, cursando un Postgrado en Arquitectura, Moda y Dise\u00f1o. En 2020, el proyecto final le llev\u00f3 a crear LARHHA, una firma donde la investigaci\u00f3n y la utilizaci\u00f3n de vol\u00famenes y siluetas cl\u00e1sicas con materiales y acabados t\u00e9cnicos y contempor\u00e1neos son el punto de partida.<\/p>\n<h2><b>Mariocaravaca.\u00a0<\/b>Origen: Castro del R\u00edo, C\u00f3rdoba<\/h2>\n<p>mariocaravaca es una marca de moda espa\u00f1ola con un marcado car\u00e1cter artesanal. Su filosof\u00eda gira en torno al concepto de moda sin g\u00e9nero y sin edad. Moda unisex dirigida a una persona inquieta, creativa, con personalidad y que valora tanto el vestirse como el hecho de estar desnudo. Huyendo de las tendencias, mariocaravaca mira la moda con un esp\u00edritu libre y art\u00edstico, buscando la creaci\u00f3n de prendas atemporales que puedan constituir b\u00e1sicos de armario. Prendas f\u00e1ciles, depuradas y relajadas con un punto de originalidad y calidad en su confecci\u00f3n.<b>\u00a0<\/b><\/p>\n<h2><b>Syc. Origen: Mocej\u00f3n, Toledo<\/b><\/h2>\n<p>\u201cSave your clothes\u201d (syc) es la marca toledana de Mar\u00eda Guardia y Fernando G\u00f3mez, con residencia en Madrid, que salva minuciosamente ropa de segunda mano para dar vida a prendas y accesorios con un dise\u00f1o \u00fanico, creando una identidad de marca sostenible y que aboga por la econom\u00eda circular.<\/p>\n<p>&nbsp;<\/p>\n<p><b>\u00a0<\/b><\/p>\n","protected":false},"author":11653,"featured_media":172268,"template":"","format":"standard","categories":[1],"acf":[],"yoast_head":"<!-- This site is optimized with the Yoast SEO Premium plugin v18.5 (Yoast SEO v20.4) - https:\/\/yoast.com\/wordpress\/plugins\/seo\/ -->\n<title>Estas son las 15 firmas emergentes que optan al premio Allianz EGO Confidence in Fashion en MBFWMadrid | Grazia<\/title>\n<meta name=\"description\" content=\"Allianz EGO, la plataforma de talento emergente de la moda m\u00e1s importante de nuestro pa\u00eds celebra, del 14 al 17 de septiembre, una nueva edici\u00f3n dentro de\" \/>\n<meta name=\"robots\" content=\"index, follow, max-snippet:-1, max-image-preview:large, max-video-preview:-1\" \/>\n<link rel=\"canonical\" href=\"https:\/\/graziamagazine.com\/es\/articles\/estas-son-las-15-firmas-emergentes-que-optan-al-premio-allianz-ego-confidence-in-fashion-en-mbfwmadrid\/\" \/>\n<meta property=\"og:locale\" content=\"es_ES\" \/>\n<meta property=\"og:type\" content=\"article\" \/>\n<meta property=\"og:title\" content=\"Estas son las 15 firmas emergentes que optan al premio Allianz EGO Confidence in Fashion en MBFWMadrid\" \/>\n<meta property=\"og:description\" content=\"Allianz EGO, la plataforma de talento emergente de la moda m\u00e1s importante de nuestro pa\u00eds celebra, del 14 al 17 de septiembre, una nueva edici\u00f3n dentro de\" \/>\n<meta property=\"og:url\" content=\"https:\/\/graziamagazine.com\/es\/articles\/estas-son-las-15-firmas-emergentes-que-optan-al-premio-allianz-ego-confidence-in-fashion-en-mbfwmadrid\/\" \/>\n<meta property=\"og:site_name\" content=\"Grazia\" \/>\n<meta property=\"article:modified_time\" content=\"2023-09-13T21:49:31+00:00\" \/>\n<meta property=\"og:image\" content=\"https:\/\/graziamagazine.com\/es\/wp-content\/uploads\/sites\/12\/2023\/09\/1540530067698.jpg?fit=460%2C460\" \/>\n\t<meta property=\"og:image:width\" content=\"460\" \/>\n\t<meta property=\"og:image:height\" content=\"460\" \/>\n\t<meta property=\"og:image:type\" content=\"image\/jpeg\" \/>\n<meta name=\"twitter:card\" content=\"summary_large_image\" \/>\n<meta name=\"twitter:label1\" content=\"Est. reading time\" \/>\n\t<meta name=\"twitter:data1\" content=\"7 minutos\" \/>\n<script type=\"application\/ld+json\" class=\"yoast-schema-graph\">{\"@context\":\"https:\/\/schema.org\",\"@graph\":[{\"@type\":\"WebPage\",\"@id\":\"https:\/\/graziamagazine.com\/es\/articles\/estas-son-las-15-firmas-emergentes-que-optan-al-premio-allianz-ego-confidence-in-fashion-en-mbfwmadrid\/\",\"url\":\"https:\/\/graziamagazine.com\/es\/articles\/estas-son-las-15-firmas-emergentes-que-optan-al-premio-allianz-ego-confidence-in-fashion-en-mbfwmadrid\/\",\"name\":\"Estas son las 15 firmas emergentes que optan al premio Allianz EGO Confidence in Fashion en MBFWMadrid | Grazia\",\"isPartOf\":{\"@id\":\"https:\/\/graziamagazine.com\/es\/#website\"},\"datePublished\":\"2023-09-14T07:00:59+00:00\",\"dateModified\":\"2023-09-13T21:49:31+00:00\",\"description\":\"Allianz EGO, la plataforma de talento emergente de la moda m\u00e1s importante de nuestro pa\u00eds celebra, del 14 al 17 de septiembre, una nueva edici\u00f3n dentro de\",\"breadcrumb\":{\"@id\":\"https:\/\/graziamagazine.com\/es\/articles\/estas-son-las-15-firmas-emergentes-que-optan-al-premio-allianz-ego-confidence-in-fashion-en-mbfwmadrid\/#breadcrumb\"},\"inLanguage\":\"es\",\"potentialAction\":[{\"@type\":\"ReadAction\",\"target\":[\"https:\/\/graziamagazine.com\/es\/articles\/estas-son-las-15-firmas-emergentes-que-optan-al-premio-allianz-ego-confidence-in-fashion-en-mbfwmadrid\/\"]}]},{\"@type\":\"BreadcrumbList\",\"@id\":\"https:\/\/graziamagazine.com\/es\/articles\/estas-son-las-15-firmas-emergentes-que-optan-al-premio-allianz-ego-confidence-in-fashion-en-mbfwmadrid\/#breadcrumb\",\"itemListElement\":[{\"@type\":\"ListItem\",\"position\":1,\"name\":\"Portada\",\"item\":\"https:\/\/graziamagazine.com\/es\/\"},{\"@type\":\"ListItem\",\"position\":2,\"name\":\"Estas son las 15 firmas emergentes que optan al premio Allianz EGO Confidence in Fashion en MBFWMadrid\"}]},{\"@type\":\"WebSite\",\"@id\":\"https:\/\/graziamagazine.com\/es\/#website\",\"url\":\"https:\/\/graziamagazine.com\/es\/\",\"name\":\"Grazia\",\"description\":\"Moda, belleza, celebrities, estilo de vida...\",\"potentialAction\":[{\"@type\":\"SearchAction\",\"target\":{\"@type\":\"EntryPoint\",\"urlTemplate\":\"https:\/\/graziamagazine.com\/es\/?s={search_term_string}\"},\"query-input\":\"required name=search_term_string\"}],\"inLanguage\":\"es\"}]}<\/script>\n<!-- \/ Yoast SEO Premium plugin. -->","yoast_head_json":{"title":"Estas son las 15 firmas emergentes que optan al premio Allianz EGO Confidence in Fashion en MBFWMadrid | Grazia","description":"Allianz EGO, la plataforma de talento emergente de la moda m\u00e1s importante de nuestro pa\u00eds celebra, del 14 al 17 de septiembre, una nueva edici\u00f3n dentro de","robots":{"index":"index","follow":"follow","max-snippet":"max-snippet:-1","max-image-preview":"max-image-preview:large","max-video-preview":"max-video-preview:-1"},"canonical":"https:\/\/graziamagazine.com\/es\/articles\/estas-son-las-15-firmas-emergentes-que-optan-al-premio-allianz-ego-confidence-in-fashion-en-mbfwmadrid\/","og_locale":"es_ES","og_type":"article","og_title":"Estas son las 15 firmas emergentes que optan al premio Allianz EGO Confidence in Fashion en MBFWMadrid","og_description":"Allianz EGO, la plataforma de talento emergente de la moda m\u00e1s importante de nuestro pa\u00eds celebra, del 14 al 17 de septiembre, una nueva edici\u00f3n dentro de","og_url":"https:\/\/graziamagazine.com\/es\/articles\/estas-son-las-15-firmas-emergentes-que-optan-al-premio-allianz-ego-confidence-in-fashion-en-mbfwmadrid\/","og_site_name":"Grazia","article_modified_time":"2023-09-13T21:49:31+00:00","og_image":[{"width":460,"height":460,"url":"https:\/\/graziamagazine.com\/es\/wp-content\/uploads\/sites\/12\/2023\/09\/1540530067698.jpg?fit=460%2C460","type":"image\/jpeg"}],"twitter_card":"summary_large_image","twitter_misc":{"Est. reading time":"7 minutos"},"schema":{"@context":"https:\/\/schema.org","@graph":[{"@type":"WebPage","@id":"https:\/\/graziamagazine.com\/es\/articles\/estas-son-las-15-firmas-emergentes-que-optan-al-premio-allianz-ego-confidence-in-fashion-en-mbfwmadrid\/","url":"https:\/\/graziamagazine.com\/es\/articles\/estas-son-las-15-firmas-emergentes-que-optan-al-premio-allianz-ego-confidence-in-fashion-en-mbfwmadrid\/","name":"Estas son las 15 firmas emergentes que optan al premio Allianz EGO Confidence in Fashion en MBFWMadrid | Grazia","isPartOf":{"@id":"https:\/\/graziamagazine.com\/es\/#website"},"datePublished":"2023-09-14T07:00:59+00:00","dateModified":"2023-09-13T21:49:31+00:00","description":"Allianz EGO, la plataforma de talento emergente de la moda m\u00e1s importante de nuestro pa\u00eds celebra, del 14 al 17 de septiembre, una nueva edici\u00f3n dentro de","breadcrumb":{"@id":"https:\/\/graziamagazine.com\/es\/articles\/estas-son-las-15-firmas-emergentes-que-optan-al-premio-allianz-ego-confidence-in-fashion-en-mbfwmadrid\/#breadcrumb"},"inLanguage":"es","potentialAction":[{"@type":"ReadAction","target":["https:\/\/graziamagazine.com\/es\/articles\/estas-son-las-15-firmas-emergentes-que-optan-al-premio-allianz-ego-confidence-in-fashion-en-mbfwmadrid\/"]}]},{"@type":"BreadcrumbList","@id":"https:\/\/graziamagazine.com\/es\/articles\/estas-son-las-15-firmas-emergentes-que-optan-al-premio-allianz-ego-confidence-in-fashion-en-mbfwmadrid\/#breadcrumb","itemListElement":[{"@type":"ListItem","position":1,"name":"Portada","item":"https:\/\/graziamagazine.com\/es\/"},{"@type":"ListItem","position":2,"name":"Estas son las 15 firmas emergentes que optan al premio Allianz EGO Confidence in Fashion en MBFWMadrid"}]},{"@type":"WebSite","@id":"https:\/\/graziamagazine.com\/es\/#website","url":"https:\/\/graziamagazine.com\/es\/","name":"Grazia","description":"Moda, belleza, celebrities, estilo de vida...","potentialAction":[{"@type":"SearchAction","target":{"@type":"EntryPoint","urlTemplate":"https:\/\/graziamagazine.com\/es\/?s={search_term_string}"},"query-input":"required name=search_term_string"}],"inLanguage":"es"}]}},"jetpack_sharing_enabled":true,"distributor_meta":false,"distributor_terms":false,"distributor_media":false,"distributor_original_site_name":"Grazia","distributor_original_site_url":"https:\/\/graziamagazine.com\/es","push-errors":false,"_links":{"self":[{"href":"https:\/\/graziamagazine.com\/es\/wp-json\/wp\/v2\/articles\/172267"}],"collection":[{"href":"https:\/\/graziamagazine.com\/es\/wp-json\/wp\/v2\/articles"}],"about":[{"href":"https:\/\/graziamagazine.com\/es\/wp-json\/wp\/v2\/types\/articles"}],"author":[{"embeddable":true,"href":"https:\/\/graziamagazine.com\/es\/wp-json\/wp\/v2\/users\/11653"}],"wp:featuredmedia":[{"embeddable":true,"href":"https:\/\/graziamagazine.com\/es\/wp-json\/wp\/v2\/media\/172268"}],"wp:attachment":[{"href":"https:\/\/graziamagazine.com\/es\/wp-json\/wp\/v2\/media?parent=172267"}],"wp:term":[{"taxonomy":"category","embeddable":true,"href":"https:\/\/graziamagazine.com\/es\/wp-json\/wp\/v2\/categories?post=172267"}],"curies":[{"name":"wp","href":"https:\/\/api.w.org\/{rel}","templated":true}]}}