{"id":172264,"date":"2023-09-13T09:28:19","date_gmt":"2023-09-13T07:28:19","guid":{"rendered":"https:\/\/graziamagazine.com\/es\/?post_type=articles&#038;p=172264"},"modified":"2023-09-13T09:41:53","modified_gmt":"2023-09-13T07:41:53","slug":"los-mejores-looks-de-los-mtv-video-music-awards-2023","status":"publish","type":"articles","link":"https:\/\/graziamagazine.com\/es\/articles\/los-mejores-looks-de-los-mtv-video-music-awards-2023\/","title":{"rendered":"Los mejores looks de los MTV Video Music Awards 2023"},"content":{"rendered":"<p>Los MTV VMAs 2023 han congregado a los rostros m\u00e1s destacados de la industria musical en una ceremonia que se llev\u00f3 a cabo <strong>en el Prudential Center de Newark, en Nueva Jersey<\/strong>. Esta edici\u00f3n ser\u00e1 recordada por honrar el talento y el esfuerzo de dos mujeres que han transformado la m\u00fasica en los \u00faltimos a\u00f1os y que, sin lugar a dudas, brillan como dos de las principales estrellas en este momento: Shakira y Taylor Swift.<\/p>\n<p><strong>Shakira fue galardonada con el Premio al Video Vanguardia y tambi\u00e9n recibi\u00f3 el premio a la Mejor Colaboraci\u00f3n del A\u00f1o.<\/strong> Sin embargo, su presencia en la gala trascendi\u00f3 m\u00e1s all\u00e1 de los premios. Interpret\u00f3 una serie de canciones ic\u00f3nicas que incluyeron \u00abUna loba,\u00bb \u00abTe felicito,\u00bb \u00abOjos as\u00ed,\u00bb \u00abTe aviso y te anuncio,\u00bb \u00abSuerte,\u00bb \u00abBZRP Music Sessions #53,\u00bb y \u00abHips Don&#8217;t Lie\u00bb en una actuaci\u00f3n hist\u00f3rica que se prolong\u00f3 por casi diez minutos. Shakira demostr\u00f3 ser una aut\u00e9ntica diva en el escenario, resumiendo lo mejor de su carrera en una actuaci\u00f3n memorable.<\/p>\n<p><strong>Taylor Swift arras\u00f3 en casi todas las categor\u00edas<\/strong>: V\u00eddeo del A\u00f1o, Artista del A\u00f1o, Canci\u00f3n del A\u00f1o, Mejor V\u00eddeo Pop, Mejor Direcci\u00f3n, Mejor Cinematograf\u00eda, Mejores Efectos Visuales&#8230; en total, <strong>9 galardones<\/strong> de sus 11 nominaciones. Su nombre son\u00f3 tantas veces que no hab\u00eda duda de que este ha sido su a\u00f1o.<\/p>\n<h3 class=\"css-ih1zdx e1tmud0h8\">Taylor Swift, de Versace<\/h3>\n<section class=\"css-t6ry6e erx0a9f20\">\n<section class=\"css-1xl6iji e1tmud0h11\">\n<div class=\"css-5htnuj e1tmud0h10\">\n<div class=\"listicle-slides css-ducv57 eemzdg80\">\n<div class=\"css-10fz3m9 e1tmud0h9\">\n<div class=\"css-8t0ynx e1tmud0h3\">\n<div class=\"css-bwuz0b ew0wum60\"><img loading=\"lazy\" decoding=\"async\" title=\"2023 MTV Video Music Awards\" src=\"https:\/\/hips.hearstapps.com\/hmg-prod\/images\/taylor-swift-during-the-2023-mtv-video-music-awards-at-news-photo-1694581967.jpg?crop=1xw:1xh;center,top&amp;resize=980:*\" alt=\"2023 mtv video music awards\" width=\"683\" height=\"1024\" \/><\/div>\n<\/div>\n<\/div>\n<div><\/div>\n<div class=\"css-10fz3m9 e1tmud0h9\">\n<h3>Shakira, de Versace<\/h3>\n<\/div>\n<\/div>\n<div><\/div>\n<\/div>\n<\/section>\n<section class=\"css-1xl6iji e1tmud0h11\">\n<div class=\"css-5htnuj e1tmud0h10\">\n<div class=\"listicle-slides css-ducv57 eemzdg80\">\n<div class=\"css-10fz3m9 e1tmud0h9\">\n<div class=\"css-8t0ynx e1tmud0h3\">\n<div class=\"css-bwuz0b ew0wum60\"><img loading=\"lazy\" decoding=\"async\" title=\"2023 MTV Video Music Awards - Arrivals\" src=\"https:\/\/hips.hearstapps.com\/hmg-prod\/images\/shakira-attends-the-2023-mtv-video-music-awards-at-the-news-photo-1694582461.jpg?crop=1xw:1xh;center,top&amp;resize=980:*\" alt=\"2023 mtv video music awards arrivals\" width=\"2540\" height=\"3810\" \/><\/div>\n<div><\/div>\n<\/div>\n<\/div>\n<div>\n<h3 class=\"css-ih1zdx e1tmud0h8\">Selena Gomez, de Oscar de la Renta<\/h3>\n<\/div>\n<\/div>\n<\/div>\n<\/section>\n<section class=\"css-1xl6iji e1tmud0h11\">\n<div class=\"css-5htnuj e1tmud0h10\">\n<div class=\"listicle-slides css-ducv57 eemzdg80\">\n<div class=\"css-10fz3m9 e1tmud0h9\">\n<div class=\"css-8t0ynx e1tmud0h3\">\n<div class=\"css-bwuz0b ew0wum60\"><img loading=\"lazy\" decoding=\"async\" title=\"2023 MTV Video Music Awards - Arrivals\" src=\"https:\/\/hips.hearstapps.com\/hmg-prod\/images\/selena-gomez-attends-the-2023-mtv-video-music-awards-at-the-news-photo-1694582569.jpg?crop=1xw:1xh;center,top&amp;resize=980:*\" alt=\"2023 mtv video music awards arrivals\" width=\"683\" height=\"1024\" \/><\/div>\n<\/div>\n<\/div>\n<\/div>\n<\/div>\n<\/section>\n<\/section>\n<div><\/div>\n<div>\n<h3 class=\"css-ih1zdx e1tmud0h8\">Emily Ratajkowski, de Jean Paul Gaultier<\/h3>\n<\/div>\n<div><img loading=\"lazy\" decoding=\"async\" title=\"2023 MTV Video Music Awards\" src=\"https:\/\/hips.hearstapps.com\/hmg-prod\/images\/emily-ratajkowski-during-the-2023-mtv-video-music-awards-at-news-photo-1694582026.jpg?crop=1xw:1xh;center,top&amp;resize=980:*\" alt=\"2023 mtv video music awards\" width=\"683\" height=\"1024\" \/><\/div>\n<div><\/div>\n<div>\n<h2 class=\"css-ih1zdx e1tmud0h8\">Olivia Rodrigo, de Ludovic de Saint Sernin<\/h2>\n<p><img decoding=\"async\" src=\"https:\/\/hips.hearstapps.com\/hmg-prod\/images\/olivia-rodrigo-attends-the-2023-mtv-video-music-awards-at-news-photo-1694582834.jpg?crop=1xw:1xh;center,top&amp;resize=980:*\" alt=\"2023 mtv video music awards arrivals\" \/><\/p>\n<\/div>\n<h3>Dana Paola<\/h3>\n<p><img decoding=\"async\" src=\"https:\/\/hips.hearstapps.com\/hmg-prod\/images\/danna-paola-attends-the-2023-mtv-video-music-awards-at-the-news-photo-1694582534.jpg?crop=1xw:1xh;center,top&amp;resize=980:*\" alt=\"2023 mtv video music awards arrivals\" \/><\/p>\n<h3 class=\"css-ih1zdx e1tmud0h8\">Anitta, de Schiaparelli<\/h3>\n<p><img decoding=\"async\" src=\"https:\/\/hips.hearstapps.com\/hmg-prod\/images\/anitta-attends-the-2023-video-music-awards-at-prudential-news-photo-1694582731.jpg?crop=1xw:1xh;center,top&amp;resize=980:*\" alt=\"2023 video music awards arrivals\" \/><\/p>\n<h3>Rita Ora<\/h3>\n<p><img decoding=\"async\" src=\"https:\/\/hips.hearstapps.com\/hmg-prod\/images\/rita-ora-attends-the-2023-mtv-music-video-awards-at-the-news-photo-1694582664.jpg?crop=1xw:1xh;center,top&amp;resize=980:*\" alt=\"2023 mtv video music awards arrivals\" \/><\/p>\n<h3 class=\"css-ih1zdx e1tmud0h8\">Nicki Minaj, de Dolce &amp; Gabbana<\/h3>\n<p><img decoding=\"async\" src=\"https:\/\/hips.hearstapps.com\/hmg-prod\/images\/nicki-minaj-during-the-2023-mtv-video-music-awards-at-news-photo-1694581938.jpg?crop=1xw:1xh;center,top&amp;resize=980:*\" alt=\"2023 mtv video music awards\" \/><\/p>\n<h3>Karolg G<\/h3>\n<p><img decoding=\"async\" src=\"https:\/\/hips.hearstapps.com\/hmg-prod\/images\/karol-g-attends-the-2023-mtv-video-music-awards-at-the-at-news-photo-1694582627.jpg?crop=1xw:1xh;center,top&amp;resize=980:*\" alt=\"2023 mtv video music awards arrivals\" \/><\/p>\n<h3 class=\"css-5fmita e1tmud0h8\">Chloe Bailey<\/h3>\n<p><img decoding=\"async\" src=\"https:\/\/hips.hearstapps.com\/hmg-prod\/images\/chloe-bailey-during-the-2023-mtv-video-music-awards-at-news-photo-1694581996.jpg?crop=1xw:1xh;center,top&amp;resize=980:*\" alt=\"2023 mtv video music awards\" \/><\/p>\n<div class=\"css-jtyuo8 e1tmud0h3\">\n<h3 class=\"css-ih1zdx e1tmud0h8\">Doja Cat, de Monse<\/h3>\n<p><img decoding=\"async\" src=\"https:\/\/hips.hearstapps.com\/hmg-prod\/images\/doja-cat-during-the-2023-mtv-video-music-awards-at-news-photo-1694582065.jpg?crop=1xw:1xh;center,top&amp;resize=980:*\" alt=\"2023 mtv video music awards\" \/><\/p>\n<h3 class=\"css-ih1zdx e1tmud0h8\">Demi Lovato, de Buerlangma<\/h3>\n<p><img decoding=\"async\" src=\"https:\/\/hips.hearstapps.com\/hmg-prod\/images\/demi-lovato-attending-the-mtv-video-music-awards-2023-held-news-photo-1694582770.jpg?crop=1xw:1xh;center,top&amp;resize=980:*\" alt=\"mtv video music awards 2023 arrivals new jersey\" \/><\/p>\n<\/div>\n<section class=\"css-t6ry6e erx0a9f20\">\n<h3 class=\"css-ih1zdx e1tmud0h8\">Megan Thee Stallion, de Brandon Blackwood<\/h3>\n<p><img decoding=\"async\" src=\"https:\/\/hips.hearstapps.com\/hmg-prod\/images\/megan-thee-stallion-during-the-2023-mtv-video-music-awards-news-photo-1694584954.jpg?crop=1xw:1xh;center,top&amp;resize=980:*\" alt=\"2023 mtv video music awards\" \/><\/p>\n<\/section>\n<h3 class=\"css-ih1zdx e1tmud0h8\">Cardi B, de Dilara Findikoglu<\/h3>\n<p><img decoding=\"async\" src=\"https:\/\/hips.hearstapps.com\/hmg-prod\/images\/cardi-b-attends-the-2023-mtv-video-music-awards-at-the-news-photo-1694582891.jpg?crop=1xw:1xh;center,top&amp;resize=980:*\" alt=\"2023 mtv video music awards arrivals\" \/><\/p>\n<h3>Thalia, de Dolce &amp; Gabbana<\/h3>\n<p><img decoding=\"async\" src=\"https:\/\/attachments.office.net\/owa\/rmartin%40graziala.com\/service.svc\/s\/GetAttachmentThumbnail?id=AAMkADcxYjQ3ZjM2LTIyOTctNDU4Ny1iMWI1LTQxYzAxM2EwODJjZABGAAAAAAAz8yGdxrx2QJJ5bA%2B1zgChBwC7CTHbPxtARblcgLRcHh5dAAAAAAEMAAC7CTHbPxtARblcgLRcHh5dAAPmczo3AAABEgAQAK%2B4gVKzPaNClsJljgUp01k%3D&amp;thumbnailType=2&amp;token=eyJhbGciOiJSUzI1NiIsImtpZCI6IjczRkI5QkJFRjYzNjc4RDRGN0U4NEI0NDBCQUJCMTJBMzM5RDlGOTgiLCJ0eXAiOiJKV1QiLCJ4NXQiOiJjX3VidnZZMmVOVDM2RXRFQzZ1eEtqT2RuNWcifQ.eyJvcmlnaW4iOiJodHRwczovL291dGxvb2sub2ZmaWNlLmNvbSIsInVjIjoiNmNmZmNiMjU3MjQ2NDUwZTlmNzM0ZDdmYjE1NGUwNWUiLCJzaWduaW5fc3RhdGUiOiJbXCJrbXNpXCJdIiwidmVyIjoiRXhjaGFuZ2UuQ2FsbGJhY2suVjEiLCJhcHBjdHhzZW5kZXIiOiJPd2FEb3dubG9hZEBlNGM3Njc5ZC0xODJlLTRjYWQtYjM5My00ODIwMjFiMmQ4ZWYiLCJpc3NyaW5nIjoiV1ciLCJhcHBjdHgiOiJ7XCJtc2V4Y2hwcm90XCI6XCJvd2FcIixcInB1aWRcIjpcIjExNTM4MDExMTUyODM4NTU2MTBcIixcInNjb3BlXCI6XCJPd2FEb3dubG9hZFwiLFwib2lkXCI6XCIyNTk4YjQyMi1hOTBiLTQ0YjMtOTljNS01N2E2ODVjNWY0YWJcIixcInByaW1hcnlzaWRcIjpcIlMtMS01LTIxLTE4NTEyOTIwMTgtMTgxOTExNzI2Ni00MDQ3NTAxNjQyLTE2OTU2NzM5XCJ9IiwibmJmIjoxNjk0NTkwNjM0LCJleHAiOjE2OTQ1OTEyMzQsImlzcyI6IjAwMDAwMDAyLTAwMDAtMGZmMS1jZTAwLTAwMDAwMDAwMDAwMEBlNGM3Njc5ZC0xODJlLTRjYWQtYjM5My00ODIwMjFiMmQ4ZWYiLCJhdWQiOiIwMDAwMDAwMi0wMDAwLTBmZjEtY2UwMC0wMDAwMDAwMDAwMDAvYXR0YWNobWVudHMub2ZmaWNlLm5ldEBlNGM3Njc5ZC0xODJlLTRjYWQtYjM5My00ODIwMjFiMmQ4ZWYiLCJoYXBwIjoib3dhIn0.OuKCQJ5DJ2sIctDFGd6-Ob3unXTfOvSJXyhwWwgsOYFVVHTNk19nPS7mbevVk437Kx6ZQkTtQqB93zw91QKLmCoDLNvJMmLa5jsDuSW3fkIA7DMNv-HkRghb9eAXttXGVIt9FfBSLNXCVcNNjsxJjqiDK3JSKBhUliJamxrjoqMAOFpiz96I_GQlDhuusjDySxkobTLLPaYdJ5K5arR8z406oyiXZ376NwvAVcG1xTqZXf2HPeyPJ8J6KdDceCo3ySrJzz8YNI11eADoyCKT72ySN5EaSEPax5Erz1gKzmtAOWK2E2-E-JX_IRHIeb2ON9KnNmMS0rPEf4EJAMi3Fg&amp;X-OWA-CANARY=lUynKru4Q0OxiF2_x08OF_CpWo4stNsYqYi6d2NPaIBymYn9Ca8JoGBrB9RF6eNoUBrRuMB4d0Y.&amp;owa=outlook.office.com&amp;scriptVer=20230825006.11&amp;animation=true\" alt=\"Vista previa de imagen\" \/><\/p>\n<h3>Shenseea, de Dolce&amp;Gabbana<\/h3>\n<p><img decoding=\"async\" src=\"https:\/\/attachments.office.net\/owa\/rmartin%40graziala.com\/service.svc\/s\/GetAttachmentThumbnail?id=AAMkADcxYjQ3ZjM2LTIyOTctNDU4Ny1iMWI1LTQxYzAxM2EwODJjZABGAAAAAAAz8yGdxrx2QJJ5bA%2B1zgChBwC7CTHbPxtARblcgLRcHh5dAAAAAAEMAAC7CTHbPxtARblcgLRcHh5dAAPmczo5AAABEgAQAEw9ZezljKpDlEpOLY4NGPA%3D&amp;thumbnailType=2&amp;token=eyJhbGciOiJSUzI1NiIsImtpZCI6IjczRkI5QkJFRjYzNjc4RDRGN0U4NEI0NDBCQUJCMTJBMzM5RDlGOTgiLCJ0eXAiOiJKV1QiLCJ4NXQiOiJjX3VidnZZMmVOVDM2RXRFQzZ1eEtqT2RuNWcifQ.eyJvcmlnaW4iOiJodHRwczovL291dGxvb2sub2ZmaWNlLmNvbSIsInVjIjoiNmNmZmNiMjU3MjQ2NDUwZTlmNzM0ZDdmYjE1NGUwNWUiLCJzaWduaW5fc3RhdGUiOiJbXCJrbXNpXCJdIiwidmVyIjoiRXhjaGFuZ2UuQ2FsbGJhY2suVjEiLCJhcHBjdHhzZW5kZXIiOiJPd2FEb3dubG9hZEBlNGM3Njc5ZC0xODJlLTRjYWQtYjM5My00ODIwMjFiMmQ4ZWYiLCJpc3NyaW5nIjoiV1ciLCJhcHBjdHgiOiJ7XCJtc2V4Y2hwcm90XCI6XCJvd2FcIixcInB1aWRcIjpcIjExNTM4MDExMTUyODM4NTU2MTBcIixcInNjb3BlXCI6XCJPd2FEb3dubG9hZFwiLFwib2lkXCI6XCIyNTk4YjQyMi1hOTBiLTQ0YjMtOTljNS01N2E2ODVjNWY0YWJcIixcInByaW1hcnlzaWRcIjpcIlMtMS01LTIxLTE4NTEyOTIwMTgtMTgxOTExNzI2Ni00MDQ3NTAxNjQyLTE2OTU2NzM5XCJ9IiwibmJmIjoxNjk0NTkwNjM0LCJleHAiOjE2OTQ1OTEyMzQsImlzcyI6IjAwMDAwMDAyLTAwMDAtMGZmMS1jZTAwLTAwMDAwMDAwMDAwMEBlNGM3Njc5ZC0xODJlLTRjYWQtYjM5My00ODIwMjFiMmQ4ZWYiLCJhdWQiOiIwMDAwMDAwMi0wMDAwLTBmZjEtY2UwMC0wMDAwMDAwMDAwMDAvYXR0YWNobWVudHMub2ZmaWNlLm5ldEBlNGM3Njc5ZC0xODJlLTRjYWQtYjM5My00ODIwMjFiMmQ4ZWYiLCJoYXBwIjoib3dhIn0.OuKCQJ5DJ2sIctDFGd6-Ob3unXTfOvSJXyhwWwgsOYFVVHTNk19nPS7mbevVk437Kx6ZQkTtQqB93zw91QKLmCoDLNvJMmLa5jsDuSW3fkIA7DMNv-HkRghb9eAXttXGVIt9FfBSLNXCVcNNjsxJjqiDK3JSKBhUliJamxrjoqMAOFpiz96I_GQlDhuusjDySxkobTLLPaYdJ5K5arR8z406oyiXZ376NwvAVcG1xTqZXf2HPeyPJ8J6KdDceCo3ySrJzz8YNI11eADoyCKT72ySN5EaSEPax5Erz1gKzmtAOWK2E2-E-JX_IRHIeb2ON9KnNmMS0rPEf4EJAMi3Fg&amp;X-OWA-CANARY=DV04zP9bfEyMFUd9Xbnd1SDqO7kstNsYS8byoi1W0bazL13DAfqMemtFssr0uo5N6g82bYhJXYQ.&amp;owa=outlook.office.com&amp;scriptVer=20230825006.11&amp;animation=true\" alt=\"Vista previa de imagen\" \/><\/p>\n<h3>Ice Spice, de Dolce &amp; Gabbana<\/h3>\n<p><img decoding=\"async\" src=\"https:\/\/attachments.office.net\/owa\/rmartin%40graziala.com\/service.svc\/s\/GetAttachmentThumbnail?id=AAMkADcxYjQ3ZjM2LTIyOTctNDU4Ny1iMWI1LTQxYzAxM2EwODJjZABGAAAAAAAz8yGdxrx2QJJ5bA%2B1zgChBwC7CTHbPxtARblcgLRcHh5dAAAAAAEMAAC7CTHbPxtARblcgLRcHh5dAAPmczo7AAABEgAQALz73e3p4LdGjkGAtp0qCV8%3D&amp;thumbnailType=2&amp;token=eyJhbGciOiJSUzI1NiIsImtpZCI6IjczRkI5QkJFRjYzNjc4RDRGN0U4NEI0NDBCQUJCMTJBMzM5RDlGOTgiLCJ0eXAiOiJKV1QiLCJ4NXQiOiJjX3VidnZZMmVOVDM2RXRFQzZ1eEtqT2RuNWcifQ.eyJvcmlnaW4iOiJodHRwczovL291dGxvb2sub2ZmaWNlLmNvbSIsInVjIjoiNmNmZmNiMjU3MjQ2NDUwZTlmNzM0ZDdmYjE1NGUwNWUiLCJzaWduaW5fc3RhdGUiOiJbXCJrbXNpXCJdIiwidmVyIjoiRXhjaGFuZ2UuQ2FsbGJhY2suVjEiLCJhcHBjdHhzZW5kZXIiOiJPd2FEb3dubG9hZEBlNGM3Njc5ZC0xODJlLTRjYWQtYjM5My00ODIwMjFiMmQ4ZWYiLCJpc3NyaW5nIjoiV1ciLCJhcHBjdHgiOiJ7XCJtc2V4Y2hwcm90XCI6XCJvd2FcIixcInB1aWRcIjpcIjExNTM4MDExMTUyODM4NTU2MTBcIixcInNjb3BlXCI6XCJPd2FEb3dubG9hZFwiLFwib2lkXCI6XCIyNTk4YjQyMi1hOTBiLTQ0YjMtOTljNS01N2E2ODVjNWY0YWJcIixcInByaW1hcnlzaWRcIjpcIlMtMS01LTIxLTE4NTEyOTIwMTgtMTgxOTExNzI2Ni00MDQ3NTAxNjQyLTE2OTU2NzM5XCJ9IiwibmJmIjoxNjk0NTkwNjM0LCJleHAiOjE2OTQ1OTEyMzQsImlzcyI6IjAwMDAwMDAyLTAwMDAtMGZmMS1jZTAwLTAwMDAwMDAwMDAwMEBlNGM3Njc5ZC0xODJlLTRjYWQtYjM5My00ODIwMjFiMmQ4ZWYiLCJhdWQiOiIwMDAwMDAwMi0wMDAwLTBmZjEtY2UwMC0wMDAwMDAwMDAwMDAvYXR0YWNobWVudHMub2ZmaWNlLm5ldEBlNGM3Njc5ZC0xODJlLTRjYWQtYjM5My00ODIwMjFiMmQ4ZWYiLCJoYXBwIjoib3dhIn0.OuKCQJ5DJ2sIctDFGd6-Ob3unXTfOvSJXyhwWwgsOYFVVHTNk19nPS7mbevVk437Kx6ZQkTtQqB93zw91QKLmCoDLNvJMmLa5jsDuSW3fkIA7DMNv-HkRghb9eAXttXGVIt9FfBSLNXCVcNNjsxJjqiDK3JSKBhUliJamxrjoqMAOFpiz96I_GQlDhuusjDySxkobTLLPaYdJ5K5arR8z406oyiXZ376NwvAVcG1xTqZXf2HPeyPJ8J6KdDceCo3ySrJzz8YNI11eADoyCKT72ySN5EaSEPax5Erz1gKzmtAOWK2E2-E-JX_IRHIeb2ON9KnNmMS0rPEf4EJAMi3Fg&amp;X-OWA-CANARY=CGmFNL1JcUGxrqIh7uKJReAZbNcstNsY1SUiE65Xrgz84UsOSguzd8S6_daGZUWIguP9ricuK0w.&amp;owa=outlook.office.com&amp;scriptVer=20230825006.11&amp;animation=true\" alt=\"Vista previa de imagen\" \/><\/p>\n<section class=\"css-t6ry6e erx0a9f20\">\n<section class=\"css-1xl6iji e1tmud0h11\">\n<div class=\"css-5htnuj e1tmud0h10\">\n<div class=\"listicle-slides css-ducv57 eemzdg80\">\n<p class=\"css-10fz3m9 e1tmud0h9\">\n<\/div>\n<\/div>\n<\/section>\n<\/section>\n","protected":false},"author":11653,"featured_media":172265,"template":"","format":"standard","categories":[2971],"acf":{"banner":null},"yoast_head":"<!-- This site is optimized with the Yoast SEO Premium plugin v18.5 (Yoast SEO v20.4) - https:\/\/yoast.com\/wordpress\/plugins\/seo\/ -->\n<title>Los mejores looks de los MTV Video Music Awards 2023 | Grazia<\/title>\n<meta name=\"description\" content=\"Los MTV VMAs 2023 han congregado a los rostros m\u00e1s destacados de la industria musical en una ceremonia que se llev\u00f3 a cabo en el Prudential Center de\" \/>\n<meta name=\"robots\" content=\"index, follow, max-snippet:-1, max-image-preview:large, max-video-preview:-1\" \/>\n<link rel=\"canonical\" href=\"https:\/\/graziamagazine.com\/es\/articles\/los-mejores-looks-de-los-mtv-video-music-awards-2023\/\" \/>\n<meta property=\"og:locale\" content=\"es_ES\" \/>\n<meta property=\"og:type\" content=\"article\" \/>\n<meta property=\"og:title\" content=\"Los mejores looks de los MTV Video Music Awards 2023\" \/>\n<meta property=\"og:description\" content=\"Los MTV VMAs 2023 han congregado a los rostros m\u00e1s destacados de la industria musical en una ceremonia que se llev\u00f3 a cabo en el Prudential Center de\" \/>\n<meta property=\"og:url\" content=\"https:\/\/graziamagazine.com\/es\/articles\/los-mejores-looks-de-los-mtv-video-music-awards-2023\/\" \/>\n<meta property=\"og:site_name\" content=\"Grazia\" \/>\n<meta property=\"article:modified_time\" content=\"2023-09-13T07:41:53+00:00\" \/>\n<meta property=\"og:image\" content=\"https:\/\/graziamagazine.com\/es\/wp-content\/uploads\/sites\/12\/2023\/09\/taylor-swift-attends-the-2023-mtv-video-music-awards-at-news-photo-1694564540.jpg\" \/>\n\t<meta property=\"og:image:width\" content=\"1200\" \/>\n\t<meta property=\"og:image:height\" content=\"789\" \/>\n\t<meta property=\"og:image:type\" content=\"image\/jpeg\" \/>\n<meta name=\"twitter:card\" content=\"summary_large_image\" \/>\n<meta name=\"twitter:label1\" content=\"Est. reading time\" \/>\n\t<meta name=\"twitter:data1\" content=\"5 minutos\" \/>\n<script type=\"application\/ld+json\" class=\"yoast-schema-graph\">{\"@context\":\"https:\/\/schema.org\",\"@graph\":[{\"@type\":\"WebPage\",\"@id\":\"https:\/\/graziamagazine.com\/es\/articles\/los-mejores-looks-de-los-mtv-video-music-awards-2023\/\",\"url\":\"https:\/\/graziamagazine.com\/es\/articles\/los-mejores-looks-de-los-mtv-video-music-awards-2023\/\",\"name\":\"Los mejores looks de los MTV Video Music Awards 2023 | Grazia\",\"isPartOf\":{\"@id\":\"https:\/\/graziamagazine.com\/es\/#website\"},\"datePublished\":\"2023-09-13T07:28:19+00:00\",\"dateModified\":\"2023-09-13T07:41:53+00:00\",\"description\":\"Los MTV VMAs 2023 han congregado a los rostros m\u00e1s destacados de la industria musical en una ceremonia que se llev\u00f3 a cabo en el Prudential Center de\",\"breadcrumb\":{\"@id\":\"https:\/\/graziamagazine.com\/es\/articles\/los-mejores-looks-de-los-mtv-video-music-awards-2023\/#breadcrumb\"},\"inLanguage\":\"es\",\"potentialAction\":[{\"@type\":\"ReadAction\",\"target\":[\"https:\/\/graziamagazine.com\/es\/articles\/los-mejores-looks-de-los-mtv-video-music-awards-2023\/\"]}]},{\"@type\":\"BreadcrumbList\",\"@id\":\"https:\/\/graziamagazine.com\/es\/articles\/los-mejores-looks-de-los-mtv-video-music-awards-2023\/#breadcrumb\",\"itemListElement\":[{\"@type\":\"ListItem\",\"position\":1,\"name\":\"Portada\",\"item\":\"https:\/\/graziamagazine.com\/es\/\"},{\"@type\":\"ListItem\",\"position\":2,\"name\":\"Los mejores looks de los MTV Video Music Awards 2023\"}]},{\"@type\":\"WebSite\",\"@id\":\"https:\/\/graziamagazine.com\/es\/#website\",\"url\":\"https:\/\/graziamagazine.com\/es\/\",\"name\":\"Grazia\",\"description\":\"Moda, belleza, celebrities, estilo de vida...\",\"potentialAction\":[{\"@type\":\"SearchAction\",\"target\":{\"@type\":\"EntryPoint\",\"urlTemplate\":\"https:\/\/graziamagazine.com\/es\/?s={search_term_string}\"},\"query-input\":\"required name=search_term_string\"}],\"inLanguage\":\"es\"}]}<\/script>\n<!-- \/ Yoast SEO Premium plugin. -->","yoast_head_json":{"title":"Los mejores looks de los MTV Video Music Awards 2023 | Grazia","description":"Los MTV VMAs 2023 han congregado a los rostros m\u00e1s destacados de la industria musical en una ceremonia que se llev\u00f3 a cabo en el Prudential Center de","robots":{"index":"index","follow":"follow","max-snippet":"max-snippet:-1","max-image-preview":"max-image-preview:large","max-video-preview":"max-video-preview:-1"},"canonical":"https:\/\/graziamagazine.com\/es\/articles\/los-mejores-looks-de-los-mtv-video-music-awards-2023\/","og_locale":"es_ES","og_type":"article","og_title":"Los mejores looks de los MTV Video Music Awards 2023","og_description":"Los MTV VMAs 2023 han congregado a los rostros m\u00e1s destacados de la industria musical en una ceremonia que se llev\u00f3 a cabo en el Prudential Center de","og_url":"https:\/\/graziamagazine.com\/es\/articles\/los-mejores-looks-de-los-mtv-video-music-awards-2023\/","og_site_name":"Grazia","article_modified_time":"2023-09-13T07:41:53+00:00","og_image":[{"width":1200,"height":789,"url":"https:\/\/graziamagazine.com\/es\/wp-content\/uploads\/sites\/12\/2023\/09\/taylor-swift-attends-the-2023-mtv-video-music-awards-at-news-photo-1694564540.jpg","type":"image\/jpeg"}],"twitter_card":"summary_large_image","twitter_misc":{"Est. reading time":"5 minutos"},"schema":{"@context":"https:\/\/schema.org","@graph":[{"@type":"WebPage","@id":"https:\/\/graziamagazine.com\/es\/articles\/los-mejores-looks-de-los-mtv-video-music-awards-2023\/","url":"https:\/\/graziamagazine.com\/es\/articles\/los-mejores-looks-de-los-mtv-video-music-awards-2023\/","name":"Los mejores looks de los MTV Video Music Awards 2023 | Grazia","isPartOf":{"@id":"https:\/\/graziamagazine.com\/es\/#website"},"datePublished":"2023-09-13T07:28:19+00:00","dateModified":"2023-09-13T07:41:53+00:00","description":"Los MTV VMAs 2023 han congregado a los rostros m\u00e1s destacados de la industria musical en una ceremonia que se llev\u00f3 a cabo en el Prudential Center de","breadcrumb":{"@id":"https:\/\/graziamagazine.com\/es\/articles\/los-mejores-looks-de-los-mtv-video-music-awards-2023\/#breadcrumb"},"inLanguage":"es","potentialAction":[{"@type":"ReadAction","target":["https:\/\/graziamagazine.com\/es\/articles\/los-mejores-looks-de-los-mtv-video-music-awards-2023\/"]}]},{"@type":"BreadcrumbList","@id":"https:\/\/graziamagazine.com\/es\/articles\/los-mejores-looks-de-los-mtv-video-music-awards-2023\/#breadcrumb","itemListElement":[{"@type":"ListItem","position":1,"name":"Portada","item":"https:\/\/graziamagazine.com\/es\/"},{"@type":"ListItem","position":2,"name":"Los mejores looks de los MTV Video Music Awards 2023"}]},{"@type":"WebSite","@id":"https:\/\/graziamagazine.com\/es\/#website","url":"https:\/\/graziamagazine.com\/es\/","name":"Grazia","description":"Moda, belleza, celebrities, estilo de vida...","potentialAction":[{"@type":"SearchAction","target":{"@type":"EntryPoint","urlTemplate":"https:\/\/graziamagazine.com\/es\/?s={search_term_string}"},"query-input":"required name=search_term_string"}],"inLanguage":"es"}]}},"jetpack_sharing_enabled":true,"distributor_meta":false,"distributor_terms":false,"distributor_media":false,"distributor_original_site_name":"Grazia","distributor_original_site_url":"https:\/\/graziamagazine.com\/es","push-errors":false,"_links":{"self":[{"href":"https:\/\/graziamagazine.com\/es\/wp-json\/wp\/v2\/articles\/172264"}],"collection":[{"href":"https:\/\/graziamagazine.com\/es\/wp-json\/wp\/v2\/articles"}],"about":[{"href":"https:\/\/graziamagazine.com\/es\/wp-json\/wp\/v2\/types\/articles"}],"author":[{"embeddable":true,"href":"https:\/\/graziamagazine.com\/es\/wp-json\/wp\/v2\/users\/11653"}],"wp:featuredmedia":[{"embeddable":true,"href":"https:\/\/graziamagazine.com\/es\/wp-json\/wp\/v2\/media\/172265"}],"wp:attachment":[{"href":"https:\/\/graziamagazine.com\/es\/wp-json\/wp\/v2\/media?parent=172264"}],"wp:term":[{"taxonomy":"category","embeddable":true,"href":"https:\/\/graziamagazine.com\/es\/wp-json\/wp\/v2\/categories?post=172264"}],"curies":[{"name":"wp","href":"https:\/\/api.w.org\/{rel}","templated":true}]}}