{"id":172257,"date":"2023-09-28T09:00:15","date_gmt":"2023-09-28T07:00:15","guid":{"rendered":"https:\/\/graziamagazine.com\/es\/?post_type=articles&#038;p=172257"},"modified":"2023-09-28T10:30:35","modified_gmt":"2023-09-28T08:30:35","slug":"los-5-mejores-rooftops-para-ver-la-luna-llena-de-septiembre","status":"publish","type":"articles","link":"https:\/\/graziamagazine.com\/es\/articles\/los-5-mejores-rooftops-para-ver-la-luna-llena-de-septiembre\/","title":{"rendered":"Los 5 mejores rooftops para ver la luna llena de septiembre"},"content":{"rendered":"<p>Cada mes, la luna atraviesa varias fases, menguando y creciendo en su transformaci\u00f3n constante de luna nueva a luna llena y volviendo a empezar. La luna llena, o plenilunio,\u200b es la fase lunar que sucede cuando la luna se encuentra detr\u00e1s de la tierra respecto al sol y su cara est\u00e1 totalmente iluminada.<\/p>\n<p>Barcel\u00f3 Hotel Group propone visitar algunos de sus hoteles m\u00e1s emblem\u00e1ticos que, gracias a sus impresionantes localizaciones, se convierten en los mejores \u201cspots\u201d desde los que disfrutar de esta fase lunar.<\/p>\n<h3><strong>de Menorca al cielo<\/strong><\/h3>\n<p>Despu\u00e9s de ser nombrada Reserva de la Biosfera en 1993, Menorca ha conseguido el t\u00edtulo de Destino Starlight ya que goza de muy buenas cualidades para la contemplaci\u00f3n de los cielos estrellados gracias a su baja contaminaci\u00f3n lum\u00ednica.<\/p>\n<p><img loading=\"lazy\" decoding=\"async\" class=\"aligncenter size-full wp-image-172437\" src=\"https:\/\/graziamagazine.com\/es\/wp-content\/uploads\/sites\/12\/2023\/09\/NURA_BARCELO-MY-01_2-copia.jpeg\" alt=\"\" width=\"1024\" height=\"683\" \/><\/p>\n<p>Ubicado en el municipio de\u00a0<strong>Sant Llu\u00eds,<\/strong>\u00a0el hotel\u00a0<a href=\"https:\/\/www.barcelo.com\/es-es\/barcelo-nura\/?gclid=Cj0KCQiA09eQBhCxARIsAAYRiymTX9awQXfjyE4EO1P2c2c5msqOa1pIw3C2msWr6rK57uzXe2E0GRcaAttKEALw_wcB\" target=\"_blank\">Barcel\u00f3 Nura<\/a>\u00a0de cinco estrellas es uno de los lugares m\u00e1s privilegiados para la observaci\u00f3n astron\u00f3mica por su situaci\u00f3n geogr\u00e1fica, su orograf\u00eda y el clima de Menorca. Una de las mejores opciones para alojarse el pr\u00f3ximo 29 de septiembre y disfrutar de una noche a luz de la luna llena en pleno Mediterr\u00e1neo.<\/p>\n<h3><strong>naturaleza a golpe de vista<\/strong><\/h3>\n<p>La inigualable ubicaci\u00f3n de la azotea del hotel\u00a0<a href=\"https:\/\/www.barcelo.com\/es-es\/barcelo-funchal-oldtown\/\" target=\"_blank\">Barcel\u00f3 Funchal Oldtown<\/a>, donde los hu\u00e9spedes pueden relajarse rodeados de un espectacular para\u00edso natural y que permite, adem\u00e1s, contemplar una de las mejores vistas de la isla lusa, la convertir\u00e1n en el mejor lugar desde el que observar la luna llena del mes de septiembre desde un rinc\u00f3n \u00a0\u2013entre el Atl\u00e1ntico y el cielo\u2013\u00a0 sin igual.<\/p>\n<h3><strong>el destino urbano m\u00e1s cool<\/strong><\/h3>\n<p>Con una localizaci\u00f3n privilegiada en el casco hist\u00f3rico de la ciudad, el hotel\u00a0<a href=\"https:\/\/www.barcelo.com\/es-es\/barcelo-carmen-granada\/\" target=\"_blank\">Barcel\u00f3 Carmen Granada<\/a>\u00a0destaca por su magn\u00edfica vista panor\u00e1mica de la ciudad, en la que sobresale la monumental La Alhambra y la belleza de Sierra Nevada.<\/p>\n<p><img loading=\"lazy\" decoding=\"async\" class=\"aligncenter size-full wp-image-172436\" src=\"https:\/\/graziamagazine.com\/es\/wp-content\/uploads\/sites\/12\/2023\/09\/Barcelo_Carmen_Granada-M_Yllera-35_0-copia.jpeg\" alt=\"\" width=\"1024\" height=\"683\" \/><\/p>\n<p>Y qu\u00e9 mejor opci\u00f3n para disfrutar de la pr\u00f3xima luna llena que viajar al Sur y alargar la agradable sensaci\u00f3n de las noches de verano en su rooftop B-Heaven Granada. Adem\u00e1s, el espacio cuenta con su propia propuesta gastron\u00f3mica.<\/p>\n<h3><strong>en el centro de la ciudad y la historia<\/strong><\/h3>\n<p>Alis, es el nombre del rooftop del hist\u00f3rico hotel ubicado en <strong>Las Palmas de Gran Canaria<\/strong> que ofrece a todos sus visitantes el poder disfrutar de una postal \u00fanica de la capital de la isla acompa\u00f1ado de m\u00fasica en directo y cocteler\u00eda de autor. Disfrutar de un fen\u00f3meno tan especial como la luna llena en una localizaci\u00f3n por la que han pasado algunas de las personalidades m\u00e1s importantes del S. XX y XXI es, sin duda, una experiencia transformadora.<\/p>\n<p><img loading=\"lazy\" decoding=\"async\" class=\"aligncenter size-full wp-image-172438\" src=\"https:\/\/graziamagazine.com\/es\/wp-content\/uploads\/sites\/12\/2023\/09\/RHCoralesBeach-1-copia.jpeg\" alt=\"\" width=\"1024\" height=\"683\" \/><\/p>\n<h3><strong>brindis bajo la luna llena<\/strong><\/h3>\n<p>Este resort tinerfe\u00f1o cuenta en su \u00faltima planta con\u00a0<strong>Mares\u00eda Atlantic Bar<\/strong>, un espacio dedicado al arte de la cocteler\u00eda de territorio capitaneado por el reconocido bartender Yoni Mesa y con propuestas basadas en el producto local. Un rinc\u00f3n perfecto donde disfrutar de esta cita tan especial acompa\u00f1ados de un trago de autor y el murmullo de las olas.<\/p>\n<p><em>*Im\u00e1genes: cortes\u00eda<\/em><\/p>\n<p>&nbsp;<\/p>\n","protected":false},"author":16349,"featured_media":172434,"template":"","format":"standard","categories":[18],"acf":[],"yoast_head":"<!-- This site is optimized with the Yoast SEO Premium plugin v18.5 (Yoast SEO v20.4) - https:\/\/yoast.com\/wordpress\/plugins\/seo\/ -->\n<title>Los 5 mejores rooftops para ver la luna llena de septiembre<\/title>\n<meta name=\"description\" content=\"Seleccionamos cinco lugares donde disfrutar de este hipn\u00f3tico fen\u00f3meno lunar que tendr\u00e1 lugar hoy 29 de septiembre.\" \/>\n<meta name=\"robots\" content=\"index, follow, max-snippet:-1, max-image-preview:large, max-video-preview:-1\" \/>\n<link rel=\"canonical\" href=\"https:\/\/graziamagazine.com\/es\/articles\/los-5-mejores-rooftops-para-ver-la-luna-llena-de-septiembre\/\" \/>\n<meta property=\"og:locale\" content=\"es_ES\" \/>\n<meta property=\"og:type\" content=\"article\" \/>\n<meta property=\"og:title\" content=\"Los 5 mejores rooftops para ver la luna llena de septiembre\" \/>\n<meta property=\"og:description\" content=\"Seleccionamos cinco lugares donde disfrutar de este hipn\u00f3tico fen\u00f3meno lunar que tendr\u00e1 lugar hoy 29 de septiembre.\" \/>\n<meta property=\"og:url\" content=\"https:\/\/graziamagazine.com\/es\/articles\/los-5-mejores-rooftops-para-ver-la-luna-llena-de-septiembre\/\" \/>\n<meta property=\"og:site_name\" content=\"Grazia\" \/>\n<meta property=\"article:modified_time\" content=\"2023-09-28T08:30:35+00:00\" \/>\n<meta property=\"og:image\" content=\"https:\/\/graziamagazine.com\/es\/wp-content\/uploads\/sites\/12\/2023\/09\/luna230911.jpg\" \/>\n\t<meta property=\"og:image:width\" content=\"1024\" \/>\n\t<meta property=\"og:image:height\" content=\"768\" \/>\n\t<meta property=\"og:image:type\" content=\"image\/jpeg\" \/>\n<meta name=\"twitter:card\" content=\"summary_large_image\" \/>\n<meta name=\"twitter:label1\" content=\"Est. reading time\" \/>\n\t<meta name=\"twitter:data1\" content=\"3 minutos\" \/>\n<script type=\"application\/ld+json\" class=\"yoast-schema-graph\">{\"@context\":\"https:\/\/schema.org\",\"@graph\":[{\"@type\":\"WebPage\",\"@id\":\"https:\/\/graziamagazine.com\/es\/articles\/los-5-mejores-rooftops-para-ver-la-luna-llena-de-septiembre\/\",\"url\":\"https:\/\/graziamagazine.com\/es\/articles\/los-5-mejores-rooftops-para-ver-la-luna-llena-de-septiembre\/\",\"name\":\"Los 5 mejores rooftops para ver la luna llena de septiembre\",\"isPartOf\":{\"@id\":\"https:\/\/graziamagazine.com\/es\/#website\"},\"datePublished\":\"2023-09-28T07:00:15+00:00\",\"dateModified\":\"2023-09-28T08:30:35+00:00\",\"description\":\"Seleccionamos cinco lugares donde disfrutar de este hipn\u00f3tico fen\u00f3meno lunar que tendr\u00e1 lugar hoy 29 de septiembre.\",\"breadcrumb\":{\"@id\":\"https:\/\/graziamagazine.com\/es\/articles\/los-5-mejores-rooftops-para-ver-la-luna-llena-de-septiembre\/#breadcrumb\"},\"inLanguage\":\"es\",\"potentialAction\":[{\"@type\":\"ReadAction\",\"target\":[\"https:\/\/graziamagazine.com\/es\/articles\/los-5-mejores-rooftops-para-ver-la-luna-llena-de-septiembre\/\"]}]},{\"@type\":\"BreadcrumbList\",\"@id\":\"https:\/\/graziamagazine.com\/es\/articles\/los-5-mejores-rooftops-para-ver-la-luna-llena-de-septiembre\/#breadcrumb\",\"itemListElement\":[{\"@type\":\"ListItem\",\"position\":1,\"name\":\"Portada\",\"item\":\"https:\/\/graziamagazine.com\/es\/\"},{\"@type\":\"ListItem\",\"position\":2,\"name\":\"Los 5 mejores rooftops para ver la luna llena de septiembre\"}]},{\"@type\":\"WebSite\",\"@id\":\"https:\/\/graziamagazine.com\/es\/#website\",\"url\":\"https:\/\/graziamagazine.com\/es\/\",\"name\":\"Grazia\",\"description\":\"Moda, belleza, celebrities, estilo de vida...\",\"potentialAction\":[{\"@type\":\"SearchAction\",\"target\":{\"@type\":\"EntryPoint\",\"urlTemplate\":\"https:\/\/graziamagazine.com\/es\/?s={search_term_string}\"},\"query-input\":\"required name=search_term_string\"}],\"inLanguage\":\"es\"}]}<\/script>\n<!-- \/ Yoast SEO Premium plugin. -->","yoast_head_json":{"title":"Los 5 mejores rooftops para ver la luna llena de septiembre","description":"Seleccionamos cinco lugares donde disfrutar de este hipn\u00f3tico fen\u00f3meno lunar que tendr\u00e1 lugar hoy 29 de septiembre.","robots":{"index":"index","follow":"follow","max-snippet":"max-snippet:-1","max-image-preview":"max-image-preview:large","max-video-preview":"max-video-preview:-1"},"canonical":"https:\/\/graziamagazine.com\/es\/articles\/los-5-mejores-rooftops-para-ver-la-luna-llena-de-septiembre\/","og_locale":"es_ES","og_type":"article","og_title":"Los 5 mejores rooftops para ver la luna llena de septiembre","og_description":"Seleccionamos cinco lugares donde disfrutar de este hipn\u00f3tico fen\u00f3meno lunar que tendr\u00e1 lugar hoy 29 de septiembre.","og_url":"https:\/\/graziamagazine.com\/es\/articles\/los-5-mejores-rooftops-para-ver-la-luna-llena-de-septiembre\/","og_site_name":"Grazia","article_modified_time":"2023-09-28T08:30:35+00:00","og_image":[{"width":1024,"height":768,"url":"https:\/\/graziamagazine.com\/es\/wp-content\/uploads\/sites\/12\/2023\/09\/luna230911.jpg","type":"image\/jpeg"}],"twitter_card":"summary_large_image","twitter_misc":{"Est. reading time":"3 minutos"},"schema":{"@context":"https:\/\/schema.org","@graph":[{"@type":"WebPage","@id":"https:\/\/graziamagazine.com\/es\/articles\/los-5-mejores-rooftops-para-ver-la-luna-llena-de-septiembre\/","url":"https:\/\/graziamagazine.com\/es\/articles\/los-5-mejores-rooftops-para-ver-la-luna-llena-de-septiembre\/","name":"Los 5 mejores rooftops para ver la luna llena de septiembre","isPartOf":{"@id":"https:\/\/graziamagazine.com\/es\/#website"},"datePublished":"2023-09-28T07:00:15+00:00","dateModified":"2023-09-28T08:30:35+00:00","description":"Seleccionamos cinco lugares donde disfrutar de este hipn\u00f3tico fen\u00f3meno lunar que tendr\u00e1 lugar hoy 29 de septiembre.","breadcrumb":{"@id":"https:\/\/graziamagazine.com\/es\/articles\/los-5-mejores-rooftops-para-ver-la-luna-llena-de-septiembre\/#breadcrumb"},"inLanguage":"es","potentialAction":[{"@type":"ReadAction","target":["https:\/\/graziamagazine.com\/es\/articles\/los-5-mejores-rooftops-para-ver-la-luna-llena-de-septiembre\/"]}]},{"@type":"BreadcrumbList","@id":"https:\/\/graziamagazine.com\/es\/articles\/los-5-mejores-rooftops-para-ver-la-luna-llena-de-septiembre\/#breadcrumb","itemListElement":[{"@type":"ListItem","position":1,"name":"Portada","item":"https:\/\/graziamagazine.com\/es\/"},{"@type":"ListItem","position":2,"name":"Los 5 mejores rooftops para ver la luna llena de septiembre"}]},{"@type":"WebSite","@id":"https:\/\/graziamagazine.com\/es\/#website","url":"https:\/\/graziamagazine.com\/es\/","name":"Grazia","description":"Moda, belleza, celebrities, estilo de vida...","potentialAction":[{"@type":"SearchAction","target":{"@type":"EntryPoint","urlTemplate":"https:\/\/graziamagazine.com\/es\/?s={search_term_string}"},"query-input":"required name=search_term_string"}],"inLanguage":"es"}]}},"jetpack_sharing_enabled":true,"distributor_meta":false,"distributor_terms":false,"distributor_media":false,"distributor_original_site_name":"Grazia","distributor_original_site_url":"https:\/\/graziamagazine.com\/es","push-errors":false,"_links":{"self":[{"href":"https:\/\/graziamagazine.com\/es\/wp-json\/wp\/v2\/articles\/172257"}],"collection":[{"href":"https:\/\/graziamagazine.com\/es\/wp-json\/wp\/v2\/articles"}],"about":[{"href":"https:\/\/graziamagazine.com\/es\/wp-json\/wp\/v2\/types\/articles"}],"author":[{"embeddable":true,"href":"https:\/\/graziamagazine.com\/es\/wp-json\/wp\/v2\/users\/16349"}],"wp:featuredmedia":[{"embeddable":true,"href":"https:\/\/graziamagazine.com\/es\/wp-json\/wp\/v2\/media\/172434"}],"wp:attachment":[{"href":"https:\/\/graziamagazine.com\/es\/wp-json\/wp\/v2\/media?parent=172257"}],"wp:term":[{"taxonomy":"category","embeddable":true,"href":"https:\/\/graziamagazine.com\/es\/wp-json\/wp\/v2\/categories?post=172257"}],"curies":[{"name":"wp","href":"https:\/\/api.w.org\/{rel}","templated":true}]}}