{"id":172252,"date":"2023-09-20T10:25:00","date_gmt":"2023-09-20T08:25:00","guid":{"rendered":"https:\/\/graziamagazine.com\/es\/?post_type=articles&#038;p=172252"},"modified":"2023-09-27T18:48:09","modified_gmt":"2023-09-27T16:48:09","slug":"white-milano-la-cita-que-no-te-puedes-perder-en-mfw","status":"publish","type":"articles","link":"https:\/\/graziamagazine.com\/es\/articles\/white-milano-la-cita-que-no-te-puedes-perder-en-mfw\/","title":{"rendered":"WHITE Milano, la cita que no te puedes perder en MFW"},"content":{"rendered":"<p>Es temporada de Fashion Weeks y, tras las propuestas que se han presentado en Nueva York, Madrid y Londres llega el turno de Mil\u00e1n. Italia se prepara para mostrar las nuevas colecciones y en medio de todo ello tiene lugar tambi\u00e9n\u00a0<strong><a href=\"https:\/\/www.whiteshow.com\/\" target=\"_blank\">WHITE Milano<\/a>, la feria comercial de moda femenina m\u00e1s importante del mundo<\/strong>, situada en el coraz\u00f3n del distrito de moda de Tortona en Mil\u00e1n.<\/p>\n<p>Conocido como una plataforma de lanzamiento para marcas que ahora son populares, el evento conecta a los principales compradores internacionales de moda, minoristas y prensa con inspiradores dise\u00f1adores emergentes. <strong>En esta edici\u00f3n dise\u00f1adores saud\u00edes regresar\u00e1n a la <a href=\"https:\/\/www.cameramoda.it\/it\/\" target=\"_blank\">Semana de la Moda de Mil\u00e1n<\/a> y dentro de WHITE Milano ocupar\u00e1n un \u00e1rea especial,<\/strong> en una de las cinco \u00e1reas dedicadas en la feria comercial, del 22 al 25 de septiembre, que albergar\u00e1 a los talentos de la moda saud\u00ed.<\/p>\n<h3><img loading=\"lazy\" decoding=\"async\" class=\"aligncenter size-full wp-image-172347\" src=\"https:\/\/graziamagazine.com\/es\/wp-content\/uploads\/sites\/12\/2023\/09\/Reham-Nassier-copia.jpeg\" alt=\"\" width=\"1024\" height=\"1536\" \/><\/h3>\n<h3>\u00bfQu\u00e9 se puede ver?<\/h3>\n<p>El &#8216;\u00e1rea especial&#8217; saud\u00ed planea una impresionante exhibici\u00f3n en la que los dise\u00f1adores presentar\u00e1n sus \u00faltimas colecciones de moda femenina, accesorios y joyer\u00eda. <strong><a href=\"https:\/\/www.whiteshow.com\/special-area\/saudi-100-brands-2023\/\" target=\"_blank\">El programa Saudi 100 Brands<\/a> empodera a los dise\u00f1adores saud\u00edes para desarrollar sus negocios de moda, lujo y joyer\u00eda, proporcion\u00e1ndoles las mejores herramientas para tener \u00e9xito en los mercados locales e internacionales.<\/strong> A trav\u00e9s de clases magistrales, talleres, sesiones de mentor\u00eda individual y desarrollo profesional impartido por l\u00edderes y expertos de la industria, la iniciativa ya est\u00e1 produciendo dise\u00f1adores de moda que disfrutan de \u00e9xito en el escenario mundial, con eventos que tienen lugar en las Semanas de la Moda de Nueva York, Par\u00eds y Mil\u00e1n.<\/p>\n<p>La <strong>mentor\u00eda especializada<\/strong> cubre diez categor\u00edas diferentes: pr\u00eat-\u00e0-porter, tradicional, concepto, premium, demi-couture, nupcial, bolsos, joyer\u00eda y, a partir de este a\u00f1o, fragancias y calzado. Los dise\u00f1adores son un grupo diverso, con edades que van desde los 20 hasta los 70 a\u00f1os, un 85% de ellos son mujeres, algunos con formaci\u00f3n en las mejores escuelas de dise\u00f1o internacionales, mientras que otros son autodidactas.<\/p>\n<p><img loading=\"lazy\" decoding=\"async\" class=\"aligncenter size-full wp-image-172349\" src=\"https:\/\/graziamagazine.com\/es\/wp-content\/uploads\/sites\/12\/2023\/09\/AlMaha-Designs1.jpg\" alt=\"\" width=\"1024\" height=\"1536\" \/><\/p>\n<p>Comentando sobre el valor de la exhibici\u00f3n WHITE Milano, <strong>Burak Cakmak, CEO de la Comisi\u00f3n de Moda de Arabia Saudita<\/strong>, dijo: \u00abNo podr\u00eda estar m\u00e1s orgulloso de nuestros dise\u00f1adores, ya que contin\u00faan sorprendiendo a audiencias en el escenario global con sus dise\u00f1os originales e innovadores. \u00abLa escena de la moda saud\u00ed es \u00fanica. Celebra el legado cultural de Arabia Saudita, su historia de excelentes artesanos y artesan\u00eda sofisticada, junto con un amor por el lujo, la alta costura extravagante y lo contempor\u00e1neo. \u00abApoyar a los dise\u00f1adores saud\u00edes para que lleguen a los mercados internacionales y se presenten ante compradores influyentes y tomadores de decisiones es importante para fortalecer su presencia internacional. Esperamos colaborar con nuevos partidarios de todo el mundo en el show de este a\u00f1o\u00bb.<\/p>\n<p><strong>Brenda Bellei, Directora Ejecutiva de WHITE,<\/strong> agreg\u00f3: \u00abEsperamos dar la bienvenida a talentosos dise\u00f1adores saud\u00edes a WHITE durante la Semana de la Moda de Mil\u00e1n por segundo a\u00f1o consecutivo. La comunidad de la moda est\u00e1 fascinada por la combinaci\u00f3n de elementos tradicionales e innovaci\u00f3n en sus colecciones, y estamos honrados de brindarles una plataforma para conectarse con la prensa y los compradores de algunas de las boutiques y grandes almacenes m\u00e1s importantes de todo el mundo. \u00abEl Ministerio de Cultura de Arabia Saudita y la Comisi\u00f3n de Moda est\u00e1n ayudando a los dise\u00f1adores del programa Saudi 100 Brands a llegar a una audiencia internacional, y Mil\u00e1n es la plataforma internacional ideal para exhibir sus creaciones\u00bb.<\/p>\n<p><img loading=\"lazy\" decoding=\"async\" class=\"aligncenter size-full wp-image-172348\" src=\"https:\/\/graziamagazine.com\/es\/wp-content\/uploads\/sites\/12\/2023\/09\/Ashwaq-AlMarshad.jpeg\" alt=\"\" width=\"1024\" height=\"1533\" \/><\/p>\n<p>Participan <a href=\"https:\/\/www.instagram.com\/saudi100brands\/\" target=\"_blank\"><strong>marcas saud\u00edes muy consolidadas<\/strong><\/a> en el escaparate de las 100 marcas saud\u00edes de este a\u00f1o: Nouf Alsudairi, RBA NY, Mazroud, Uscita, Sarah Intabi, Nh_designer, Vaya Fashion, Ashwaq AlMarshad, Renove fashion by, Najlaalmansour, Agmarat, AlMaha Designs, Dananeer, Dar bella fashion house, Ivori fashion, Mona AlShebil, The Dropped Collection, The Naqadis, The untitled project, Rosa Canina, Yataghan Jewelry, Jayla, Sajas.<\/p>\n<p>A ellos se une una emocionante alineaci\u00f3n de <strong>nuevos dise\u00f1adores<\/strong>: RMRM, Rebirth, MD 29, La Precieuse, SIGN, Derza, NAN, Norms, Reema Bawardy, 35 Design, JF, Noura Alghilaisi, Reham Nassier, Khharaz by Shamma, Samar Nasraldin, Ain, AD by Areej, Haifa AlHumaid, Lu Vixen, RM Jewelry, Yasmeen Marzouq Jewelry.<\/p>\n<p><img loading=\"lazy\" decoding=\"async\" class=\"aligncenter size-full wp-image-172351\" src=\"https:\/\/graziamagazine.com\/es\/wp-content\/uploads\/sites\/12\/2023\/09\/Lu-Vixen3-copia.jpeg\" alt=\"\" width=\"1024\" height=\"1536\" \/><\/p>\n<p><strong>WHITE MILANO regresar\u00e1 del 22 al 25 de septiembre de 2023<\/strong> con numerosas iniciativas que se llevar\u00e1n a cabo en el distrito de moda de Tortona en Italia, en varios lugares, incluyendo Padiglione Visconti (Via Tortona 58), Superstudio Pi\u00f9 (Via Tortona 27), BASE Ex Ansaldo (Via Tortona 54) y Opificio (Via Tortona 31). Lanzada en 2002, WHITE Milano se celebra cuatro veces al a\u00f1o durante la Semana de la Moda de Mil\u00e1n y cada a\u00f1o presenta alrededor de 1,000 colecciones, recibiendo a m\u00e1s de 20,000 visitantes de todo el mundo en cada edici\u00f3n.<\/p>\n<p>Puedes descubrir m\u00e1s en <a href=\"https:\/\/www.whiteshow.com\/en\/\" target=\"_new\" rel=\"noopener\" target=\"_blank\">https:\/\/www.whiteshow.com\/en\/<\/a> y <a href=\"https:\/\/fashion.moc.gov.sa\/en\" target=\"_new\" rel=\"noopener\" target=\"_blank\">https:\/\/fashion.moc.gov.sa\/en<\/a>.<\/p>\n<p>&nbsp;<\/p>\n","protected":false},"author":11653,"featured_media":172345,"template":"","format":"standard","categories":[2971,1],"acf":{"banner":null},"yoast_head":"<!-- This site is optimized with the Yoast SEO Premium plugin v18.5 (Yoast SEO v20.4) - https:\/\/yoast.com\/wordpress\/plugins\/seo\/ -->\n<title>WHITE Milano, la cita que no te puedes perder en MFW | Grazia<\/title>\n<meta name=\"description\" content=\"De Riad a Mil\u00e1n: m\u00e1s de 40 dise\u00f1adores saud\u00edes mostrar\u00e1n sus propuestas al mercado internacional en la Semana de la Moda.\" \/>\n<meta name=\"robots\" content=\"index, follow, max-snippet:-1, max-image-preview:large, max-video-preview:-1\" \/>\n<link rel=\"canonical\" href=\"https:\/\/graziamagazine.com\/es\/articles\/white-milano-la-cita-que-no-te-puedes-perder-en-mfw\/\" \/>\n<meta property=\"og:locale\" content=\"es_ES\" \/>\n<meta property=\"og:type\" content=\"article\" \/>\n<meta property=\"og:title\" content=\"WHITE Milano, la cita que no te puedes perder en MFW\" \/>\n<meta property=\"og:description\" content=\"De Riad a Mil\u00e1n: m\u00e1s de 40 dise\u00f1adores saud\u00edes mostrar\u00e1n sus propuestas al mercado internacional en la Semana de la Moda.\" \/>\n<meta property=\"og:url\" content=\"https:\/\/graziamagazine.com\/es\/articles\/white-milano-la-cita-que-no-te-puedes-perder-en-mfw\/\" \/>\n<meta property=\"og:site_name\" content=\"Grazia\" \/>\n<meta property=\"article:modified_time\" content=\"2023-09-27T16:48:09+00:00\" \/>\n<meta property=\"og:image\" content=\"https:\/\/graziamagazine.com\/es\/wp-content\/uploads\/sites\/12\/2023\/09\/AlMaha-Designs2.jpg\" \/>\n\t<meta property=\"og:image:width\" content=\"3360\" \/>\n\t<meta property=\"og:image:height\" content=\"2240\" \/>\n\t<meta property=\"og:image:type\" content=\"image\/jpeg\" \/>\n<meta name=\"twitter:card\" content=\"summary_large_image\" \/>\n<meta name=\"twitter:label1\" content=\"Est. reading time\" \/>\n\t<meta name=\"twitter:data1\" content=\"5 minutos\" \/>\n<script type=\"application\/ld+json\" class=\"yoast-schema-graph\">{\"@context\":\"https:\/\/schema.org\",\"@graph\":[{\"@type\":\"WebPage\",\"@id\":\"https:\/\/graziamagazine.com\/es\/articles\/white-milano-la-cita-que-no-te-puedes-perder-en-mfw\/\",\"url\":\"https:\/\/graziamagazine.com\/es\/articles\/white-milano-la-cita-que-no-te-puedes-perder-en-mfw\/\",\"name\":\"WHITE Milano, la cita que no te puedes perder en MFW | Grazia\",\"isPartOf\":{\"@id\":\"https:\/\/graziamagazine.com\/es\/#website\"},\"datePublished\":\"2023-09-20T08:25:00+00:00\",\"dateModified\":\"2023-09-27T16:48:09+00:00\",\"description\":\"De Riad a Mil\u00e1n: m\u00e1s de 40 dise\u00f1adores saud\u00edes mostrar\u00e1n sus propuestas al mercado internacional en la Semana de la Moda.\",\"breadcrumb\":{\"@id\":\"https:\/\/graziamagazine.com\/es\/articles\/white-milano-la-cita-que-no-te-puedes-perder-en-mfw\/#breadcrumb\"},\"inLanguage\":\"es\",\"potentialAction\":[{\"@type\":\"ReadAction\",\"target\":[\"https:\/\/graziamagazine.com\/es\/articles\/white-milano-la-cita-que-no-te-puedes-perder-en-mfw\/\"]}]},{\"@type\":\"BreadcrumbList\",\"@id\":\"https:\/\/graziamagazine.com\/es\/articles\/white-milano-la-cita-que-no-te-puedes-perder-en-mfw\/#breadcrumb\",\"itemListElement\":[{\"@type\":\"ListItem\",\"position\":1,\"name\":\"Portada\",\"item\":\"https:\/\/graziamagazine.com\/es\/\"},{\"@type\":\"ListItem\",\"position\":2,\"name\":\"WHITE Milano, la cita que no te puedes perder en MFW\"}]},{\"@type\":\"WebSite\",\"@id\":\"https:\/\/graziamagazine.com\/es\/#website\",\"url\":\"https:\/\/graziamagazine.com\/es\/\",\"name\":\"Grazia\",\"description\":\"Moda, belleza, celebrities, estilo de vida...\",\"potentialAction\":[{\"@type\":\"SearchAction\",\"target\":{\"@type\":\"EntryPoint\",\"urlTemplate\":\"https:\/\/graziamagazine.com\/es\/?s={search_term_string}\"},\"query-input\":\"required name=search_term_string\"}],\"inLanguage\":\"es\"}]}<\/script>\n<!-- \/ Yoast SEO Premium plugin. -->","yoast_head_json":{"title":"WHITE Milano, la cita que no te puedes perder en MFW | Grazia","description":"De Riad a Mil\u00e1n: m\u00e1s de 40 dise\u00f1adores saud\u00edes mostrar\u00e1n sus propuestas al mercado internacional en la Semana de la Moda.","robots":{"index":"index","follow":"follow","max-snippet":"max-snippet:-1","max-image-preview":"max-image-preview:large","max-video-preview":"max-video-preview:-1"},"canonical":"https:\/\/graziamagazine.com\/es\/articles\/white-milano-la-cita-que-no-te-puedes-perder-en-mfw\/","og_locale":"es_ES","og_type":"article","og_title":"WHITE Milano, la cita que no te puedes perder en MFW","og_description":"De Riad a Mil\u00e1n: m\u00e1s de 40 dise\u00f1adores saud\u00edes mostrar\u00e1n sus propuestas al mercado internacional en la Semana de la Moda.","og_url":"https:\/\/graziamagazine.com\/es\/articles\/white-milano-la-cita-que-no-te-puedes-perder-en-mfw\/","og_site_name":"Grazia","article_modified_time":"2023-09-27T16:48:09+00:00","og_image":[{"width":3360,"height":2240,"url":"https:\/\/graziamagazine.com\/es\/wp-content\/uploads\/sites\/12\/2023\/09\/AlMaha-Designs2.jpg","type":"image\/jpeg"}],"twitter_card":"summary_large_image","twitter_misc":{"Est. reading time":"5 minutos"},"schema":{"@context":"https:\/\/schema.org","@graph":[{"@type":"WebPage","@id":"https:\/\/graziamagazine.com\/es\/articles\/white-milano-la-cita-que-no-te-puedes-perder-en-mfw\/","url":"https:\/\/graziamagazine.com\/es\/articles\/white-milano-la-cita-que-no-te-puedes-perder-en-mfw\/","name":"WHITE Milano, la cita que no te puedes perder en MFW | Grazia","isPartOf":{"@id":"https:\/\/graziamagazine.com\/es\/#website"},"datePublished":"2023-09-20T08:25:00+00:00","dateModified":"2023-09-27T16:48:09+00:00","description":"De Riad a Mil\u00e1n: m\u00e1s de 40 dise\u00f1adores saud\u00edes mostrar\u00e1n sus propuestas al mercado internacional en la Semana de la Moda.","breadcrumb":{"@id":"https:\/\/graziamagazine.com\/es\/articles\/white-milano-la-cita-que-no-te-puedes-perder-en-mfw\/#breadcrumb"},"inLanguage":"es","potentialAction":[{"@type":"ReadAction","target":["https:\/\/graziamagazine.com\/es\/articles\/white-milano-la-cita-que-no-te-puedes-perder-en-mfw\/"]}]},{"@type":"BreadcrumbList","@id":"https:\/\/graziamagazine.com\/es\/articles\/white-milano-la-cita-que-no-te-puedes-perder-en-mfw\/#breadcrumb","itemListElement":[{"@type":"ListItem","position":1,"name":"Portada","item":"https:\/\/graziamagazine.com\/es\/"},{"@type":"ListItem","position":2,"name":"WHITE Milano, la cita que no te puedes perder en MFW"}]},{"@type":"WebSite","@id":"https:\/\/graziamagazine.com\/es\/#website","url":"https:\/\/graziamagazine.com\/es\/","name":"Grazia","description":"Moda, belleza, celebrities, estilo de vida...","potentialAction":[{"@type":"SearchAction","target":{"@type":"EntryPoint","urlTemplate":"https:\/\/graziamagazine.com\/es\/?s={search_term_string}"},"query-input":"required name=search_term_string"}],"inLanguage":"es"}]}},"jetpack_sharing_enabled":true,"distributor_meta":false,"distributor_terms":false,"distributor_media":false,"distributor_original_site_name":"Grazia","distributor_original_site_url":"https:\/\/graziamagazine.com\/es","push-errors":false,"_links":{"self":[{"href":"https:\/\/graziamagazine.com\/es\/wp-json\/wp\/v2\/articles\/172252"}],"collection":[{"href":"https:\/\/graziamagazine.com\/es\/wp-json\/wp\/v2\/articles"}],"about":[{"href":"https:\/\/graziamagazine.com\/es\/wp-json\/wp\/v2\/types\/articles"}],"author":[{"embeddable":true,"href":"https:\/\/graziamagazine.com\/es\/wp-json\/wp\/v2\/users\/11653"}],"wp:featuredmedia":[{"embeddable":true,"href":"https:\/\/graziamagazine.com\/es\/wp-json\/wp\/v2\/media\/172345"}],"wp:attachment":[{"href":"https:\/\/graziamagazine.com\/es\/wp-json\/wp\/v2\/media?parent=172252"}],"wp:term":[{"taxonomy":"category","embeddable":true,"href":"https:\/\/graziamagazine.com\/es\/wp-json\/wp\/v2\/categories?post=172252"}],"curies":[{"name":"wp","href":"https:\/\/api.w.org\/{rel}","templated":true}]}}