{"id":172242,"date":"2023-10-16T09:00:47","date_gmt":"2023-10-16T07:00:47","guid":{"rendered":"https:\/\/graziamagazine.com\/es\/?post_type=articles&#038;p=172242"},"modified":"2023-10-16T00:09:14","modified_gmt":"2023-10-15T22:09:14","slug":"dior-lanza-su-mascara-de-pestanas-recargable","status":"publish","type":"articles","link":"https:\/\/graziamagazine.com\/es\/articles\/dior-lanza-su-mascara-de-pestanas-recargable\/","title":{"rendered":"Dior lanza su m\u00e1scara de pesta\u00f1as recargable"},"content":{"rendered":"<p>Algo que estamos viendo cada vez m\u00e1s es que el mundo busca ser sostenible y las empresas no pueden quedarse a un lado. Poco a poco vemos, en el mundo de la moda y la belleza como las marcas buscan maneras de generar menos impacto en el d\u00eda a d\u00eda, y as\u00ed proteger el entorno que nos rodea.<\/p>\n<p>Una de las \u00faltimas marcas de cosm\u00e9tica en sumarse a este proceso de sostenibilidad ha sido Dior quien lanza uno de sus ic\u00f3nico productos de belleza en formato recargable. Ya en 1972 la maison\u00a0caus\u00f3 revuelo iniciando un nuevo gesto vanguardista con lanzamiento de su primera m\u00e1scara de pesta\u00f1as, y hoy lo vuelve a hacer gracias a <strong>Diorshow Iconic Overcurl en formato recargable<\/strong>.<\/p>\n<p>Este nuevo formato permite ahorrar un 16% de recursos f\u00f3siles y reducir en un 31% los residuos del producto. Su tubo de plata, dise\u00f1ado como una joya que est\u00e1 adornada con un anillo en el que aparece el logotipo Dior Oblique, reduce en un 24% los gases de efecto invernadero.<\/p>\n<p><img loading=\"lazy\" decoding=\"async\" class=\"aligncenter size-full wp-image-172737\" src=\"https:\/\/graziamagazine.com\/es\/wp-content\/uploads\/sites\/12\/2023\/09\/thumbnail-e1697407429660.jpeg\" alt=\"\" width=\"1024\" height=\"270\" \/><\/p>\n<blockquote>\n<div class=\"t pg-1m0 pg-1x4 pg-1h5 pg-1y16 pg-1ff1 pg-1fs2 pg-1fc0 pg-1sc0 pg-1ls0 pg-1ws0\">\u00abUno de los puntos fuertes del lanzamiento de esta nueva m\u00e1scara de pesta\u00f1as es nuestro concepto de envases recargables. Garantizamos no solo una f\u00f3rmula de alto rendimiento, sino tambi\u00e9n un gesto para el medio ambiente. Adem\u00e1s, se ha reformulado para incorporar agua floral de aciano, un ingrediente conocido por sus propiedades calmantes\u00bb, afirma Peter Philips<\/div>\n<\/blockquote>\n<div class=\"t pg-1m0 pg-1x4 pg-1h5 pg-1yb pg-1ff1 pg-1fs2 pg-1fc0 pg-1sc0 pg-1ls0 pg-1ws0\"><\/div>\n<div class=\"t pg-1m0 pg-1x7 pg-1h6 pg-1y11 pg-1ff3 pg-1fs3 pg-1fc0 pg-1sc0 pg-1ls0 pg-1ws0\"><\/div>\n<div class=\"t pg-1m0 pg-1x4 pg-1h5 pg-1y1c pg-1ff1 pg-1fs2 pg-1fc0 pg-1sc0 pg-1ls0 pg-1ws0\">Diorshow Iconic Overcurl ofrece una f\u00f3rmula enriquecida con agua floral de aciano, un ingrediente conocido por sus propiedades calmantes, que contribuye a la comodidad de la f\u00f3rmula. D\u00eda tras d\u00eda, aporta fuerza y belleza a las pesta\u00f1as para un mayor volumen y curvatura y duraci\u00f3n durante 24 horas. Puedes elegirla en 5 tonos: negro, marr\u00f3n, azul, rojizo y verde oscuro.<\/div>\n<div><\/div>\n<div><img loading=\"lazy\" decoding=\"async\" class=\"aligncenter size-full wp-image-172736\" src=\"https:\/\/graziamagazine.com\/es\/wp-content\/uploads\/sites\/12\/2023\/09\/thumbnail-1-e1697407478166.jpeg\" alt=\"\" width=\"1024\" height=\"274\" \/><\/div>\n<div><\/div>\n<div><strong><a href=\"https:\/\/www.dior.com\/es_es\/beauty\/products\/diorshow-iconic-overcurl-Y0365250.html\" target=\"_blank\">Su precio es de 44 euros<\/a><\/strong>.<\/div>\n<div><\/div>\n<div><em>*Im\u00e1genes: cortes\u00eda<\/em><\/div>\n","protected":false},"author":11653,"featured_media":172738,"template":"","format":"standard","categories":[7],"acf":[],"yoast_head":"<!-- This site is optimized with the Yoast SEO Premium plugin v18.5 (Yoast SEO v20.4) - https:\/\/yoast.com\/wordpress\/plugins\/seo\/ -->\n<title>Dior lanza su m\u00e1scara de pesta\u00f1as recargable | Grazia<\/title>\n<meta name=\"description\" content=\"Esta iniciativa de la maison permite ahorrar un 16% de recursos f\u00f3siles y reducir en un 31% los residuos del producto.\" \/>\n<meta name=\"robots\" content=\"index, follow, max-snippet:-1, max-image-preview:large, max-video-preview:-1\" \/>\n<link rel=\"canonical\" href=\"https:\/\/graziamagazine.com\/es\/articles\/dior-lanza-su-mascara-de-pestanas-recargable\/\" \/>\n<meta property=\"og:locale\" content=\"es_ES\" \/>\n<meta property=\"og:type\" content=\"article\" \/>\n<meta property=\"og:title\" content=\"Dior lanza su m\u00e1scara de pesta\u00f1as recargable\" \/>\n<meta property=\"og:description\" content=\"Esta iniciativa de la maison permite ahorrar un 16% de recursos f\u00f3siles y reducir en un 31% los residuos del producto.\" \/>\n<meta property=\"og:url\" content=\"https:\/\/graziamagazine.com\/es\/articles\/dior-lanza-su-mascara-de-pestanas-recargable\/\" \/>\n<meta property=\"og:site_name\" content=\"Grazia\" \/>\n<meta property=\"article:modified_time\" content=\"2023-10-15T22:09:14+00:00\" \/>\n<meta property=\"og:image\" content=\"https:\/\/graziamagazine.com\/es\/wp-content\/uploads\/sites\/12\/2023\/09\/DiorShow_Model_Caucasian_Mascara_2250x3000-copia-e1697407511414.jpg?fit=2200%2C2025\" \/>\n\t<meta property=\"og:image:width\" content=\"2200\" \/>\n\t<meta property=\"og:image:height\" content=\"2025\" \/>\n\t<meta property=\"og:image:type\" content=\"image\/jpeg\" \/>\n<meta name=\"twitter:card\" content=\"summary_large_image\" \/>\n<meta name=\"twitter:label1\" content=\"Est. reading time\" \/>\n\t<meta name=\"twitter:data1\" content=\"2 minutos\" \/>\n<script type=\"application\/ld+json\" class=\"yoast-schema-graph\">{\"@context\":\"https:\/\/schema.org\",\"@graph\":[{\"@type\":\"WebPage\",\"@id\":\"https:\/\/graziamagazine.com\/es\/articles\/dior-lanza-su-mascara-de-pestanas-recargable\/\",\"url\":\"https:\/\/graziamagazine.com\/es\/articles\/dior-lanza-su-mascara-de-pestanas-recargable\/\",\"name\":\"Dior lanza su m\u00e1scara de pesta\u00f1as recargable | Grazia\",\"isPartOf\":{\"@id\":\"https:\/\/graziamagazine.com\/es\/#website\"},\"datePublished\":\"2023-10-16T07:00:47+00:00\",\"dateModified\":\"2023-10-15T22:09:14+00:00\",\"description\":\"Esta iniciativa de la maison permite ahorrar un 16% de recursos f\u00f3siles y reducir en un 31% los residuos del producto.\",\"breadcrumb\":{\"@id\":\"https:\/\/graziamagazine.com\/es\/articles\/dior-lanza-su-mascara-de-pestanas-recargable\/#breadcrumb\"},\"inLanguage\":\"es\",\"potentialAction\":[{\"@type\":\"ReadAction\",\"target\":[\"https:\/\/graziamagazine.com\/es\/articles\/dior-lanza-su-mascara-de-pestanas-recargable\/\"]}]},{\"@type\":\"BreadcrumbList\",\"@id\":\"https:\/\/graziamagazine.com\/es\/articles\/dior-lanza-su-mascara-de-pestanas-recargable\/#breadcrumb\",\"itemListElement\":[{\"@type\":\"ListItem\",\"position\":1,\"name\":\"Portada\",\"item\":\"https:\/\/graziamagazine.com\/es\/\"},{\"@type\":\"ListItem\",\"position\":2,\"name\":\"Dior lanza su m\u00e1scara de pesta\u00f1as recargable\"}]},{\"@type\":\"WebSite\",\"@id\":\"https:\/\/graziamagazine.com\/es\/#website\",\"url\":\"https:\/\/graziamagazine.com\/es\/\",\"name\":\"Grazia\",\"description\":\"Moda, belleza, celebrities, estilo de vida...\",\"potentialAction\":[{\"@type\":\"SearchAction\",\"target\":{\"@type\":\"EntryPoint\",\"urlTemplate\":\"https:\/\/graziamagazine.com\/es\/?s={search_term_string}\"},\"query-input\":\"required name=search_term_string\"}],\"inLanguage\":\"es\"}]}<\/script>\n<!-- \/ Yoast SEO Premium plugin. -->","yoast_head_json":{"title":"Dior lanza su m\u00e1scara de pesta\u00f1as recargable | Grazia","description":"Esta iniciativa de la maison permite ahorrar un 16% de recursos f\u00f3siles y reducir en un 31% los residuos del producto.","robots":{"index":"index","follow":"follow","max-snippet":"max-snippet:-1","max-image-preview":"max-image-preview:large","max-video-preview":"max-video-preview:-1"},"canonical":"https:\/\/graziamagazine.com\/es\/articles\/dior-lanza-su-mascara-de-pestanas-recargable\/","og_locale":"es_ES","og_type":"article","og_title":"Dior lanza su m\u00e1scara de pesta\u00f1as recargable","og_description":"Esta iniciativa de la maison permite ahorrar un 16% de recursos f\u00f3siles y reducir en un 31% los residuos del producto.","og_url":"https:\/\/graziamagazine.com\/es\/articles\/dior-lanza-su-mascara-de-pestanas-recargable\/","og_site_name":"Grazia","article_modified_time":"2023-10-15T22:09:14+00:00","og_image":[{"width":2200,"height":2025,"url":"https:\/\/graziamagazine.com\/es\/wp-content\/uploads\/sites\/12\/2023\/09\/DiorShow_Model_Caucasian_Mascara_2250x3000-copia-e1697407511414.jpg?fit=2200%2C2025","type":"image\/jpeg"}],"twitter_card":"summary_large_image","twitter_misc":{"Est. reading time":"2 minutos"},"schema":{"@context":"https:\/\/schema.org","@graph":[{"@type":"WebPage","@id":"https:\/\/graziamagazine.com\/es\/articles\/dior-lanza-su-mascara-de-pestanas-recargable\/","url":"https:\/\/graziamagazine.com\/es\/articles\/dior-lanza-su-mascara-de-pestanas-recargable\/","name":"Dior lanza su m\u00e1scara de pesta\u00f1as recargable | Grazia","isPartOf":{"@id":"https:\/\/graziamagazine.com\/es\/#website"},"datePublished":"2023-10-16T07:00:47+00:00","dateModified":"2023-10-15T22:09:14+00:00","description":"Esta iniciativa de la maison permite ahorrar un 16% de recursos f\u00f3siles y reducir en un 31% los residuos del producto.","breadcrumb":{"@id":"https:\/\/graziamagazine.com\/es\/articles\/dior-lanza-su-mascara-de-pestanas-recargable\/#breadcrumb"},"inLanguage":"es","potentialAction":[{"@type":"ReadAction","target":["https:\/\/graziamagazine.com\/es\/articles\/dior-lanza-su-mascara-de-pestanas-recargable\/"]}]},{"@type":"BreadcrumbList","@id":"https:\/\/graziamagazine.com\/es\/articles\/dior-lanza-su-mascara-de-pestanas-recargable\/#breadcrumb","itemListElement":[{"@type":"ListItem","position":1,"name":"Portada","item":"https:\/\/graziamagazine.com\/es\/"},{"@type":"ListItem","position":2,"name":"Dior lanza su m\u00e1scara de pesta\u00f1as recargable"}]},{"@type":"WebSite","@id":"https:\/\/graziamagazine.com\/es\/#website","url":"https:\/\/graziamagazine.com\/es\/","name":"Grazia","description":"Moda, belleza, celebrities, estilo de vida...","potentialAction":[{"@type":"SearchAction","target":{"@type":"EntryPoint","urlTemplate":"https:\/\/graziamagazine.com\/es\/?s={search_term_string}"},"query-input":"required name=search_term_string"}],"inLanguage":"es"}]}},"jetpack_sharing_enabled":true,"distributor_meta":false,"distributor_terms":false,"distributor_media":false,"distributor_original_site_name":"Grazia","distributor_original_site_url":"https:\/\/graziamagazine.com\/es","push-errors":false,"_links":{"self":[{"href":"https:\/\/graziamagazine.com\/es\/wp-json\/wp\/v2\/articles\/172242"}],"collection":[{"href":"https:\/\/graziamagazine.com\/es\/wp-json\/wp\/v2\/articles"}],"about":[{"href":"https:\/\/graziamagazine.com\/es\/wp-json\/wp\/v2\/types\/articles"}],"author":[{"embeddable":true,"href":"https:\/\/graziamagazine.com\/es\/wp-json\/wp\/v2\/users\/11653"}],"wp:featuredmedia":[{"embeddable":true,"href":"https:\/\/graziamagazine.com\/es\/wp-json\/wp\/v2\/media\/172738"}],"wp:attachment":[{"href":"https:\/\/graziamagazine.com\/es\/wp-json\/wp\/v2\/media?parent=172242"}],"wp:term":[{"taxonomy":"category","embeddable":true,"href":"https:\/\/graziamagazine.com\/es\/wp-json\/wp\/v2\/categories?post=172242"}],"curies":[{"name":"wp","href":"https:\/\/api.w.org\/{rel}","templated":true}]}}