{"id":171628,"date":"2023-08-02T13:53:36","date_gmt":"2023-08-02T11:53:36","guid":{"rendered":"https:\/\/graziamagazine.com\/es\/?post_type=articles&#038;p=171628"},"modified":"2023-08-31T15:11:46","modified_gmt":"2023-08-31T13:11:46","slug":"prada-beauty-lanza-su-primera-linea-de-maquillaje-y-skincare","status":"publish","type":"articles","link":"https:\/\/graziamagazine.com\/es\/articles\/prada-beauty-lanza-su-primera-linea-de-maquillaje-y-skincare\/","title":{"rendered":"\u2018Prada Beauty\u2019 lanza su primera l\u00ednea de maquillaje y skincare"},"content":{"rendered":"<p><span style=\"font-weight: 400\"><strong>Prada<\/strong> ha presentado al mundo a su beb\u00e9 reci\u00e9n nacido: <strong>Prada Beauty<\/strong>. As\u00ed es, la marca de lujo tiene ahora tambi\u00e9n su l\u00ednea de skincare y maquillaje, convirti\u00e9ndose en todo lo que necesitamos para lucir de la mejor manera.<\/span><\/p>\n<p>Aprovechando el poder de la tecnolog\u00eda de adaptaci\u00f3n de la piel, <strong>la gama Augmented Skin<\/strong> potencia la resistencia inherente de la piel para renovarse, regenerarse y reforzarse. <strong>Prada Color<\/strong> replantea la autorreinvenci\u00f3n como la nueva autoexpresi\u00f3n, mostrando una selecci\u00f3n ecl\u00e9ctica de colores y texturas que se inspiran en la visi\u00f3n y la inspiraci\u00f3n de la marca. Realizadas en t\u00e1ndem, <strong>las respectivas colecciones de cuidado de la piel y maquillaje concilian minimalismo y maximalismo, sofisticaci\u00f3n y diversi\u00f3n, simplicidad y versatilidad,<\/strong> inspir\u00e1ndose tanto en la herencia como en la tecnolog\u00eda para f\u00f3rmulas y envases que llevan el lujo y la responsabilidad a una conversaci\u00f3n armoniosa.<\/p>\n<p><img loading=\"lazy\" decoding=\"async\" class=\"aligncenter size-full wp-image-171652\" src=\"https:\/\/graziamagazine.com\/es\/wp-content\/uploads\/sites\/12\/2023\/08\/Prada-Beauty_23_Global_Secondary_StillLife_16x9_1_RVB-copia.jpg\" alt=\"\" width=\"1024\" height=\"576\" \/><\/p>\n<p><span style=\"font-weight: 400\">Por ejemplo, <strong>Prada Paradoxe<\/strong>, el perfume que lanz\u00f3 en 2022 con Emma Watson como rostro, se apoder\u00f3 r\u00e1pidamente de las listas de \u00e9xitos de ventas y de las redes sociales mientras los fans de la marca presum\u00edan su bonita botella triangular.\u00a0<\/span><\/p>\n<p><span style=\"font-weight: 400\">Ahora,<strong> la l\u00ednea de belleza refleja un dise\u00f1o similar, con <a href=\"https:\/\/www.elcorteingles.es\/perfumeria\/A48719647-sombra-de-ojos-dimensions-prada\/?parentCategoryId=999.51568013\" target=\"_blank\">sombras de ojos triangulares<\/a> y \u2018balas\u2019 de l\u00e1piz labial, adem\u00e1s de lujosos botes de crema, todo en un <em>packaging<\/em> plateado futurista y reflectante.<\/strong><\/span><\/p>\n<p><img loading=\"lazy\" decoding=\"async\" class=\"aligncenter size-full wp-image-171653\" src=\"https:\/\/graziamagazine.com\/es\/wp-content\/uploads\/sites\/12\/2023\/08\/prada-beauty-anuncia-su-primera-linea-de-maquillaje-y-skincare-1621348.jpg\" alt=\"\" width=\"900\" height=\"900\" \/><\/p>\n<p><span style=\"font-weight: 400\">Adem\u00e1s, esta vez los productos <strong>han sido creados utilizando extractos de plantas poco comunes<\/strong> dentro de su tecnolog\u00eda inteligente Adapto.gn para ayudar a la piel a protegerse de los agresores. \u00c9xito seguro.<\/span><\/p>\n<blockquote><p><span style=\"font-weight: 400\">\u201cAbandonando todos los clich\u00e9s del pasado, creemos que la belleza de hoy es la representaci\u00f3n de la personalidad, la libertad y la confianza en uno mismo. Esto se traduce en paletas de ojos con tonos inesperados de berenjena, azul aguamarina y, por supuesto, un toque de rosa Barbie\u201d, dijo la marca en un comunicado.<\/span><\/p><\/blockquote>\n<p><img loading=\"lazy\" decoding=\"async\" class=\"aligncenter size-full wp-image-171654\" src=\"https:\/\/graziamagazine.com\/es\/wp-content\/uploads\/sites\/12\/2023\/08\/prada-beauty-anuncia-su-primera-linea-de-maquillaje-y-skincare-1621347.jpg\" alt=\"\" width=\"900\" height=\"900\" \/><\/p>\n<p><span style=\"font-weight: 400\">El equipo de belleza, dirigido por la maquilladora <strong>Lynsey Alexander y la artista 3D In\u00e8s Marzat<\/strong>, obtuvo acceso a la colecci\u00f3n de 27,000 telas y estampados de Prada para confeccionar la colecci\u00f3n de colores y garantizar un di\u00e1logo constante entre las categor\u00edas de belleza y moda de la marca. \u201cMe enviaron todo en t\u00e9rminos de texturas de cuero Saffiano, muestras de tela de nylon, estampados de archivo\u201d, dijo Alexander en el comunicado. \u201cB\u00e1sicamente convert\u00ed mi casa en una especie de cat\u00e1logo de Prada\u201d.<\/span><\/p>\n<p><img loading=\"lazy\" decoding=\"async\" class=\"aligncenter size-full wp-image-171655\" src=\"https:\/\/graziamagazine.com\/es\/wp-content\/uploads\/sites\/12\/2023\/08\/5924.jpeg\" alt=\"\" width=\"884\" height=\"1000\" \/><\/p>\n<p><span style=\"font-weight: 400\">Prada Beauty est\u00e1 <strong>disponible desde este 1 de agosto<\/strong> en exclusiva en la web de El Corte Ingl\u00e9s y a partir de octubre, en la tienda de El Corte Ingl\u00e9s de Castellana.<\/span><\/p>\n<p><em>*Im\u00e1genes: cortes\u00eda de Prada Beauty<\/em><\/p>\n","protected":false},"author":11653,"featured_media":171650,"template":"","format":"standard","categories":[7,2134],"acf":[],"yoast_head":"<!-- This site is optimized with the Yoast SEO Premium plugin v18.5 (Yoast SEO v20.4) - https:\/\/yoast.com\/wordpress\/plugins\/seo\/ -->\n<title>\u2018Prada Beauty\u2019 lanza su primera l\u00ednea de maquillaje y skincare<\/title>\n<meta name=\"description\" content=\"La colecci\u00f3n reimagina las definiciones y expectativas existentes para abrir nuevas perspectivas y posibilidades de belleza.\" \/>\n<meta name=\"robots\" content=\"index, follow, max-snippet:-1, max-image-preview:large, max-video-preview:-1\" \/>\n<link rel=\"canonical\" href=\"https:\/\/graziamagazine.com\/es\/articles\/prada-beauty-lanza-su-primera-linea-de-maquillaje-y-skincare\/\" \/>\n<meta property=\"og:locale\" content=\"es_ES\" \/>\n<meta property=\"og:type\" content=\"article\" \/>\n<meta property=\"og:title\" content=\"\u2018Prada Beauty\u2019 lanza su primera l\u00ednea de maquillaje y skincare\" \/>\n<meta property=\"og:description\" content=\"La colecci\u00f3n reimagina las definiciones y expectativas existentes para abrir nuevas perspectivas y posibilidades de belleza.\" \/>\n<meta property=\"og:url\" content=\"https:\/\/graziamagazine.com\/es\/articles\/prada-beauty-lanza-su-primera-linea-de-maquillaje-y-skincare\/\" \/>\n<meta property=\"og:site_name\" content=\"Grazia\" \/>\n<meta property=\"article:modified_time\" content=\"2023-08-31T13:11:46+00:00\" \/>\n<meta property=\"og:image\" content=\"https:\/\/graziamagazine.com\/es\/wp-content\/uploads\/sites\/12\/2023\/08\/mail-1.jpeg\" \/>\n\t<meta property=\"og:image:width\" content=\"980\" \/>\n\t<meta property=\"og:image:height\" content=\"980\" \/>\n\t<meta property=\"og:image:type\" content=\"image\/jpeg\" \/>\n<meta name=\"twitter:card\" content=\"summary_large_image\" \/>\n<meta name=\"twitter:label1\" content=\"Est. reading time\" \/>\n\t<meta name=\"twitter:data1\" content=\"3 minutos\" \/>\n<script type=\"application\/ld+json\" class=\"yoast-schema-graph\">{\"@context\":\"https:\/\/schema.org\",\"@graph\":[{\"@type\":\"WebPage\",\"@id\":\"https:\/\/graziamagazine.com\/es\/articles\/prada-beauty-lanza-su-primera-linea-de-maquillaje-y-skincare\/\",\"url\":\"https:\/\/graziamagazine.com\/es\/articles\/prada-beauty-lanza-su-primera-linea-de-maquillaje-y-skincare\/\",\"name\":\"\u2018Prada Beauty\u2019 lanza su primera l\u00ednea de maquillaje y skincare\",\"isPartOf\":{\"@id\":\"https:\/\/graziamagazine.com\/es\/#website\"},\"datePublished\":\"2023-08-02T11:53:36+00:00\",\"dateModified\":\"2023-08-31T13:11:46+00:00\",\"description\":\"La colecci\u00f3n reimagina las definiciones y expectativas existentes para abrir nuevas perspectivas y posibilidades de belleza.\",\"breadcrumb\":{\"@id\":\"https:\/\/graziamagazine.com\/es\/articles\/prada-beauty-lanza-su-primera-linea-de-maquillaje-y-skincare\/#breadcrumb\"},\"inLanguage\":\"es\",\"potentialAction\":[{\"@type\":\"ReadAction\",\"target\":[\"https:\/\/graziamagazine.com\/es\/articles\/prada-beauty-lanza-su-primera-linea-de-maquillaje-y-skincare\/\"]}]},{\"@type\":\"BreadcrumbList\",\"@id\":\"https:\/\/graziamagazine.com\/es\/articles\/prada-beauty-lanza-su-primera-linea-de-maquillaje-y-skincare\/#breadcrumb\",\"itemListElement\":[{\"@type\":\"ListItem\",\"position\":1,\"name\":\"Portada\",\"item\":\"https:\/\/graziamagazine.com\/es\/\"},{\"@type\":\"ListItem\",\"position\":2,\"name\":\"\u2018Prada Beauty\u2019 lanza su primera l\u00ednea de maquillaje y skincare\"}]},{\"@type\":\"WebSite\",\"@id\":\"https:\/\/graziamagazine.com\/es\/#website\",\"url\":\"https:\/\/graziamagazine.com\/es\/\",\"name\":\"Grazia\",\"description\":\"Moda, belleza, celebrities, estilo de vida...\",\"potentialAction\":[{\"@type\":\"SearchAction\",\"target\":{\"@type\":\"EntryPoint\",\"urlTemplate\":\"https:\/\/graziamagazine.com\/es\/?s={search_term_string}\"},\"query-input\":\"required name=search_term_string\"}],\"inLanguage\":\"es\"}]}<\/script>\n<!-- \/ Yoast SEO Premium plugin. -->","yoast_head_json":{"title":"\u2018Prada Beauty\u2019 lanza su primera l\u00ednea de maquillaje y skincare","description":"La colecci\u00f3n reimagina las definiciones y expectativas existentes para abrir nuevas perspectivas y posibilidades de belleza.","robots":{"index":"index","follow":"follow","max-snippet":"max-snippet:-1","max-image-preview":"max-image-preview:large","max-video-preview":"max-video-preview:-1"},"canonical":"https:\/\/graziamagazine.com\/es\/articles\/prada-beauty-lanza-su-primera-linea-de-maquillaje-y-skincare\/","og_locale":"es_ES","og_type":"article","og_title":"\u2018Prada Beauty\u2019 lanza su primera l\u00ednea de maquillaje y skincare","og_description":"La colecci\u00f3n reimagina las definiciones y expectativas existentes para abrir nuevas perspectivas y posibilidades de belleza.","og_url":"https:\/\/graziamagazine.com\/es\/articles\/prada-beauty-lanza-su-primera-linea-de-maquillaje-y-skincare\/","og_site_name":"Grazia","article_modified_time":"2023-08-31T13:11:46+00:00","og_image":[{"width":980,"height":980,"url":"https:\/\/graziamagazine.com\/es\/wp-content\/uploads\/sites\/12\/2023\/08\/mail-1.jpeg","type":"image\/jpeg"}],"twitter_card":"summary_large_image","twitter_misc":{"Est. reading time":"3 minutos"},"schema":{"@context":"https:\/\/schema.org","@graph":[{"@type":"WebPage","@id":"https:\/\/graziamagazine.com\/es\/articles\/prada-beauty-lanza-su-primera-linea-de-maquillaje-y-skincare\/","url":"https:\/\/graziamagazine.com\/es\/articles\/prada-beauty-lanza-su-primera-linea-de-maquillaje-y-skincare\/","name":"\u2018Prada Beauty\u2019 lanza su primera l\u00ednea de maquillaje y skincare","isPartOf":{"@id":"https:\/\/graziamagazine.com\/es\/#website"},"datePublished":"2023-08-02T11:53:36+00:00","dateModified":"2023-08-31T13:11:46+00:00","description":"La colecci\u00f3n reimagina las definiciones y expectativas existentes para abrir nuevas perspectivas y posibilidades de belleza.","breadcrumb":{"@id":"https:\/\/graziamagazine.com\/es\/articles\/prada-beauty-lanza-su-primera-linea-de-maquillaje-y-skincare\/#breadcrumb"},"inLanguage":"es","potentialAction":[{"@type":"ReadAction","target":["https:\/\/graziamagazine.com\/es\/articles\/prada-beauty-lanza-su-primera-linea-de-maquillaje-y-skincare\/"]}]},{"@type":"BreadcrumbList","@id":"https:\/\/graziamagazine.com\/es\/articles\/prada-beauty-lanza-su-primera-linea-de-maquillaje-y-skincare\/#breadcrumb","itemListElement":[{"@type":"ListItem","position":1,"name":"Portada","item":"https:\/\/graziamagazine.com\/es\/"},{"@type":"ListItem","position":2,"name":"\u2018Prada Beauty\u2019 lanza su primera l\u00ednea de maquillaje y skincare"}]},{"@type":"WebSite","@id":"https:\/\/graziamagazine.com\/es\/#website","url":"https:\/\/graziamagazine.com\/es\/","name":"Grazia","description":"Moda, belleza, celebrities, estilo de vida...","potentialAction":[{"@type":"SearchAction","target":{"@type":"EntryPoint","urlTemplate":"https:\/\/graziamagazine.com\/es\/?s={search_term_string}"},"query-input":"required name=search_term_string"}],"inLanguage":"es"}]}},"jetpack_sharing_enabled":true,"distributor_meta":false,"distributor_terms":false,"distributor_media":false,"distributor_original_site_name":"Grazia","distributor_original_site_url":"https:\/\/graziamagazine.com\/es","push-errors":false,"_links":{"self":[{"href":"https:\/\/graziamagazine.com\/es\/wp-json\/wp\/v2\/articles\/171628"}],"collection":[{"href":"https:\/\/graziamagazine.com\/es\/wp-json\/wp\/v2\/articles"}],"about":[{"href":"https:\/\/graziamagazine.com\/es\/wp-json\/wp\/v2\/types\/articles"}],"author":[{"embeddable":true,"href":"https:\/\/graziamagazine.com\/es\/wp-json\/wp\/v2\/users\/11653"}],"wp:featuredmedia":[{"embeddable":true,"href":"https:\/\/graziamagazine.com\/es\/wp-json\/wp\/v2\/media\/171650"}],"wp:attachment":[{"href":"https:\/\/graziamagazine.com\/es\/wp-json\/wp\/v2\/media?parent=171628"}],"wp:term":[{"taxonomy":"category","embeddable":true,"href":"https:\/\/graziamagazine.com\/es\/wp-json\/wp\/v2\/categories?post=171628"}],"curies":[{"name":"wp","href":"https:\/\/api.w.org\/{rel}","templated":true}]}}