{"id":171586,"date":"2023-08-01T09:59:26","date_gmt":"2023-08-01T07:59:26","guid":{"rendered":"https:\/\/graziamagazine.com\/es\/?post_type=articles&#038;p=171586"},"modified":"2023-08-01T09:59:26","modified_gmt":"2023-08-01T07:59:26","slug":"el-eye-liner-que-ha-ido-a-comprar-personalmente-la-reina-letizia","status":"publish","type":"articles","link":"https:\/\/graziamagazine.com\/es\/articles\/el-eye-liner-que-ha-ido-a-comprar-personalmente-la-reina-letizia\/","title":{"rendered":"El eye liner que ha ido a comprar (personalmente) la reina Letizia"},"content":{"rendered":"<p>Si hay algo que conocemos de la reina Letizia son los secretos de su vestuario. Cada una de sus apariciones desata la locura para saber qui\u00e9n firma cada look, y si todav\u00eda sigue disponible la prenda se agota sin lugar a dudas.<\/p>\n<p>Pocas veces se han conocido los secretos de belleza de la reina, son muy pocos los productos que usa, aunque estos d\u00edas la reina \u00abha sido indiscreta\u00bb y nos ha desvelado cu\u00e1l es uno de sus productos estrella o entre sus favoritos beauty. Y tanto le gusta que incluso fue sola, sin sus escoltas, a comprarlo.<\/p>\n<p><img loading=\"lazy\" decoding=\"async\" class=\"aligncenter size-full wp-image-171596\" src=\"https:\/\/graziamagazine.com\/es\/wp-content\/uploads\/sites\/12\/2023\/07\/semana-este-es-el-eyeliner-que-ha-comprado-la-reina-letizia-en-mercadona-2-copia.jpg\" alt=\"\" width=\"1024\" height=\"683\" \/><\/p>\n<p>Se trata de un producto que seguramente est\u00e9 en la casas de muchas espa\u00f1olas porque lo encuentras en Mercadona, uno de los supermercados que frecuenta la mayor parte de los espa\u00f1oles.<\/p>\n<h3>Eyeliner resistente al agua<\/h3>\n<p>No es un producto nuevo, as\u00ed que no es que do\u00f1a Letizia haya sido de las primeras en descubrirlo, pero s\u00ed es un b\u00e1sico que necesitar\u00e1s estos d\u00edas de verano en tu neceser porque es waterproof, algo muy necesario en tus d\u00edas de sol y playa. El agua no podr\u00e1 con tus ojos perfectamente delineados.<\/p>\n<p><img loading=\"lazy\" decoding=\"async\" class=\"aligncenter size-full wp-image-171593\" src=\"https:\/\/graziamagazine.com\/es\/wp-content\/uploads\/sites\/12\/2023\/07\/semana-este-es-el-eyeliner-que-ha-comprado-la-reina-letizia-en-mercadona-1-1-copia.jpg\" alt=\"\" width=\"1024\" height=\"768\" \/><\/p>\n<div><\/div>\n<p>Puedes elegir entre marr\u00f3n o negro, que es el que usa la reina Letizia, para dar m\u00e1s profundidad a los ojos como hace ella. El precio es de 3,50 euros. as\u00ed que tambi\u00e9n puedes arriesgar y probar el marr\u00f3n, \u00bfpor qu\u00e9 no?<\/p>\n<p><em>*Im\u00e1genes: Getty Images y cortes\u00eda<\/em><\/p>\n","protected":false},"author":11653,"featured_media":171592,"template":"","format":"standard","categories":[7],"acf":[],"yoast_head":"<!-- This site is optimized with the Yoast SEO Premium plugin v18.5 (Yoast SEO v20.4) - https:\/\/yoast.com\/wordpress\/plugins\/seo\/ -->\n<title>El eye liner que ha ido a comprar (personalmente) la reina Letizia<\/title>\n<meta name=\"description\" content=\"La Reina fue a Mercadona sola y eligi\u00f3 el eyeliner negro que solo cuesta 3,50 euros y que tambi\u00e9n puede ser tuyo.\" \/>\n<meta name=\"robots\" content=\"index, follow, max-snippet:-1, max-image-preview:large, max-video-preview:-1\" \/>\n<link rel=\"canonical\" href=\"https:\/\/graziamagazine.com\/es\/articles\/el-eye-liner-que-ha-ido-a-comprar-personalmente-la-reina-letizia\/\" \/>\n<meta property=\"og:locale\" content=\"es_ES\" \/>\n<meta property=\"og:type\" content=\"article\" \/>\n<meta property=\"og:title\" content=\"El eye liner que ha ido a comprar (personalmente) la reina Letizia\" \/>\n<meta property=\"og:description\" content=\"La Reina fue a Mercadona sola y eligi\u00f3 el eyeliner negro que solo cuesta 3,50 euros y que tambi\u00e9n puede ser tuyo.\" \/>\n<meta property=\"og:url\" content=\"https:\/\/graziamagazine.com\/es\/articles\/el-eye-liner-que-ha-ido-a-comprar-personalmente-la-reina-letizia\/\" \/>\n<meta property=\"og:site_name\" content=\"Grazia\" \/>\n<meta property=\"og:image\" content=\"https:\/\/graziamagazine.com\/es\/wp-content\/uploads\/sites\/12\/2023\/07\/eup_20230725_212015631.jpg\" \/>\n\t<meta property=\"og:image:width\" content=\"1280\" \/>\n\t<meta property=\"og:image:height\" content=\"720\" \/>\n\t<meta property=\"og:image:type\" content=\"image\/jpeg\" \/>\n<meta name=\"twitter:card\" content=\"summary_large_image\" \/>\n<meta name=\"twitter:label1\" content=\"Est. reading time\" \/>\n\t<meta name=\"twitter:data1\" content=\"2 minutos\" \/>\n<script type=\"application\/ld+json\" class=\"yoast-schema-graph\">{\"@context\":\"https:\/\/schema.org\",\"@graph\":[{\"@type\":\"WebPage\",\"@id\":\"https:\/\/graziamagazine.com\/es\/articles\/el-eye-liner-que-ha-ido-a-comprar-personalmente-la-reina-letizia\/\",\"url\":\"https:\/\/graziamagazine.com\/es\/articles\/el-eye-liner-que-ha-ido-a-comprar-personalmente-la-reina-letizia\/\",\"name\":\"El eye liner que ha ido a comprar (personalmente) la reina Letizia\",\"isPartOf\":{\"@id\":\"https:\/\/graziamagazine.com\/es\/#website\"},\"datePublished\":\"2023-08-01T07:59:26+00:00\",\"dateModified\":\"2023-08-01T07:59:26+00:00\",\"description\":\"La Reina fue a Mercadona sola y eligi\u00f3 el eyeliner negro que solo cuesta 3,50 euros y que tambi\u00e9n puede ser tuyo.\",\"breadcrumb\":{\"@id\":\"https:\/\/graziamagazine.com\/es\/articles\/el-eye-liner-que-ha-ido-a-comprar-personalmente-la-reina-letizia\/#breadcrumb\"},\"inLanguage\":\"es\",\"potentialAction\":[{\"@type\":\"ReadAction\",\"target\":[\"https:\/\/graziamagazine.com\/es\/articles\/el-eye-liner-que-ha-ido-a-comprar-personalmente-la-reina-letizia\/\"]}]},{\"@type\":\"BreadcrumbList\",\"@id\":\"https:\/\/graziamagazine.com\/es\/articles\/el-eye-liner-que-ha-ido-a-comprar-personalmente-la-reina-letizia\/#breadcrumb\",\"itemListElement\":[{\"@type\":\"ListItem\",\"position\":1,\"name\":\"Portada\",\"item\":\"https:\/\/graziamagazine.com\/es\/\"},{\"@type\":\"ListItem\",\"position\":2,\"name\":\"El eye liner que ha ido a comprar (personalmente) la reina Letizia\"}]},{\"@type\":\"WebSite\",\"@id\":\"https:\/\/graziamagazine.com\/es\/#website\",\"url\":\"https:\/\/graziamagazine.com\/es\/\",\"name\":\"Grazia\",\"description\":\"Moda, belleza, celebrities, estilo de vida...\",\"potentialAction\":[{\"@type\":\"SearchAction\",\"target\":{\"@type\":\"EntryPoint\",\"urlTemplate\":\"https:\/\/graziamagazine.com\/es\/?s={search_term_string}\"},\"query-input\":\"required name=search_term_string\"}],\"inLanguage\":\"es\"}]}<\/script>\n<!-- \/ Yoast SEO Premium plugin. -->","yoast_head_json":{"title":"El eye liner que ha ido a comprar (personalmente) la reina Letizia","description":"La Reina fue a Mercadona sola y eligi\u00f3 el eyeliner negro que solo cuesta 3,50 euros y que tambi\u00e9n puede ser tuyo.","robots":{"index":"index","follow":"follow","max-snippet":"max-snippet:-1","max-image-preview":"max-image-preview:large","max-video-preview":"max-video-preview:-1"},"canonical":"https:\/\/graziamagazine.com\/es\/articles\/el-eye-liner-que-ha-ido-a-comprar-personalmente-la-reina-letizia\/","og_locale":"es_ES","og_type":"article","og_title":"El eye liner que ha ido a comprar (personalmente) la reina Letizia","og_description":"La Reina fue a Mercadona sola y eligi\u00f3 el eyeliner negro que solo cuesta 3,50 euros y que tambi\u00e9n puede ser tuyo.","og_url":"https:\/\/graziamagazine.com\/es\/articles\/el-eye-liner-que-ha-ido-a-comprar-personalmente-la-reina-letizia\/","og_site_name":"Grazia","og_image":[{"width":1280,"height":720,"url":"https:\/\/graziamagazine.com\/es\/wp-content\/uploads\/sites\/12\/2023\/07\/eup_20230725_212015631.jpg","type":"image\/jpeg"}],"twitter_card":"summary_large_image","twitter_misc":{"Est. reading time":"2 minutos"},"schema":{"@context":"https:\/\/schema.org","@graph":[{"@type":"WebPage","@id":"https:\/\/graziamagazine.com\/es\/articles\/el-eye-liner-que-ha-ido-a-comprar-personalmente-la-reina-letizia\/","url":"https:\/\/graziamagazine.com\/es\/articles\/el-eye-liner-que-ha-ido-a-comprar-personalmente-la-reina-letizia\/","name":"El eye liner que ha ido a comprar (personalmente) la reina Letizia","isPartOf":{"@id":"https:\/\/graziamagazine.com\/es\/#website"},"datePublished":"2023-08-01T07:59:26+00:00","dateModified":"2023-08-01T07:59:26+00:00","description":"La Reina fue a Mercadona sola y eligi\u00f3 el eyeliner negro que solo cuesta 3,50 euros y que tambi\u00e9n puede ser tuyo.","breadcrumb":{"@id":"https:\/\/graziamagazine.com\/es\/articles\/el-eye-liner-que-ha-ido-a-comprar-personalmente-la-reina-letizia\/#breadcrumb"},"inLanguage":"es","potentialAction":[{"@type":"ReadAction","target":["https:\/\/graziamagazine.com\/es\/articles\/el-eye-liner-que-ha-ido-a-comprar-personalmente-la-reina-letizia\/"]}]},{"@type":"BreadcrumbList","@id":"https:\/\/graziamagazine.com\/es\/articles\/el-eye-liner-que-ha-ido-a-comprar-personalmente-la-reina-letizia\/#breadcrumb","itemListElement":[{"@type":"ListItem","position":1,"name":"Portada","item":"https:\/\/graziamagazine.com\/es\/"},{"@type":"ListItem","position":2,"name":"El eye liner que ha ido a comprar (personalmente) la reina Letizia"}]},{"@type":"WebSite","@id":"https:\/\/graziamagazine.com\/es\/#website","url":"https:\/\/graziamagazine.com\/es\/","name":"Grazia","description":"Moda, belleza, celebrities, estilo de vida...","potentialAction":[{"@type":"SearchAction","target":{"@type":"EntryPoint","urlTemplate":"https:\/\/graziamagazine.com\/es\/?s={search_term_string}"},"query-input":"required name=search_term_string"}],"inLanguage":"es"}]}},"jetpack_sharing_enabled":true,"distributor_meta":false,"distributor_terms":false,"distributor_media":false,"distributor_original_site_name":"Grazia","distributor_original_site_url":"https:\/\/graziamagazine.com\/es","push-errors":false,"_links":{"self":[{"href":"https:\/\/graziamagazine.com\/es\/wp-json\/wp\/v2\/articles\/171586"}],"collection":[{"href":"https:\/\/graziamagazine.com\/es\/wp-json\/wp\/v2\/articles"}],"about":[{"href":"https:\/\/graziamagazine.com\/es\/wp-json\/wp\/v2\/types\/articles"}],"author":[{"embeddable":true,"href":"https:\/\/graziamagazine.com\/es\/wp-json\/wp\/v2\/users\/11653"}],"wp:featuredmedia":[{"embeddable":true,"href":"https:\/\/graziamagazine.com\/es\/wp-json\/wp\/v2\/media\/171592"}],"wp:attachment":[{"href":"https:\/\/graziamagazine.com\/es\/wp-json\/wp\/v2\/media?parent=171586"}],"wp:term":[{"taxonomy":"category","embeddable":true,"href":"https:\/\/graziamagazine.com\/es\/wp-json\/wp\/v2\/categories?post=171586"}],"curies":[{"name":"wp","href":"https:\/\/api.w.org\/{rel}","templated":true}]}}