{"id":171493,"date":"2023-07-27T11:44:35","date_gmt":"2023-07-27T09:44:35","guid":{"rendered":"https:\/\/graziamagazine.com\/es\/?post_type=articles&#038;p=171493"},"modified":"2023-07-27T11:49:42","modified_gmt":"2023-07-27T09:49:42","slug":"peta-pide-a-hermes-que-retire-los-birkin-de-cocodrilo","status":"publish","type":"articles","link":"https:\/\/graziamagazine.com\/es\/articles\/peta-pide-a-hermes-que-retire-los-birkin-de-cocodrilo\/","title":{"rendered":"Peta pide a Herm\u00e8s que retire los Birkin de cocodrilo"},"content":{"rendered":"<p><span style=\"font-weight: 400\">La asociaci\u00f3n <strong>PETA<\/strong> ha intensificado sus esfuerzos para intentar convencer a la marca de lujo <strong>Herm\u00e8s<\/strong> de que deje de usar pieles de cocodrilo en los ic\u00f3nicos <strong>bolsos Birkin<\/strong>, por lo que se han manifestado nuevamente afuera de una tienda de Reino Unido y lanzado un comunicado.<\/span><\/p>\n<p><span style=\"font-weight: 400\">La \u00faltima llamada de <em><strong>People for the Ethical Treatment of Animals<\/strong><\/em> (PETA) a la marca de lujo francesa ha ocurrido pocos d\u00edas despu\u00e9s del fallecimiento de <strong>Jane Birkin<\/strong>, la actriz y cantante que inspir\u00f3 la creaci\u00f3n del bolso que todos quieren, pero que pocos pueden tener.<\/span><\/p>\n<p><img loading=\"lazy\" decoding=\"async\" class=\"aligncenter size-full wp-image-171494\" src=\"https:\/\/graziamagazine.com\/es\/wp-content\/uploads\/sites\/12\/2023\/07\/Captura-de-Pantalla-2023-07-24-a-las-17.33.51.png\" alt=\"\" width=\"536\" height=\"358\" \/><\/p>\n<p><span style=\"font-weight: 400\">En una carta abierta a Herm\u00e8s, PETA UK ha solicitado a la <em>Maison<\/em> que proh\u00edba el uso de animales ex\u00f3ticos en su producci\u00f3n en honor a la fallecida personalidad.<\/span><\/p>\n<p><span style=\"font-weight: 400\">\u201c\u00bfContinuar\u00e1 Herm\u00e8s recordando el pasado, tratando a estos animales ex\u00f3ticos magn\u00edficos y altamente inteligentes como nada m\u00e1s que una \u2018tela\u2019 viva que respira, o aceptar\u00e1 un cambio positivo y se comprometer\u00e1 a continuar con el legado de Birkin de una manera que respete el mundo natural y todos los que viven en \u00e9l mediante el uso de los mejores materiales libres de crueldad para crear un Birkin moderno y otros accesorios? Esperamos que elijas lo \u00faltimo\u201d, dijo en un comunicado la presidenta de PETA,<strong> Ingrid Newkirk.<\/strong><\/span><\/p>\n<p><img loading=\"lazy\" decoding=\"async\" class=\"alignnone size-medium wp-image-127567\" src=\"https:\/\/graziamagazine.com\/mx\/wp-content\/uploads\/sites\/13\/2023\/07\/Captura-de-Pantalla-2023-07-24-a-las-17.34.11.png?w=450&amp;resize=450%2C345\" alt=\"\" width=\"450\" height=\"345\" data-recalc-dims=\"1\" \/><\/p>\n<p><span style=\"font-weight: 400\">Para reforzar su petici\u00f3n, la organizaci\u00f3n ha publicado v\u00eddeos de una granja que supuestamente suministra sus pieles a Herm\u00e8s. En las pol\u00e9micas im\u00e1genes se pod\u00edan ver cocodrilos en condiciones de hacinamiento y luego mutilados con m\u00e9todos inhumanos.<\/span><\/p>\n<p><span style=\"font-weight: 400\">La organizaci\u00f3n afirm\u00f3, adem\u00e1s, que se necesitan tres cocodrilos para hacer un solo bolso Herm\u00e8s, y describi\u00f3 las muchas marcas de dise\u00f1adores que han prohibido las pieles ex\u00f3ticas en su totalidad, incluidas <strong>Mulberry, Victoria Beckham y Karl Lagerfeld.<\/strong><\/span><\/p>\n","protected":false},"author":16349,"featured_media":171502,"template":"","format":"standard","categories":[2134,1],"acf":[],"yoast_head":"<!-- This site is optimized with the Yoast SEO Premium plugin v18.5 (Yoast SEO v20.4) - https:\/\/yoast.com\/wordpress\/plugins\/seo\/ -->\n<title>Peta pide a Herm\u00e8s que retire los Birkin de cocodrilo | Grazia<\/title>\n<meta name=\"description\" content=\"La petici\u00f3n llega tras el reciente fallecimiento de Jane Birkin, en honor a la musa del ic\u00f3nico y lujoso bolso.\" \/>\n<meta name=\"robots\" content=\"index, follow, max-snippet:-1, max-image-preview:large, max-video-preview:-1\" \/>\n<link rel=\"canonical\" href=\"https:\/\/graziamagazine.com\/es\/articles\/peta-pide-a-hermes-que-retire-los-birkin-de-cocodrilo\/\" \/>\n<meta property=\"og:locale\" content=\"es_ES\" \/>\n<meta property=\"og:type\" content=\"article\" \/>\n<meta property=\"og:title\" content=\"Peta pide a Herm\u00e8s que retire los Birkin de cocodrilo\" \/>\n<meta property=\"og:description\" content=\"La petici\u00f3n llega tras el reciente fallecimiento de Jane Birkin, en honor a la musa del ic\u00f3nico y lujoso bolso.\" \/>\n<meta property=\"og:url\" content=\"https:\/\/graziamagazine.com\/es\/articles\/peta-pide-a-hermes-que-retire-los-birkin-de-cocodrilo\/\" \/>\n<meta property=\"og:site_name\" content=\"Grazia\" \/>\n<meta property=\"article:modified_time\" content=\"2023-07-27T09:49:42+00:00\" \/>\n<meta property=\"og:image\" content=\"https:\/\/graziamagazine.com\/es\/wp-content\/uploads\/sites\/12\/2023\/07\/birkincroco_900de9a0.jpg\" \/>\n\t<meta property=\"og:image:width\" content=\"1200\" \/>\n\t<meta property=\"og:image:height\" content=\"675\" \/>\n\t<meta property=\"og:image:type\" content=\"image\/jpeg\" \/>\n<meta name=\"twitter:card\" content=\"summary_large_image\" \/>\n<meta name=\"twitter:label1\" content=\"Est. reading time\" \/>\n\t<meta name=\"twitter:data1\" content=\"2 minutos\" \/>\n<script type=\"application\/ld+json\" class=\"yoast-schema-graph\">{\"@context\":\"https:\/\/schema.org\",\"@graph\":[{\"@type\":\"WebPage\",\"@id\":\"https:\/\/graziamagazine.com\/es\/articles\/peta-pide-a-hermes-que-retire-los-birkin-de-cocodrilo\/\",\"url\":\"https:\/\/graziamagazine.com\/es\/articles\/peta-pide-a-hermes-que-retire-los-birkin-de-cocodrilo\/\",\"name\":\"Peta pide a Herm\u00e8s que retire los Birkin de cocodrilo | Grazia\",\"isPartOf\":{\"@id\":\"https:\/\/graziamagazine.com\/es\/#website\"},\"datePublished\":\"2023-07-27T09:44:35+00:00\",\"dateModified\":\"2023-07-27T09:49:42+00:00\",\"description\":\"La petici\u00f3n llega tras el reciente fallecimiento de Jane Birkin, en honor a la musa del ic\u00f3nico y lujoso bolso.\",\"breadcrumb\":{\"@id\":\"https:\/\/graziamagazine.com\/es\/articles\/peta-pide-a-hermes-que-retire-los-birkin-de-cocodrilo\/#breadcrumb\"},\"inLanguage\":\"es\",\"potentialAction\":[{\"@type\":\"ReadAction\",\"target\":[\"https:\/\/graziamagazine.com\/es\/articles\/peta-pide-a-hermes-que-retire-los-birkin-de-cocodrilo\/\"]}]},{\"@type\":\"BreadcrumbList\",\"@id\":\"https:\/\/graziamagazine.com\/es\/articles\/peta-pide-a-hermes-que-retire-los-birkin-de-cocodrilo\/#breadcrumb\",\"itemListElement\":[{\"@type\":\"ListItem\",\"position\":1,\"name\":\"Portada\",\"item\":\"https:\/\/graziamagazine.com\/es\/\"},{\"@type\":\"ListItem\",\"position\":2,\"name\":\"Peta pide a Herm\u00e8s que retire los Birkin de cocodrilo\"}]},{\"@type\":\"WebSite\",\"@id\":\"https:\/\/graziamagazine.com\/es\/#website\",\"url\":\"https:\/\/graziamagazine.com\/es\/\",\"name\":\"Grazia\",\"description\":\"Moda, belleza, celebrities, estilo de vida...\",\"potentialAction\":[{\"@type\":\"SearchAction\",\"target\":{\"@type\":\"EntryPoint\",\"urlTemplate\":\"https:\/\/graziamagazine.com\/es\/?s={search_term_string}\"},\"query-input\":\"required name=search_term_string\"}],\"inLanguage\":\"es\"}]}<\/script>\n<!-- \/ Yoast SEO Premium plugin. -->","yoast_head_json":{"title":"Peta pide a Herm\u00e8s que retire los Birkin de cocodrilo | Grazia","description":"La petici\u00f3n llega tras el reciente fallecimiento de Jane Birkin, en honor a la musa del ic\u00f3nico y lujoso bolso.","robots":{"index":"index","follow":"follow","max-snippet":"max-snippet:-1","max-image-preview":"max-image-preview:large","max-video-preview":"max-video-preview:-1"},"canonical":"https:\/\/graziamagazine.com\/es\/articles\/peta-pide-a-hermes-que-retire-los-birkin-de-cocodrilo\/","og_locale":"es_ES","og_type":"article","og_title":"Peta pide a Herm\u00e8s que retire los Birkin de cocodrilo","og_description":"La petici\u00f3n llega tras el reciente fallecimiento de Jane Birkin, en honor a la musa del ic\u00f3nico y lujoso bolso.","og_url":"https:\/\/graziamagazine.com\/es\/articles\/peta-pide-a-hermes-que-retire-los-birkin-de-cocodrilo\/","og_site_name":"Grazia","article_modified_time":"2023-07-27T09:49:42+00:00","og_image":[{"width":1200,"height":675,"url":"https:\/\/graziamagazine.com\/es\/wp-content\/uploads\/sites\/12\/2023\/07\/birkincroco_900de9a0.jpg","type":"image\/jpeg"}],"twitter_card":"summary_large_image","twitter_misc":{"Est. reading time":"2 minutos"},"schema":{"@context":"https:\/\/schema.org","@graph":[{"@type":"WebPage","@id":"https:\/\/graziamagazine.com\/es\/articles\/peta-pide-a-hermes-que-retire-los-birkin-de-cocodrilo\/","url":"https:\/\/graziamagazine.com\/es\/articles\/peta-pide-a-hermes-que-retire-los-birkin-de-cocodrilo\/","name":"Peta pide a Herm\u00e8s que retire los Birkin de cocodrilo | Grazia","isPartOf":{"@id":"https:\/\/graziamagazine.com\/es\/#website"},"datePublished":"2023-07-27T09:44:35+00:00","dateModified":"2023-07-27T09:49:42+00:00","description":"La petici\u00f3n llega tras el reciente fallecimiento de Jane Birkin, en honor a la musa del ic\u00f3nico y lujoso bolso.","breadcrumb":{"@id":"https:\/\/graziamagazine.com\/es\/articles\/peta-pide-a-hermes-que-retire-los-birkin-de-cocodrilo\/#breadcrumb"},"inLanguage":"es","potentialAction":[{"@type":"ReadAction","target":["https:\/\/graziamagazine.com\/es\/articles\/peta-pide-a-hermes-que-retire-los-birkin-de-cocodrilo\/"]}]},{"@type":"BreadcrumbList","@id":"https:\/\/graziamagazine.com\/es\/articles\/peta-pide-a-hermes-que-retire-los-birkin-de-cocodrilo\/#breadcrumb","itemListElement":[{"@type":"ListItem","position":1,"name":"Portada","item":"https:\/\/graziamagazine.com\/es\/"},{"@type":"ListItem","position":2,"name":"Peta pide a Herm\u00e8s que retire los Birkin de cocodrilo"}]},{"@type":"WebSite","@id":"https:\/\/graziamagazine.com\/es\/#website","url":"https:\/\/graziamagazine.com\/es\/","name":"Grazia","description":"Moda, belleza, celebrities, estilo de vida...","potentialAction":[{"@type":"SearchAction","target":{"@type":"EntryPoint","urlTemplate":"https:\/\/graziamagazine.com\/es\/?s={search_term_string}"},"query-input":"required name=search_term_string"}],"inLanguage":"es"}]}},"jetpack_sharing_enabled":true,"distributor_meta":false,"distributor_terms":false,"distributor_media":false,"distributor_original_site_name":"Grazia","distributor_original_site_url":"https:\/\/graziamagazine.com\/es","push-errors":false,"_links":{"self":[{"href":"https:\/\/graziamagazine.com\/es\/wp-json\/wp\/v2\/articles\/171493"}],"collection":[{"href":"https:\/\/graziamagazine.com\/es\/wp-json\/wp\/v2\/articles"}],"about":[{"href":"https:\/\/graziamagazine.com\/es\/wp-json\/wp\/v2\/types\/articles"}],"author":[{"embeddable":true,"href":"https:\/\/graziamagazine.com\/es\/wp-json\/wp\/v2\/users\/16349"}],"wp:featuredmedia":[{"embeddable":true,"href":"https:\/\/graziamagazine.com\/es\/wp-json\/wp\/v2\/media\/171502"}],"wp:attachment":[{"href":"https:\/\/graziamagazine.com\/es\/wp-json\/wp\/v2\/media?parent=171493"}],"wp:term":[{"taxonomy":"category","embeddable":true,"href":"https:\/\/graziamagazine.com\/es\/wp-json\/wp\/v2\/categories?post=171493"}],"curies":[{"name":"wp","href":"https:\/\/api.w.org\/{rel}","templated":true}]}}