{"id":171486,"date":"2023-07-26T22:18:17","date_gmt":"2023-07-26T20:18:17","guid":{"rendered":"https:\/\/graziamagazine.com\/es\/?post_type=articles&#038;p=171486"},"modified":"2023-07-26T22:23:09","modified_gmt":"2023-07-26T20:23:09","slug":"muere-la-cantante-irlandesa-sinead-oconnor","status":"publish","type":"articles","link":"https:\/\/graziamagazine.com\/es\/articles\/muere-la-cantante-irlandesa-sinead-oconnor\/","title":{"rendered":"Muere la cantante irlandesa Sin\u00e9ad O\u2019Connor"},"content":{"rendered":"<p>Seg\u00fan informes oficiales, la c\u00e1ntate irlandesa <strong>Sin\u00e9ad O\u00b4Connor falleci\u00f3 a los 56 a\u00f1os<\/strong>, un a\u00f1o despu\u00e9s del terrible suceso que la artista experimento con su<strong> hijo Shane<\/strong> de tan solo 17 a\u00f1os de edad.<\/p>\n<blockquote><p>Por medio de un comunicado, la familia de la artista confirm\u00f3 la\u00a0 noticia. \u201cCon gran tristeza anunciamos el fallecimiento de nuestra querida Sin\u00e9ad<b>. Su familia y amigos est\u00e1n devastados\u00a0<\/b>y han solicitado privacidad en este momento tan dif\u00edcil\u201d, comentaron.<\/p>\n<p><img loading=\"lazy\" decoding=\"async\" class=\"alignnone size-large wp-image-127634\" src=\"https:\/\/graziamagazine.com\/mx\/wp-content\/uploads\/sites\/13\/2023\/07\/16903960386402.jpg?w=1024&amp;resize=1024%2C736\" alt=\"\" width=\"1024\" height=\"736\" data-recalc-dims=\"1\" \/><\/p><\/blockquote>\n<p>La leyenda de la musica es reconocida por su exitosa carrera con sencillos que han permanecido en la lista de las mejores canciones como <b>\u201cNothing compares 2 U\u201d,\u00a0<\/b>nombrada como el n\u00famero uno del mundo en 1990 por los Billboard Music Awards.<\/p>\n<p>Sin\u00e9ad naci\u00f3 <strong>Dubl\u00edn el 8 de diciembre de 1966<\/strong>. Su infancia se revela como ca\u00f3tica, pues la cantante creci\u00f3 en una familia problem\u00e1tica, lo que provoco que a\u00f1os despu\u00e9s presentara problemas de salud mental. Su madre, por su parte, abusaba f\u00edsica y sexualmente de ella cuando era una ni\u00f1a.<\/p>\n<p>Su pasi\u00f3n por la musica comienza a los 15 a\u00f1os, cuando ingres\u00f3 a una escuela correcta tras ciertos episodios de robo. Una de las monjas de dicho centro descubri\u00f3 su talento, por lo que le compr\u00f3 una guitarra y la apoy\u00f3 para que comenzara a recibir clases.<\/p>\n<p>Mediante una revista musical irlandesa, la artista conoci\u00f3 <strong>Colm Farrelly<\/strong>, con quien form\u00f3 la banda <strong>Ton Ton Macoute<\/strong>, que impuls\u00f3 a O\u2019Connor a ser conocida en la industria mundial de la m\u00fasica.<\/p>\n<figure id=\"attachment_127637\" class=\"wp-caption alignnone\" style=\"width: 1024px\" aria-describedby=\"caption-attachment-127637\"><img loading=\"lazy\" decoding=\"async\" class=\"size-large wp-image-127637\" src=\"https:\/\/graziamagazine.com\/mx\/wp-content\/uploads\/sites\/13\/2023\/07\/Captura-de-Pantalla-2023-07-26-a-las-13.31.49.png?w=1024&amp;resize=1024%2C578\" alt=\"Muere la cantante irlandesa Sin\u00e9ad O'Connor\" width=\"1024\" height=\"578\" data-recalc-dims=\"1\" \/><figcaption id=\"caption-attachment-127637\" class=\"wp-caption-text\">Muere la cantante irlandesa Sin\u00e9ad O\u2019Connor<\/figcaption><\/figure>\n<p>En 1987 firm\u00f3 con la compa\u00f1\u00eda discogr\u00e1fica Chrysalis y lanz\u00f3 su primer \u00e1lbum, <b>\u201cThe Lion and the Cobra\u201d, que obtuvo buenas cr\u00edticas,<\/b> gracias a su incre\u00edble voz, su fuerza interpretativa y la originalidad de sus canciones. De hecho, el disco se alz\u00f3 con una nominaci\u00f3n para los <strong>Grammy.<\/strong><\/p>\n<p><em><strong>*IMAGEN: Google Images<\/strong><\/em><\/p>\n","protected":false},"author":28953,"featured_media":171489,"template":"","format":"standard","categories":[5592],"acf":[],"yoast_head":"<!-- This site is optimized with the Yoast SEO Premium plugin v18.5 (Yoast SEO v20.4) - https:\/\/yoast.com\/wordpress\/plugins\/seo\/ -->\n<title>Muere la cantante irlandesa Sin\u00e9ad O&#039;Connor<\/title>\n<meta name=\"description\" content=\"A sus 56 a\u00f1os de edad, fallece una de las leyendas m\u00e1s influyentes e importantes de la m\u00fasica\" \/>\n<meta name=\"robots\" content=\"index, follow, max-snippet:-1, max-image-preview:large, max-video-preview:-1\" \/>\n<link rel=\"canonical\" href=\"https:\/\/graziamagazine.com\/es\/articles\/muere-la-cantante-irlandesa-sinead-oconnor\/\" \/>\n<meta property=\"og:locale\" content=\"es_ES\" \/>\n<meta property=\"og:type\" content=\"article\" \/>\n<meta property=\"og:title\" content=\"Muere la cantante irlandesa Sin\u00e9ad O\u2019Connor\" \/>\n<meta property=\"og:description\" content=\"A sus 56 a\u00f1os de edad, fallece una de las leyendas m\u00e1s influyentes e importantes de la m\u00fasica\" \/>\n<meta property=\"og:url\" content=\"https:\/\/graziamagazine.com\/es\/articles\/muere-la-cantante-irlandesa-sinead-oconnor\/\" \/>\n<meta property=\"og:site_name\" content=\"Grazia\" \/>\n<meta property=\"article:modified_time\" content=\"2023-07-26T20:23:09+00:00\" \/>\n<meta property=\"og:image\" content=\"https:\/\/graziamagazine.com\/es\/wp-content\/uploads\/sites\/12\/2023\/07\/4ERWPSLUXBEJLHXRGQYHXOZ2DI.jpg\" \/>\n\t<meta property=\"og:image:width\" content=\"1999\" \/>\n\t<meta property=\"og:image:height\" content=\"1749\" \/>\n\t<meta property=\"og:image:type\" content=\"image\/jpeg\" \/>\n<meta name=\"twitter:card\" content=\"summary_large_image\" \/>\n<meta name=\"twitter:label1\" content=\"Est. reading time\" \/>\n\t<meta name=\"twitter:data1\" content=\"2 minutos\" \/>\n<script type=\"application\/ld+json\" class=\"yoast-schema-graph\">{\"@context\":\"https:\/\/schema.org\",\"@graph\":[{\"@type\":\"WebPage\",\"@id\":\"https:\/\/graziamagazine.com\/es\/articles\/muere-la-cantante-irlandesa-sinead-oconnor\/\",\"url\":\"https:\/\/graziamagazine.com\/es\/articles\/muere-la-cantante-irlandesa-sinead-oconnor\/\",\"name\":\"Muere la cantante irlandesa Sin\u00e9ad O'Connor\",\"isPartOf\":{\"@id\":\"https:\/\/graziamagazine.com\/es\/#website\"},\"datePublished\":\"2023-07-26T20:18:17+00:00\",\"dateModified\":\"2023-07-26T20:23:09+00:00\",\"description\":\"A sus 56 a\u00f1os de edad, fallece una de las leyendas m\u00e1s influyentes e importantes de la m\u00fasica\",\"breadcrumb\":{\"@id\":\"https:\/\/graziamagazine.com\/es\/articles\/muere-la-cantante-irlandesa-sinead-oconnor\/#breadcrumb\"},\"inLanguage\":\"es\",\"potentialAction\":[{\"@type\":\"ReadAction\",\"target\":[\"https:\/\/graziamagazine.com\/es\/articles\/muere-la-cantante-irlandesa-sinead-oconnor\/\"]}]},{\"@type\":\"BreadcrumbList\",\"@id\":\"https:\/\/graziamagazine.com\/es\/articles\/muere-la-cantante-irlandesa-sinead-oconnor\/#breadcrumb\",\"itemListElement\":[{\"@type\":\"ListItem\",\"position\":1,\"name\":\"Portada\",\"item\":\"https:\/\/graziamagazine.com\/es\/\"},{\"@type\":\"ListItem\",\"position\":2,\"name\":\"Muere la cantante irlandesa Sin\u00e9ad O\u2019Connor\"}]},{\"@type\":\"WebSite\",\"@id\":\"https:\/\/graziamagazine.com\/es\/#website\",\"url\":\"https:\/\/graziamagazine.com\/es\/\",\"name\":\"Grazia\",\"description\":\"Moda, belleza, celebrities, estilo de vida...\",\"potentialAction\":[{\"@type\":\"SearchAction\",\"target\":{\"@type\":\"EntryPoint\",\"urlTemplate\":\"https:\/\/graziamagazine.com\/es\/?s={search_term_string}\"},\"query-input\":\"required name=search_term_string\"}],\"inLanguage\":\"es\"}]}<\/script>\n<!-- \/ Yoast SEO Premium plugin. -->","yoast_head_json":{"title":"Muere la cantante irlandesa Sin\u00e9ad O'Connor","description":"A sus 56 a\u00f1os de edad, fallece una de las leyendas m\u00e1s influyentes e importantes de la m\u00fasica","robots":{"index":"index","follow":"follow","max-snippet":"max-snippet:-1","max-image-preview":"max-image-preview:large","max-video-preview":"max-video-preview:-1"},"canonical":"https:\/\/graziamagazine.com\/es\/articles\/muere-la-cantante-irlandesa-sinead-oconnor\/","og_locale":"es_ES","og_type":"article","og_title":"Muere la cantante irlandesa Sin\u00e9ad O\u2019Connor","og_description":"A sus 56 a\u00f1os de edad, fallece una de las leyendas m\u00e1s influyentes e importantes de la m\u00fasica","og_url":"https:\/\/graziamagazine.com\/es\/articles\/muere-la-cantante-irlandesa-sinead-oconnor\/","og_site_name":"Grazia","article_modified_time":"2023-07-26T20:23:09+00:00","og_image":[{"width":1999,"height":1749,"url":"https:\/\/graziamagazine.com\/es\/wp-content\/uploads\/sites\/12\/2023\/07\/4ERWPSLUXBEJLHXRGQYHXOZ2DI.jpg","type":"image\/jpeg"}],"twitter_card":"summary_large_image","twitter_misc":{"Est. reading time":"2 minutos"},"schema":{"@context":"https:\/\/schema.org","@graph":[{"@type":"WebPage","@id":"https:\/\/graziamagazine.com\/es\/articles\/muere-la-cantante-irlandesa-sinead-oconnor\/","url":"https:\/\/graziamagazine.com\/es\/articles\/muere-la-cantante-irlandesa-sinead-oconnor\/","name":"Muere la cantante irlandesa Sin\u00e9ad O'Connor","isPartOf":{"@id":"https:\/\/graziamagazine.com\/es\/#website"},"datePublished":"2023-07-26T20:18:17+00:00","dateModified":"2023-07-26T20:23:09+00:00","description":"A sus 56 a\u00f1os de edad, fallece una de las leyendas m\u00e1s influyentes e importantes de la m\u00fasica","breadcrumb":{"@id":"https:\/\/graziamagazine.com\/es\/articles\/muere-la-cantante-irlandesa-sinead-oconnor\/#breadcrumb"},"inLanguage":"es","potentialAction":[{"@type":"ReadAction","target":["https:\/\/graziamagazine.com\/es\/articles\/muere-la-cantante-irlandesa-sinead-oconnor\/"]}]},{"@type":"BreadcrumbList","@id":"https:\/\/graziamagazine.com\/es\/articles\/muere-la-cantante-irlandesa-sinead-oconnor\/#breadcrumb","itemListElement":[{"@type":"ListItem","position":1,"name":"Portada","item":"https:\/\/graziamagazine.com\/es\/"},{"@type":"ListItem","position":2,"name":"Muere la cantante irlandesa Sin\u00e9ad O\u2019Connor"}]},{"@type":"WebSite","@id":"https:\/\/graziamagazine.com\/es\/#website","url":"https:\/\/graziamagazine.com\/es\/","name":"Grazia","description":"Moda, belleza, celebrities, estilo de vida...","potentialAction":[{"@type":"SearchAction","target":{"@type":"EntryPoint","urlTemplate":"https:\/\/graziamagazine.com\/es\/?s={search_term_string}"},"query-input":"required name=search_term_string"}],"inLanguage":"es"}]}},"jetpack_sharing_enabled":true,"distributor_meta":false,"distributor_terms":false,"distributor_media":false,"distributor_original_site_name":"Grazia","distributor_original_site_url":"https:\/\/graziamagazine.com\/es","push-errors":false,"_links":{"self":[{"href":"https:\/\/graziamagazine.com\/es\/wp-json\/wp\/v2\/articles\/171486"}],"collection":[{"href":"https:\/\/graziamagazine.com\/es\/wp-json\/wp\/v2\/articles"}],"about":[{"href":"https:\/\/graziamagazine.com\/es\/wp-json\/wp\/v2\/types\/articles"}],"author":[{"embeddable":true,"href":"https:\/\/graziamagazine.com\/es\/wp-json\/wp\/v2\/users\/28953"}],"wp:featuredmedia":[{"embeddable":true,"href":"https:\/\/graziamagazine.com\/es\/wp-json\/wp\/v2\/media\/171489"}],"wp:attachment":[{"href":"https:\/\/graziamagazine.com\/es\/wp-json\/wp\/v2\/media?parent=171486"}],"wp:term":[{"taxonomy":"category","embeddable":true,"href":"https:\/\/graziamagazine.com\/es\/wp-json\/wp\/v2\/categories?post=171486"}],"curies":[{"name":"wp","href":"https:\/\/api.w.org\/{rel}","templated":true}]}}