{"id":171420,"date":"2023-07-24T13:34:58","date_gmt":"2023-07-24T11:34:58","guid":{"rendered":"https:\/\/graziamagazine.com\/es\/?post_type=articles&#038;p=171420"},"modified":"2023-07-24T13:34:58","modified_gmt":"2023-07-24T11:34:58","slug":"el-nuevo-it-bag-de-dior-se-llama-toujours","status":"publish","type":"articles","link":"https:\/\/graziamagazine.com\/es\/articles\/el-nuevo-it-bag-de-dior-se-llama-toujours\/","title":{"rendered":"El nuevo It Bag de Dior se llama Toujours"},"content":{"rendered":"<p>Est\u00e1 claro que quien tiene un buen bolso tiene un tesoro, por eso es uno de los accesorios m\u00e1s deseados por las amantes de la moda. Y si hay una casa de modas en el mundo que entienda de It Bags, esa es Dior que lleva seduciendo mujeres desde hace d\u00e9cadas con sus modelos ic\u00f3nicos.<\/p>\n<p>Esta temporada <strong>Dior quiere que el nuevo Toujours se convierta en nuestro nuevo compa\u00f1ero del d\u00eda a d\u00eda.<\/strong> Con un volumen m\u00e1s grande, sobre todo la versi\u00f3n XL, junto a \u00e9l podremos afrontar todas las tareas que acarreamos en el d\u00eda a d\u00eda con un toque lujoso en nuestros <em>outftit<\/em>.<\/p>\n<p><img loading=\"lazy\" decoding=\"async\" class=\"aligncenter size-full wp-image-171423\" src=\"https:\/\/graziamagazine.com\/es\/wp-content\/uploads\/sites\/12\/2023\/07\/SF_DIOR-TOUJOURS-\u00a9-Andrea-Cenetiempo-Federica-Livia-35-copia.jpeg\" alt=\"\" width=\"1024\" height=\"683\" \/><\/p>\n<p><strong>Lo vimos por primera vez sobre la pasarela del desfile Pr\u00eat-\u00e0-Porter Dior Primavera-Verano 2023<\/strong> y ya sentimos el flechazo, porque frente a los micro bolso que han imperado en temporadas anteriores, Maria Grazia Chiuri quiero convertirlo en el aliado perfecto para el d\u00eda a d\u00eda por su pr\u00e1ctico tama\u00f1o en el que cabe todo.<\/p>\n<p><img loading=\"lazy\" decoding=\"async\" class=\"aligncenter size-full wp-image-171427\" src=\"https:\/\/graziamagazine.com\/es\/wp-content\/uploads\/sites\/12\/2023\/07\/SF_DIOR-TOUJOURS-\u00a9-Andrea-Cenetiempo-Federica-Livia-22-copia.jpeg\" alt=\"\" width=\"1024\" height=\"1536\" \/><\/p>\n<h3>\u00bfC\u00f3mo es el nuevo Dior Toujours?<\/h3>\n<p>Siendo subjetivas, maravilloso, claro, como pr\u00e1cticamente todo lo que cada temporada crean desde Dior. Siendo objetivas, se distingue por su silueta elegante, atemporal y ultracontempor\u00e1nea, algo que demuestra que el lujo s\u00ed puede ser pr\u00e1ctico.<\/p>\n<p>Concebido seg\u00fan los m\u00e1s altos est\u00e1ndares artesanales, este objeto de deseo encarna el virtuosismo de los talleres de marroquiner\u00eda Dior. Cada etapa de su fabricaci\u00f3n a mano requiere una meticulosidad infinita, desde el corte de la piel hasta la aplicaci\u00f3n del motivo macrocannage. Un toque sutil, un detalle ingenioso que evoca la firma \u00abCD\u00bb permite jugar con la forma de este modelo y modificarla a voluntad.<\/p>\n<p><img loading=\"lazy\" decoding=\"async\" class=\"aligncenter size-full wp-image-171424\" src=\"https:\/\/graziamagazine.com\/es\/wp-content\/uploads\/sites\/12\/2023\/07\/vanidad_dior_tojours_2.jpg\" alt=\"\" width=\"900\" height=\"1350\" \/><\/p>\n<p>Confeccionado en piel de becerro, nos encanta porque <strong>cuenta con un amplio compartimento interior con una\u00a0<em>pochette<\/em> a juego que permite organizar todo lo que necesitas para afrontar tu d\u00eda a d\u00eda. <\/strong>Tus bienes m\u00e1s preciados estar\u00e1n a salvo en un espacio en el que Maria Grazia Chiuri ha cuidado todos los detalles.<\/p>\n<h3>\u00bfPor qu\u00e9 m\u00e1s nos gusta?<\/h3>\n<ol>\n<li>Puedes elegir entre tres tama\u00f1os dependiendo de tus necesidades: peque\u00f1o, mediano y grande.<\/li>\n<li>Es moderno y cl\u00e1sico a la vez, lo que permite lucirlo en todas las facetas de nuestra vida.<\/li>\n<li>Cuenta don dos asas que permite que lo lleves o colgado del hombro o cogido de la mano, pensando de nuevo en adaptarse a las necesidades de tu d\u00eda a d\u00eda.<\/li>\n<li>Y lo que m\u00e1s nos gusta es que, adem\u00e1s de elegir alguno de sus tres tama\u00f1os, puede hacerse m\u00e1s grande porque puedes llevarlo cerrado en los lados, gracias a unos enganches, o abierto completamente acerc\u00e1ndose m\u00e1s un shopping bag.<\/li>\n<\/ol>\n<p><img loading=\"lazy\" decoding=\"async\" class=\"aligncenter size-full wp-image-171428\" src=\"https:\/\/graziamagazine.com\/es\/wp-content\/uploads\/sites\/12\/2023\/07\/1688737519_M2821OSHJ_M51U_E01_ZHC-copia.jpg\" alt=\"\" width=\"1024\" height=\"683\" \/><\/p>\n<p>Si quieres saber m\u00e1s de la nueva apuesta de la <em>maison<\/em>, lo puedes hacer en este v\u00eddeo:<\/p>\n<p><iframe loading=\"lazy\" title=\"DIOR Savoir-faire Toujours Bag\" width=\"500\" height=\"281\" src=\"https:\/\/www.youtube.com\/embed\/IT34_SG421s?feature=oembed\" frameborder=\"0\" allow=\"accelerometer; autoplay; clipboard-write; encrypted-media; gyroscope; picture-in-picture; web-share\" allowfullscreen><\/iframe><\/p>\n<p><em>*Im\u00e1genes: cortes\u00eda<\/em><\/p>\n","protected":false},"author":11653,"featured_media":171429,"template":"","format":"standard","categories":[1],"acf":[],"yoast_head":"<!-- This site is optimized with the Yoast SEO Premium plugin v18.5 (Yoast SEO v20.4) - https:\/\/yoast.com\/wordpress\/plugins\/seo\/ -->\n<title>El nuevo It Bag de Dior se llama Toujours | Grazia<\/title>\n<meta name=\"description\" content=\"Maria Grazia Chiuri ha ideado el aliado perfecto para el d\u00eda a d\u00eda por su pr\u00e1ctico tama\u00f1o en el que cabe todo.\" \/>\n<meta name=\"robots\" content=\"index, follow, max-snippet:-1, max-image-preview:large, max-video-preview:-1\" \/>\n<link rel=\"canonical\" href=\"https:\/\/graziamagazine.com\/es\/articles\/el-nuevo-it-bag-de-dior-se-llama-toujours\/\" \/>\n<meta property=\"og:locale\" content=\"es_ES\" \/>\n<meta property=\"og:type\" content=\"article\" \/>\n<meta property=\"og:title\" content=\"El nuevo It Bag de Dior se llama Toujours\" \/>\n<meta property=\"og:description\" content=\"Maria Grazia Chiuri ha ideado el aliado perfecto para el d\u00eda a d\u00eda por su pr\u00e1ctico tama\u00f1o en el que cabe todo.\" \/>\n<meta property=\"og:url\" content=\"https:\/\/graziamagazine.com\/es\/articles\/el-nuevo-it-bag-de-dior-se-llama-toujours\/\" \/>\n<meta property=\"og:site_name\" content=\"Grazia\" \/>\n<meta property=\"og:image\" content=\"https:\/\/graziamagazine.com\/es\/wp-content\/uploads\/sites\/12\/2023\/07\/m2820oshjm900-1_1440_1200-copia-e1690198436336.jpg\" \/>\n\t<meta property=\"og:image:width\" content=\"1056\" \/>\n\t<meta property=\"og:image:height\" content=\"768\" \/>\n\t<meta property=\"og:image:type\" content=\"image\/jpeg\" \/>\n<meta name=\"twitter:card\" content=\"summary_large_image\" \/>\n<meta name=\"twitter:label1\" content=\"Est. reading time\" \/>\n\t<meta name=\"twitter:data1\" content=\"3 minutos\" \/>\n<script type=\"application\/ld+json\" class=\"yoast-schema-graph\">{\"@context\":\"https:\/\/schema.org\",\"@graph\":[{\"@type\":\"WebPage\",\"@id\":\"https:\/\/graziamagazine.com\/es\/articles\/el-nuevo-it-bag-de-dior-se-llama-toujours\/\",\"url\":\"https:\/\/graziamagazine.com\/es\/articles\/el-nuevo-it-bag-de-dior-se-llama-toujours\/\",\"name\":\"El nuevo It Bag de Dior se llama Toujours | Grazia\",\"isPartOf\":{\"@id\":\"https:\/\/graziamagazine.com\/es\/#website\"},\"datePublished\":\"2023-07-24T11:34:58+00:00\",\"dateModified\":\"2023-07-24T11:34:58+00:00\",\"description\":\"Maria Grazia Chiuri ha ideado el aliado perfecto para el d\u00eda a d\u00eda por su pr\u00e1ctico tama\u00f1o en el que cabe todo.\",\"breadcrumb\":{\"@id\":\"https:\/\/graziamagazine.com\/es\/articles\/el-nuevo-it-bag-de-dior-se-llama-toujours\/#breadcrumb\"},\"inLanguage\":\"es\",\"potentialAction\":[{\"@type\":\"ReadAction\",\"target\":[\"https:\/\/graziamagazine.com\/es\/articles\/el-nuevo-it-bag-de-dior-se-llama-toujours\/\"]}]},{\"@type\":\"BreadcrumbList\",\"@id\":\"https:\/\/graziamagazine.com\/es\/articles\/el-nuevo-it-bag-de-dior-se-llama-toujours\/#breadcrumb\",\"itemListElement\":[{\"@type\":\"ListItem\",\"position\":1,\"name\":\"Portada\",\"item\":\"https:\/\/graziamagazine.com\/es\/\"},{\"@type\":\"ListItem\",\"position\":2,\"name\":\"El nuevo It Bag de Dior se llama Toujours\"}]},{\"@type\":\"WebSite\",\"@id\":\"https:\/\/graziamagazine.com\/es\/#website\",\"url\":\"https:\/\/graziamagazine.com\/es\/\",\"name\":\"Grazia\",\"description\":\"Moda, belleza, celebrities, estilo de vida...\",\"potentialAction\":[{\"@type\":\"SearchAction\",\"target\":{\"@type\":\"EntryPoint\",\"urlTemplate\":\"https:\/\/graziamagazine.com\/es\/?s={search_term_string}\"},\"query-input\":\"required name=search_term_string\"}],\"inLanguage\":\"es\"}]}<\/script>\n<!-- \/ Yoast SEO Premium plugin. -->","yoast_head_json":{"title":"El nuevo It Bag de Dior se llama Toujours | Grazia","description":"Maria Grazia Chiuri ha ideado el aliado perfecto para el d\u00eda a d\u00eda por su pr\u00e1ctico tama\u00f1o en el que cabe todo.","robots":{"index":"index","follow":"follow","max-snippet":"max-snippet:-1","max-image-preview":"max-image-preview:large","max-video-preview":"max-video-preview:-1"},"canonical":"https:\/\/graziamagazine.com\/es\/articles\/el-nuevo-it-bag-de-dior-se-llama-toujours\/","og_locale":"es_ES","og_type":"article","og_title":"El nuevo It Bag de Dior se llama Toujours","og_description":"Maria Grazia Chiuri ha ideado el aliado perfecto para el d\u00eda a d\u00eda por su pr\u00e1ctico tama\u00f1o en el que cabe todo.","og_url":"https:\/\/graziamagazine.com\/es\/articles\/el-nuevo-it-bag-de-dior-se-llama-toujours\/","og_site_name":"Grazia","og_image":[{"width":1056,"height":768,"url":"https:\/\/graziamagazine.com\/es\/wp-content\/uploads\/sites\/12\/2023\/07\/m2820oshjm900-1_1440_1200-copia-e1690198436336.jpg","type":"image\/jpeg"}],"twitter_card":"summary_large_image","twitter_misc":{"Est. reading time":"3 minutos"},"schema":{"@context":"https:\/\/schema.org","@graph":[{"@type":"WebPage","@id":"https:\/\/graziamagazine.com\/es\/articles\/el-nuevo-it-bag-de-dior-se-llama-toujours\/","url":"https:\/\/graziamagazine.com\/es\/articles\/el-nuevo-it-bag-de-dior-se-llama-toujours\/","name":"El nuevo It Bag de Dior se llama Toujours | Grazia","isPartOf":{"@id":"https:\/\/graziamagazine.com\/es\/#website"},"datePublished":"2023-07-24T11:34:58+00:00","dateModified":"2023-07-24T11:34:58+00:00","description":"Maria Grazia Chiuri ha ideado el aliado perfecto para el d\u00eda a d\u00eda por su pr\u00e1ctico tama\u00f1o en el que cabe todo.","breadcrumb":{"@id":"https:\/\/graziamagazine.com\/es\/articles\/el-nuevo-it-bag-de-dior-se-llama-toujours\/#breadcrumb"},"inLanguage":"es","potentialAction":[{"@type":"ReadAction","target":["https:\/\/graziamagazine.com\/es\/articles\/el-nuevo-it-bag-de-dior-se-llama-toujours\/"]}]},{"@type":"BreadcrumbList","@id":"https:\/\/graziamagazine.com\/es\/articles\/el-nuevo-it-bag-de-dior-se-llama-toujours\/#breadcrumb","itemListElement":[{"@type":"ListItem","position":1,"name":"Portada","item":"https:\/\/graziamagazine.com\/es\/"},{"@type":"ListItem","position":2,"name":"El nuevo It Bag de Dior se llama Toujours"}]},{"@type":"WebSite","@id":"https:\/\/graziamagazine.com\/es\/#website","url":"https:\/\/graziamagazine.com\/es\/","name":"Grazia","description":"Moda, belleza, celebrities, estilo de vida...","potentialAction":[{"@type":"SearchAction","target":{"@type":"EntryPoint","urlTemplate":"https:\/\/graziamagazine.com\/es\/?s={search_term_string}"},"query-input":"required name=search_term_string"}],"inLanguage":"es"}]}},"jetpack_sharing_enabled":true,"distributor_meta":false,"distributor_terms":false,"distributor_media":false,"distributor_original_site_name":"Grazia","distributor_original_site_url":"https:\/\/graziamagazine.com\/es","push-errors":false,"_links":{"self":[{"href":"https:\/\/graziamagazine.com\/es\/wp-json\/wp\/v2\/articles\/171420"}],"collection":[{"href":"https:\/\/graziamagazine.com\/es\/wp-json\/wp\/v2\/articles"}],"about":[{"href":"https:\/\/graziamagazine.com\/es\/wp-json\/wp\/v2\/types\/articles"}],"author":[{"embeddable":true,"href":"https:\/\/graziamagazine.com\/es\/wp-json\/wp\/v2\/users\/11653"}],"wp:featuredmedia":[{"embeddable":true,"href":"https:\/\/graziamagazine.com\/es\/wp-json\/wp\/v2\/media\/171429"}],"wp:attachment":[{"href":"https:\/\/graziamagazine.com\/es\/wp-json\/wp\/v2\/media?parent=171420"}],"wp:term":[{"taxonomy":"category","embeddable":true,"href":"https:\/\/graziamagazine.com\/es\/wp-json\/wp\/v2\/categories?post=171420"}],"curies":[{"name":"wp","href":"https:\/\/api.w.org\/{rel}","templated":true}]}}