{"id":171364,"date":"2023-07-20T09:00:23","date_gmt":"2023-07-20T07:00:23","guid":{"rendered":"https:\/\/graziamagazine.com\/es\/?post_type=articles&#038;p=171364"},"modified":"2023-07-20T00:35:29","modified_gmt":"2023-07-19T22:35:29","slug":"trucos-para-sacarle-el-maximo-partido-a-tu-mascarilla-de-pelo","status":"publish","type":"articles","link":"https:\/\/graziamagazine.com\/es\/articles\/trucos-para-sacarle-el-maximo-partido-a-tu-mascarilla-de-pelo\/","title":{"rendered":"Trucos para sacarle el m\u00e1ximo partido a tu mascarilla de pelo"},"content":{"rendered":"<p>En verano, fomentar los tratamientos capilares resulta esencial para contrarrestar los efectos nocivos del agua del mar, del cloro o de la exposici\u00f3n solar. En lugar de dejar que nuestro cabello sufra y se castigue, podemos mantenerlo saludable optando por productos de cuidado que podamos utilizar en nuestro d\u00eda a d\u00eda. Y la mascarilla es la herramienta imprescindible para lucir una melena de diez.<\/p>\n<p>Desde la comodidad de tu hogar, y de forma muy sencilla, su aplicaci\u00f3n ofrece grandes resultados con los que olvidarse de tratamientos profesionales y costosos durante una temporada. Utiliz\u00e1ndose una o dos veces por semana, el cabello se mantiene sano y, nosotros, contentos. Pero para aprovechar los m\u00faltiples beneficios que una mascarilla capilar ofrece, no sirve con aplicarla y olvidarse. Hablamos con los que m\u00e1s saben del sector para sacarle el m\u00e1ximo partido a nuestra mascarilla de pelo.<\/p>\n<h3><strong>Los pasos previos a la aplicaci\u00f3n de la mascarilla<\/strong><\/h3>\n<p>Antes de aplicarse la mascarilla, debemos tener en cuenta ciertos puntos para que nuestro cabello acoja este tratamiento con la mayor eficacia posible. Lo primero y m\u00e1s importante, por supuesto, es \u201cusar la mascarilla m\u00e1s conveniente a la necesidad que tiene tu cabello\u201d, nos explica <strong>Alberto Sanguino, experto estilista de\u00a0<a href=\"https:\/\/www.llongueras.com\/\" target=\"_blank\" rel=\"noopener noreferrer\" data-auth=\"NotApplicable\" data-linkindex=\"2\" target=\"_blank\">Llongueras<\/a><\/strong>. De poco nos sirve utilizar un producto con beneficios para los pelos m\u00e1s finos, por ejemplo, si nuestro cabello es grueso. Por ello, deberemos saber con antelaci\u00f3n c\u00f3mo es nuestro pelo, qu\u00e9 necesita y qu\u00e9 es lo que m\u00e1s le conviene.<\/p>\n<p>Por otro lado, el cabello debe encontrarse preparado para absorber todos los activos de la mascarilla. Para llevarlo a este punto, <strong>Carlos Fern\u00e1ndez, estilista profesional de\u00a0<a href=\"https:\/\/franckprovost.es\/\" target=\"_blank\" rel=\"noopener noreferrer\" data-auth=\"NotApplicable\" data-linkindex=\"3\" target=\"_blank\">Franck Provost<\/a><\/strong>, nos recomienda peinarlo en todas direcciones con un cepillo de cerdas naturales. \u201cVa a conseguir, en primer lugar, eliminar posibles residuos de agentes externos que pueda tener el cabello, como la poluci\u00f3n, el polvo, la laca o el spray. Por otra parte, el cepillado activa el riego sangu\u00edneo, lo cual favorece que el pelo crezca mejor y con mayor salud, y deja el cuero cabelludo receptivo para cualquier tratamiento. As\u00ed, los activos actuar\u00e1n con mayor intensidad y eficacia\u201d, aconseja el experto. Y, por supuesto, nuestra melena estar\u00e1 completamente desenredada, lo cual facilita much\u00edsimo la aplicaci\u00f3n de cualquier producto.<\/p>\n<h3><strong>El m\u00e9todo perfecto para aplicarse la mascarilla<\/strong><\/h3>\n<p>Una vez tengamos el cabello cepillado, limpio (tras la utilizaci\u00f3n de un buen champ\u00fa) y mojado, el siguiente paso es la aplicaci\u00f3n de la mascarilla. Pero, antes, ser\u00e1 necesario<strong> retirar la humedad con una toalla<\/strong> para favorecer la absorci\u00f3n m\u00e1xima de los activos. \u201cDepositamos la mascarilla en ambas manos y la extendemos sobre nuestro cabello como si de una cuerda se tratase, en direcci\u00f3n a su ca\u00edda natural. Nunca deberemos aplicarla hacia arriba, en sentido contrario\u201d, indica Carlos Fern\u00e1ndez. Adem\u00e1s, es muy importante enfocarnos s\u00f3lo en medios y puntas pues, de lo contrario, a\u00f1adir\u00edamos un peso innecesario a la ra\u00edz.<\/p>\n<p>Por otro lado, Carlos Fern\u00e1ndez, desde Franck Provost, nos recomienda <strong>no peinarlo nunca<\/strong>. \u00bfLa raz\u00f3n? \u201cLas mascarillas contienen unos principios activos, como el aceite de coco, que deben depositarse en el cabello. Si lo peinamos, lo que haremos es quebrar el cabello, que se encontrar\u00e1 especialmente sensible, y tirar todos esos principios por el desag\u00fce, resultando en un tratamiento completamente ineficaz\u201d, explica el experto. Por ello, lo mejor y mas conveniente es dejar actuar la mascarilla sobre el cabello por s\u00ed misma, como m\u00ednimo, durante 10 minutos.<\/p>\n<p>Para que sus activos penetren en profundidad, <strong>podemos recurrir a una toalla o gorro de ba\u00f1o y dejarla actuar durante horas, ya sea durante el d\u00eda o por la noche.<\/strong> Eso s\u00ed, la toalla nunca debe estar mojada: \u201ctiene que ser una toalla seca y, si est\u00e1 caliente, mejor. As\u00ed, podemos introducirla en el microondas y, despu\u00e9s, colocarla enrollada, a modo de turbante, envolviendo nuestro cabello\u201d, nos cuenta Carlos Fern\u00e1ndez.<\/p>\n<p>Alberto Sanguino, por su lado, nos ofrece incluso aportar algo de calor sobre el cabello. \u201cCon la ayuda de un difusor, introducimos aire caliente dentro del gorro de ducha, favoreciendo que la mascarilla penetre m\u00e1s\u201d, nos explica el experto estilista de Llongueras.<\/p>\n<p><strong>Antes de aclarar la mascarilla<\/strong>, Carlos Fern\u00e1ndez nos ofrece un truco de expertos que transformar\u00e1 nuestra melena: \u201clentamente, dejamos que el chorro de agua y nuestros dedos, en forma de pinza, arrastren la mascarilla de los medios a las puntas. De este modo, arrastramos el exceso de producto y sellamos, con este gesto, los principios\u201d. El efecto \u2018wow\u2019 llega cuando intentamos pasar el cepillo por nuestro cabello, el cual est\u00e1 suave como la seda y no opondr\u00e1 ninguna resistencia.<\/p>\n<p><strong>El aclarado final, eso s\u00ed, deber\u00eda llevarse a cabo con agua fr\u00eda,<\/strong> pues es muy beneficiosa: cierra los poros y amplifica los beneficios de los activos, aportando mucho m\u00e1s brillo y un acabado sublime. El agua caliente, por el contrario, dejar\u00eda el poro muy abierto y los principios activos no durar\u00edan en el tiempo.<\/p>\n<h3>Los expertos recomiendan<\/h3>\n<p>Una buena opci\u00f3n es confiar en el\u00a0<strong>b\u00e1lsamo de tratamiento de Franck Provost.\u00a0<\/strong>Se trata de un producto que consigue nutrir en profundidad, sobre todo las puntas\u00a0 y las melenas largars, y que cuenta con un 98% de ingredientes de origen natural. Es capaz de reparar y reestructurar la fibra capilar as\u00ed que el resultado es un cabello hidratado, suave y f\u00e1cil de peinar.<\/p>\n<p><img loading=\"lazy\" decoding=\"async\" class=\"aligncenter size-full wp-image-171365\" src=\"https:\/\/graziamagazine.com\/es\/wp-content\/uploads\/sites\/12\/2023\/07\/Franck_Provost_BAUME_DE_SOIN_200ML.jpg\" alt=\"\" width=\"1024\" height=\"778\" \/><\/p>\n<p>La\u00a0<strong>Ultimate Repair Masque de REF Stockholm<\/strong>\u00a0es un tratamiento intensivo que protege, fortalece y reconstruye el cabello seco y da\u00f1ado por el uso qu\u00edmico o t\u00e9rmico. Imprescindible en verano. Su composici\u00f3n principal es la manteca de Murumuru, que promueve la retenci\u00f3n de humedad, restaura el brillo y la suavidad del cabello y mejora su flexibilidad.<\/p>\n<p><img loading=\"lazy\" decoding=\"async\" class=\"aligncenter size-full wp-image-171366\" src=\"https:\/\/graziamagazine.com\/es\/wp-content\/uploads\/sites\/12\/2023\/07\/REF_Ultimate_Repair_Masque.png\" alt=\"\" width=\"467\" height=\"396\" \/><\/p>\n<p>&nbsp;<\/p>\n<p aria-hidden=\"true\">\n","protected":false},"author":11653,"featured_media":171367,"template":"","format":"standard","categories":[7],"acf":[],"yoast_head":"<!-- This site is optimized with the Yoast SEO Premium plugin v18.5 (Yoast SEO v20.4) - https:\/\/yoast.com\/wordpress\/plugins\/seo\/ -->\n<title>Trucos para sacarle el m\u00e1ximo partido a tu mascarilla de pelo<\/title>\n<meta name=\"description\" content=\"Los expertos nos dan las claves para transformar nuestra melena explotando los beneficios de una buena mascarilla.\" \/>\n<meta name=\"robots\" content=\"index, follow, max-snippet:-1, max-image-preview:large, max-video-preview:-1\" \/>\n<link rel=\"canonical\" href=\"https:\/\/graziamagazine.com\/es\/articles\/trucos-para-sacarle-el-maximo-partido-a-tu-mascarilla-de-pelo\/\" \/>\n<meta property=\"og:locale\" content=\"es_ES\" \/>\n<meta property=\"og:type\" content=\"article\" \/>\n<meta property=\"og:title\" content=\"Trucos para sacarle el m\u00e1ximo partido a tu mascarilla de pelo\" \/>\n<meta property=\"og:description\" content=\"Los expertos nos dan las claves para transformar nuestra melena explotando los beneficios de una buena mascarilla.\" \/>\n<meta property=\"og:url\" content=\"https:\/\/graziamagazine.com\/es\/articles\/trucos-para-sacarle-el-maximo-partido-a-tu-mascarilla-de-pelo\/\" \/>\n<meta property=\"og:site_name\" content=\"Grazia\" \/>\n<meta property=\"article:modified_time\" content=\"2023-07-19T22:35:29+00:00\" \/>\n<meta property=\"og:image\" content=\"https:\/\/graziamagazine.com\/es\/wp-content\/uploads\/sites\/12\/2023\/07\/Captura_de_pantalla_2022-06-07_a_las_14.34.22.png?fit=895%2C660\" \/>\n\t<meta property=\"og:image:width\" content=\"895\" \/>\n\t<meta property=\"og:image:height\" content=\"660\" \/>\n\t<meta property=\"og:image:type\" content=\"image\/png\" \/>\n<meta name=\"twitter:card\" content=\"summary_large_image\" \/>\n<meta name=\"twitter:label1\" content=\"Est. reading time\" \/>\n\t<meta name=\"twitter:data1\" content=\"5 minutos\" \/>\n<script type=\"application\/ld+json\" class=\"yoast-schema-graph\">{\"@context\":\"https:\/\/schema.org\",\"@graph\":[{\"@type\":\"WebPage\",\"@id\":\"https:\/\/graziamagazine.com\/es\/articles\/trucos-para-sacarle-el-maximo-partido-a-tu-mascarilla-de-pelo\/\",\"url\":\"https:\/\/graziamagazine.com\/es\/articles\/trucos-para-sacarle-el-maximo-partido-a-tu-mascarilla-de-pelo\/\",\"name\":\"Trucos para sacarle el m\u00e1ximo partido a tu mascarilla de pelo\",\"isPartOf\":{\"@id\":\"https:\/\/graziamagazine.com\/es\/#website\"},\"datePublished\":\"2023-07-20T07:00:23+00:00\",\"dateModified\":\"2023-07-19T22:35:29+00:00\",\"description\":\"Los expertos nos dan las claves para transformar nuestra melena explotando los beneficios de una buena mascarilla.\",\"breadcrumb\":{\"@id\":\"https:\/\/graziamagazine.com\/es\/articles\/trucos-para-sacarle-el-maximo-partido-a-tu-mascarilla-de-pelo\/#breadcrumb\"},\"inLanguage\":\"es\",\"potentialAction\":[{\"@type\":\"ReadAction\",\"target\":[\"https:\/\/graziamagazine.com\/es\/articles\/trucos-para-sacarle-el-maximo-partido-a-tu-mascarilla-de-pelo\/\"]}]},{\"@type\":\"BreadcrumbList\",\"@id\":\"https:\/\/graziamagazine.com\/es\/articles\/trucos-para-sacarle-el-maximo-partido-a-tu-mascarilla-de-pelo\/#breadcrumb\",\"itemListElement\":[{\"@type\":\"ListItem\",\"position\":1,\"name\":\"Portada\",\"item\":\"https:\/\/graziamagazine.com\/es\/\"},{\"@type\":\"ListItem\",\"position\":2,\"name\":\"Trucos para sacarle el m\u00e1ximo partido a tu mascarilla de pelo\"}]},{\"@type\":\"WebSite\",\"@id\":\"https:\/\/graziamagazine.com\/es\/#website\",\"url\":\"https:\/\/graziamagazine.com\/es\/\",\"name\":\"Grazia\",\"description\":\"Moda, belleza, celebrities, estilo de vida...\",\"potentialAction\":[{\"@type\":\"SearchAction\",\"target\":{\"@type\":\"EntryPoint\",\"urlTemplate\":\"https:\/\/graziamagazine.com\/es\/?s={search_term_string}\"},\"query-input\":\"required name=search_term_string\"}],\"inLanguage\":\"es\"}]}<\/script>\n<!-- \/ Yoast SEO Premium plugin. -->","yoast_head_json":{"title":"Trucos para sacarle el m\u00e1ximo partido a tu mascarilla de pelo","description":"Los expertos nos dan las claves para transformar nuestra melena explotando los beneficios de una buena mascarilla.","robots":{"index":"index","follow":"follow","max-snippet":"max-snippet:-1","max-image-preview":"max-image-preview:large","max-video-preview":"max-video-preview:-1"},"canonical":"https:\/\/graziamagazine.com\/es\/articles\/trucos-para-sacarle-el-maximo-partido-a-tu-mascarilla-de-pelo\/","og_locale":"es_ES","og_type":"article","og_title":"Trucos para sacarle el m\u00e1ximo partido a tu mascarilla de pelo","og_description":"Los expertos nos dan las claves para transformar nuestra melena explotando los beneficios de una buena mascarilla.","og_url":"https:\/\/graziamagazine.com\/es\/articles\/trucos-para-sacarle-el-maximo-partido-a-tu-mascarilla-de-pelo\/","og_site_name":"Grazia","article_modified_time":"2023-07-19T22:35:29+00:00","og_image":[{"width":895,"height":660,"url":"https:\/\/graziamagazine.com\/es\/wp-content\/uploads\/sites\/12\/2023\/07\/Captura_de_pantalla_2022-06-07_a_las_14.34.22.png?fit=895%2C660","type":"image\/png"}],"twitter_card":"summary_large_image","twitter_misc":{"Est. reading time":"5 minutos"},"schema":{"@context":"https:\/\/schema.org","@graph":[{"@type":"WebPage","@id":"https:\/\/graziamagazine.com\/es\/articles\/trucos-para-sacarle-el-maximo-partido-a-tu-mascarilla-de-pelo\/","url":"https:\/\/graziamagazine.com\/es\/articles\/trucos-para-sacarle-el-maximo-partido-a-tu-mascarilla-de-pelo\/","name":"Trucos para sacarle el m\u00e1ximo partido a tu mascarilla de pelo","isPartOf":{"@id":"https:\/\/graziamagazine.com\/es\/#website"},"datePublished":"2023-07-20T07:00:23+00:00","dateModified":"2023-07-19T22:35:29+00:00","description":"Los expertos nos dan las claves para transformar nuestra melena explotando los beneficios de una buena mascarilla.","breadcrumb":{"@id":"https:\/\/graziamagazine.com\/es\/articles\/trucos-para-sacarle-el-maximo-partido-a-tu-mascarilla-de-pelo\/#breadcrumb"},"inLanguage":"es","potentialAction":[{"@type":"ReadAction","target":["https:\/\/graziamagazine.com\/es\/articles\/trucos-para-sacarle-el-maximo-partido-a-tu-mascarilla-de-pelo\/"]}]},{"@type":"BreadcrumbList","@id":"https:\/\/graziamagazine.com\/es\/articles\/trucos-para-sacarle-el-maximo-partido-a-tu-mascarilla-de-pelo\/#breadcrumb","itemListElement":[{"@type":"ListItem","position":1,"name":"Portada","item":"https:\/\/graziamagazine.com\/es\/"},{"@type":"ListItem","position":2,"name":"Trucos para sacarle el m\u00e1ximo partido a tu mascarilla de pelo"}]},{"@type":"WebSite","@id":"https:\/\/graziamagazine.com\/es\/#website","url":"https:\/\/graziamagazine.com\/es\/","name":"Grazia","description":"Moda, belleza, celebrities, estilo de vida...","potentialAction":[{"@type":"SearchAction","target":{"@type":"EntryPoint","urlTemplate":"https:\/\/graziamagazine.com\/es\/?s={search_term_string}"},"query-input":"required name=search_term_string"}],"inLanguage":"es"}]}},"jetpack_sharing_enabled":true,"distributor_meta":false,"distributor_terms":false,"distributor_media":false,"distributor_original_site_name":"Grazia","distributor_original_site_url":"https:\/\/graziamagazine.com\/es","push-errors":false,"_links":{"self":[{"href":"https:\/\/graziamagazine.com\/es\/wp-json\/wp\/v2\/articles\/171364"}],"collection":[{"href":"https:\/\/graziamagazine.com\/es\/wp-json\/wp\/v2\/articles"}],"about":[{"href":"https:\/\/graziamagazine.com\/es\/wp-json\/wp\/v2\/types\/articles"}],"author":[{"embeddable":true,"href":"https:\/\/graziamagazine.com\/es\/wp-json\/wp\/v2\/users\/11653"}],"wp:featuredmedia":[{"embeddable":true,"href":"https:\/\/graziamagazine.com\/es\/wp-json\/wp\/v2\/media\/171367"}],"wp:attachment":[{"href":"https:\/\/graziamagazine.com\/es\/wp-json\/wp\/v2\/media?parent=171364"}],"wp:term":[{"taxonomy":"category","embeddable":true,"href":"https:\/\/graziamagazine.com\/es\/wp-json\/wp\/v2\/categories?post=171364"}],"curies":[{"name":"wp","href":"https:\/\/api.w.org\/{rel}","templated":true}]}}