{"id":171322,"date":"2023-07-24T10:30:23","date_gmt":"2023-07-24T08:30:23","guid":{"rendered":"https:\/\/graziamagazine.com\/es\/?post_type=articles&#038;p=171322"},"modified":"2023-07-24T10:48:19","modified_gmt":"2023-07-24T08:48:19","slug":"vitamina-e-el-activo-con-propiedades-antioxidantes-para-el-cabello","status":"publish","type":"articles","link":"https:\/\/graziamagazine.com\/es\/articles\/vitamina-e-el-activo-con-propiedades-antioxidantes-para-el-cabello\/","title":{"rendered":"Vitamina E: el activo con propiedades antioxidantes para el cabello"},"content":{"rendered":"<p>Las bondades y beneficios de la vitamina E para el cuidado facial son muy reconocidas. Un poderoso activo antioxidante que previene el envejecimiento prematuro de la piel y que la defiende de agresiones externas como la contaminaci\u00f3n o los rayos UV.\u00a0<br aria-hidden=\"true\" \/><br aria-hidden=\"true\" \/>En el caso del<strong>\u00a0cabello, la vitamina E<\/strong>\u00a0tambi\u00e9n es un ingrediente muy beneficioso, siendo los secos los mayores beneficiados de este activo. \u00bfQu\u00e9 puede hacer por la melena? Aqu\u00ed seis de sus beneficios.<\/p>\n<p>1.\u00a0<strong>Repara<\/strong>\u00a0las puntas secas y abiertas, previniendo que el cabello se quiebre.\u00a0<br aria-hidden=\"true\" \/><br aria-hidden=\"true\" \/>2. Ayuda a\u00a0<strong>estimular la producci\u00f3n de sebo<\/strong>\u00a0en el cuero cabelludo, mostrando una melena m\u00e1s hidratada y brillante.\u00a0<br aria-hidden=\"true\" \/><br aria-hidden=\"true\" \/>3. Deja el cabello\u00a0<strong>suave y sedoso<\/strong>\u00a0al tacto.\u00a0<br aria-hidden=\"true\" \/><br aria-hidden=\"true\" \/>4.\u00a0<strong>Acondiciona<\/strong>\u00a0el cabello de manera natural, protegi\u00e9ndolo de los da\u00f1os provenientes de agentes externos.\u00a0<br aria-hidden=\"true\" \/><br aria-hidden=\"true\" \/>5. Mejora el<strong>\u00a0flujo sangu\u00edneo en el cuero cabelludo<\/strong>, por lo que se absorben mejor los nutrientes.\u00a0<br aria-hidden=\"true\" \/><br aria-hidden=\"true\" \/>6. Combate la\u00a0<strong>sequedad<\/strong>\u00a0del cabello.<\/p>\n<h3>\u00bfQu\u00e9 productos usar?<\/h3>\n<p>Si quieres a\u00f1adir vitamina E a tu rutina capilar, en <strong>Valquer Laboratorios<\/strong> tienen toda una gama de productos espec\u00edficos que tu cabello, en verano y en todas las estaciones del a\u00f1o, agradecer\u00e1.<\/p>\n<p>Por un lado est\u00e1 el serum rico en <strong>Aceite de Arg\u00e1n para cabellos<\/strong> secos y muy castigados, que aporta antioxidantes y mucha vitamina E. Adem\u00e1s contiene otros activos como el Aceite de Zanahoria, que gracias a su contenido en carotenos y vitamina E, proporciona al cabello suavidad, es emoliente, es regenerador y previene el envejecimiento. <a href=\"https:\/\/www.valquer.com\/products\/serum-capilar-oro-liquido-de-argan-100-ml-valquer\" target=\"_blank\">Su precio recomendado es de 15,95 euros<\/a>.\u00a0<img loading=\"lazy\" decoding=\"async\" class=\"aligncenter wp-image-171323 size-full\" src=\"https:\/\/graziamagazine.com\/es\/wp-content\/uploads\/sites\/12\/2023\/07\/d9a56578-9440-9388-c414-080b82a88b45-e1689680108940.jpg\" alt=\"\" width=\"870\" height=\"935\" \/><\/p>\n<p>Por otro lado tambi\u00e9n est\u00e1 el <strong>Champ\u00fa hidratante para cabellos secos<\/strong>, formulado con extracto de soja, Phytokeratina, Vitamina E y provitamina B5. Una f\u00f3rmula delicada y exclusiva, para reavivar e hidratar cabello, donde la V<strong>itamina E<\/strong>\u00a0act\u00faa como antioxidante y los oligosac\u00e1ridos que suavizan y reparan las cut\u00edculas da\u00f1adas, dejando el\u00a0<strong>cabello brillante e hidratado<\/strong>. Su precio es de <a href=\"https:\/\/www.valquer.com\/products\/champu-zero-ultrahidratante-para-cabellos-secos-valquer\" target=\"_blank\">18,95 euros<\/a>.<\/p>\n<p><img loading=\"lazy\" decoding=\"async\" class=\"aligncenter wp-image-171325 size-large\" src=\"https:\/\/graziamagazine.com\/es\/wp-content\/uploads\/sites\/12\/2023\/07\/bf7a0d4e-81df-e072-d73f-c896a55b5483-copia-e1689680338675.jpeg?w=735\" alt=\"\" width=\"735\" height=\"1024\" \/><\/p>\n<p><em>*Im\u00e1genes: Unsplash y cortes\u00eda<\/em><\/p>\n","protected":false},"author":11653,"featured_media":171326,"template":"","format":"standard","categories":[3054],"acf":[],"yoast_head":"<!-- This site is optimized with the Yoast SEO Premium plugin v18.5 (Yoast SEO v20.4) - https:\/\/yoast.com\/wordpress\/plugins\/seo\/ -->\n<title>Vitamina E: el activo con propiedades antioxidantes para el cabello<\/title>\n<meta name=\"description\" content=\"Te contamos 6 beneficios que aporta la vitamina E a tu cabello para conseguir una textura hidratada, sedosa y cuidada este verano.\" \/>\n<meta name=\"robots\" content=\"index, follow, max-snippet:-1, max-image-preview:large, max-video-preview:-1\" \/>\n<link rel=\"canonical\" href=\"https:\/\/graziamagazine.com\/es\/articles\/vitamina-e-el-activo-con-propiedades-antioxidantes-para-el-cabello\/\" \/>\n<meta property=\"og:locale\" content=\"es_ES\" \/>\n<meta property=\"og:type\" content=\"article\" \/>\n<meta property=\"og:title\" content=\"Vitamina E: el activo con propiedades antioxidantes para el cabello\" \/>\n<meta property=\"og:description\" content=\"Te contamos 6 beneficios que aporta la vitamina E a tu cabello para conseguir una textura hidratada, sedosa y cuidada este verano.\" \/>\n<meta property=\"og:url\" content=\"https:\/\/graziamagazine.com\/es\/articles\/vitamina-e-el-activo-con-propiedades-antioxidantes-para-el-cabello\/\" \/>\n<meta property=\"og:site_name\" content=\"Grazia\" \/>\n<meta property=\"article:modified_time\" content=\"2023-07-24T08:48:19+00:00\" \/>\n<meta property=\"og:image\" content=\"https:\/\/graziamagazine.com\/es\/wp-content\/uploads\/sites\/12\/2023\/07\/ryan-moreno-CAQV_lXm_iw-unsplash.jpg\" \/>\n\t<meta property=\"og:image:width\" content=\"1920\" \/>\n\t<meta property=\"og:image:height\" content=\"1280\" \/>\n\t<meta property=\"og:image:type\" content=\"image\/jpeg\" \/>\n<meta name=\"twitter:card\" content=\"summary_large_image\" \/>\n<meta name=\"twitter:label1\" content=\"Est. reading time\" \/>\n\t<meta name=\"twitter:data1\" content=\"2 minutos\" \/>\n<script type=\"application\/ld+json\" class=\"yoast-schema-graph\">{\"@context\":\"https:\/\/schema.org\",\"@graph\":[{\"@type\":\"WebPage\",\"@id\":\"https:\/\/graziamagazine.com\/es\/articles\/vitamina-e-el-activo-con-propiedades-antioxidantes-para-el-cabello\/\",\"url\":\"https:\/\/graziamagazine.com\/es\/articles\/vitamina-e-el-activo-con-propiedades-antioxidantes-para-el-cabello\/\",\"name\":\"Vitamina E: el activo con propiedades antioxidantes para el cabello\",\"isPartOf\":{\"@id\":\"https:\/\/graziamagazine.com\/es\/#website\"},\"datePublished\":\"2023-07-24T08:30:23+00:00\",\"dateModified\":\"2023-07-24T08:48:19+00:00\",\"description\":\"Te contamos 6 beneficios que aporta la vitamina E a tu cabello para conseguir una textura hidratada, sedosa y cuidada este verano.\",\"breadcrumb\":{\"@id\":\"https:\/\/graziamagazine.com\/es\/articles\/vitamina-e-el-activo-con-propiedades-antioxidantes-para-el-cabello\/#breadcrumb\"},\"inLanguage\":\"es\",\"potentialAction\":[{\"@type\":\"ReadAction\",\"target\":[\"https:\/\/graziamagazine.com\/es\/articles\/vitamina-e-el-activo-con-propiedades-antioxidantes-para-el-cabello\/\"]}]},{\"@type\":\"BreadcrumbList\",\"@id\":\"https:\/\/graziamagazine.com\/es\/articles\/vitamina-e-el-activo-con-propiedades-antioxidantes-para-el-cabello\/#breadcrumb\",\"itemListElement\":[{\"@type\":\"ListItem\",\"position\":1,\"name\":\"Portada\",\"item\":\"https:\/\/graziamagazine.com\/es\/\"},{\"@type\":\"ListItem\",\"position\":2,\"name\":\"Vitamina E: el activo con propiedades antioxidantes para el cabello\"}]},{\"@type\":\"WebSite\",\"@id\":\"https:\/\/graziamagazine.com\/es\/#website\",\"url\":\"https:\/\/graziamagazine.com\/es\/\",\"name\":\"Grazia\",\"description\":\"Moda, belleza, celebrities, estilo de vida...\",\"potentialAction\":[{\"@type\":\"SearchAction\",\"target\":{\"@type\":\"EntryPoint\",\"urlTemplate\":\"https:\/\/graziamagazine.com\/es\/?s={search_term_string}\"},\"query-input\":\"required name=search_term_string\"}],\"inLanguage\":\"es\"}]}<\/script>\n<!-- \/ Yoast SEO Premium plugin. -->","yoast_head_json":{"title":"Vitamina E: el activo con propiedades antioxidantes para el cabello","description":"Te contamos 6 beneficios que aporta la vitamina E a tu cabello para conseguir una textura hidratada, sedosa y cuidada este verano.","robots":{"index":"index","follow":"follow","max-snippet":"max-snippet:-1","max-image-preview":"max-image-preview:large","max-video-preview":"max-video-preview:-1"},"canonical":"https:\/\/graziamagazine.com\/es\/articles\/vitamina-e-el-activo-con-propiedades-antioxidantes-para-el-cabello\/","og_locale":"es_ES","og_type":"article","og_title":"Vitamina E: el activo con propiedades antioxidantes para el cabello","og_description":"Te contamos 6 beneficios que aporta la vitamina E a tu cabello para conseguir una textura hidratada, sedosa y cuidada este verano.","og_url":"https:\/\/graziamagazine.com\/es\/articles\/vitamina-e-el-activo-con-propiedades-antioxidantes-para-el-cabello\/","og_site_name":"Grazia","article_modified_time":"2023-07-24T08:48:19+00:00","og_image":[{"width":1920,"height":1280,"url":"https:\/\/graziamagazine.com\/es\/wp-content\/uploads\/sites\/12\/2023\/07\/ryan-moreno-CAQV_lXm_iw-unsplash.jpg","type":"image\/jpeg"}],"twitter_card":"summary_large_image","twitter_misc":{"Est. reading time":"2 minutos"},"schema":{"@context":"https:\/\/schema.org","@graph":[{"@type":"WebPage","@id":"https:\/\/graziamagazine.com\/es\/articles\/vitamina-e-el-activo-con-propiedades-antioxidantes-para-el-cabello\/","url":"https:\/\/graziamagazine.com\/es\/articles\/vitamina-e-el-activo-con-propiedades-antioxidantes-para-el-cabello\/","name":"Vitamina E: el activo con propiedades antioxidantes para el cabello","isPartOf":{"@id":"https:\/\/graziamagazine.com\/es\/#website"},"datePublished":"2023-07-24T08:30:23+00:00","dateModified":"2023-07-24T08:48:19+00:00","description":"Te contamos 6 beneficios que aporta la vitamina E a tu cabello para conseguir una textura hidratada, sedosa y cuidada este verano.","breadcrumb":{"@id":"https:\/\/graziamagazine.com\/es\/articles\/vitamina-e-el-activo-con-propiedades-antioxidantes-para-el-cabello\/#breadcrumb"},"inLanguage":"es","potentialAction":[{"@type":"ReadAction","target":["https:\/\/graziamagazine.com\/es\/articles\/vitamina-e-el-activo-con-propiedades-antioxidantes-para-el-cabello\/"]}]},{"@type":"BreadcrumbList","@id":"https:\/\/graziamagazine.com\/es\/articles\/vitamina-e-el-activo-con-propiedades-antioxidantes-para-el-cabello\/#breadcrumb","itemListElement":[{"@type":"ListItem","position":1,"name":"Portada","item":"https:\/\/graziamagazine.com\/es\/"},{"@type":"ListItem","position":2,"name":"Vitamina E: el activo con propiedades antioxidantes para el cabello"}]},{"@type":"WebSite","@id":"https:\/\/graziamagazine.com\/es\/#website","url":"https:\/\/graziamagazine.com\/es\/","name":"Grazia","description":"Moda, belleza, celebrities, estilo de vida...","potentialAction":[{"@type":"SearchAction","target":{"@type":"EntryPoint","urlTemplate":"https:\/\/graziamagazine.com\/es\/?s={search_term_string}"},"query-input":"required name=search_term_string"}],"inLanguage":"es"}]}},"jetpack_sharing_enabled":true,"distributor_meta":false,"distributor_terms":false,"distributor_media":false,"distributor_original_site_name":"Grazia","distributor_original_site_url":"https:\/\/graziamagazine.com\/es","push-errors":false,"_links":{"self":[{"href":"https:\/\/graziamagazine.com\/es\/wp-json\/wp\/v2\/articles\/171322"}],"collection":[{"href":"https:\/\/graziamagazine.com\/es\/wp-json\/wp\/v2\/articles"}],"about":[{"href":"https:\/\/graziamagazine.com\/es\/wp-json\/wp\/v2\/types\/articles"}],"author":[{"embeddable":true,"href":"https:\/\/graziamagazine.com\/es\/wp-json\/wp\/v2\/users\/11653"}],"wp:featuredmedia":[{"embeddable":true,"href":"https:\/\/graziamagazine.com\/es\/wp-json\/wp\/v2\/media\/171326"}],"wp:attachment":[{"href":"https:\/\/graziamagazine.com\/es\/wp-json\/wp\/v2\/media?parent=171322"}],"wp:term":[{"taxonomy":"category","embeddable":true,"href":"https:\/\/graziamagazine.com\/es\/wp-json\/wp\/v2\/categories?post=171322"}],"curies":[{"name":"wp","href":"https:\/\/api.w.org\/{rel}","templated":true}]}}