{"id":171250,"date":"2023-07-14T11:27:40","date_gmt":"2023-07-14T09:27:40","guid":{"rendered":"https:\/\/graziamagazine.com\/es\/?post_type=articles&#038;p=171250"},"modified":"2023-07-14T11:27:40","modified_gmt":"2023-07-14T09:27:40","slug":"una-nueva-edicion-de-madrid-es-moda-regresa-en-septiembre","status":"publish","type":"articles","link":"https:\/\/graziamagazine.com\/es\/articles\/una-nueva-edicion-de-madrid-es-moda-regresa-en-septiembre\/","title":{"rendered":"Una nueva edici\u00f3n de Madrid es Moda regresa en septiembre"},"content":{"rendered":"<p>Madrid es Moda, iniciativa encargada de abrir la Semana de la Moda de Madrid y organizada por la Asociaci\u00f3n Creadores de Moda de Espa\u00f1a (ACME) gracias al apoyo de Madrid Capital de Moda del Ayuntamiento de Madrid, confirma hoy las fechas de su pr\u00f3xima temporada y avanza parte de su programa. Precursores en llevar la moda de autor a la calle y al p\u00fablico final, del 7 al 11 de septiembre MeM vuelve a elegir Madrid y sus rincones como escenario para presentar las propuestas de m\u00e1s de 20 dise\u00f1adores en originales citas que convierten a la ciudad en coprotagonista.<\/p>\n<h3>Cronos, el valor del tiempo<\/h3>\n<p>Esta entrega de Madrid es Moda gira en torno al concepto de Cronos, el valor del tiempo, un reconocimiento al elemento del que nace la contemplaci\u00f3n, la creaci\u00f3n y la artesan\u00eda, pilares que definen la moda de autor espa\u00f1ola. Cada prenda de nuestros dise\u00f1adores contiene este proceso, esta herencia y este tiempo. Piezas \u00fanicas que atesoran el aut\u00e9ntico valor inmaterial de la moda de autor. Indiscutibles testigos del paso del tiempo son los museos. Uno de los m\u00e1s emblem\u00e1ticos de nuestro pa\u00eds es, sin lugar a dudas, el Museo Arqueol\u00f3gico Nacional, espacio elegido para desarrollar la imagen gr\u00e1fica de esta edici\u00f3n y que ser\u00e1 tambi\u00e9n sede del acto inaugural.<\/p>\n<blockquote class=\"instagram-media\" data-instgrm-captioned data-instgrm-permalink=\"https:\/\/www.instagram.com\/reel\/CuozARYuSIo\/?utm_source=ig_embed&amp;utm_campaign=loading\" data-instgrm-version=\"14\" style=\" background:#FFF; border:0; border-radius:3px; box-shadow:0 0 1px 0 rgba(0,0,0,0.5),0 1px 10px 0 rgba(0,0,0,0.15); margin: 1px; max-width:500px; min-width:326px; padding:0; width:99.375%; width:-webkit-calc(100% - 2px); width:calc(100% - 2px);\">\n<div style=\"padding:16px;\"> <a href=\"https:\/\/www.instagram.com\/reel\/CuozARYuSIo\/?utm_source=ig_embed&amp;utm_campaign=loading\" style=\" background:#FFFFFF; line-height:0; padding:0 0; text-align:center; text-decoration:none; width:100%;\" target=\"_blank\"> <\/p>\n<div style=\" display: flex; flex-direction: row; align-items: center;\">\n<div style=\"background-color: #F4F4F4; border-radius: 50%; flex-grow: 0; height: 40px; margin-right: 14px; width: 40px;\"><\/div>\n<div style=\"display: flex; flex-direction: column; flex-grow: 1; justify-content: center;\">\n<div style=\" background-color: #F4F4F4; border-radius: 4px; flex-grow: 0; height: 14px; margin-bottom: 6px; width: 100px;\"><\/div>\n<div style=\" background-color: #F4F4F4; border-radius: 4px; flex-grow: 0; height: 14px; width: 60px;\"><\/div>\n<\/div>\n<\/div>\n<div style=\"padding: 19% 0;\"><\/div>\n<div style=\"display:block; height:50px; margin:0 auto 12px; width:50px;\"><svg width=\"50px\" height=\"50px\" viewBox=\"0 0 60 60\" version=\"1.1\" xmlns=\"https:\/\/www.w3.org\/2000\/svg\" xmlns:xlink=\"https:\/\/www.w3.org\/1999\/xlink\"><g stroke=\"none\" stroke-width=\"1\" fill=\"none\" fill-rule=\"evenodd\"><g transform=\"translate(-511.000000, -20.000000)\" fill=\"#000000\"><g><path d=\"M556.869,30.41 C554.814,30.41 553.148,32.076 553.148,34.131 C553.148,36.186 554.814,37.852 556.869,37.852 C558.924,37.852 560.59,36.186 560.59,34.131 C560.59,32.076 558.924,30.41 556.869,30.41 M541,60.657 C535.114,60.657 530.342,55.887 530.342,50 C530.342,44.114 535.114,39.342 541,39.342 C546.887,39.342 551.658,44.114 551.658,50 C551.658,55.887 546.887,60.657 541,60.657 M541,33.886 C532.1,33.886 524.886,41.1 524.886,50 C524.886,58.899 532.1,66.113 541,66.113 C549.9,66.113 557.115,58.899 557.115,50 C557.115,41.1 549.9,33.886 541,33.886 M565.378,62.101 C565.244,65.022 564.756,66.606 564.346,67.663 C563.803,69.06 563.154,70.057 562.106,71.106 C561.058,72.155 560.06,72.803 558.662,73.347 C557.607,73.757 556.021,74.244 553.102,74.378 C549.944,74.521 548.997,74.552 541,74.552 C533.003,74.552 532.056,74.521 528.898,74.378 C525.979,74.244 524.393,73.757 523.338,73.347 C521.94,72.803 520.942,72.155 519.894,71.106 C518.846,70.057 518.197,69.06 517.654,67.663 C517.244,66.606 516.755,65.022 516.623,62.101 C516.479,58.943 516.448,57.996 516.448,50 C516.448,42.003 516.479,41.056 516.623,37.899 C516.755,34.978 517.244,33.391 517.654,32.338 C518.197,30.938 518.846,29.942 519.894,28.894 C520.942,27.846 521.94,27.196 523.338,26.654 C524.393,26.244 525.979,25.756 528.898,25.623 C532.057,25.479 533.004,25.448 541,25.448 C548.997,25.448 549.943,25.479 553.102,25.623 C556.021,25.756 557.607,26.244 558.662,26.654 C560.06,27.196 561.058,27.846 562.106,28.894 C563.154,29.942 563.803,30.938 564.346,32.338 C564.756,33.391 565.244,34.978 565.378,37.899 C565.522,41.056 565.552,42.003 565.552,50 C565.552,57.996 565.522,58.943 565.378,62.101 M570.82,37.631 C570.674,34.438 570.167,32.258 569.425,30.349 C568.659,28.377 567.633,26.702 565.965,25.035 C564.297,23.368 562.623,22.342 560.652,21.575 C558.743,20.834 556.562,20.326 553.369,20.18 C550.169,20.033 549.148,20 541,20 C532.853,20 531.831,20.033 528.631,20.18 C525.438,20.326 523.257,20.834 521.349,21.575 C519.376,22.342 517.703,23.368 516.035,25.035 C514.368,26.702 513.342,28.377 512.574,30.349 C511.834,32.258 511.326,34.438 511.181,37.631 C511.035,40.831 511,41.851 511,50 C511,58.147 511.035,59.17 511.181,62.369 C511.326,65.562 511.834,67.743 512.574,69.651 C513.342,71.625 514.368,73.296 516.035,74.965 C517.703,76.634 519.376,77.658 521.349,78.425 C523.257,79.167 525.438,79.673 528.631,79.82 C531.831,79.965 532.853,80.001 541,80.001 C549.148,80.001 550.169,79.965 553.369,79.82 C556.562,79.673 558.743,79.167 560.652,78.425 C562.623,77.658 564.297,76.634 565.965,74.965 C567.633,73.296 568.659,71.625 569.425,69.651 C570.167,67.743 570.674,65.562 570.82,62.369 C570.966,59.17 571,58.147 571,50 C571,41.851 570.966,40.831 570.82,37.631\"><\/path><\/g><\/g><\/g><\/svg><\/div>\n<div style=\"padding-top: 8px;\">\n<div style=\" color:#3897f0; font-family:Arial,sans-serif; font-size:14px; font-style:normal; font-weight:550; line-height:18px;\">View this post on Instagram<\/div>\n<\/div>\n<div style=\"padding: 12.5% 0;\"><\/div>\n<div style=\"display: flex; flex-direction: row; margin-bottom: 14px; align-items: center;\">\n<div>\n<div style=\"background-color: #F4F4F4; border-radius: 50%; height: 12.5px; width: 12.5px; transform: translateX(0px) translateY(7px);\"><\/div>\n<div style=\"background-color: #F4F4F4; height: 12.5px; transform: rotate(-45deg) translateX(3px) translateY(1px); width: 12.5px; flex-grow: 0; margin-right: 14px; margin-left: 2px;\"><\/div>\n<div style=\"background-color: #F4F4F4; border-radius: 50%; height: 12.5px; width: 12.5px; transform: translateX(9px) translateY(-18px);\"><\/div>\n<\/div>\n<div style=\"margin-left: 8px;\">\n<div style=\" background-color: #F4F4F4; border-radius: 50%; flex-grow: 0; height: 20px; width: 20px;\"><\/div>\n<div style=\" width: 0; height: 0; border-top: 2px solid transparent; border-left: 6px solid #f4f4f4; border-bottom: 2px solid transparent; transform: translateX(16px) translateY(-4px) rotate(30deg)\"><\/div>\n<\/div>\n<div style=\"margin-left: auto;\">\n<div style=\" width: 0px; border-top: 8px solid #F4F4F4; border-right: 8px solid transparent; transform: translateY(16px);\"><\/div>\n<div style=\" background-color: #F4F4F4; flex-grow: 0; height: 12px; width: 16px; transform: translateY(-4px);\"><\/div>\n<div style=\" width: 0; height: 0; border-top: 8px solid #F4F4F4; border-left: 8px solid transparent; transform: translateY(-4px) translateX(8px);\"><\/div>\n<\/div>\n<\/div>\n<div style=\"display: flex; flex-direction: column; flex-grow: 1; justify-content: center; margin-bottom: 24px;\">\n<div style=\" background-color: #F4F4F4; border-radius: 4px; flex-grow: 0; height: 14px; margin-bottom: 6px; width: 224px;\"><\/div>\n<div style=\" background-color: #F4F4F4; border-radius: 4px; flex-grow: 0; height: 14px; width: 144px;\"><\/div>\n<\/div>\n<p><\/a><\/p>\n<p style=\" color:#c9c8cd; font-family:Arial,sans-serif; font-size:14px; line-height:17px; margin-bottom:0; margin-top:8px; overflow:hidden; padding:8px 0 7px; text-align:center; text-overflow:ellipsis; white-space:nowrap;\"><a href=\"https:\/\/www.instagram.com\/reel\/CuozARYuSIo\/?utm_source=ig_embed&amp;utm_campaign=loading\" style=\" color:#c9c8cd; font-family:Arial,sans-serif; font-size:14px; font-style:normal; font-weight:normal; line-height:17px; text-decoration:none;\" target=\"_blank\" target=\"_blank\">A post shared by madridesmoda_oficial (@madridesmoda_oficial)<\/a><\/p>\n<\/div>\n<\/blockquote>\n<p><script async src=\"\/\/platform.instagram.com\/en_US\/embeds.js\"><\/script><\/p>\n<h3>\u00bfQui\u00e9n estar\u00e1 en Madrid es Moda?<\/h3>\n<p>Una edici\u00f3n que ultima sus preparativos y que comenzar\u00e1 de nuevo con un evento urbano, esta vez celebrado en colaboraci\u00f3n con el Museo Arqueol\u00f3gico Nacional. Beatriz Pe\u00f1alver, Devota &amp; Lomba, Duarte, Duyos, Encinar, Esther Noriega, Evade House, F\u00e9lix Ramiro, Garc\u00eda Madrid, Gran Canaria Moda C\u00e1lida, Javier Delafuente, Juan Vidal, Juanjo Oliva, Leandro Cano, Malne, Mar\u00eda Lafuente, Mois\u00e9s Nieto, Odette \u00c1lvarez, Oteyza, Otrura, Pertegaz, Raquel L\u00f3pez y The Extreme Collection son algunas de las firmas que participar\u00e1n en Madrid es Moda, cuyo calendario se anunciar\u00e1 en unas semanas y que incluir\u00e1 desfiles, exposiciones y coloquios, entre otras actividades.<\/p>\n<p>Dentro de la programaci\u00f3n destacar\u00e1 tambi\u00e9n la presentaci\u00f3n oficial de #GENSPAIN, proyecto impulsado por la generaci\u00f3n de dise\u00f1adores de moda m\u00e1s vanguardistas y punteros de Espa\u00f1a para reforzar el Made in Spain dentro y fuera de nuestras fronteras. Forman parte de #GENSPAIN: Carlota Barrera, Ernesto Naranjo, Juan Vidal, Leandro Cano, Man\u00e9Man\u00e9, Mans, Mois\u00e9s Nieto, Paula C\u00e1novas del Vas, Reveligion, Sonia Carrasco e Yn\u00e9s Suelves.<\/p>\n<p><img loading=\"lazy\" decoding=\"async\" class=\"aligncenter size-full wp-image-171251\" src=\"https:\/\/graziamagazine.com\/es\/wp-content\/uploads\/sites\/12\/2023\/07\/Cartel-MEM_Sept.-2023.jpg\" alt=\"\" width=\"960\" height=\"1200\" \/><\/p>\n<p>Se suma igualmente a este MeM la Asociaci\u00f3n de Industrias de Calzado y la Alpargatas de la regi\u00f3n de Murcia (CALZIA), con quien ACME ha firmado recientemente un acuerdo, mediante el cual siete firmas asociadas de ACME, siete empresas de calzado de yute de CALZIA y el fabricante de hilatura y prendas de punto Perssam se unen con un objetivo com\u00fan: dar visibilidad a la moda espa\u00f1ola durante las pr\u00f3ximas semanas de la moda de Madrid y posteriormente Mil\u00e1n. Todo un hito que llegar\u00e1 a MeM a trav\u00e9s de una exposici\u00f3n de las prendas y alpargatas creadas en colaboraci\u00f3n.<\/p>\n<p>En esta edici\u00f3n, repite como partner oficial NARS, una de las firmas de maquillaje m\u00e1s reconocidas a nivel mundial y responsable de los beauty looks de las presentaciones. Los looks de peluquer\u00eda ser\u00e1n dise\u00f1ados por GOLDWELL, firma alemana de peluquer\u00eda profesional de Kao Salon Division.<\/p>\n<p><em>*Im\u00e1genes: cortes\u00eda de Madrid es Moda<\/em><\/p>\n","protected":false},"author":11653,"featured_media":171252,"template":"","format":"standard","categories":[2971,1],"acf":{"banner":null},"yoast_head":"<!-- This site is optimized with the Yoast SEO Premium plugin v18.5 (Yoast SEO v20.4) - https:\/\/yoast.com\/wordpress\/plugins\/seo\/ -->\n<title>Una nueva edici\u00f3n de Madrid es Moda regresa en septiembre<\/title>\n<meta name=\"description\" content=\"Madrid es Moda, iniciativa encargada de abrir la Semana de la Moda de Madrid y organizada por la Asociaci\u00f3n Creadores de Moda de Espa\u00f1a (ACME) gracias al\" \/>\n<meta name=\"robots\" content=\"index, follow, max-snippet:-1, max-image-preview:large, max-video-preview:-1\" \/>\n<link rel=\"canonical\" href=\"https:\/\/graziamagazine.com\/es\/articles\/una-nueva-edicion-de-madrid-es-moda-regresa-en-septiembre\/\" \/>\n<meta property=\"og:locale\" content=\"es_ES\" \/>\n<meta property=\"og:type\" content=\"article\" \/>\n<meta property=\"og:title\" content=\"Una nueva edici\u00f3n de Madrid es Moda regresa en septiembre\" \/>\n<meta property=\"og:description\" content=\"Madrid es Moda, iniciativa encargada de abrir la Semana de la Moda de Madrid y organizada por la Asociaci\u00f3n Creadores de Moda de Espa\u00f1a (ACME) gracias al\" \/>\n<meta property=\"og:url\" content=\"https:\/\/graziamagazine.com\/es\/articles\/una-nueva-edicion-de-madrid-es-moda-regresa-en-septiembre\/\" \/>\n<meta property=\"og:site_name\" content=\"Grazia\" \/>\n<meta property=\"og:image\" content=\"https:\/\/graziamagazine.com\/es\/wp-content\/uploads\/sites\/12\/2023\/07\/madridesmoda_oficial_348591938_217568601048677_1703271355960039365_n.jpg\" \/>\n\t<meta property=\"og:image:width\" content=\"1080\" \/>\n\t<meta property=\"og:image:height\" content=\"720\" \/>\n\t<meta property=\"og:image:type\" content=\"image\/jpeg\" \/>\n<meta name=\"twitter:card\" content=\"summary_large_image\" \/>\n<meta name=\"twitter:label1\" content=\"Est. reading time\" \/>\n\t<meta name=\"twitter:data1\" content=\"3 minutos\" \/>\n<script type=\"application\/ld+json\" class=\"yoast-schema-graph\">{\"@context\":\"https:\/\/schema.org\",\"@graph\":[{\"@type\":\"WebPage\",\"@id\":\"https:\/\/graziamagazine.com\/es\/articles\/una-nueva-edicion-de-madrid-es-moda-regresa-en-septiembre\/\",\"url\":\"https:\/\/graziamagazine.com\/es\/articles\/una-nueva-edicion-de-madrid-es-moda-regresa-en-septiembre\/\",\"name\":\"Una nueva edici\u00f3n de Madrid es Moda regresa en septiembre\",\"isPartOf\":{\"@id\":\"https:\/\/graziamagazine.com\/es\/#website\"},\"datePublished\":\"2023-07-14T09:27:40+00:00\",\"dateModified\":\"2023-07-14T09:27:40+00:00\",\"description\":\"Madrid es Moda, iniciativa encargada de abrir la Semana de la Moda de Madrid y organizada por la Asociaci\u00f3n Creadores de Moda de Espa\u00f1a (ACME) gracias al\",\"breadcrumb\":{\"@id\":\"https:\/\/graziamagazine.com\/es\/articles\/una-nueva-edicion-de-madrid-es-moda-regresa-en-septiembre\/#breadcrumb\"},\"inLanguage\":\"es\",\"potentialAction\":[{\"@type\":\"ReadAction\",\"target\":[\"https:\/\/graziamagazine.com\/es\/articles\/una-nueva-edicion-de-madrid-es-moda-regresa-en-septiembre\/\"]}]},{\"@type\":\"BreadcrumbList\",\"@id\":\"https:\/\/graziamagazine.com\/es\/articles\/una-nueva-edicion-de-madrid-es-moda-regresa-en-septiembre\/#breadcrumb\",\"itemListElement\":[{\"@type\":\"ListItem\",\"position\":1,\"name\":\"Portada\",\"item\":\"https:\/\/graziamagazine.com\/es\/\"},{\"@type\":\"ListItem\",\"position\":2,\"name\":\"Una nueva edici\u00f3n de Madrid es Moda regresa en septiembre\"}]},{\"@type\":\"WebSite\",\"@id\":\"https:\/\/graziamagazine.com\/es\/#website\",\"url\":\"https:\/\/graziamagazine.com\/es\/\",\"name\":\"Grazia\",\"description\":\"Moda, belleza, celebrities, estilo de vida...\",\"potentialAction\":[{\"@type\":\"SearchAction\",\"target\":{\"@type\":\"EntryPoint\",\"urlTemplate\":\"https:\/\/graziamagazine.com\/es\/?s={search_term_string}\"},\"query-input\":\"required name=search_term_string\"}],\"inLanguage\":\"es\"}]}<\/script>\n<!-- \/ Yoast SEO Premium plugin. -->","yoast_head_json":{"title":"Una nueva edici\u00f3n de Madrid es Moda regresa en septiembre","description":"Madrid es Moda, iniciativa encargada de abrir la Semana de la Moda de Madrid y organizada por la Asociaci\u00f3n Creadores de Moda de Espa\u00f1a (ACME) gracias al","robots":{"index":"index","follow":"follow","max-snippet":"max-snippet:-1","max-image-preview":"max-image-preview:large","max-video-preview":"max-video-preview:-1"},"canonical":"https:\/\/graziamagazine.com\/es\/articles\/una-nueva-edicion-de-madrid-es-moda-regresa-en-septiembre\/","og_locale":"es_ES","og_type":"article","og_title":"Una nueva edici\u00f3n de Madrid es Moda regresa en septiembre","og_description":"Madrid es Moda, iniciativa encargada de abrir la Semana de la Moda de Madrid y organizada por la Asociaci\u00f3n Creadores de Moda de Espa\u00f1a (ACME) gracias al","og_url":"https:\/\/graziamagazine.com\/es\/articles\/una-nueva-edicion-de-madrid-es-moda-regresa-en-septiembre\/","og_site_name":"Grazia","og_image":[{"width":1080,"height":720,"url":"https:\/\/graziamagazine.com\/es\/wp-content\/uploads\/sites\/12\/2023\/07\/madridesmoda_oficial_348591938_217568601048677_1703271355960039365_n.jpg","type":"image\/jpeg"}],"twitter_card":"summary_large_image","twitter_misc":{"Est. reading time":"3 minutos"},"schema":{"@context":"https:\/\/schema.org","@graph":[{"@type":"WebPage","@id":"https:\/\/graziamagazine.com\/es\/articles\/una-nueva-edicion-de-madrid-es-moda-regresa-en-septiembre\/","url":"https:\/\/graziamagazine.com\/es\/articles\/una-nueva-edicion-de-madrid-es-moda-regresa-en-septiembre\/","name":"Una nueva edici\u00f3n de Madrid es Moda regresa en septiembre","isPartOf":{"@id":"https:\/\/graziamagazine.com\/es\/#website"},"datePublished":"2023-07-14T09:27:40+00:00","dateModified":"2023-07-14T09:27:40+00:00","description":"Madrid es Moda, iniciativa encargada de abrir la Semana de la Moda de Madrid y organizada por la Asociaci\u00f3n Creadores de Moda de Espa\u00f1a (ACME) gracias al","breadcrumb":{"@id":"https:\/\/graziamagazine.com\/es\/articles\/una-nueva-edicion-de-madrid-es-moda-regresa-en-septiembre\/#breadcrumb"},"inLanguage":"es","potentialAction":[{"@type":"ReadAction","target":["https:\/\/graziamagazine.com\/es\/articles\/una-nueva-edicion-de-madrid-es-moda-regresa-en-septiembre\/"]}]},{"@type":"BreadcrumbList","@id":"https:\/\/graziamagazine.com\/es\/articles\/una-nueva-edicion-de-madrid-es-moda-regresa-en-septiembre\/#breadcrumb","itemListElement":[{"@type":"ListItem","position":1,"name":"Portada","item":"https:\/\/graziamagazine.com\/es\/"},{"@type":"ListItem","position":2,"name":"Una nueva edici\u00f3n de Madrid es Moda regresa en septiembre"}]},{"@type":"WebSite","@id":"https:\/\/graziamagazine.com\/es\/#website","url":"https:\/\/graziamagazine.com\/es\/","name":"Grazia","description":"Moda, belleza, celebrities, estilo de vida...","potentialAction":[{"@type":"SearchAction","target":{"@type":"EntryPoint","urlTemplate":"https:\/\/graziamagazine.com\/es\/?s={search_term_string}"},"query-input":"required name=search_term_string"}],"inLanguage":"es"}]}},"jetpack_sharing_enabled":true,"distributor_meta":false,"distributor_terms":false,"distributor_media":false,"distributor_original_site_name":"Grazia","distributor_original_site_url":"https:\/\/graziamagazine.com\/es","push-errors":false,"_links":{"self":[{"href":"https:\/\/graziamagazine.com\/es\/wp-json\/wp\/v2\/articles\/171250"}],"collection":[{"href":"https:\/\/graziamagazine.com\/es\/wp-json\/wp\/v2\/articles"}],"about":[{"href":"https:\/\/graziamagazine.com\/es\/wp-json\/wp\/v2\/types\/articles"}],"author":[{"embeddable":true,"href":"https:\/\/graziamagazine.com\/es\/wp-json\/wp\/v2\/users\/11653"}],"wp:featuredmedia":[{"embeddable":true,"href":"https:\/\/graziamagazine.com\/es\/wp-json\/wp\/v2\/media\/171252"}],"wp:attachment":[{"href":"https:\/\/graziamagazine.com\/es\/wp-json\/wp\/v2\/media?parent=171250"}],"wp:term":[{"taxonomy":"category","embeddable":true,"href":"https:\/\/graziamagazine.com\/es\/wp-json\/wp\/v2\/categories?post=171250"}],"curies":[{"name":"wp","href":"https:\/\/api.w.org\/{rel}","templated":true}]}}