{"id":171069,"date":"2023-07-04T09:00:20","date_gmt":"2023-07-04T07:00:20","guid":{"rendered":"https:\/\/graziamagazine.com\/es\/?post_type=articles&#038;p=171069"},"modified":"2023-07-04T00:23:03","modified_gmt":"2023-07-03T22:23:03","slug":"arte-y-moda-en-la-alta-costura-de-schiaparelli-2023-2024","status":"publish","type":"articles","link":"https:\/\/graziamagazine.com\/es\/articles\/arte-y-moda-en-la-alta-costura-de-schiaparelli-2023-2024\/","title":{"rendered":"Arte y moda en la Alta Costura de Schiaparelli 2023-2024"},"content":{"rendered":"<p>La moda es una forma de arte que trasciende la mera frivolidad y sirve como medio para abordar problemas sociales y provocar el pensamiento.<\/p>\n<p><strong>Schiaparelli<\/strong>, la ic\u00f3nica casa de alta costura, tiene un legado de abrazar la creatividad y el ingenio, rompiendo con las normas convencionales.<\/p>\n<p>Con el lanzamiento de su colecci\u00f3n <strong>Oto\u00f1o-Invierno 2023\/2024<\/strong>, el director creativo <strong>Daniel Roseberry<\/strong> contin\u00faa ampliando los l\u00edmites de la moda, inspir\u00e1ndose en el arte y la historia mientras se mantiene fiel a la esencia de la marca.<\/p>\n<div class=\"content-gallery\">\n<div class=\"gallery-placeholder\">\n<div class=\"spinner\"><\/div>\n<\/div>\n<p>&nbsp;<\/p>\n<div id=\"gallery-1\" class=\"gallery galleryid- gallery-columns- gallery-size-\">\n<figure class=\"gallery-item\">\n<div class=\"gallery-icon landscape\"><img loading=\"lazy\" decoding=\"async\" class=\"lazy\" src=\"https:\/\/graziamagazine.com\/mx\/wp-content\/uploads\/sites\/13\/2023\/07\/Schiaparelli_HCFW2324_Look1.jpg?resize=1024%2C1536\" alt=\"\" width=\"1024\" height=\"1536\" data-recalc-dims=\"1\" \/><\/div><figcaption id=\"gallery-1-126803\" class=\"wp-caption-text gallery-caption\">Colecci\u00f3n Schiaparelli Oto\u00f1o\/Invierno 2023-2024: Donde el arte se encuentra con la moda<\/figcaption><\/figure>\n<figure class=\"gallery-item\">\n<div class=\"gallery-icon landscape\"><img loading=\"lazy\" decoding=\"async\" class=\"lazy\" src=\"https:\/\/graziamagazine.com\/mx\/wp-content\/uploads\/sites\/13\/2023\/07\/Schiaparelli_HCFW2324_Look2.jpg?resize=1024%2C1536\" alt=\"\" width=\"1024\" height=\"1536\" data-recalc-dims=\"1\" \/><\/div>\n<\/figure>\n<figure class=\"gallery-item\">\n<div class=\"gallery-icon landscape\"><img loading=\"lazy\" decoding=\"async\" class=\"lazy\" src=\"https:\/\/graziamagazine.com\/mx\/wp-content\/uploads\/sites\/13\/2023\/07\/Schiaparelli_HCFW2324_Look3.jpg?resize=1024%2C1536\" alt=\"\" width=\"1024\" height=\"1536\" data-recalc-dims=\"1\" \/><\/div>\n<\/figure>\n<figure class=\"gallery-item\">\n<div class=\"gallery-icon landscape\"><img loading=\"lazy\" decoding=\"async\" class=\"lazy\" src=\"https:\/\/graziamagazine.com\/mx\/wp-content\/uploads\/sites\/13\/2023\/07\/Schiaparelli_HCFW2324_Look4.jpg?resize=1024%2C1536\" alt=\"\" width=\"1024\" height=\"1536\" data-recalc-dims=\"1\" \/><\/div>\n<\/figure>\n<figure class=\"gallery-item\">\n<div class=\"gallery-icon landscape\"><img loading=\"lazy\" decoding=\"async\" class=\"lazy\" src=\"https:\/\/graziamagazine.com\/mx\/wp-content\/uploads\/sites\/13\/2023\/07\/Schiaparelli_HCFW2324_Look5.jpg?resize=1024%2C1536\" alt=\"\" width=\"1024\" height=\"1536\" data-recalc-dims=\"1\" \/><\/div>\n<\/figure>\n<\/div>\n<\/div>\n<p>La fascinante colecci\u00f3n de Schiaparelli que adorn\u00f3 la pasarela en <strong>21 Place Vend\u00f4me, Par\u00eds<\/strong>, present\u00f3 pinceladas, mosaicos espejados inspirados en el escultor<strong> Jack Whitten<\/strong> y homenajes a artistas de renombre como <strong>Giacometti, Claude Lalanne,<\/strong> <strong>Paloma Dove<\/strong> . Los accesorios presentaban dise\u00f1os \u00fanicos y esculturas reinterpretadas, simbolizando el poder perdurable del dise\u00f1o y la artesan\u00eda.<\/p>\n<blockquote><p>\u201cDespu\u00e9s de la temporada pasada, en la que cada look se reduc\u00eda a algo conciso e incluso a veces llamativo, mi instinto aqu\u00ed fue construir la colecci\u00f3n de otra manera, una colecci\u00f3n que se aventura, explora y se atreve. Una colecci\u00f3n m\u00e1s org\u00e1nica, m\u00e1s sensual, m\u00e1s improvisada. Encontr\u00e9 la libertad en las prendas por separado: una camisa blanca, pantalones perfectos, enormes abrigos puffer e incluso prendas b\u00e1sicas de punto como c\u00e1rdigan y\u00a0 faldas tubo\u201d, declar\u00f3 Daniel Roseberry.<\/p>\n<div class=\"content-gallery\">\n<div class=\"gallery-placeholder\">\n<div class=\"spinner\"><\/div>\n<\/div>\n<p>&nbsp;<\/p>\n<div id=\"gallery-2\" class=\"gallery galleryid- gallery-columns- gallery-size-\">\n<figure class=\"gallery-item\">\n<div class=\"gallery-icon landscape\"><img loading=\"lazy\" decoding=\"async\" class=\"lazy\" src=\"https:\/\/graziamagazine.com\/mx\/wp-content\/uploads\/sites\/13\/2023\/07\/Schiaparelli_HCFW2324_Look6.jpg?resize=1024%2C1536\" alt=\"\" width=\"1024\" height=\"1536\" data-recalc-dims=\"1\" \/><\/div>\n<\/figure>\n<figure class=\"gallery-item\">\n<div class=\"gallery-icon landscape\"><img loading=\"lazy\" decoding=\"async\" class=\"lazy\" src=\"https:\/\/graziamagazine.com\/mx\/wp-content\/uploads\/sites\/13\/2023\/07\/Schiaparelli_HCFW2324_Look7.jpg?resize=1024%2C1536\" alt=\"\" width=\"1024\" height=\"1536\" data-recalc-dims=\"1\" \/><\/div>\n<\/figure>\n<figure class=\"gallery-item\">\n<div class=\"gallery-icon landscape\"><img loading=\"lazy\" decoding=\"async\" class=\"lazy\" src=\"https:\/\/graziamagazine.com\/mx\/wp-content\/uploads\/sites\/13\/2023\/07\/Schiaparelli_HCFW2324_Look8.jpg?resize=1024%2C1536\" alt=\"\" width=\"1024\" height=\"1536\" data-recalc-dims=\"1\" \/><\/div>\n<\/figure>\n<figure class=\"gallery-item\">\n<div class=\"gallery-icon landscape\"><img loading=\"lazy\" decoding=\"async\" class=\"lazy\" src=\"https:\/\/graziamagazine.com\/mx\/wp-content\/uploads\/sites\/13\/2023\/07\/Schiaparelli_HCFW2324_Look9.jpg?resize=1024%2C1536\" alt=\"\" width=\"1024\" height=\"1536\" data-recalc-dims=\"1\" \/><\/div>\n<\/figure>\n<figure class=\"gallery-item\">\n<div class=\"gallery-icon landscape\"><img loading=\"lazy\" decoding=\"async\" class=\"lazy\" src=\"https:\/\/graziamagazine.com\/mx\/wp-content\/uploads\/sites\/13\/2023\/07\/Schiaparelli_HCFW2324_Look10.jpg?resize=1024%2C1536\" alt=\"\" width=\"1024\" height=\"1536\" data-recalc-dims=\"1\" \/><\/div>\n<\/figure>\n<\/div>\n<\/div>\n<\/blockquote>\n<p>Combinando elementos cl\u00e1sicos con toques contempor\u00e1neos, la colecci\u00f3n muestra el estilo caracter\u00edstico de la marca al tiempo que ofrece una gama de dise\u00f1os fresca, diversa y muy estructurada.<\/p>\n<p>La colecci\u00f3n se centra en prendas b\u00e1sicas de vestuario que empoderan a las mujeres, con sastrer\u00eda elegante, prendas de punto gr\u00e1ficas y cuero flexible. Los accesorios, como el cl\u00e1sico Face Bag y el nuevo<strong> bolso Schiap<\/strong>, rinden homenaje a la ic\u00f3nica fragancia de la casa.<\/p>\n<div class=\"content-gallery\">\n<div class=\"gallery-placeholder\">\n<div class=\"spinner\"><\/div>\n<\/div>\n<p>&nbsp;<\/p>\n<div id=\"gallery-3\" class=\"gallery galleryid- gallery-columns- gallery-size-\">\n<figure class=\"gallery-item\">\n<div class=\"gallery-icon landscape\"><img loading=\"lazy\" decoding=\"async\" class=\"lazy\" src=\"https:\/\/graziamagazine.com\/mx\/wp-content\/uploads\/sites\/13\/2023\/07\/Schiaparelli_HCFW2324_Look14.jpg?resize=1024%2C1536\" alt=\"\" width=\"1024\" height=\"1536\" data-recalc-dims=\"1\" \/><\/div>\n<\/figure>\n<figure class=\"gallery-item\">\n<div class=\"gallery-icon landscape\"><img loading=\"lazy\" decoding=\"async\" class=\"lazy\" src=\"https:\/\/graziamagazine.com\/mx\/wp-content\/uploads\/sites\/13\/2023\/07\/Schiaparelli_HCFW2324_Look11.jpg?resize=1024%2C1536\" alt=\"\" width=\"1024\" height=\"1536\" data-recalc-dims=\"1\" \/><\/div>\n<\/figure>\n<figure class=\"gallery-item\">\n<div class=\"gallery-icon landscape\"><img loading=\"lazy\" decoding=\"async\" class=\"lazy\" src=\"https:\/\/graziamagazine.com\/mx\/wp-content\/uploads\/sites\/13\/2023\/07\/Schiaparelli_HCFW2324_Look12.jpg?resize=1024%2C1536\" alt=\"\" width=\"1024\" height=\"1536\" data-recalc-dims=\"1\" \/><\/div>\n<\/figure>\n<figure class=\"gallery-item\">\n<div class=\"gallery-icon landscape\"><img loading=\"lazy\" decoding=\"async\" class=\"lazy\" src=\"https:\/\/graziamagazine.com\/mx\/wp-content\/uploads\/sites\/13\/2023\/07\/Schiaparelli_HCFW2324_Look13.jpg?resize=1024%2C1536\" alt=\"\" width=\"1024\" height=\"1536\" data-recalc-dims=\"1\" \/><\/div>\n<\/figure>\n<figure class=\"gallery-item\">\n<div class=\"gallery-icon landscape\"><img loading=\"lazy\" decoding=\"async\" class=\"lazy\" src=\"https:\/\/graziamagazine.com\/mx\/wp-content\/uploads\/sites\/13\/2023\/07\/Schiaparelli_HCFW2324_Look15.jpg?resize=1024%2C1536\" alt=\"\" width=\"1024\" height=\"1536\" data-recalc-dims=\"1\" \/><\/div>\n<\/figure>\n<figure class=\"gallery-item\">\n<div class=\"gallery-icon landscape\"><img loading=\"lazy\" decoding=\"async\" class=\"lazy\" src=\"https:\/\/graziamagazine.com\/mx\/wp-content\/uploads\/sites\/13\/2023\/07\/Schiaparelli_HCFW2324_Look16.jpg?resize=1024%2C1536\" alt=\"\" width=\"1024\" height=\"1536\" data-recalc-dims=\"1\" \/><\/div>\n<\/figure>\n<figure class=\"gallery-item\">\n<div class=\"gallery-icon landscape\"><img loading=\"lazy\" decoding=\"async\" class=\"lazy\" src=\"https:\/\/graziamagazine.com\/mx\/wp-content\/uploads\/sites\/13\/2023\/07\/Schiaparelli_HCFW2324_Look17.jpg?resize=1024%2C1536\" alt=\"\" width=\"1024\" height=\"1536\" data-recalc-dims=\"1\" \/><\/div>\n<\/figure>\n<\/div>\n<\/div>\n<p>Roseberry cree que la moda no solo debe abordar cuestiones pol\u00edticas y sociales, sino tambi\u00e9n mantener un sentido de inocencia creativa y asombro.<\/p>\n<p>El objetivo es recuperar la alegr\u00eda de la creaci\u00f3n, evidente en cada prenda y accesorio. Al abrazar la belleza como un privilegio, Schiaparelli trasciende la mera frivolidad y presenta creaciones extraordinarias que conectan con la sociedad.<\/p>\n<div class=\"content-gallery\">\n<div class=\"gallery-placeholder\">\n<div class=\"spinner\"><\/div>\n<\/div>\n<p>&nbsp;<\/p>\n<div id=\"gallery-4\" class=\"gallery galleryid- gallery-columns- gallery-size-\">\n<figure class=\"gallery-item\">\n<div class=\"gallery-icon landscape\"><img loading=\"lazy\" decoding=\"async\" class=\"lazy\" src=\"https:\/\/graziamagazine.com\/mx\/wp-content\/uploads\/sites\/13\/2023\/07\/Schiaparelli_HCFW2324_Look19.jpg?resize=1024%2C1536\" alt=\"\" width=\"1024\" height=\"1536\" data-recalc-dims=\"1\" \/><\/div>\n<\/figure>\n<figure class=\"gallery-item\">\n<div class=\"gallery-icon landscape\"><img loading=\"lazy\" decoding=\"async\" class=\"lazy\" src=\"https:\/\/graziamagazine.com\/mx\/wp-content\/uploads\/sites\/13\/2023\/07\/Schiaparelli_HCFW2324_Look20.jpg?resize=1024%2C1536\" alt=\"\" width=\"1024\" height=\"1536\" data-recalc-dims=\"1\" \/><\/div>\n<\/figure>\n<figure class=\"gallery-item\">\n<div class=\"gallery-icon landscape\"><img loading=\"lazy\" decoding=\"async\" class=\"lazy\" src=\"https:\/\/graziamagazine.com\/mx\/wp-content\/uploads\/sites\/13\/2023\/07\/Schiaparelli_HCFW2324_Look21.jpg?resize=1024%2C1536\" alt=\"\" width=\"1024\" height=\"1536\" data-recalc-dims=\"1\" \/><\/div>\n<\/figure>\n<figure class=\"gallery-item\">\n<div class=\"gallery-icon landscape\"><img loading=\"lazy\" decoding=\"async\" class=\"lazy\" src=\"https:\/\/graziamagazine.com\/mx\/wp-content\/uploads\/sites\/13\/2023\/07\/Schiaparelli_HCFW2324_Look22.jpg?resize=1024%2C1536\" alt=\"\" width=\"1024\" height=\"1536\" data-recalc-dims=\"1\" \/><\/div>\n<\/figure>\n<figure class=\"gallery-item\">\n<div class=\"gallery-icon landscape\"><img loading=\"lazy\" decoding=\"async\" class=\"lazy\" src=\"https:\/\/graziamagazine.com\/mx\/wp-content\/uploads\/sites\/13\/2023\/07\/Schiaparelli_HCFW2324_Look23.jpg?resize=1024%2C1536\" alt=\"\" width=\"1024\" height=\"1536\" data-recalc-dims=\"1\" \/><\/div>\n<\/figure>\n<figure class=\"gallery-item\">\n<div class=\"gallery-icon landscape\"><img loading=\"lazy\" decoding=\"async\" class=\"lazy\" src=\"https:\/\/graziamagazine.com\/mx\/wp-content\/uploads\/sites\/13\/2023\/07\/Schiaparelli_HCFW2324_Look24.jpg?resize=1024%2C1536\" alt=\"\" width=\"1024\" height=\"1536\" data-recalc-dims=\"1\" \/><\/div>\n<\/figure>\n<figure class=\"gallery-item\">\n<div class=\"gallery-icon landscape\"><img loading=\"lazy\" decoding=\"async\" class=\"lazy\" src=\"https:\/\/graziamagazine.com\/mx\/wp-content\/uploads\/sites\/13\/2023\/07\/Schiaparelli_HCFW2324_Look25.jpg?resize=1024%2C1536\" alt=\"\" width=\"1024\" height=\"1536\" data-recalc-dims=\"1\" \/><\/div>\n<\/figure>\n<figure class=\"gallery-item\">\n<div class=\"gallery-icon landscape\"><img loading=\"lazy\" decoding=\"async\" class=\"lazy\" src=\"https:\/\/graziamagazine.com\/mx\/wp-content\/uploads\/sites\/13\/2023\/07\/Schiaparelli_HCFW2324_Look26.jpg?resize=1024%2C1536\" alt=\"\" width=\"1024\" height=\"1536\" data-recalc-dims=\"1\" \/><\/div>\n<\/figure>\n<figure class=\"gallery-item\">\n<div class=\"gallery-icon landscape\"><img loading=\"lazy\" decoding=\"async\" class=\"lazy\" src=\"https:\/\/graziamagazine.com\/mx\/wp-content\/uploads\/sites\/13\/2023\/07\/Schiaparelli_HCFW2324_Look28.jpg?resize=1024%2C1536\" alt=\"\" width=\"1024\" height=\"1536\" data-recalc-dims=\"1\" \/><\/div>\n<\/figure>\n<\/div>\n<\/div>\n<blockquote><p>\u201cVivimos y creamos moda en una \u00e9poca en la que <strong>la creatividad<\/strong>, las primicias de Internet y los gags de los famosos nos llegan cada semana, cada d\u00eda y, ahora, cada hora. Algunos ni siquiera han sido creados por manos o mentes humanas. La mayor\u00eda se olvidan al d\u00eda siguiente. Por eso quer\u00eda que esta colecci\u00f3n fuera agresiva, inconfundiblemente humana,<strong>\u00a0y que se basara en referencias art\u00edsticas intemporales<\/strong>. Vestir, decorar y, sobre todo, crear es tan primitivo como cualquier instinto que tengamos.<\/p>\n<p>Al adentrarnos en lo desconocido, cuando la expresi\u00f3n creativa y la fama parecen al alcance de cualquiera, al menos por un momento, nos preguntamos: \u00bfQu\u00e9 puede abrirse paso? Para nuestra\u00a0<em>Maison<\/em>, es\u00a0<strong>el poder del dise\u00f1o, el poder de nuestros artesanos y el poder de la mano humana en el trabajo.\u201d- Daniel Roseberry<\/strong><\/p><\/blockquote>\n<p><em><strong>*IMAGEN: Cortes\u00eda Schiapaelli<\/strong><\/em><\/p>\n<p>&nbsp;<\/p>\n<p>&nbsp;<\/p>\n<p>&nbsp;<\/p>\n","protected":false},"author":28953,"featured_media":171081,"template":"","format":"standard","categories":[1],"acf":[],"yoast_head":"<!-- This site is optimized with the Yoast SEO Premium plugin v18.5 (Yoast SEO v20.4) - https:\/\/yoast.com\/wordpress\/plugins\/seo\/ -->\n<title>Arte y moda en la Alta Costura de Schiaparelli 2023-2024<\/title>\n<meta name=\"description\" content=\"La colecci\u00f3n Oto\u00f1o\/Invierno 2023-2024 de Schiaparelli encarna el compromiso de la marca con la creatividad, el arte y una est\u00e9tica pro-code.\" \/>\n<meta name=\"robots\" content=\"index, follow, max-snippet:-1, max-image-preview:large, max-video-preview:-1\" \/>\n<link rel=\"canonical\" href=\"https:\/\/graziamagazine.com\/es\/articles\/arte-y-moda-en-la-alta-costura-de-schiaparelli-2023-2024\/\" \/>\n<meta property=\"og:locale\" content=\"es_ES\" \/>\n<meta property=\"og:type\" content=\"article\" \/>\n<meta property=\"og:title\" content=\"Arte y moda en la Alta Costura de Schiaparelli 2023-2024\" \/>\n<meta property=\"og:description\" content=\"La colecci\u00f3n Oto\u00f1o\/Invierno 2023-2024 de Schiaparelli encarna el compromiso de la marca con la creatividad, el arte y una est\u00e9tica pro-code.\" \/>\n<meta property=\"og:url\" content=\"https:\/\/graziamagazine.com\/es\/articles\/arte-y-moda-en-la-alta-costura-de-schiaparelli-2023-2024\/\" \/>\n<meta property=\"og:site_name\" content=\"Grazia\" \/>\n<meta property=\"article:modified_time\" content=\"2023-07-03T22:23:03+00:00\" \/>\n<meta property=\"og:image\" content=\"https:\/\/graziamagazine.com\/es\/wp-content\/uploads\/sites\/12\/2023\/07\/f.elconfidencial.com_original_845_a96_3b8_845a963b8e5fa291d39d52c0d0f74b3e.jpg?fit=1200%2C900\" \/>\n\t<meta property=\"og:image:width\" content=\"1200\" \/>\n\t<meta property=\"og:image:height\" content=\"900\" \/>\n\t<meta property=\"og:image:type\" content=\"image\/jpeg\" \/>\n<meta name=\"twitter:card\" content=\"summary_large_image\" \/>\n<meta name=\"twitter:label1\" content=\"Est. reading time\" \/>\n\t<meta name=\"twitter:data1\" content=\"8 minutos\" \/>\n<script type=\"application\/ld+json\" class=\"yoast-schema-graph\">{\"@context\":\"https:\/\/schema.org\",\"@graph\":[{\"@type\":\"WebPage\",\"@id\":\"https:\/\/graziamagazine.com\/es\/articles\/arte-y-moda-en-la-alta-costura-de-schiaparelli-2023-2024\/\",\"url\":\"https:\/\/graziamagazine.com\/es\/articles\/arte-y-moda-en-la-alta-costura-de-schiaparelli-2023-2024\/\",\"name\":\"Arte y moda en la Alta Costura de Schiaparelli 2023-2024\",\"isPartOf\":{\"@id\":\"https:\/\/graziamagazine.com\/es\/#website\"},\"datePublished\":\"2023-07-04T07:00:20+00:00\",\"dateModified\":\"2023-07-03T22:23:03+00:00\",\"description\":\"La colecci\u00f3n Oto\u00f1o\/Invierno 2023-2024 de Schiaparelli encarna el compromiso de la marca con la creatividad, el arte y una est\u00e9tica pro-code.\",\"breadcrumb\":{\"@id\":\"https:\/\/graziamagazine.com\/es\/articles\/arte-y-moda-en-la-alta-costura-de-schiaparelli-2023-2024\/#breadcrumb\"},\"inLanguage\":\"es\",\"potentialAction\":[{\"@type\":\"ReadAction\",\"target\":[\"https:\/\/graziamagazine.com\/es\/articles\/arte-y-moda-en-la-alta-costura-de-schiaparelli-2023-2024\/\"]}]},{\"@type\":\"BreadcrumbList\",\"@id\":\"https:\/\/graziamagazine.com\/es\/articles\/arte-y-moda-en-la-alta-costura-de-schiaparelli-2023-2024\/#breadcrumb\",\"itemListElement\":[{\"@type\":\"ListItem\",\"position\":1,\"name\":\"Portada\",\"item\":\"https:\/\/graziamagazine.com\/es\/\"},{\"@type\":\"ListItem\",\"position\":2,\"name\":\"Arte y moda en la Alta Costura de Schiaparelli 2023-2024\"}]},{\"@type\":\"WebSite\",\"@id\":\"https:\/\/graziamagazine.com\/es\/#website\",\"url\":\"https:\/\/graziamagazine.com\/es\/\",\"name\":\"Grazia\",\"description\":\"Moda, belleza, celebrities, estilo de vida...\",\"potentialAction\":[{\"@type\":\"SearchAction\",\"target\":{\"@type\":\"EntryPoint\",\"urlTemplate\":\"https:\/\/graziamagazine.com\/es\/?s={search_term_string}\"},\"query-input\":\"required name=search_term_string\"}],\"inLanguage\":\"es\"}]}<\/script>\n<!-- \/ Yoast SEO Premium plugin. -->","yoast_head_json":{"title":"Arte y moda en la Alta Costura de Schiaparelli 2023-2024","description":"La colecci\u00f3n Oto\u00f1o\/Invierno 2023-2024 de Schiaparelli encarna el compromiso de la marca con la creatividad, el arte y una est\u00e9tica pro-code.","robots":{"index":"index","follow":"follow","max-snippet":"max-snippet:-1","max-image-preview":"max-image-preview:large","max-video-preview":"max-video-preview:-1"},"canonical":"https:\/\/graziamagazine.com\/es\/articles\/arte-y-moda-en-la-alta-costura-de-schiaparelli-2023-2024\/","og_locale":"es_ES","og_type":"article","og_title":"Arte y moda en la Alta Costura de Schiaparelli 2023-2024","og_description":"La colecci\u00f3n Oto\u00f1o\/Invierno 2023-2024 de Schiaparelli encarna el compromiso de la marca con la creatividad, el arte y una est\u00e9tica pro-code.","og_url":"https:\/\/graziamagazine.com\/es\/articles\/arte-y-moda-en-la-alta-costura-de-schiaparelli-2023-2024\/","og_site_name":"Grazia","article_modified_time":"2023-07-03T22:23:03+00:00","og_image":[{"width":1200,"height":900,"url":"https:\/\/graziamagazine.com\/es\/wp-content\/uploads\/sites\/12\/2023\/07\/f.elconfidencial.com_original_845_a96_3b8_845a963b8e5fa291d39d52c0d0f74b3e.jpg?fit=1200%2C900","type":"image\/jpeg"}],"twitter_card":"summary_large_image","twitter_misc":{"Est. reading time":"8 minutos"},"schema":{"@context":"https:\/\/schema.org","@graph":[{"@type":"WebPage","@id":"https:\/\/graziamagazine.com\/es\/articles\/arte-y-moda-en-la-alta-costura-de-schiaparelli-2023-2024\/","url":"https:\/\/graziamagazine.com\/es\/articles\/arte-y-moda-en-la-alta-costura-de-schiaparelli-2023-2024\/","name":"Arte y moda en la Alta Costura de Schiaparelli 2023-2024","isPartOf":{"@id":"https:\/\/graziamagazine.com\/es\/#website"},"datePublished":"2023-07-04T07:00:20+00:00","dateModified":"2023-07-03T22:23:03+00:00","description":"La colecci\u00f3n Oto\u00f1o\/Invierno 2023-2024 de Schiaparelli encarna el compromiso de la marca con la creatividad, el arte y una est\u00e9tica pro-code.","breadcrumb":{"@id":"https:\/\/graziamagazine.com\/es\/articles\/arte-y-moda-en-la-alta-costura-de-schiaparelli-2023-2024\/#breadcrumb"},"inLanguage":"es","potentialAction":[{"@type":"ReadAction","target":["https:\/\/graziamagazine.com\/es\/articles\/arte-y-moda-en-la-alta-costura-de-schiaparelli-2023-2024\/"]}]},{"@type":"BreadcrumbList","@id":"https:\/\/graziamagazine.com\/es\/articles\/arte-y-moda-en-la-alta-costura-de-schiaparelli-2023-2024\/#breadcrumb","itemListElement":[{"@type":"ListItem","position":1,"name":"Portada","item":"https:\/\/graziamagazine.com\/es\/"},{"@type":"ListItem","position":2,"name":"Arte y moda en la Alta Costura de Schiaparelli 2023-2024"}]},{"@type":"WebSite","@id":"https:\/\/graziamagazine.com\/es\/#website","url":"https:\/\/graziamagazine.com\/es\/","name":"Grazia","description":"Moda, belleza, celebrities, estilo de vida...","potentialAction":[{"@type":"SearchAction","target":{"@type":"EntryPoint","urlTemplate":"https:\/\/graziamagazine.com\/es\/?s={search_term_string}"},"query-input":"required name=search_term_string"}],"inLanguage":"es"}]}},"jetpack_sharing_enabled":true,"distributor_meta":false,"distributor_terms":false,"distributor_media":false,"distributor_original_site_name":"Grazia","distributor_original_site_url":"https:\/\/graziamagazine.com\/es","push-errors":false,"_links":{"self":[{"href":"https:\/\/graziamagazine.com\/es\/wp-json\/wp\/v2\/articles\/171069"}],"collection":[{"href":"https:\/\/graziamagazine.com\/es\/wp-json\/wp\/v2\/articles"}],"about":[{"href":"https:\/\/graziamagazine.com\/es\/wp-json\/wp\/v2\/types\/articles"}],"author":[{"embeddable":true,"href":"https:\/\/graziamagazine.com\/es\/wp-json\/wp\/v2\/users\/28953"}],"wp:featuredmedia":[{"embeddable":true,"href":"https:\/\/graziamagazine.com\/es\/wp-json\/wp\/v2\/media\/171081"}],"wp:attachment":[{"href":"https:\/\/graziamagazine.com\/es\/wp-json\/wp\/v2\/media?parent=171069"}],"wp:term":[{"taxonomy":"category","embeddable":true,"href":"https:\/\/graziamagazine.com\/es\/wp-json\/wp\/v2\/categories?post=171069"}],"curies":[{"name":"wp","href":"https:\/\/api.w.org\/{rel}","templated":true}]}}