{"id":171027,"date":"2023-06-30T12:15:23","date_gmt":"2023-06-30T10:15:23","guid":{"rendered":"https:\/\/graziamagazine.com\/es\/?post_type=articles&#038;p=171027"},"modified":"2023-06-30T12:15:23","modified_gmt":"2023-06-30T10:15:23","slug":"garnier-lanza-una-edicion-limitada-de-su-agua-micelar-para-celebrar-el-orgullo","status":"publish","type":"articles","link":"https:\/\/graziamagazine.com\/es\/articles\/garnier-lanza-una-edicion-limitada-de-su-agua-micelar-para-celebrar-el-orgullo\/","title":{"rendered":"Garnier lanza una edici\u00f3n limitada de su agua micelar para celebrar el Orgullo"},"content":{"rendered":"<p>Sin duda el agua micelar es uno de los productos ic\u00f3nicos de Garnier, quien adem\u00e1s este a\u00f1o va un paso m\u00e1s all\u00e1, y desde la autoexpresi\u00f3n lanza una edici\u00f3n limitada de este producto para celebrar el Orgullo. La marca junto a la ONG, Heritage of pride, con una campa\u00f1a que celebra el orgullo los 365 d\u00edas del a\u00f1o y, a nivel local, colaborando con la Federaci\u00f3n Estatal LGTBI+ en una causa enfocada a la educaci\u00f3n de los j\u00f3venes.<\/p>\n<p>La organizaci\u00f3n trabaja en pos de un futuro sin discriminaci\u00f3n donde todas las personas tengan iguales derechos frente a la ley. \u00bfC\u00f3mo? Produciendo eventos del Orgullo LGTBQIA+ que inspiren, eduquen, conmemoren y celebren una comunidad diversa.\u00a0<a href=\"https:\/\/newsletter.idoneacomunicacion.com\/l\/5hWDeBpIRveZ06MH47636fEw\/wbUVQREArDAAMOkiq2WA892Q\/OmQow7lFY7qCFQrYabZTrA\" target=\"_blank\" rel=\"noopener noreferrer\" data-auth=\"NotApplicable\" data-linkindex=\"3\" target=\"_blank\"><span class=\"markxbw04gfbz\" data-markjs=\"true\" data-ogac=\"\" data-ogab=\"\" data-ogsc=\"\" data-ogsb=\"\">Garnier<\/span><\/a>, por tanto, se une a\u00a0<em>Heritage of Pride<\/em>\u00a0para ayudarles a llevar a cabo su programa anual de eventos y, especialmente, el emblem\u00e1tico D\u00eda del Orgullo.<\/p>\n<p><img loading=\"lazy\" decoding=\"async\" class=\"aligncenter size-full wp-image-171030\" src=\"https:\/\/graziamagazine.com\/es\/wp-content\/uploads\/sites\/12\/2023\/06\/f.elconfidencial.com_original_d42_a6f_20e_d42a6f20e5c94a8c6172ba3b37c8559f.jpg\" alt=\"La organizaci\u00f3n trabaja en pos de un futuro sin discriminaci\u00f3n donde todas las personas tengan iguales derechos frente a la ley. \u00bfC\u00f3mo? Produciendo eventos del Orgullo LGTBQIA+ que inspiren, eduquen, conmemoren y celebren una comunidad diversa. Garnier, por tanto, se une a Heritage of Pride para ayudarles a llevar a cabo su programa anual de eventos y, especialmente, el emblem\u00e1tico D\u00eda del Orgullo.\n\nEdici\u00f3n limitada de Agua Micelar Cl\u00e1sica \u2013 Quita tu maquillaje, no tu orgullo\n\nEl Agua Micelar Cl\u00e1sica de Garnier elimina sin esfuerzo el maquillaje y extrae la suciedad de rostro, labios y ojos en un solo gesto y sin aclarado. Gracias a la tecnolog\u00eda micelar de su f\u00f3rmula captura las impurezas como un im\u00e1n. Su eficacia probada para desmaquillar, limpiar, tonificar ha enganchado a todo tipo de pieles, gustos y necesidades, convirti\u00e9ndola en un emblema del cuidado facial. Combina su uso junto a los Eco-Pads para una alternativa m\u00e1s ecol\u00f3gica en tu limpieza diaria, gracias a sus hasta 1.000 usos o lavados.\n\nAhora, adem\u00e1s, su apariencia se viste de la bandera multicolor para celebrar la diversidad e inclusividad, presente en el ADN de este producto desde su nacimiento y de la marca. Limpia tus miedos, desmaquilla tus inseguridades y celebra tu orgullo, con la edici\u00f3n especial de Agua Micelar Cl\u00e1sica.\" width=\"1024\" height=\"576\" \/><\/p>\n<h3>Edici\u00f3n limitada de Agua Micelar Cl\u00e1sica \u2013 Quita tu maquillaje, no tu orgullo<\/h3>\n<p>El\u00a0Agua Micelar Cl\u00e1sica\u00a0de\u00a0<span class=\"markxbw04gfbz\" data-markjs=\"true\" data-ogac=\"\" data-ogab=\"\" data-ogsc=\"\" data-ogsb=\"\">Garnier<\/span>\u00a0elimina sin esfuerzo el maquillaje y extrae la suciedad de rostro, labios y ojos en un solo gesto y sin aclarado. Gracias a la tecnolog\u00eda micelar de su f\u00f3rmula captura las impurezas como un im\u00e1n. Su eficacia probada para desmaquillar, limpiar, tonificar ha enganchado a todo tipo de pieles, gustos y necesidades, convirti\u00e9ndola en un emblema del cuidado facial. Combina su uso junto a los\u00a0Eco-Pads\u00a0para una alternativa m\u00e1s ecol\u00f3gica en tu limpieza diaria, gracias a sus hasta 1.000 usos o lavados.<\/p>\n<p><img loading=\"lazy\" decoding=\"async\" class=\"aligncenter size-full wp-image-171031\" src=\"https:\/\/graziamagazine.com\/es\/wp-content\/uploads\/sites\/12\/2023\/06\/dg59550_7-copia.jpg\" alt=\"\" width=\"500\" height=\"500\" \/><br aria-hidden=\"true\" \/><br aria-hidden=\"true\" \/>Ahora, adem\u00e1s, su apariencia se viste de la bandera multicolor para celebrar la diversidad e inclusividad, presente en el ADN de este producto desde su nacimiento y de la marca. Limpia tus miedos, desmaquilla tus inseguridades y celebra tu orgullo, con la edici\u00f3n especial de\u00a0Agua Micelar Cl\u00e1sica.<\/p>\n<p><em>*Im\u00e1genes: cortes\u00eda<\/em><\/p>\n<p>&nbsp;<\/p>\n<p>&nbsp;<\/p>\n","protected":false},"author":11653,"featured_media":171029,"template":"","format":"standard","categories":[7],"acf":[],"yoast_head":"<!-- This site is optimized with the Yoast SEO Premium plugin v18.5 (Yoast SEO v20.4) - https:\/\/yoast.com\/wordpress\/plugins\/seo\/ -->\n<title>Garnier lanza una edici\u00f3n limitada de su agua micelar para celebrar el Orgullo | Grazia<\/title>\n<meta name=\"description\" content=\"Sin duda el agua micelar es uno de los productos ic\u00f3nicos de Garnier, quien adem\u00e1s este a\u00f1o va un paso m\u00e1s all\u00e1, y desde la autoexpresi\u00f3n lanza una\" \/>\n<meta name=\"robots\" content=\"index, follow, max-snippet:-1, max-image-preview:large, max-video-preview:-1\" \/>\n<link rel=\"canonical\" href=\"https:\/\/graziamagazine.com\/es\/articles\/garnier-lanza-una-edicion-limitada-de-su-agua-micelar-para-celebrar-el-orgullo\/\" \/>\n<meta property=\"og:locale\" content=\"es_ES\" \/>\n<meta property=\"og:type\" content=\"article\" \/>\n<meta property=\"og:title\" content=\"Garnier lanza una edici\u00f3n limitada de su agua micelar para celebrar el Orgullo\" \/>\n<meta property=\"og:description\" content=\"Sin duda el agua micelar es uno de los productos ic\u00f3nicos de Garnier, quien adem\u00e1s este a\u00f1o va un paso m\u00e1s all\u00e1, y desde la autoexpresi\u00f3n lanza una\" \/>\n<meta property=\"og:url\" content=\"https:\/\/graziamagazine.com\/es\/articles\/garnier-lanza-una-edicion-limitada-de-su-agua-micelar-para-celebrar-el-orgullo\/\" \/>\n<meta property=\"og:site_name\" content=\"Grazia\" \/>\n<meta property=\"og:image\" content=\"https:\/\/graziamagazine.com\/es\/wp-content\/uploads\/sites\/12\/2023\/06\/f.elconfidencial.com_original_b24_166_e96_b24166e96975761a73ee966d83054eb7.jpg\" \/>\n\t<meta property=\"og:image:width\" content=\"1200\" \/>\n\t<meta property=\"og:image:height\" content=\"675\" \/>\n\t<meta property=\"og:image:type\" content=\"image\/jpeg\" \/>\n<meta name=\"twitter:card\" content=\"summary_large_image\" \/>\n<meta name=\"twitter:label1\" content=\"Est. reading time\" \/>\n\t<meta name=\"twitter:data1\" content=\"2 minutos\" \/>\n<script type=\"application\/ld+json\" class=\"yoast-schema-graph\">{\"@context\":\"https:\/\/schema.org\",\"@graph\":[{\"@type\":\"WebPage\",\"@id\":\"https:\/\/graziamagazine.com\/es\/articles\/garnier-lanza-una-edicion-limitada-de-su-agua-micelar-para-celebrar-el-orgullo\/\",\"url\":\"https:\/\/graziamagazine.com\/es\/articles\/garnier-lanza-una-edicion-limitada-de-su-agua-micelar-para-celebrar-el-orgullo\/\",\"name\":\"Garnier lanza una edici\u00f3n limitada de su agua micelar para celebrar el Orgullo | Grazia\",\"isPartOf\":{\"@id\":\"https:\/\/graziamagazine.com\/es\/#website\"},\"datePublished\":\"2023-06-30T10:15:23+00:00\",\"dateModified\":\"2023-06-30T10:15:23+00:00\",\"description\":\"Sin duda el agua micelar es uno de los productos ic\u00f3nicos de Garnier, quien adem\u00e1s este a\u00f1o va un paso m\u00e1s all\u00e1, y desde la autoexpresi\u00f3n lanza una\",\"breadcrumb\":{\"@id\":\"https:\/\/graziamagazine.com\/es\/articles\/garnier-lanza-una-edicion-limitada-de-su-agua-micelar-para-celebrar-el-orgullo\/#breadcrumb\"},\"inLanguage\":\"es\",\"potentialAction\":[{\"@type\":\"ReadAction\",\"target\":[\"https:\/\/graziamagazine.com\/es\/articles\/garnier-lanza-una-edicion-limitada-de-su-agua-micelar-para-celebrar-el-orgullo\/\"]}]},{\"@type\":\"BreadcrumbList\",\"@id\":\"https:\/\/graziamagazine.com\/es\/articles\/garnier-lanza-una-edicion-limitada-de-su-agua-micelar-para-celebrar-el-orgullo\/#breadcrumb\",\"itemListElement\":[{\"@type\":\"ListItem\",\"position\":1,\"name\":\"Portada\",\"item\":\"https:\/\/graziamagazine.com\/es\/\"},{\"@type\":\"ListItem\",\"position\":2,\"name\":\"Garnier lanza una edici\u00f3n limitada de su agua micelar para celebrar el Orgullo\"}]},{\"@type\":\"WebSite\",\"@id\":\"https:\/\/graziamagazine.com\/es\/#website\",\"url\":\"https:\/\/graziamagazine.com\/es\/\",\"name\":\"Grazia\",\"description\":\"Moda, belleza, celebrities, estilo de vida...\",\"potentialAction\":[{\"@type\":\"SearchAction\",\"target\":{\"@type\":\"EntryPoint\",\"urlTemplate\":\"https:\/\/graziamagazine.com\/es\/?s={search_term_string}\"},\"query-input\":\"required name=search_term_string\"}],\"inLanguage\":\"es\"}]}<\/script>\n<!-- \/ Yoast SEO Premium plugin. -->","yoast_head_json":{"title":"Garnier lanza una edici\u00f3n limitada de su agua micelar para celebrar el Orgullo | Grazia","description":"Sin duda el agua micelar es uno de los productos ic\u00f3nicos de Garnier, quien adem\u00e1s este a\u00f1o va un paso m\u00e1s all\u00e1, y desde la autoexpresi\u00f3n lanza una","robots":{"index":"index","follow":"follow","max-snippet":"max-snippet:-1","max-image-preview":"max-image-preview:large","max-video-preview":"max-video-preview:-1"},"canonical":"https:\/\/graziamagazine.com\/es\/articles\/garnier-lanza-una-edicion-limitada-de-su-agua-micelar-para-celebrar-el-orgullo\/","og_locale":"es_ES","og_type":"article","og_title":"Garnier lanza una edici\u00f3n limitada de su agua micelar para celebrar el Orgullo","og_description":"Sin duda el agua micelar es uno de los productos ic\u00f3nicos de Garnier, quien adem\u00e1s este a\u00f1o va un paso m\u00e1s all\u00e1, y desde la autoexpresi\u00f3n lanza una","og_url":"https:\/\/graziamagazine.com\/es\/articles\/garnier-lanza-una-edicion-limitada-de-su-agua-micelar-para-celebrar-el-orgullo\/","og_site_name":"Grazia","og_image":[{"width":1200,"height":675,"url":"https:\/\/graziamagazine.com\/es\/wp-content\/uploads\/sites\/12\/2023\/06\/f.elconfidencial.com_original_b24_166_e96_b24166e96975761a73ee966d83054eb7.jpg","type":"image\/jpeg"}],"twitter_card":"summary_large_image","twitter_misc":{"Est. reading time":"2 minutos"},"schema":{"@context":"https:\/\/schema.org","@graph":[{"@type":"WebPage","@id":"https:\/\/graziamagazine.com\/es\/articles\/garnier-lanza-una-edicion-limitada-de-su-agua-micelar-para-celebrar-el-orgullo\/","url":"https:\/\/graziamagazine.com\/es\/articles\/garnier-lanza-una-edicion-limitada-de-su-agua-micelar-para-celebrar-el-orgullo\/","name":"Garnier lanza una edici\u00f3n limitada de su agua micelar para celebrar el Orgullo | Grazia","isPartOf":{"@id":"https:\/\/graziamagazine.com\/es\/#website"},"datePublished":"2023-06-30T10:15:23+00:00","dateModified":"2023-06-30T10:15:23+00:00","description":"Sin duda el agua micelar es uno de los productos ic\u00f3nicos de Garnier, quien adem\u00e1s este a\u00f1o va un paso m\u00e1s all\u00e1, y desde la autoexpresi\u00f3n lanza una","breadcrumb":{"@id":"https:\/\/graziamagazine.com\/es\/articles\/garnier-lanza-una-edicion-limitada-de-su-agua-micelar-para-celebrar-el-orgullo\/#breadcrumb"},"inLanguage":"es","potentialAction":[{"@type":"ReadAction","target":["https:\/\/graziamagazine.com\/es\/articles\/garnier-lanza-una-edicion-limitada-de-su-agua-micelar-para-celebrar-el-orgullo\/"]}]},{"@type":"BreadcrumbList","@id":"https:\/\/graziamagazine.com\/es\/articles\/garnier-lanza-una-edicion-limitada-de-su-agua-micelar-para-celebrar-el-orgullo\/#breadcrumb","itemListElement":[{"@type":"ListItem","position":1,"name":"Portada","item":"https:\/\/graziamagazine.com\/es\/"},{"@type":"ListItem","position":2,"name":"Garnier lanza una edici\u00f3n limitada de su agua micelar para celebrar el Orgullo"}]},{"@type":"WebSite","@id":"https:\/\/graziamagazine.com\/es\/#website","url":"https:\/\/graziamagazine.com\/es\/","name":"Grazia","description":"Moda, belleza, celebrities, estilo de vida...","potentialAction":[{"@type":"SearchAction","target":{"@type":"EntryPoint","urlTemplate":"https:\/\/graziamagazine.com\/es\/?s={search_term_string}"},"query-input":"required name=search_term_string"}],"inLanguage":"es"}]}},"jetpack_sharing_enabled":true,"distributor_meta":false,"distributor_terms":false,"distributor_media":false,"distributor_original_site_name":"Grazia","distributor_original_site_url":"https:\/\/graziamagazine.com\/es","push-errors":false,"_links":{"self":[{"href":"https:\/\/graziamagazine.com\/es\/wp-json\/wp\/v2\/articles\/171027"}],"collection":[{"href":"https:\/\/graziamagazine.com\/es\/wp-json\/wp\/v2\/articles"}],"about":[{"href":"https:\/\/graziamagazine.com\/es\/wp-json\/wp\/v2\/types\/articles"}],"author":[{"embeddable":true,"href":"https:\/\/graziamagazine.com\/es\/wp-json\/wp\/v2\/users\/11653"}],"wp:featuredmedia":[{"embeddable":true,"href":"https:\/\/graziamagazine.com\/es\/wp-json\/wp\/v2\/media\/171029"}],"wp:attachment":[{"href":"https:\/\/graziamagazine.com\/es\/wp-json\/wp\/v2\/media?parent=171027"}],"wp:term":[{"taxonomy":"category","embeddable":true,"href":"https:\/\/graziamagazine.com\/es\/wp-json\/wp\/v2\/categories?post=171027"}],"curies":[{"name":"wp","href":"https:\/\/api.w.org\/{rel}","templated":true}]}}