{"id":170994,"date":"2023-06-29T09:32:34","date_gmt":"2023-06-29T07:32:34","guid":{"rendered":"https:\/\/graziamagazine.com\/es\/?post_type=articles&#038;p=170994"},"modified":"2023-06-29T09:33:25","modified_gmt":"2023-06-29T07:33:25","slug":"puma-x-koche-una-coleccion-activewear-para-el-dia-a-dia","status":"publish","type":"articles","link":"https:\/\/graziamagazine.com\/es\/articles\/puma-x-koche-una-coleccion-activewear-para-el-dia-a-dia\/","title":{"rendered":"Puma X Koch\u00e9, una colecci\u00f3n activewear para el d\u00eda a d\u00eda"},"content":{"rendered":"<p><span style=\"font-weight: 400\">Para celebrar lo mejor que cada mundo \u2013 <\/span><i><span style=\"font-weight: 400\">streetwear y workout \u2013 <\/span><\/i><b>Puma<\/b><span style=\"font-weight: 400\"> se ha aliado con la reconocida marca francesa<\/span><b> Koch\u00e9<\/b><span style=\"font-weight: 400\">, para presentar la mejor colecci\u00f3n de ropa que puedas utilizar tanto para ejercitarte, como para salir a la calle de manera relajada en este verano.<\/span><\/p>\n<p><img loading=\"lazy\" decoding=\"async\" class=\"alignnone wp-image-126697 size-large\" src=\"https:\/\/graziamagazine.com\/mx\/wp-content\/uploads\/sites\/13\/2023\/06\/PUMA-X-KOCHE6.jpg?w=819&amp;resize=819%2C1024\" alt=\"\" width=\"819\" height=\"1024\" data-recalc-dims=\"1\" \/><\/p>\n<p><span style=\"font-weight: 400\">Como viene ocurriendo desde hace algunos a\u00f1os, la ropa deportiva parece haberse infiltrado en nuestros guardarropas diarios, para usarla en todo momento. Y aunque la comodidad siempre es clave, a veces usar en p\u00fablico tus <\/span><i><span style=\"font-weight: 400\">leggins <\/span><\/i><span style=\"font-weight: 400\">de yoga, tu camiseta sin mangas el\u00e1stica favorita o esos diminutos y ajustados shorts, puede hacerte sentir \u201cfachosa\u201d. Sin embargo, con estas prendas es posible lograr el equilibrio perfecto entre sentirse c\u00f3moda y lucir elegante y moderna.<\/span><\/p>\n<p><img loading=\"lazy\" decoding=\"async\" class=\"alignnone wp-image-126696 size-large\" src=\"https:\/\/graziamagazine.com\/mx\/wp-content\/uploads\/sites\/13\/2023\/06\/PUMA-X-KOCHE5.jpg?w=1024&amp;resize=1024%2C682\" alt=\"\" width=\"1024\" height=\"682\" data-recalc-dims=\"1\" \/><\/p>\n<p><span style=\"font-weight: 400\">Afortunadamente, tambi\u00e9n podemos inspirarnos en varias celebridades que saben vestir este estilo perfectamente, sirvi\u00e9ndonos como gu\u00edas para encontrar la combinaci\u00f3n perfecta. Hazlo como lo hacen Rihanna, Bella Hadid y Kendall Jenner, por ejemplo.<\/span><\/p>\n<p><img loading=\"lazy\" decoding=\"async\" class=\"alignnone wp-image-126695 size-large\" src=\"https:\/\/graziamagazine.com\/mx\/wp-content\/uploads\/sites\/13\/2023\/06\/PUMA-X-KOCHE4.jpg?w=819&amp;resize=819%2C1024\" alt=\"\" width=\"819\" height=\"1024\" data-recalc-dims=\"1\" \/><\/p>\n<p><span style=\"font-weight: 400\">Esta colaboraci\u00f3n combina el <\/span><i><span style=\"font-weight: 400\">savoir faire<\/span><\/i><span style=\"font-weight: 400\"> y el arte contempor\u00e1neo con la perspectiva moderna y audaz que caracteriza a la marca deportiva alemana favorita de todos, <\/span><b>Puma, mientras que Koch\u00e9<\/b><span style=\"font-weight: 400\"> es conocida a nivel mundial por su dise\u00f1o \u00fanico y exquisito.<\/span><\/p>\n<p><img loading=\"lazy\" decoding=\"async\" class=\"alignnone wp-image-126689 size-large\" src=\"https:\/\/graziamagazine.com\/mx\/wp-content\/uploads\/sites\/13\/2023\/06\/unnamed-6-3.jpg?w=1024&amp;resize=1024%2C1024\" alt=\"\" width=\"1024\" height=\"1024\" data-recalc-dims=\"1\" \/><\/p>\n<p><span style=\"font-weight: 400\">Con Puma X Koch\u00e9, las marcas crearon \u201cuna colecci\u00f3n de piezas streetwear con un toque deportivo inspirada en el senderismo que empodera y resalta todos los tipos de cuerpo; este lanzamiento toma elementos atemporales de la moda y los transforma en prendas excepcionalmente c\u00f3modas, ligeras y amigables para cualquier actividad lo cual se refleja en un ecl\u00e9ctico estampado que traduce a la perfecci\u00f3n el ADN de la colecci\u00f3n\u201d, explica Puma en un comunicado.<\/span><\/p>\n<p><img loading=\"lazy\" decoding=\"async\" class=\"alignnone wp-image-126693 size-large\" src=\"https:\/\/graziamagazine.com\/mx\/wp-content\/uploads\/sites\/13\/2023\/06\/PUMA-X-KOCHE2.jpg?w=819&amp;resize=819%2C1024\" alt=\"\" width=\"819\" height=\"1024\" data-recalc-dims=\"1\" \/><\/p>\n<p><span style=\"font-weight: 400\">La ropa deportiva y las cl\u00e1sicas siluetas de <\/span><i><span style=\"font-weight: 400\">running<\/span><\/i> <b>Plexus Hike <\/b><span style=\"font-weight: 400\">son reinventados con colores futuristas y elementos iridiscentes, brindando un toque de sofisticaci\u00f3n y estilo vanguardista a la colecci\u00f3n. La combinaci\u00f3n de la experiencia en dise\u00f1o de Koch\u00e9 y la innovaci\u00f3n t\u00e9cnica <\/span><span style=\"font-weight: 400\">de Puma se detonan en prendas que son tanto funcionales como atractivas para todos.\u00a0<\/span><\/p>\n<p><img loading=\"lazy\" decoding=\"async\" class=\"alignnone wp-image-126692 size-large\" src=\"https:\/\/graziamagazine.com\/mx\/wp-content\/uploads\/sites\/13\/2023\/06\/PUMA-X-KOCHE1.jpg?w=819&amp;resize=819%2C1024\" alt=\"\" width=\"819\" height=\"1024\" data-recalc-dims=\"1\" \/><\/p>\n<p><b>La colecci\u00f3n consta de<\/b><span style=\"font-weight: 400\"> piezas ideales para todo momento como <\/span><i><span style=\"font-weight: 400\">hoodies<\/span><\/i><span style=\"font-weight: 400\">, <\/span><i><span style=\"font-weight: 400\">shorts<\/span><\/i><span style=\"font-weight: 400\">, <\/span><i><span style=\"font-weight: 400\">tees<\/span><\/i><span style=\"font-weight: 400\"> y <\/span><i><span style=\"font-weight: 400\">sweatpants <\/span><\/i><span style=\"font-weight: 400\">reversibles, as\u00ed como accesorios clave que ayudar\u00e1n a definir m\u00e1s tu estilo.\u00a0<\/span><\/p>\n<p><img loading=\"lazy\" decoding=\"async\" class=\"alignnone size-medium wp-image-126688\" src=\"https:\/\/graziamagazine.com\/mx\/wp-content\/uploads\/sites\/13\/2023\/06\/unnamed-5-3.jpg?w=450&amp;resize=450%2C450\" alt=\"\" width=\"450\" height=\"450\" data-recalc-dims=\"1\" \/><\/p>\n<p><span style=\"font-weight: 400\">Puma X Koch\u00e9 estar\u00e1 disponible a partir del 29 de junio de 2023 en PUMA Store Artz Pedregal, <\/span><a href=\"http:\/\/www.puma.com\" target=\"_blank\" rel=\"noopener\" target=\"_blank\"><span style=\"font-weight: 400\">www.puma.com<\/span><\/a><span style=\"font-weight: 400\"> y Lust con precios que van desde <\/span><b>$1,299.00<\/b><span style=\"font-weight: 400\"> hasta <\/span><b>$4,599.00.<\/b><\/p>\n<p><img loading=\"lazy\" decoding=\"async\" class=\"alignnone size-medium wp-image-126690\" src=\"https:\/\/graziamagazine.com\/mx\/wp-content\/uploads\/sites\/13\/2023\/06\/unnamed-7-2.jpg?w=450&amp;resize=450%2C450\" alt=\"\" width=\"450\" height=\"450\" data-recalc-dims=\"1\" \/><\/p>\n<p><span style=\"font-weight: 400\">Si est\u00e1s buscando formas de incorporar con m\u00e1s elegancia tus prendas deportivas en tus atuendos cotidianos, ahora ya sabes c\u00f3mo hacerlo.<\/span><\/p>\n","protected":false},"author":16349,"featured_media":171011,"template":"","format":"standard","categories":[1],"acf":[],"yoast_head":"<!-- This site is optimized with the Yoast SEO Premium plugin v18.5 (Yoast SEO v20.4) - https:\/\/yoast.com\/wordpress\/plugins\/seo\/ -->\n<title>Puma X Koch\u00e9, una colecci\u00f3n activewear para el d\u00eda a d\u00eda<\/title>\n<meta name=\"description\" content=\"La fusi\u00f3n perfecta entre streetwear y workout y que adem\u00e1s se complementa con arte contempor\u00e1neo y artesan\u00eda.\" \/>\n<meta name=\"robots\" content=\"index, follow, max-snippet:-1, max-image-preview:large, max-video-preview:-1\" \/>\n<link rel=\"canonical\" href=\"https:\/\/graziamagazine.com\/es\/articles\/puma-x-koche-una-coleccion-activewear-para-el-dia-a-dia\/\" \/>\n<meta property=\"og:locale\" content=\"es_ES\" \/>\n<meta property=\"og:type\" content=\"article\" \/>\n<meta property=\"og:title\" content=\"Puma X Koch\u00e9, una colecci\u00f3n activewear para el d\u00eda a d\u00eda\" \/>\n<meta property=\"og:description\" content=\"La fusi\u00f3n perfecta entre streetwear y workout y que adem\u00e1s se complementa con arte contempor\u00e1neo y artesan\u00eda.\" \/>\n<meta property=\"og:url\" content=\"https:\/\/graziamagazine.com\/es\/articles\/puma-x-koche-una-coleccion-activewear-para-el-dia-a-dia\/\" \/>\n<meta property=\"og:site_name\" content=\"Grazia\" \/>\n<meta property=\"article:modified_time\" content=\"2023-06-29T07:33:25+00:00\" \/>\n<meta property=\"og:image\" content=\"https:\/\/graziamagazine.com\/es\/wp-content\/uploads\/sites\/12\/2023\/06\/loffit-puma-x-koche-una-coleccion-naturalmente-deportiva-04.jpg\" \/>\n\t<meta property=\"og:image:width\" content=\"1000\" \/>\n\t<meta property=\"og:image:height\" content=\"668\" \/>\n\t<meta property=\"og:image:type\" content=\"image\/jpeg\" \/>\n<meta name=\"twitter:card\" content=\"summary_large_image\" \/>\n<meta name=\"twitter:label1\" content=\"Est. reading time\" \/>\n\t<meta name=\"twitter:data1\" content=\"4 minutos\" \/>\n<script type=\"application\/ld+json\" class=\"yoast-schema-graph\">{\"@context\":\"https:\/\/schema.org\",\"@graph\":[{\"@type\":\"WebPage\",\"@id\":\"https:\/\/graziamagazine.com\/es\/articles\/puma-x-koche-una-coleccion-activewear-para-el-dia-a-dia\/\",\"url\":\"https:\/\/graziamagazine.com\/es\/articles\/puma-x-koche-una-coleccion-activewear-para-el-dia-a-dia\/\",\"name\":\"Puma X Koch\u00e9, una colecci\u00f3n activewear para el d\u00eda a d\u00eda\",\"isPartOf\":{\"@id\":\"https:\/\/graziamagazine.com\/es\/#website\"},\"datePublished\":\"2023-06-29T07:32:34+00:00\",\"dateModified\":\"2023-06-29T07:33:25+00:00\",\"description\":\"La fusi\u00f3n perfecta entre streetwear y workout y que adem\u00e1s se complementa con arte contempor\u00e1neo y artesan\u00eda.\",\"breadcrumb\":{\"@id\":\"https:\/\/graziamagazine.com\/es\/articles\/puma-x-koche-una-coleccion-activewear-para-el-dia-a-dia\/#breadcrumb\"},\"inLanguage\":\"es\",\"potentialAction\":[{\"@type\":\"ReadAction\",\"target\":[\"https:\/\/graziamagazine.com\/es\/articles\/puma-x-koche-una-coleccion-activewear-para-el-dia-a-dia\/\"]}]},{\"@type\":\"BreadcrumbList\",\"@id\":\"https:\/\/graziamagazine.com\/es\/articles\/puma-x-koche-una-coleccion-activewear-para-el-dia-a-dia\/#breadcrumb\",\"itemListElement\":[{\"@type\":\"ListItem\",\"position\":1,\"name\":\"Portada\",\"item\":\"https:\/\/graziamagazine.com\/es\/\"},{\"@type\":\"ListItem\",\"position\":2,\"name\":\"Puma X Koch\u00e9, una colecci\u00f3n activewear para el d\u00eda a d\u00eda\"}]},{\"@type\":\"WebSite\",\"@id\":\"https:\/\/graziamagazine.com\/es\/#website\",\"url\":\"https:\/\/graziamagazine.com\/es\/\",\"name\":\"Grazia\",\"description\":\"Moda, belleza, celebrities, estilo de vida...\",\"potentialAction\":[{\"@type\":\"SearchAction\",\"target\":{\"@type\":\"EntryPoint\",\"urlTemplate\":\"https:\/\/graziamagazine.com\/es\/?s={search_term_string}\"},\"query-input\":\"required name=search_term_string\"}],\"inLanguage\":\"es\"}]}<\/script>\n<!-- \/ Yoast SEO Premium plugin. -->","yoast_head_json":{"title":"Puma X Koch\u00e9, una colecci\u00f3n activewear para el d\u00eda a d\u00eda","description":"La fusi\u00f3n perfecta entre streetwear y workout y que adem\u00e1s se complementa con arte contempor\u00e1neo y artesan\u00eda.","robots":{"index":"index","follow":"follow","max-snippet":"max-snippet:-1","max-image-preview":"max-image-preview:large","max-video-preview":"max-video-preview:-1"},"canonical":"https:\/\/graziamagazine.com\/es\/articles\/puma-x-koche-una-coleccion-activewear-para-el-dia-a-dia\/","og_locale":"es_ES","og_type":"article","og_title":"Puma X Koch\u00e9, una colecci\u00f3n activewear para el d\u00eda a d\u00eda","og_description":"La fusi\u00f3n perfecta entre streetwear y workout y que adem\u00e1s se complementa con arte contempor\u00e1neo y artesan\u00eda.","og_url":"https:\/\/graziamagazine.com\/es\/articles\/puma-x-koche-una-coleccion-activewear-para-el-dia-a-dia\/","og_site_name":"Grazia","article_modified_time":"2023-06-29T07:33:25+00:00","og_image":[{"width":1000,"height":668,"url":"https:\/\/graziamagazine.com\/es\/wp-content\/uploads\/sites\/12\/2023\/06\/loffit-puma-x-koche-una-coleccion-naturalmente-deportiva-04.jpg","type":"image\/jpeg"}],"twitter_card":"summary_large_image","twitter_misc":{"Est. reading time":"4 minutos"},"schema":{"@context":"https:\/\/schema.org","@graph":[{"@type":"WebPage","@id":"https:\/\/graziamagazine.com\/es\/articles\/puma-x-koche-una-coleccion-activewear-para-el-dia-a-dia\/","url":"https:\/\/graziamagazine.com\/es\/articles\/puma-x-koche-una-coleccion-activewear-para-el-dia-a-dia\/","name":"Puma X Koch\u00e9, una colecci\u00f3n activewear para el d\u00eda a d\u00eda","isPartOf":{"@id":"https:\/\/graziamagazine.com\/es\/#website"},"datePublished":"2023-06-29T07:32:34+00:00","dateModified":"2023-06-29T07:33:25+00:00","description":"La fusi\u00f3n perfecta entre streetwear y workout y que adem\u00e1s se complementa con arte contempor\u00e1neo y artesan\u00eda.","breadcrumb":{"@id":"https:\/\/graziamagazine.com\/es\/articles\/puma-x-koche-una-coleccion-activewear-para-el-dia-a-dia\/#breadcrumb"},"inLanguage":"es","potentialAction":[{"@type":"ReadAction","target":["https:\/\/graziamagazine.com\/es\/articles\/puma-x-koche-una-coleccion-activewear-para-el-dia-a-dia\/"]}]},{"@type":"BreadcrumbList","@id":"https:\/\/graziamagazine.com\/es\/articles\/puma-x-koche-una-coleccion-activewear-para-el-dia-a-dia\/#breadcrumb","itemListElement":[{"@type":"ListItem","position":1,"name":"Portada","item":"https:\/\/graziamagazine.com\/es\/"},{"@type":"ListItem","position":2,"name":"Puma X Koch\u00e9, una colecci\u00f3n activewear para el d\u00eda a d\u00eda"}]},{"@type":"WebSite","@id":"https:\/\/graziamagazine.com\/es\/#website","url":"https:\/\/graziamagazine.com\/es\/","name":"Grazia","description":"Moda, belleza, celebrities, estilo de vida...","potentialAction":[{"@type":"SearchAction","target":{"@type":"EntryPoint","urlTemplate":"https:\/\/graziamagazine.com\/es\/?s={search_term_string}"},"query-input":"required name=search_term_string"}],"inLanguage":"es"}]}},"jetpack_sharing_enabled":true,"distributor_meta":false,"distributor_terms":false,"distributor_media":false,"distributor_original_site_name":"Grazia","distributor_original_site_url":"https:\/\/graziamagazine.com\/es","push-errors":false,"_links":{"self":[{"href":"https:\/\/graziamagazine.com\/es\/wp-json\/wp\/v2\/articles\/170994"}],"collection":[{"href":"https:\/\/graziamagazine.com\/es\/wp-json\/wp\/v2\/articles"}],"about":[{"href":"https:\/\/graziamagazine.com\/es\/wp-json\/wp\/v2\/types\/articles"}],"author":[{"embeddable":true,"href":"https:\/\/graziamagazine.com\/es\/wp-json\/wp\/v2\/users\/16349"}],"wp:featuredmedia":[{"embeddable":true,"href":"https:\/\/graziamagazine.com\/es\/wp-json\/wp\/v2\/media\/171011"}],"wp:attachment":[{"href":"https:\/\/graziamagazine.com\/es\/wp-json\/wp\/v2\/media?parent=170994"}],"wp:term":[{"taxonomy":"category","embeddable":true,"href":"https:\/\/graziamagazine.com\/es\/wp-json\/wp\/v2\/categories?post=170994"}],"curies":[{"name":"wp","href":"https:\/\/api.w.org\/{rel}","templated":true}]}}