{"id":170949,"date":"2023-06-26T10:48:50","date_gmt":"2023-06-26T08:48:50","guid":{"rendered":"https:\/\/graziamagazine.com\/es\/?post_type=articles&#038;p=170949"},"modified":"2023-06-26T10:48:50","modified_gmt":"2023-06-26T08:48:50","slug":"dior-men-summer-2024-asi-es-la-nueva-propuesta-de-la-maison","status":"publish","type":"articles","link":"https:\/\/graziamagazine.com\/es\/articles\/dior-men-summer-2024-asi-es-la-nueva-propuesta-de-la-maison\/","title":{"rendered":"Dior Men Summer 2024, as\u00ed es la nueva propuesta de la maison"},"content":{"rendered":"<p>Dior Men, bajo la direcci\u00f3n creativa de <strong>Kim Jones<\/strong>, sigue cautivando al mundo de la moda con sus dise\u00f1os innovadores y su exquisita artesan\u00eda.<\/p>\n<p>La nueva colecci\u00f3n <strong>Dior Men Summer 2024<\/strong> promete una combinaci\u00f3n perfecta de tradici\u00f3n y estilo contempor\u00e1neo, rindiendo homenaje a la rica herencia de la marca y adoptando influencias modernas.<\/p>\n<div class=\"content-gallery\">\n<div class=\"gallery-placeholder\">\n<div class=\"spinner\"><\/div>\n<\/div>\n<p>&nbsp;<\/p>\n<div id=\"gallery-1\" class=\"gallery galleryid- gallery-columns- gallery-size-\">\n<figure class=\"gallery-item\">\n<div class=\"gallery-icon landscape\"><img loading=\"lazy\" decoding=\"async\" class=\"lazy\" src=\"https:\/\/graziamagazine.com\/mx\/wp-content\/uploads\/sites\/13\/2023\/06\/Captura-de-Pantalla-2023-06-24-a-las-10.29.04.png?resize=940%2C1306\" alt=\"\" width=\"940\" height=\"1306\" data-recalc-dims=\"1\" \/><\/div><figcaption id=\"gallery-1-126560\" class=\"wp-caption-text gallery-caption\">Dior Men Summer 2024 Collection: Una fusi\u00f3n de tradici\u00f3n y estilo contempor\u00e1neo<\/figcaption><\/figure>\n<figure class=\"gallery-item\">\n<div class=\"gallery-icon landscape\"><img loading=\"lazy\" decoding=\"async\" class=\"lazy\" src=\"https:\/\/graziamagazine.com\/mx\/wp-content\/uploads\/sites\/13\/2023\/06\/Captura-de-Pantalla-2023-06-24-a-las-10.16.20.png?resize=940%2C1306\" alt=\"\" width=\"940\" height=\"1306\" data-recalc-dims=\"1\" \/><\/div>\n<\/figure>\n<figure class=\"gallery-item\">\n<div class=\"gallery-icon landscape\"><img loading=\"lazy\" decoding=\"async\" class=\"lazy\" src=\"https:\/\/graziamagazine.com\/mx\/wp-content\/uploads\/sites\/13\/2023\/06\/Captura-de-Pantalla-2023-06-24-a-las-10.16.17.png?resize=940%2C1306\" alt=\"\" width=\"940\" height=\"1306\" data-recalc-dims=\"1\" \/><\/div>\n<\/figure>\n<figure class=\"gallery-item\">\n<div class=\"gallery-icon landscape\"><img loading=\"lazy\" decoding=\"async\" class=\"lazy\" src=\"https:\/\/graziamagazine.com\/mx\/wp-content\/uploads\/sites\/13\/2023\/06\/Captura-de-Pantalla-2023-06-24-a-las-10.16.32.png?resize=940%2C1306\" alt=\"\" width=\"940\" height=\"1306\" data-recalc-dims=\"1\" \/><\/div>\n<\/figure>\n<figure class=\"gallery-item\">\n<div class=\"gallery-icon landscape\"><img loading=\"lazy\" decoding=\"async\" class=\"lazy\" src=\"https:\/\/graziamagazine.com\/mx\/wp-content\/uploads\/sites\/13\/2023\/06\/Captura-de-Pantalla-2023-06-24-a-las-10.16.25.png?resize=940%2C1306\" alt=\"\" width=\"940\" height=\"1306\" data-recalc-dims=\"1\" \/><\/div>\n<\/figure>\n<\/div>\n<\/div>\n<p>Inspir\u00e1ndose en varias fuentes, Kim Jones presenta una colecci\u00f3n que muestra su<strong> habilidad \u00fanica para crear dise\u00f1os<\/strong> <strong>cohesivos y cautivadores<\/strong>.<\/p>\n<p>Kim Jones, conocido por su est\u00e9tica subversiva y ecl\u00e9ctica, crea una fusi\u00f3n de alta costura y atractivo vintage. Los trasfondos vanguardistas y rebeldes de la colecci\u00f3n resuenan con el esp\u00edritu de la casa, haciendo una declaraci\u00f3n audaz en la pasarela.<\/p>\n<div class=\"content-gallery\">\n<div class=\"gallery-placeholder\">\n<div class=\"spinner\"><\/div>\n<\/div>\n<p>&nbsp;<\/p>\n<div id=\"gallery-2\" class=\"gallery galleryid- gallery-columns- gallery-size-\">\n<figure class=\"gallery-item\">\n<div class=\"gallery-icon landscape\"><img loading=\"lazy\" decoding=\"async\" class=\"lazy\" src=\"https:\/\/graziamagazine.com\/mx\/wp-content\/uploads\/sites\/13\/2023\/06\/Captura-de-Pantalla-2023-06-24-a-las-10.16.09.png?resize=940%2C1306\" alt=\"\" width=\"940\" height=\"1306\" data-recalc-dims=\"1\" \/><\/div><figcaption id=\"gallery-2-126550\" class=\"wp-caption-text gallery-caption\">Dior Men Summer 2024 Collection: Una fusi\u00f3n de tradici\u00f3n y estilo contempor\u00e1neo<\/figcaption><\/figure>\n<figure class=\"gallery-item\">\n<div class=\"gallery-icon landscape\"><img loading=\"lazy\" decoding=\"async\" class=\"lazy\" src=\"https:\/\/graziamagazine.com\/mx\/wp-content\/uploads\/sites\/13\/2023\/06\/Captura-de-Pantalla-2023-06-24-a-las-10.16.07.png?resize=940%2C1306\" alt=\"\" width=\"940\" height=\"1306\" data-recalc-dims=\"1\" \/><\/div>\n<\/figure>\n<figure class=\"gallery-item\">\n<div class=\"gallery-icon landscape\"><img loading=\"lazy\" decoding=\"async\" class=\"lazy\" src=\"https:\/\/graziamagazine.com\/mx\/wp-content\/uploads\/sites\/13\/2023\/06\/Captura-de-Pantalla-2023-06-24-a-las-10.16.05.png?resize=940%2C1306\" alt=\"\" width=\"940\" height=\"1306\" data-recalc-dims=\"1\" \/><\/div>\n<\/figure>\n<\/div>\n<\/div>\n<blockquote><p>\u201c<i>Dior es una Maison de alta costura: lo m\u00e1s importante es la ropa. La firma gira en torno a siluetas, formas y t\u00e9cnicas de confecci\u00f3n del m\u00e1s alto nivel; un savoir-faire de excelencia. Quiero pensar que en los cinco a\u00f1os que llevo aqu\u00ed \u2015esta colecci\u00f3n y este desfile marcan mi quinto aniversario\u2015 nunca me he olvidado de ello. Es una cultura que hemos heredado de la moda femenina y que hemos aplicado a la moda masculina actual. Y, por primera vez en nuestras colecciones, hemos querido homenajear a una serie de sucesores de Dior y a \u00e9pocas que nos han servido de inspiraci\u00f3n, junto con algunas influencias m\u00e1s recientes. Todo ello queda vinculado por medio de la textura y la t\u00e9cnica, adem\u00e1s de algunos de los iconos de Dior, en particular, el Cannage\u201d.<\/i>\u00a0Kim Jones<\/p>\n<div class=\"content-gallery\">\n<div class=\"gallery-placeholder\">\n<div class=\"spinner\"><\/div>\n<\/div>\n<p>&nbsp;<\/p>\n<div id=\"gallery-3\" class=\"gallery galleryid- gallery-columns- gallery-size-\">\n<figure class=\"gallery-item\">\n<div class=\"gallery-icon landscape\"><img loading=\"lazy\" decoding=\"async\" class=\"lazy\" src=\"https:\/\/graziamagazine.com\/mx\/wp-content\/uploads\/sites\/13\/2023\/06\/Captura-de-Pantalla-2023-06-24-a-las-10.15.52.png?resize=940%2C1306\" alt=\"\" width=\"940\" height=\"1306\" data-recalc-dims=\"1\" \/><\/div>\n<\/figure>\n<figure class=\"gallery-item\">\n<div class=\"gallery-icon landscape\"><img loading=\"lazy\" decoding=\"async\" class=\"lazy\" src=\"https:\/\/graziamagazine.com\/mx\/wp-content\/uploads\/sites\/13\/2023\/06\/Captura-de-Pantalla-2023-06-24-a-las-10.15.50.png?resize=940%2C1306\" alt=\"\" width=\"940\" height=\"1306\" data-recalc-dims=\"1\" \/><\/div>\n<\/figure>\n<figure class=\"gallery-item\">\n<div class=\"gallery-icon landscape\"><img loading=\"lazy\" decoding=\"async\" class=\"lazy\" src=\"https:\/\/graziamagazine.com\/mx\/wp-content\/uploads\/sites\/13\/2023\/06\/Captura-de-Pantalla-2023-06-24-a-las-10.15.27.png?resize=940%2C1306\" alt=\"\" width=\"940\" height=\"1306\" data-recalc-dims=\"1\" \/><\/div>\n<\/figure>\n<figure class=\"gallery-item\">\n<div class=\"gallery-icon landscape\"><img loading=\"lazy\" decoding=\"async\" class=\"lazy\" src=\"https:\/\/graziamagazine.com\/mx\/wp-content\/uploads\/sites\/13\/2023\/06\/Captura-de-Pantalla-2023-06-24-a-las-10.15.21.png?resize=940%2C1306\" alt=\"\" width=\"940\" height=\"1306\" data-recalc-dims=\"1\" \/><\/div>\n<\/figure>\n<figure class=\"gallery-item\">\n<div class=\"gallery-icon landscape\"><img loading=\"lazy\" decoding=\"async\" class=\"lazy\" src=\"https:\/\/graziamagazine.com\/mx\/wp-content\/uploads\/sites\/13\/2023\/06\/Captura-de-Pantalla-2023-06-24-a-las-10.15.32.png?resize=940%2C1306\" alt=\"\" width=\"940\" height=\"1306\" data-recalc-dims=\"1\" \/><\/div>\n<\/figure>\n<\/div>\n<\/div>\n<\/blockquote>\n<p>En un mundo donde la comodidad y el estilo van de la mano, Kim Jones enfatiza la importancia de modernizar los c\u00f3digos de sastrer\u00eda tradicionales. Incluso en ropa formal, la colecci\u00f3n prioriza el deseo del <strong>hombre moderno por la moda<\/strong> <strong>c\u00f3moda pero sofisticada. <\/strong><\/p>\n<p>Este enfoque refleja el panorama de la moda en evoluci\u00f3n, donde la versatilidad y la adaptabilidad son clave. El dise\u00f1ador entiende la necesidad de lograr un equilibrio entre la <strong>elegancia del vestuario<\/strong> y la <strong>facilidad de movimiento<\/strong>, atendiendo a las preferencias de la clientela m\u00e1s exigente de hoy.<\/p>\n<div class=\"content-gallery\">\n<div class=\"gallery-placeholder\">\n<div class=\"spinner\"><\/div>\n<\/div>\n<p>&nbsp;<\/p>\n<div id=\"gallery-4\" class=\"gallery galleryid- gallery-columns- gallery-size-\">\n<figure class=\"gallery-item\">\n<div class=\"gallery-icon landscape\"><img loading=\"lazy\" decoding=\"async\" class=\"lazy\" src=\"https:\/\/graziamagazine.com\/mx\/wp-content\/uploads\/sites\/13\/2023\/06\/Captura-de-Pantalla-2023-06-24-a-las-10.25.41.png?resize=904%2C1358\" alt=\"\" width=\"904\" height=\"1358\" data-recalc-dims=\"1\" \/><\/div>\n<\/figure>\n<figure class=\"gallery-item\">\n<div class=\"gallery-icon landscape\"><img loading=\"lazy\" decoding=\"async\" class=\"lazy\" src=\"https:\/\/graziamagazine.com\/mx\/wp-content\/uploads\/sites\/13\/2023\/06\/Captura-de-Pantalla-2023-06-24-a-las-10.25.50.png?resize=896%2C1234\" alt=\"\" width=\"896\" height=\"1234\" data-recalc-dims=\"1\" \/><\/div>\n<\/figure>\n<figure class=\"gallery-item\">\n<div class=\"gallery-icon landscape\"><img loading=\"lazy\" decoding=\"async\" class=\"lazy\" src=\"https:\/\/graziamagazine.com\/mx\/wp-content\/uploads\/sites\/13\/2023\/06\/Captura-de-Pantalla-2023-06-24-a-las-10.26.14.png?resize=944%2C1310\" alt=\"\" width=\"944\" height=\"1310\" data-recalc-dims=\"1\" \/><\/div>\n<\/figure>\n<figure class=\"gallery-item\">\n<div class=\"gallery-icon landscape\"><img loading=\"lazy\" decoding=\"async\" class=\"lazy\" src=\"https:\/\/graziamagazine.com\/mx\/wp-content\/uploads\/sites\/13\/2023\/06\/Captura-de-Pantalla-2023-06-24-a-las-10.26.05.png?resize=1024%2C1382\" alt=\"\" width=\"1024\" height=\"1382\" data-recalc-dims=\"1\" \/><\/div>\n<\/figure>\n<\/div>\n<\/div>\n<p>La colecci\u00f3n se inspira en los c\u00f3digos de la firma <strong>Yves Saint Laurent<\/strong>. Las siluetas dominan y sirven de inspiraci\u00f3n para una propuesta veraniega, que transporta y transforma. Una fusi\u00f3n de los masculino y lo femenino que conecta las tradiciones y los materiales ic\u00f3nicos del <strong><i>tailoring\u00a0<\/i>brit\u00e1nico<\/strong> que se mezclan con el<strong>\u00a0<i>tailleur<\/i>\u00a0de alta costura<\/strong> para revelar las ra\u00edces de la moda femenina en el mundo masculino.<\/p>\n<p><em>*Im\u00e1genes: cortes\u00eda Dior<\/em><\/p>\n<p>&nbsp;<\/p>\n<p>&nbsp;<\/p>\n<p>&nbsp;<\/p>\n<p>&nbsp;<\/p>\n","protected":false},"author":16349,"featured_media":170950,"template":"","format":"standard","categories":[1],"acf":[],"yoast_head":"<!-- This site is optimized with the Yoast SEO Premium plugin v18.5 (Yoast SEO v20.4) - https:\/\/yoast.com\/wordpress\/plugins\/seo\/ -->\n<title>Dior Men Summer 2024, as\u00ed es la nueva propuesta de la maison<\/title>\n<meta name=\"description\" content=\"Una amalgama de autobiograf\u00edas se une a la de Kim Jones en esta colecci\u00f3n y desfile, que celebran su quinto aniversario en Dior\" \/>\n<meta name=\"robots\" content=\"index, follow, max-snippet:-1, max-image-preview:large, max-video-preview:-1\" \/>\n<link rel=\"canonical\" href=\"https:\/\/graziamagazine.com\/es\/articles\/dior-men-summer-2024-asi-es-la-nueva-propuesta-de-la-maison\/\" \/>\n<meta property=\"og:locale\" content=\"es_ES\" \/>\n<meta property=\"og:type\" content=\"article\" \/>\n<meta property=\"og:title\" content=\"Dior Men Summer 2024, as\u00ed es la nueva propuesta de la maison\" \/>\n<meta property=\"og:description\" content=\"Una amalgama de autobiograf\u00edas se une a la de Kim Jones en esta colecci\u00f3n y desfile, que celebran su quinto aniversario en Dior\" \/>\n<meta property=\"og:url\" content=\"https:\/\/graziamagazine.com\/es\/articles\/dior-men-summer-2024-asi-es-la-nueva-propuesta-de-la-maison\/\" \/>\n<meta property=\"og:site_name\" content=\"Grazia\" \/>\n<meta property=\"og:image\" content=\"https:\/\/graziamagazine.com\/es\/wp-content\/uploads\/sites\/12\/2023\/06\/Captura-de-Pantalla-2023-06-24-a-las-10.27.57.png\" \/>\n\t<meta property=\"og:image:width\" content=\"1024\" \/>\n\t<meta property=\"og:image:height\" content=\"456\" \/>\n\t<meta property=\"og:image:type\" content=\"image\/png\" \/>\n<meta name=\"twitter:card\" content=\"summary_large_image\" \/>\n<meta name=\"twitter:label1\" content=\"Est. reading time\" \/>\n\t<meta name=\"twitter:data1\" content=\"6 minutos\" \/>\n<script type=\"application\/ld+json\" class=\"yoast-schema-graph\">{\"@context\":\"https:\/\/schema.org\",\"@graph\":[{\"@type\":\"WebPage\",\"@id\":\"https:\/\/graziamagazine.com\/es\/articles\/dior-men-summer-2024-asi-es-la-nueva-propuesta-de-la-maison\/\",\"url\":\"https:\/\/graziamagazine.com\/es\/articles\/dior-men-summer-2024-asi-es-la-nueva-propuesta-de-la-maison\/\",\"name\":\"Dior Men Summer 2024, as\u00ed es la nueva propuesta de la maison\",\"isPartOf\":{\"@id\":\"https:\/\/graziamagazine.com\/es\/#website\"},\"datePublished\":\"2023-06-26T08:48:50+00:00\",\"dateModified\":\"2023-06-26T08:48:50+00:00\",\"description\":\"Una amalgama de autobiograf\u00edas se une a la de Kim Jones en esta colecci\u00f3n y desfile, que celebran su quinto aniversario en Dior\",\"breadcrumb\":{\"@id\":\"https:\/\/graziamagazine.com\/es\/articles\/dior-men-summer-2024-asi-es-la-nueva-propuesta-de-la-maison\/#breadcrumb\"},\"inLanguage\":\"es\",\"potentialAction\":[{\"@type\":\"ReadAction\",\"target\":[\"https:\/\/graziamagazine.com\/es\/articles\/dior-men-summer-2024-asi-es-la-nueva-propuesta-de-la-maison\/\"]}]},{\"@type\":\"BreadcrumbList\",\"@id\":\"https:\/\/graziamagazine.com\/es\/articles\/dior-men-summer-2024-asi-es-la-nueva-propuesta-de-la-maison\/#breadcrumb\",\"itemListElement\":[{\"@type\":\"ListItem\",\"position\":1,\"name\":\"Portada\",\"item\":\"https:\/\/graziamagazine.com\/es\/\"},{\"@type\":\"ListItem\",\"position\":2,\"name\":\"Dior Men Summer 2024, as\u00ed es la nueva propuesta de la maison\"}]},{\"@type\":\"WebSite\",\"@id\":\"https:\/\/graziamagazine.com\/es\/#website\",\"url\":\"https:\/\/graziamagazine.com\/es\/\",\"name\":\"Grazia\",\"description\":\"Moda, belleza, celebrities, estilo de vida...\",\"potentialAction\":[{\"@type\":\"SearchAction\",\"target\":{\"@type\":\"EntryPoint\",\"urlTemplate\":\"https:\/\/graziamagazine.com\/es\/?s={search_term_string}\"},\"query-input\":\"required name=search_term_string\"}],\"inLanguage\":\"es\"}]}<\/script>\n<!-- \/ Yoast SEO Premium plugin. -->","yoast_head_json":{"title":"Dior Men Summer 2024, as\u00ed es la nueva propuesta de la maison","description":"Una amalgama de autobiograf\u00edas se une a la de Kim Jones en esta colecci\u00f3n y desfile, que celebran su quinto aniversario en Dior","robots":{"index":"index","follow":"follow","max-snippet":"max-snippet:-1","max-image-preview":"max-image-preview:large","max-video-preview":"max-video-preview:-1"},"canonical":"https:\/\/graziamagazine.com\/es\/articles\/dior-men-summer-2024-asi-es-la-nueva-propuesta-de-la-maison\/","og_locale":"es_ES","og_type":"article","og_title":"Dior Men Summer 2024, as\u00ed es la nueva propuesta de la maison","og_description":"Una amalgama de autobiograf\u00edas se une a la de Kim Jones en esta colecci\u00f3n y desfile, que celebran su quinto aniversario en Dior","og_url":"https:\/\/graziamagazine.com\/es\/articles\/dior-men-summer-2024-asi-es-la-nueva-propuesta-de-la-maison\/","og_site_name":"Grazia","og_image":[{"url":"https:\/\/graziamagazine.com\/es\/wp-content\/uploads\/sites\/12\/2023\/06\/Captura-de-Pantalla-2023-06-24-a-las-10.27.57.png","width":1024,"height":456,"type":"image\/png"}],"twitter_card":"summary_large_image","twitter_misc":{"Est. reading time":"6 minutos"},"schema":{"@context":"https:\/\/schema.org","@graph":[{"@type":"WebPage","@id":"https:\/\/graziamagazine.com\/es\/articles\/dior-men-summer-2024-asi-es-la-nueva-propuesta-de-la-maison\/","url":"https:\/\/graziamagazine.com\/es\/articles\/dior-men-summer-2024-asi-es-la-nueva-propuesta-de-la-maison\/","name":"Dior Men Summer 2024, as\u00ed es la nueva propuesta de la maison","isPartOf":{"@id":"https:\/\/graziamagazine.com\/es\/#website"},"datePublished":"2023-06-26T08:48:50+00:00","dateModified":"2023-06-26T08:48:50+00:00","description":"Una amalgama de autobiograf\u00edas se une a la de Kim Jones en esta colecci\u00f3n y desfile, que celebran su quinto aniversario en Dior","breadcrumb":{"@id":"https:\/\/graziamagazine.com\/es\/articles\/dior-men-summer-2024-asi-es-la-nueva-propuesta-de-la-maison\/#breadcrumb"},"inLanguage":"es","potentialAction":[{"@type":"ReadAction","target":["https:\/\/graziamagazine.com\/es\/articles\/dior-men-summer-2024-asi-es-la-nueva-propuesta-de-la-maison\/"]}]},{"@type":"BreadcrumbList","@id":"https:\/\/graziamagazine.com\/es\/articles\/dior-men-summer-2024-asi-es-la-nueva-propuesta-de-la-maison\/#breadcrumb","itemListElement":[{"@type":"ListItem","position":1,"name":"Portada","item":"https:\/\/graziamagazine.com\/es\/"},{"@type":"ListItem","position":2,"name":"Dior Men Summer 2024, as\u00ed es la nueva propuesta de la maison"}]},{"@type":"WebSite","@id":"https:\/\/graziamagazine.com\/es\/#website","url":"https:\/\/graziamagazine.com\/es\/","name":"Grazia","description":"Moda, belleza, celebrities, estilo de vida...","potentialAction":[{"@type":"SearchAction","target":{"@type":"EntryPoint","urlTemplate":"https:\/\/graziamagazine.com\/es\/?s={search_term_string}"},"query-input":"required name=search_term_string"}],"inLanguage":"es"}]}},"jetpack_sharing_enabled":true,"distributor_meta":false,"distributor_terms":false,"distributor_media":false,"distributor_original_site_name":"Grazia","distributor_original_site_url":"https:\/\/graziamagazine.com\/es","push-errors":false,"_links":{"self":[{"href":"https:\/\/graziamagazine.com\/es\/wp-json\/wp\/v2\/articles\/170949"}],"collection":[{"href":"https:\/\/graziamagazine.com\/es\/wp-json\/wp\/v2\/articles"}],"about":[{"href":"https:\/\/graziamagazine.com\/es\/wp-json\/wp\/v2\/types\/articles"}],"author":[{"embeddable":true,"href":"https:\/\/graziamagazine.com\/es\/wp-json\/wp\/v2\/users\/16349"}],"wp:featuredmedia":[{"embeddable":true,"href":"https:\/\/graziamagazine.com\/es\/wp-json\/wp\/v2\/media\/170950"}],"wp:attachment":[{"href":"https:\/\/graziamagazine.com\/es\/wp-json\/wp\/v2\/media?parent=170949"}],"wp:term":[{"taxonomy":"category","embeddable":true,"href":"https:\/\/graziamagazine.com\/es\/wp-json\/wp\/v2\/categories?post=170949"}],"curies":[{"name":"wp","href":"https:\/\/api.w.org\/{rel}","templated":true}]}}