{"id":170898,"date":"2023-06-20T12:13:55","date_gmt":"2023-06-20T10:13:55","guid":{"rendered":"https:\/\/graziamagazine.com\/es\/?post_type=articles&#038;p=170898"},"modified":"2023-06-23T20:05:41","modified_gmt":"2023-06-23T18:05:41","slug":"braguitas-menstruales-te-aclaramos-todas-las-dudas","status":"publish","type":"articles","link":"https:\/\/graziamagazine.com\/es\/articles\/braguitas-menstruales-te-aclaramos-todas-las-dudas\/","title":{"rendered":"Braguitas menstruales: te aclaramos todas las dudas"},"content":{"rendered":"<div class=\"field field-name-field-quehaydenuevo-teaser field-type-text-long field-label-hidden\">\n<div class=\"field-items\">\n<div class=\"field-item even\"><\/div>\n<\/div>\n<\/div>\n<div class=\"field-items\">\n<p>Cada vez estamos m\u00e1s concienciadas sobre la necesidad\u00a0de\u00a0cuidar nuestro planetamediante\u00a0peque\u00f1os \u2018gestos eco\u2019\u00a0que act\u00faen en favor del bienestar del mismo. Todas sabemos que el uso excesivo y recurrente de\u00a0materiales pl\u00e1sticos perjudica gravemente al ecosistema mundial\u00a0y, por ello, debemos actuar en consecuencia para\u00a0reducirlos al m\u00e1ximo posible. Pero, \u00bfpor d\u00f3nde empezar?<\/p>\n<p>Con el uso de\u00a0braguitas menstruales\u00a0podemos poner en pr\u00e1ctica una\u00a0menstruaci\u00f3n m\u00e1s ecol\u00f3gica\u00a0en favor de la sostenibilidad del planeta y en beneficio de tu salud \u00edntima. Respondemos todas tus dudas de esta prenda ecol\u00f3gica.<\/p>\n<h3>BRAGUITAS MENSTRUALES, \u00bfC\u00d3MO FUNCIONAN?<\/h3>\n<p>M\u00e1s all\u00e1 de los tampones, las compresas y las copas tradicionales, hoy podemos optar por una\u00a0soluci\u00f3n alternativa y ecol\u00f3gica\u00a0como son las\u00a0braguitas menstruales, que han sido dise\u00f1adas espec\u00edficamente para estos d\u00edas del mes. Estas braguitas reutilizables se presentan como la soluci\u00f3n ideal para\u00a0reducir el uso de pl\u00e1stico durante el ciclo menstrual.<\/p>\n<p>Actualmente disponemos de muchas opciones de braguitas menstruales como\u00a0\u00a0culottes, tangas\u00a0 o modelos cl\u00e1sicos. Lo primero que debes saber es que todas ellas son\u00a0transpirables e hipoalerg\u00e9nicas, y que adem\u00e1s existen diferentes tipos en funci\u00f3n del d\u00eda y de nuestro flujo. Todos los modelos suelen combinar tres materiales:\u00a0algod\u00f3n\u00a0(en contacto directo con tu piel m\u00e1s \u00edntima),\u00a0poli\u00e9ster\u00a0(cumple la funci\u00f3n absorbente) y\u00a0licra(capa exterior).<\/p>\n<h3>\u00bfC\u00d3MO DEBES LAVARLAS?<\/h3>\n<p>Existe una m\u00e1xima que deber\u00e1s cumplir siempre:\u00a0no utilices suavizante\u00a0en el lavado de las braguitas. El uso de\u00a0productos agresivos puede alterar las propiedades de los tejidos, perjudicando a su funcionalidad. Lo ideal es seguir estos pasos:<\/p>\n<p><em>Aclarar la braguita siempre con agua fr\u00eda despu\u00e9s del uso.<\/em><\/p>\n<p><em>Utiliza los programas de fr\u00edo en la lavadora (30\u00ba)<\/em><\/p>\n<p><em>Dejar secar al sol o al aire libre (sin secadora).<\/em><\/p>\n<p>Las braguitas suelen tener una\u00a0vida \u00fatil\u00a0en torno a los\u00a060 usos, por lo que cuando se cumpla este plazo podr\u00e1s\u00a0seguir us\u00e1ndolas pero como la ropa interior tradicional.<\/p>\n<h3>\u00bfLAS BRAGUITAS MENSTRUALES FAVORECEN EL MAL OLOR?<\/h3>\n<p>Rotundamente no. Estas prendas est\u00e1n dise\u00f1adas para\u00a0absorber el flujo menstrual\u00a0y cuentan adem\u00e1s con\u00a0tejidos de alta tecnolog\u00eda\u00a0que combaten el mal olor. Aunque s\u00ed es cierto que este hecho\u00a0no resulta suficiente para conseguir una higiene \u00edntima adecuada. Durante la menstruaci\u00f3n siempre es recomendable combinar el uso de tampones, compresas o braguitas con\u00a0un gel espec\u00edfico para la zona \u00edntima. Este es el caso de\u00a0<a href=\"https:\/\/anws.co\/ci3Sn\/%7B75b5d16d-7f97-4a07-8216-f7df63d4e19b%7D\" target=\"_blank\" rel=\"noopener\" data-saferedirecturl=\"https:\/\/www.google.com\/url?q=https:\/\/anws.co\/ci3Sn\/%257B75b5d16d-7f97-4a07-8216-f7df63d4e19b%257D&amp;source=gmail&amp;ust=1650527844558000&amp;usg=AOvVaw0xHrZmuqr68isKoB6w1Wh3\" target=\"_blank\">Chilly Gel<\/a>, que se presenta como la opci\u00f3n perfecta para completar tu rutina de higiene menstrual.<\/p>\n<p><img loading=\"lazy\" decoding=\"async\" class=\"aligncenter wp-image-170900 size-full\" src=\"https:\/\/graziamagazine.com\/es\/wp-content\/uploads\/sites\/12\/2023\/06\/CHILLY-GEL_3_0-e1687255994133.jpg\" alt=\"\" width=\"400\" height=\"719\" \/><\/p>\n<p>Chilly Gel, proporciona una sensaci\u00f3n de frescura y protecci\u00f3n duraderas. Su f\u00f3rmula contiene una\u00a0mol\u00e9cula antiolor\u00a0altamente eficaz durante las fases menstruales.\u00a0El uso diario de\u00a0productos espec\u00edficos para la zona \u00edntima,\u00a0como los de la gama\u00a0<a href=\"https:\/\/anws.co\/ci3So\/%7B75b5d16d-7f97-4a07-8216-f7df63d4e19b%7D\" target=\"_blank\" rel=\"noopener\" data-saferedirecturl=\"https:\/\/www.google.com\/url?q=https:\/\/anws.co\/ci3So\/%257B75b5d16d-7f97-4a07-8216-f7df63d4e19b%257D&amp;source=gmail&amp;ust=1650527844558000&amp;usg=AOvVaw2qgcNP6h0yWMwxzkUT4BI8\" target=\"_blank\">Chilly<\/a>, te ayudar\u00e1 a\u00a0mantener la salud vaginal y los niveles ideales del pH, ya que \u201c<em>un gel de higiene \u00edntima tiene un<\/em>\u00a0<em>pH m\u00e1s \u00e1cido, agentes limpiadores m\u00e1s suaves y adem\u00e1s est\u00e1 testado bajo control ginecol\u00f3gico\u201d,<\/em>\u00a0explica Bel\u00e9n G\u00f3mez,\u00a0Ginec\u00f3loga del Hospital Infanta Leonor.<\/p>\n<p>PVP Recomendado: 3,95\u20ac el formato de 250ml. De venta en supermercados y perfumer\u00edas<\/p>\n<p><em>*Im\u00e1genes: cortes\u00eda<\/em><\/p>\n<\/div>\n","protected":false},"author":11653,"featured_media":170899,"template":"","format":"standard","categories":[3054],"acf":[],"yoast_head":"<!-- This site is optimized with the Yoast SEO Premium plugin v18.5 (Yoast SEO v20.4) - https:\/\/yoast.com\/wordpress\/plugins\/seo\/ -->\n<title>Braguitas menstruales: te aclaramos todas las dudas<\/title>\n<meta name=\"description\" content=\"El uso de braguitas menstruales ayuda a una menstruaci\u00f3n ms ecol\u00f3gica en favor del planeta y en beneficio de tu salud \u00edntima.\" \/>\n<meta name=\"robots\" content=\"index, follow, max-snippet:-1, max-image-preview:large, max-video-preview:-1\" \/>\n<link rel=\"canonical\" href=\"https:\/\/graziamagazine.com\/es\/articles\/braguitas-menstruales-te-aclaramos-todas-las-dudas\/\" \/>\n<meta property=\"og:locale\" content=\"es_ES\" \/>\n<meta property=\"og:type\" content=\"article\" \/>\n<meta property=\"og:title\" content=\"Braguitas menstruales: te aclaramos todas las dudas\" \/>\n<meta property=\"og:description\" content=\"El uso de braguitas menstruales ayuda a una menstruaci\u00f3n ms ecol\u00f3gica en favor del planeta y en beneficio de tu salud \u00edntima.\" \/>\n<meta property=\"og:url\" content=\"https:\/\/graziamagazine.com\/es\/articles\/braguitas-menstruales-te-aclaramos-todas-las-dudas\/\" \/>\n<meta property=\"og:site_name\" content=\"Grazia\" \/>\n<meta property=\"article:modified_time\" content=\"2023-06-23T18:05:41+00:00\" \/>\n<meta property=\"og:image\" content=\"https:\/\/graziamagazine.com\/es\/wp-content\/uploads\/sites\/12\/2023\/06\/bragas230619sb.jpg\" \/>\n\t<meta property=\"og:image:width\" content=\"1024\" \/>\n\t<meta property=\"og:image:height\" content=\"768\" \/>\n\t<meta property=\"og:image:type\" content=\"image\/jpeg\" \/>\n<meta name=\"twitter:card\" content=\"summary_large_image\" \/>\n<meta name=\"twitter:label1\" content=\"Est. reading time\" \/>\n\t<meta name=\"twitter:data1\" content=\"3 minutos\" \/>\n<script type=\"application\/ld+json\" class=\"yoast-schema-graph\">{\"@context\":\"https:\/\/schema.org\",\"@graph\":[{\"@type\":\"WebPage\",\"@id\":\"https:\/\/graziamagazine.com\/es\/articles\/braguitas-menstruales-te-aclaramos-todas-las-dudas\/\",\"url\":\"https:\/\/graziamagazine.com\/es\/articles\/braguitas-menstruales-te-aclaramos-todas-las-dudas\/\",\"name\":\"Braguitas menstruales: te aclaramos todas las dudas\",\"isPartOf\":{\"@id\":\"https:\/\/graziamagazine.com\/es\/#website\"},\"datePublished\":\"2023-06-20T10:13:55+00:00\",\"dateModified\":\"2023-06-23T18:05:41+00:00\",\"description\":\"El uso de braguitas menstruales ayuda a una menstruaci\u00f3n ms ecol\u00f3gica en favor del planeta y en beneficio de tu salud \u00edntima.\",\"breadcrumb\":{\"@id\":\"https:\/\/graziamagazine.com\/es\/articles\/braguitas-menstruales-te-aclaramos-todas-las-dudas\/#breadcrumb\"},\"inLanguage\":\"es\",\"potentialAction\":[{\"@type\":\"ReadAction\",\"target\":[\"https:\/\/graziamagazine.com\/es\/articles\/braguitas-menstruales-te-aclaramos-todas-las-dudas\/\"]}]},{\"@type\":\"BreadcrumbList\",\"@id\":\"https:\/\/graziamagazine.com\/es\/articles\/braguitas-menstruales-te-aclaramos-todas-las-dudas\/#breadcrumb\",\"itemListElement\":[{\"@type\":\"ListItem\",\"position\":1,\"name\":\"Portada\",\"item\":\"https:\/\/graziamagazine.com\/es\/\"},{\"@type\":\"ListItem\",\"position\":2,\"name\":\"Braguitas menstruales: te aclaramos todas las dudas\"}]},{\"@type\":\"WebSite\",\"@id\":\"https:\/\/graziamagazine.com\/es\/#website\",\"url\":\"https:\/\/graziamagazine.com\/es\/\",\"name\":\"Grazia\",\"description\":\"Moda, belleza, celebrities, estilo de vida...\",\"potentialAction\":[{\"@type\":\"SearchAction\",\"target\":{\"@type\":\"EntryPoint\",\"urlTemplate\":\"https:\/\/graziamagazine.com\/es\/?s={search_term_string}\"},\"query-input\":\"required name=search_term_string\"}],\"inLanguage\":\"es\"}]}<\/script>\n<!-- \/ Yoast SEO Premium plugin. -->","yoast_head_json":{"title":"Braguitas menstruales: te aclaramos todas las dudas","description":"El uso de braguitas menstruales ayuda a una menstruaci\u00f3n ms ecol\u00f3gica en favor del planeta y en beneficio de tu salud \u00edntima.","robots":{"index":"index","follow":"follow","max-snippet":"max-snippet:-1","max-image-preview":"max-image-preview:large","max-video-preview":"max-video-preview:-1"},"canonical":"https:\/\/graziamagazine.com\/es\/articles\/braguitas-menstruales-te-aclaramos-todas-las-dudas\/","og_locale":"es_ES","og_type":"article","og_title":"Braguitas menstruales: te aclaramos todas las dudas","og_description":"El uso de braguitas menstruales ayuda a una menstruaci\u00f3n ms ecol\u00f3gica en favor del planeta y en beneficio de tu salud \u00edntima.","og_url":"https:\/\/graziamagazine.com\/es\/articles\/braguitas-menstruales-te-aclaramos-todas-las-dudas\/","og_site_name":"Grazia","article_modified_time":"2023-06-23T18:05:41+00:00","og_image":[{"width":1024,"height":768,"url":"https:\/\/graziamagazine.com\/es\/wp-content\/uploads\/sites\/12\/2023\/06\/bragas230619sb.jpg","type":"image\/jpeg"}],"twitter_card":"summary_large_image","twitter_misc":{"Est. reading time":"3 minutos"},"schema":{"@context":"https:\/\/schema.org","@graph":[{"@type":"WebPage","@id":"https:\/\/graziamagazine.com\/es\/articles\/braguitas-menstruales-te-aclaramos-todas-las-dudas\/","url":"https:\/\/graziamagazine.com\/es\/articles\/braguitas-menstruales-te-aclaramos-todas-las-dudas\/","name":"Braguitas menstruales: te aclaramos todas las dudas","isPartOf":{"@id":"https:\/\/graziamagazine.com\/es\/#website"},"datePublished":"2023-06-20T10:13:55+00:00","dateModified":"2023-06-23T18:05:41+00:00","description":"El uso de braguitas menstruales ayuda a una menstruaci\u00f3n ms ecol\u00f3gica en favor del planeta y en beneficio de tu salud \u00edntima.","breadcrumb":{"@id":"https:\/\/graziamagazine.com\/es\/articles\/braguitas-menstruales-te-aclaramos-todas-las-dudas\/#breadcrumb"},"inLanguage":"es","potentialAction":[{"@type":"ReadAction","target":["https:\/\/graziamagazine.com\/es\/articles\/braguitas-menstruales-te-aclaramos-todas-las-dudas\/"]}]},{"@type":"BreadcrumbList","@id":"https:\/\/graziamagazine.com\/es\/articles\/braguitas-menstruales-te-aclaramos-todas-las-dudas\/#breadcrumb","itemListElement":[{"@type":"ListItem","position":1,"name":"Portada","item":"https:\/\/graziamagazine.com\/es\/"},{"@type":"ListItem","position":2,"name":"Braguitas menstruales: te aclaramos todas las dudas"}]},{"@type":"WebSite","@id":"https:\/\/graziamagazine.com\/es\/#website","url":"https:\/\/graziamagazine.com\/es\/","name":"Grazia","description":"Moda, belleza, celebrities, estilo de vida...","potentialAction":[{"@type":"SearchAction","target":{"@type":"EntryPoint","urlTemplate":"https:\/\/graziamagazine.com\/es\/?s={search_term_string}"},"query-input":"required name=search_term_string"}],"inLanguage":"es"}]}},"jetpack_sharing_enabled":true,"distributor_meta":false,"distributor_terms":false,"distributor_media":false,"distributor_original_site_name":"Grazia","distributor_original_site_url":"https:\/\/graziamagazine.com\/es","push-errors":false,"_links":{"self":[{"href":"https:\/\/graziamagazine.com\/es\/wp-json\/wp\/v2\/articles\/170898"}],"collection":[{"href":"https:\/\/graziamagazine.com\/es\/wp-json\/wp\/v2\/articles"}],"about":[{"href":"https:\/\/graziamagazine.com\/es\/wp-json\/wp\/v2\/types\/articles"}],"author":[{"embeddable":true,"href":"https:\/\/graziamagazine.com\/es\/wp-json\/wp\/v2\/users\/11653"}],"wp:featuredmedia":[{"embeddable":true,"href":"https:\/\/graziamagazine.com\/es\/wp-json\/wp\/v2\/media\/170899"}],"wp:attachment":[{"href":"https:\/\/graziamagazine.com\/es\/wp-json\/wp\/v2\/media?parent=170898"}],"wp:term":[{"taxonomy":"category","embeddable":true,"href":"https:\/\/graziamagazine.com\/es\/wp-json\/wp\/v2\/categories?post=170898"}],"curies":[{"name":"wp","href":"https:\/\/api.w.org\/{rel}","templated":true}]}}