{"id":170890,"date":"2023-06-20T10:45:11","date_gmt":"2023-06-20T08:45:11","guid":{"rendered":"https:\/\/graziamagazine.com\/es\/?post_type=articles&#038;p=170890"},"modified":"2023-06-23T19:59:21","modified_gmt":"2023-06-23T17:59:21","slug":"louis-vuitton-y-sothebys-se-unen-en-una-subasta-benefica","status":"publish","type":"articles","link":"https:\/\/graziamagazine.com\/es\/articles\/louis-vuitton-y-sothebys-se-unen-en-una-subasta-benefica\/","title":{"rendered":"Louis Vuitton y Sotheby\u2019s se unen en una subasta ben\u00e9fica"},"content":{"rendered":"<p><span style=\"font-weight: 400;\">En una nueva ola de ayuda social por parte de <strong>Louis Vuitton<\/strong>, la marca de lujo <strong>subastar\u00e1 22 bolsos de la colecci\u00f3n <\/strong><\/span><span style=\"font-weight: 400;\"><strong>Artycapucines<\/strong>, y la realizar\u00e1 <strong>del 28 de junio al 12 de julio de 2023<\/strong> con ayuda de la casa de subastas <strong>Sotheby\u2019s.<\/strong><\/span><\/p>\n<p><span style=\"font-weight: 400;\">El dinero recaudado en la subasta de los bolsos con dise\u00f1os \u00fanicos creados por distintos artistas y presentados en una Bo\u00eete Chapeau Louis Vuitton forrada en Monograma, ser\u00e1 para beneficio de una diversa gama de organizaciones ben\u00e9ficas y ONGs.\u00a0<\/span><\/p>\n<p><img loading=\"lazy\" decoding=\"async\" class=\"alignnone wp-image-126383 size-large\" src=\"https:\/\/graziamagazine.com\/mx\/wp-content\/uploads\/sites\/13\/2023\/06\/LV-ARTYCAPUCINES-AUCTION-FORMATS-1600x2000-.jpg?w=819&amp;resize=819%2C1024\" alt=\"\" width=\"819\" height=\"1024\" data-recalc-dims=\"1\" \/><\/p>\n<p><span style=\"font-weight: 400;\">\u201cLa continua Colecci\u00f3n Artycapucines ofrece a l\u00edderes artistas contempor\u00e1neos la oportunidad de imprimir su visi\u00f3n \u00fanica al cl\u00e1sico femenino y atemporal de Louis Vuitton: la bolsa Capucines. Tomando su nombre de la Rue\u00a0 Neuve-des-Capucines, la calle parisina donde Louis Vuitton abriera su primera tienda en 1854, el dise\u00f1o distintivo\u00a0 de la Capucines ha ofrecido un canvas ideal para la creatividad de 24 artistas internacionales a trav\u00e9s de las\u00a0 cuatro colecciones anuales Artycapucines, presentadas desde 2019. Todas las bolsas edici\u00f3n limitada dentro de\u00a0 la colecci\u00f3n son una prueba m\u00e1s de la capacidad de Louis Vuitton para combinar la creatividad de los artistas con\u00a0 sus propias tradiciones de innovaci\u00f3n ilimitada y savoir-faire artesanal\u201d, explica Louis vuitton en un comunicado.<\/span><\/p>\n<p><img loading=\"lazy\" decoding=\"async\" class=\"alignnone wp-image-126382 size-large\" src=\"https:\/\/graziamagazine.com\/mx\/wp-content\/uploads\/sites\/13\/2023\/06\/LV-ARTYCAPUCINES-AUCTION-FORMATS-1600x2000-2.jpg?w=819&amp;resize=819%2C1024\" alt=\"\" width=\"819\" height=\"1024\" data-recalc-dims=\"1\" \/><\/p>\n<p><span style=\"font-weight: 400;\">\u201cLas 22 bolsas Artycapucines presentadas en esta subasta colaborativa entre Louis Vuitton y Sotheby\u2019s son\u00a0 totalmente nuevas, piezas excepcionales y \u00fanicas creadas utilizando el mismo savoir-faire y los materiales que las\u00a0 versiones originales de edici\u00f3n limitada, proceso que ha requerido una minuciosa b\u00fasqueda de materiales y una\u00a0 amplia variedad de t\u00e9cnicas artesanales meticulosas y laboriosas. Cada bolsa est\u00e1 firmada por el artista bajo y\u00a0 ser\u00e1 presentada en una Bo\u00eete Chapeau Louis Vuitton, una moderna sombrerera basada en un dise\u00f1o presentado\u00a0 por la Maison por primera vez en 1924. Cada uno de estos ba\u00fales \u00fanicos ser\u00e1 \u201cfirmada\u201d por el artista relevante,\u00a0 con personalizaciones abarcando desde una simple firma hasta obras de arte m\u00e1s elaboradas\u201d, a\u00f1ade.<\/span><\/p>\n<p><img loading=\"lazy\" decoding=\"async\" class=\"alignnone wp-image-126381 size-large\" src=\"https:\/\/graziamagazine.com\/mx\/wp-content\/uploads\/sites\/13\/2023\/06\/LV-ARTYCAPUCINES-AUCTION-FORMATS-1600x2000-3.jpg?w=819&amp;resize=819%2C1024\" alt=\"\" width=\"819\" height=\"1024\" data-recalc-dims=\"1\" \/><\/p>\n<p><span style=\"font-weight: 400;\">Las organizaciones que ser\u00e1n beneficiadas por esta subasta fueron elecci\u00f3n de los artistas, e incluyen a <strong>UNICEF, M\u00e9dicos sin fronteras, We are family, World Central Kitchen y otras ONGs<\/strong> que trabajan en reducci\u00f3n de la pobreza, ayuda en desastres, educaci\u00f3n y en favor de los derechos humanos de las personas refugiadas.\u00a0<\/span><\/p>\n<p><span style=\"font-weight: 400;\">Los 22 artistas participantes en esta colecci\u00f3n son <strong>Am\u00e9lie Bertrand, Daniel Buren, Sam Falls, Urs Fischer, Gregor Hildebrandt,\u00a0 Donna Huanca, Huang Yuxing, Alex Israel, Liu Wei, Peter Marino, Beatriz Milhazes, Vik Muniz, Jean-Michel\u00a0 Othoniel, Park Seo-Bo, Paola Pivi, Ugo Rondinone, Tschabalala <\/strong><\/span><strong>Self, Josh Smith, Jonas Wood, Kennedy Yanko, \u00a0Zeng Fanzhi y Zhao Zhao. \u00a0<\/strong><\/p>\n<p><img loading=\"lazy\" decoding=\"async\" class=\"alignnone wp-image-126380 size-large\" src=\"https:\/\/graziamagazine.com\/mx\/wp-content\/uploads\/sites\/13\/2023\/06\/LV-ARTYCAPUCINES-AUCTION-FORMATS-1600x2000-5.jpg?w=819&amp;resize=819%2C1024\" alt=\"\" width=\"819\" height=\"1024\" data-recalc-dims=\"1\" \/><\/p>\n<p><span style=\"font-weight: 400;\">\u201cLa colecci\u00f3n Artycapucines contin\u00faa con la relaci\u00f3n cercana entre Louis Vuitton y las artes que comenz\u00f3\u00a0 hace casi un siglo, cuando Gaston-Louis Vuitton, nieto del fundador de la Maison, comenz\u00f3 a encargar a artistas\u00a0 la creaci\u00f3n de ventanales y obras de arte para las tiendas Louis Vuitton\u201d.<\/span><\/p>\n<p><span style=\"font-weight: 400;\"><strong>Los 22 bolsos estar\u00e1n en exhibici\u00f3n del 1 al 5 de julio de 2023 en una exposici\u00f3n p\u00fablica dentro de las oficinas principales de Sotheby\u2019s en Par\u00eds<\/strong>, localizadas en Rue du Faubourg Saint-Honor\u00e9.\u00a0<\/span><\/p>\n<p><img loading=\"lazy\" decoding=\"async\" class=\"alignnone wp-image-126379 size-large\" src=\"https:\/\/graziamagazine.com\/mx\/wp-content\/uploads\/sites\/13\/2023\/06\/LV-ARTYCAPUCINES-AUCTION-FORMATS-1600x2000-6.jpg?w=819&amp;resize=819%2C1024\" alt=\"\" width=\"819\" height=\"1024\" data-recalc-dims=\"1\" \/><\/p>\n<p><span style=\"font-weight: 400;\">La subasta Artycapucines de Louis Vuitton y Sotheby\u2019s recibir\u00e1 ofertas en <\/span><a href=\"http:\/\/www.sothebys.com\" target=\"_blank\"><span style=\"font-weight: 400;\">www.sothebys.com<\/span><\/a><span style=\"font-weight: 400;\">.\u00a0<\/span><\/p>\n<p><em>*Im\u00e1genes: cortes\u00eda Louis Vuitton<\/em><\/p>\n","protected":false},"author":11653,"featured_media":170891,"template":"","format":"standard","categories":[1],"acf":[],"yoast_head":"<!-- This site is optimized with the Yoast SEO Premium plugin v18.5 (Yoast SEO v20.4) - https:\/\/yoast.com\/wordpress\/plugins\/seo\/ -->\n<title>Louis Vuitton y Sotheby\u2019s se unen en una subasta ben\u00e9fica | Grazia<\/title>\n<meta name=\"description\" content=\"Los 22 bolsos estar\u00e1n en una exposici\u00f3n p\u00fablica dentro de las oficinas principales de Sotheby\u2019s en Par\u00eds del 1 al 5 de julio de 2023.\" \/>\n<meta name=\"robots\" content=\"index, follow, max-snippet:-1, max-image-preview:large, max-video-preview:-1\" \/>\n<link rel=\"canonical\" href=\"https:\/\/graziamagazine.com\/es\/articles\/louis-vuitton-y-sothebys-se-unen-en-una-subasta-benefica\/\" \/>\n<meta property=\"og:locale\" content=\"es_ES\" \/>\n<meta property=\"og:type\" content=\"article\" \/>\n<meta property=\"og:title\" content=\"Louis Vuitton y Sotheby\u2019s se unen en una subasta ben\u00e9fica\" \/>\n<meta property=\"og:description\" content=\"Los 22 bolsos estar\u00e1n en una exposici\u00f3n p\u00fablica dentro de las oficinas principales de Sotheby\u2019s en Par\u00eds del 1 al 5 de julio de 2023.\" \/>\n<meta property=\"og:url\" content=\"https:\/\/graziamagazine.com\/es\/articles\/louis-vuitton-y-sothebys-se-unen-en-una-subasta-benefica\/\" \/>\n<meta property=\"og:site_name\" content=\"Grazia\" \/>\n<meta property=\"article:modified_time\" content=\"2023-06-23T17:59:21+00:00\" \/>\n<meta property=\"og:image\" content=\"https:\/\/graziamagazine.com\/es\/wp-content\/uploads\/sites\/12\/2023\/06\/LV-ARTYCAPUCINES-AUCTION-FORMATS-1200x628-7.jpg\" \/>\n\t<meta property=\"og:image:width\" content=\"1200\" \/>\n\t<meta property=\"og:image:height\" content=\"628\" \/>\n\t<meta property=\"og:image:type\" content=\"image\/jpeg\" \/>\n<meta name=\"twitter:card\" content=\"summary_large_image\" \/>\n<meta name=\"twitter:label1\" content=\"Est. reading time\" \/>\n\t<meta name=\"twitter:data1\" content=\"4 minutos\" \/>\n<script type=\"application\/ld+json\" class=\"yoast-schema-graph\">{\"@context\":\"https:\/\/schema.org\",\"@graph\":[{\"@type\":\"WebPage\",\"@id\":\"https:\/\/graziamagazine.com\/es\/articles\/louis-vuitton-y-sothebys-se-unen-en-una-subasta-benefica\/\",\"url\":\"https:\/\/graziamagazine.com\/es\/articles\/louis-vuitton-y-sothebys-se-unen-en-una-subasta-benefica\/\",\"name\":\"Louis Vuitton y Sotheby\u2019s se unen en una subasta ben\u00e9fica | Grazia\",\"isPartOf\":{\"@id\":\"https:\/\/graziamagazine.com\/es\/#website\"},\"datePublished\":\"2023-06-20T08:45:11+00:00\",\"dateModified\":\"2023-06-23T17:59:21+00:00\",\"description\":\"Los 22 bolsos estar\u00e1n en una exposici\u00f3n p\u00fablica dentro de las oficinas principales de Sotheby\u2019s en Par\u00eds del 1 al 5 de julio de 2023.\",\"breadcrumb\":{\"@id\":\"https:\/\/graziamagazine.com\/es\/articles\/louis-vuitton-y-sothebys-se-unen-en-una-subasta-benefica\/#breadcrumb\"},\"inLanguage\":\"es\",\"potentialAction\":[{\"@type\":\"ReadAction\",\"target\":[\"https:\/\/graziamagazine.com\/es\/articles\/louis-vuitton-y-sothebys-se-unen-en-una-subasta-benefica\/\"]}]},{\"@type\":\"BreadcrumbList\",\"@id\":\"https:\/\/graziamagazine.com\/es\/articles\/louis-vuitton-y-sothebys-se-unen-en-una-subasta-benefica\/#breadcrumb\",\"itemListElement\":[{\"@type\":\"ListItem\",\"position\":1,\"name\":\"Portada\",\"item\":\"https:\/\/graziamagazine.com\/es\/\"},{\"@type\":\"ListItem\",\"position\":2,\"name\":\"Louis Vuitton y Sotheby\u2019s se unen en una subasta ben\u00e9fica\"}]},{\"@type\":\"WebSite\",\"@id\":\"https:\/\/graziamagazine.com\/es\/#website\",\"url\":\"https:\/\/graziamagazine.com\/es\/\",\"name\":\"Grazia\",\"description\":\"Moda, belleza, celebrities, estilo de vida...\",\"potentialAction\":[{\"@type\":\"SearchAction\",\"target\":{\"@type\":\"EntryPoint\",\"urlTemplate\":\"https:\/\/graziamagazine.com\/es\/?s={search_term_string}\"},\"query-input\":\"required name=search_term_string\"}],\"inLanguage\":\"es\"}]}<\/script>\n<!-- \/ Yoast SEO Premium plugin. -->","yoast_head_json":{"title":"Louis Vuitton y Sotheby\u2019s se unen en una subasta ben\u00e9fica | Grazia","description":"Los 22 bolsos estar\u00e1n en una exposici\u00f3n p\u00fablica dentro de las oficinas principales de Sotheby\u2019s en Par\u00eds del 1 al 5 de julio de 2023.","robots":{"index":"index","follow":"follow","max-snippet":"max-snippet:-1","max-image-preview":"max-image-preview:large","max-video-preview":"max-video-preview:-1"},"canonical":"https:\/\/graziamagazine.com\/es\/articles\/louis-vuitton-y-sothebys-se-unen-en-una-subasta-benefica\/","og_locale":"es_ES","og_type":"article","og_title":"Louis Vuitton y Sotheby\u2019s se unen en una subasta ben\u00e9fica","og_description":"Los 22 bolsos estar\u00e1n en una exposici\u00f3n p\u00fablica dentro de las oficinas principales de Sotheby\u2019s en Par\u00eds del 1 al 5 de julio de 2023.","og_url":"https:\/\/graziamagazine.com\/es\/articles\/louis-vuitton-y-sothebys-se-unen-en-una-subasta-benefica\/","og_site_name":"Grazia","article_modified_time":"2023-06-23T17:59:21+00:00","og_image":[{"width":1200,"height":628,"url":"https:\/\/graziamagazine.com\/es\/wp-content\/uploads\/sites\/12\/2023\/06\/LV-ARTYCAPUCINES-AUCTION-FORMATS-1200x628-7.jpg","type":"image\/jpeg"}],"twitter_card":"summary_large_image","twitter_misc":{"Est. reading time":"4 minutos"},"schema":{"@context":"https:\/\/schema.org","@graph":[{"@type":"WebPage","@id":"https:\/\/graziamagazine.com\/es\/articles\/louis-vuitton-y-sothebys-se-unen-en-una-subasta-benefica\/","url":"https:\/\/graziamagazine.com\/es\/articles\/louis-vuitton-y-sothebys-se-unen-en-una-subasta-benefica\/","name":"Louis Vuitton y Sotheby\u2019s se unen en una subasta ben\u00e9fica | Grazia","isPartOf":{"@id":"https:\/\/graziamagazine.com\/es\/#website"},"datePublished":"2023-06-20T08:45:11+00:00","dateModified":"2023-06-23T17:59:21+00:00","description":"Los 22 bolsos estar\u00e1n en una exposici\u00f3n p\u00fablica dentro de las oficinas principales de Sotheby\u2019s en Par\u00eds del 1 al 5 de julio de 2023.","breadcrumb":{"@id":"https:\/\/graziamagazine.com\/es\/articles\/louis-vuitton-y-sothebys-se-unen-en-una-subasta-benefica\/#breadcrumb"},"inLanguage":"es","potentialAction":[{"@type":"ReadAction","target":["https:\/\/graziamagazine.com\/es\/articles\/louis-vuitton-y-sothebys-se-unen-en-una-subasta-benefica\/"]}]},{"@type":"BreadcrumbList","@id":"https:\/\/graziamagazine.com\/es\/articles\/louis-vuitton-y-sothebys-se-unen-en-una-subasta-benefica\/#breadcrumb","itemListElement":[{"@type":"ListItem","position":1,"name":"Portada","item":"https:\/\/graziamagazine.com\/es\/"},{"@type":"ListItem","position":2,"name":"Louis Vuitton y Sotheby\u2019s se unen en una subasta ben\u00e9fica"}]},{"@type":"WebSite","@id":"https:\/\/graziamagazine.com\/es\/#website","url":"https:\/\/graziamagazine.com\/es\/","name":"Grazia","description":"Moda, belleza, celebrities, estilo de vida...","potentialAction":[{"@type":"SearchAction","target":{"@type":"EntryPoint","urlTemplate":"https:\/\/graziamagazine.com\/es\/?s={search_term_string}"},"query-input":"required name=search_term_string"}],"inLanguage":"es"}]}},"jetpack_sharing_enabled":true,"distributor_meta":false,"distributor_terms":false,"distributor_media":false,"distributor_original_site_name":"Grazia","distributor_original_site_url":"https:\/\/graziamagazine.com\/es","push-errors":false,"_links":{"self":[{"href":"https:\/\/graziamagazine.com\/es\/wp-json\/wp\/v2\/articles\/170890"}],"collection":[{"href":"https:\/\/graziamagazine.com\/es\/wp-json\/wp\/v2\/articles"}],"about":[{"href":"https:\/\/graziamagazine.com\/es\/wp-json\/wp\/v2\/types\/articles"}],"author":[{"embeddable":true,"href":"https:\/\/graziamagazine.com\/es\/wp-json\/wp\/v2\/users\/11653"}],"wp:featuredmedia":[{"embeddable":true,"href":"https:\/\/graziamagazine.com\/es\/wp-json\/wp\/v2\/media\/170891"}],"wp:attachment":[{"href":"https:\/\/graziamagazine.com\/es\/wp-json\/wp\/v2\/media?parent=170890"}],"wp:term":[{"taxonomy":"category","embeddable":true,"href":"https:\/\/graziamagazine.com\/es\/wp-json\/wp\/v2\/categories?post=170890"}],"curies":[{"name":"wp","href":"https:\/\/api.w.org\/{rel}","templated":true}]}}