{"id":170543,"date":"2023-05-31T09:00:05","date_gmt":"2023-05-31T07:00:05","guid":{"rendered":"https:\/\/graziamagazine.com\/es\/?post_type=articles&#038;p=170543"},"modified":"2023-05-30T23:50:36","modified_gmt":"2023-05-30T21:50:36","slug":"wish-la-nueva-pelicula-animada-de-disney","status":"publish","type":"articles","link":"https:\/\/graziamagazine.com\/es\/articles\/wish-la-nueva-pelicula-animada-de-disney\/","title":{"rendered":"\u2018Wish\u2019, la nueva pel\u00edcula animada de Disney"},"content":{"rendered":"<p><span style=\"font-weight: 400\">Despu\u00e9s de toda una vida de contar historias sobre lo que sucede cuando los personajes piden deseos a una estrella, con <strong><em>Wish<\/em> Disney<\/strong> est\u00e1 explorando c\u00f3mo las estrellas se convirtieron en \u2018hadas madrinas de los deseos\u2019.<\/span><\/p>\n<p><span style=\"font-weight: 400\">El musical animado sigue a Asha, una chica de 17 a\u00f1os (cuya voz est\u00e1 a cargo de <strong>Ariana DeBose<\/strong>) que vive en el reino ficticio de Rosas, y se centra en la leyenda de la estrella de los deseos. En la historia, Asha hace una s\u00faplica apasionada al cielo, a la que responde una bola de energ\u00eda ilimitada llamada Star. Juntas, Asha y Star trabajan para salvar a su comunidad del villano que ha sido descrito como uno de los \u201cenemigos m\u00e1s formidables\u201d en la historia de Disney.<\/span><\/p>\n<p><img loading=\"lazy\" decoding=\"async\" class=\"alignnone wp-image-125796 size-large\" src=\"https:\/\/graziamagazine.com\/mx\/wp-content\/uploads\/sites\/13\/2023\/05\/Captura-de-Pantalla-2023-05-30-a-las-10.59.08.png?w=594&amp;resize=594%2C315\" alt=\"\" width=\"594\" height=\"315\" data-recalc-dims=\"1\" \/><\/p>\n<p><span style=\"font-weight: 400\">Junto a Arina,<strong> Chris Pine y Alan Tudyk<\/strong> se unen al elenco. Pine interpreta al Rey Magn\u00edfico y Tudyk da voz a una cabra llamada Valentino. Cuando se le pregunt\u00f3 sobre su personaje, Tudyk simplemente dijo: \u201cEs un tipo genial\u201d.<\/span><\/p>\n<p><span style=\"font-weight: 400\"><strong>Chris Buck y Fawn Veerasunthorn<\/strong> dirigen la cinta. \u201cFawn y yo crecimos con los cl\u00e1sicos de Disney y nos enamoramos de ellos. Verdaderamente no hay mayor poder en el universo que alguien con un verdadero deseo en sus corazones\u201d, dijo Buck durante el anuncio de la cinta que se estrena en cines el <strong>22 de noviembre de 2023.<\/strong><\/span><\/p>\n<p><img loading=\"lazy\" decoding=\"async\" class=\"alignnone wp-image-125794 size-large\" src=\"https:\/\/graziamagazine.com\/mx\/wp-content\/uploads\/sites\/13\/2023\/05\/Captura-de-Pantalla-2023-05-30-a-las-11.01.25.png?w=591&amp;resize=591%2C439\" alt=\"\" width=\"591\" height=\"439\" data-recalc-dims=\"1\" \/><\/p>\n<p><span style=\"font-weight: 400\">Los directores ya trabajaron juntos en la animaci\u00f3n de <em>Raya and the Last Dragon<\/em>. Seg\u00fan Disney, la pel\u00edcula combinar\u00e1 un \u201cestilo de acuarela atemporal con animaci\u00f3n CG 3D contempor\u00e1nea para rendir homenaje a las ilustraciones de acuarela que inspiraron a Walt Disney\u201d.<\/span><\/p>\n<p><span style=\"font-weight: 400\">\u201cEstoy dando voz al personaje, un personaje original, claro, llamado Asha, que se parece un poco a m\u00ed en algunos aspectos. Tiene muchos papeles, es muy inteligente, tiene un gran sentido del humor y est\u00e1 tratando de cuidar a las personas. ella m\u00e1s ama en el mundo. Ella es una l\u00edder y no se da cuenta. Solo est\u00e1 viviendo y haciendo, y aprendiendo en el camino, no siempre lo hace bien, que es la definici\u00f3n de ser humano\u201d, dijo Ariana sobre su personaje.<\/span><\/p>\n<p><span style=\"font-weight: 400\">\u201cCreo que el p\u00fablico puede estar entusiasmado con las canciones originales, una historia original. Es toda la magia de Disney que conoces y amas, pero se parece a nosotros, y eso es realmente emocionante\u201d, a\u00f1ade.<\/span><\/p>\n<p><span style=\"font-weight: 400\">Te dejamos el <em>trailer<\/em> de este musical de Disney.<\/span><\/p>\n<p><iframe loading=\"lazy\" title=\"Wish: El Poder de los Deseos | Teaser Tr\u00e1iler Oficial en espa\u00f1ol | HD\" width=\"500\" height=\"281\" src=\"https:\/\/www.youtube.com\/embed\/Wksl-PoHC4w?start=7&#038;feature=oembed\" frameborder=\"0\" allow=\"accelerometer; autoplay; clipboard-write; encrypted-media; gyroscope; picture-in-picture; web-share\" allowfullscreen><\/iframe><\/p>\n","protected":false},"author":11628,"featured_media":170546,"template":"","format":"standard","categories":[2971,2797],"acf":{"banner":null},"yoast_head":"<!-- This site is optimized with the Yoast SEO Premium plugin v18.5 (Yoast SEO v20.4) - https:\/\/yoast.com\/wordpress\/plugins\/seo\/ -->\n<title>\u2018Wish\u2019, la nueva pel\u00edcula animada de Disney | Grazia<\/title>\n<meta name=\"description\" content=\"Desde el elenco hasta la fecha de lanzamiento, esta es toda la informaci\u00f3n disponible sobre el pr\u00f3ximo musical animado de Disney\" \/>\n<meta name=\"robots\" content=\"index, follow, max-snippet:-1, max-image-preview:large, max-video-preview:-1\" \/>\n<link rel=\"canonical\" href=\"https:\/\/graziamagazine.com\/es\/articles\/wish-la-nueva-pelicula-animada-de-disney\/\" \/>\n<meta property=\"og:locale\" content=\"es_ES\" \/>\n<meta property=\"og:type\" content=\"article\" \/>\n<meta property=\"og:title\" content=\"\u2018Wish\u2019, la nueva pel\u00edcula animada de Disney\" \/>\n<meta property=\"og:description\" content=\"Desde el elenco hasta la fecha de lanzamiento, esta es toda la informaci\u00f3n disponible sobre el pr\u00f3ximo musical animado de Disney\" \/>\n<meta property=\"og:url\" content=\"https:\/\/graziamagazine.com\/es\/articles\/wish-la-nueva-pelicula-animada-de-disney\/\" \/>\n<meta property=\"og:site_name\" content=\"Grazia\" \/>\n<meta property=\"article:modified_time\" content=\"2023-05-30T21:50:36+00:00\" \/>\n<meta property=\"og:image\" content=\"https:\/\/graziamagazine.com\/es\/wp-content\/uploads\/sites\/12\/2023\/05\/wish-imagen-trailer-644aac6d2c237.jpg?fit=1200%2C675\" \/>\n\t<meta property=\"og:image:width\" content=\"1200\" \/>\n\t<meta property=\"og:image:height\" content=\"675\" \/>\n\t<meta property=\"og:image:type\" content=\"image\/jpeg\" \/>\n<meta name=\"twitter:card\" content=\"summary_large_image\" \/>\n<meta name=\"twitter:label1\" content=\"Est. reading time\" \/>\n\t<meta name=\"twitter:data1\" content=\"3 minutos\" \/>\n<script type=\"application\/ld+json\" class=\"yoast-schema-graph\">{\"@context\":\"https:\/\/schema.org\",\"@graph\":[{\"@type\":\"WebPage\",\"@id\":\"https:\/\/graziamagazine.com\/es\/articles\/wish-la-nueva-pelicula-animada-de-disney\/\",\"url\":\"https:\/\/graziamagazine.com\/es\/articles\/wish-la-nueva-pelicula-animada-de-disney\/\",\"name\":\"\u2018Wish\u2019, la nueva pel\u00edcula animada de Disney | Grazia\",\"isPartOf\":{\"@id\":\"https:\/\/graziamagazine.com\/es\/#website\"},\"datePublished\":\"2023-05-31T07:00:05+00:00\",\"dateModified\":\"2023-05-30T21:50:36+00:00\",\"description\":\"Desde el elenco hasta la fecha de lanzamiento, esta es toda la informaci\u00f3n disponible sobre el pr\u00f3ximo musical animado de Disney\",\"breadcrumb\":{\"@id\":\"https:\/\/graziamagazine.com\/es\/articles\/wish-la-nueva-pelicula-animada-de-disney\/#breadcrumb\"},\"inLanguage\":\"es\",\"potentialAction\":[{\"@type\":\"ReadAction\",\"target\":[\"https:\/\/graziamagazine.com\/es\/articles\/wish-la-nueva-pelicula-animada-de-disney\/\"]}]},{\"@type\":\"BreadcrumbList\",\"@id\":\"https:\/\/graziamagazine.com\/es\/articles\/wish-la-nueva-pelicula-animada-de-disney\/#breadcrumb\",\"itemListElement\":[{\"@type\":\"ListItem\",\"position\":1,\"name\":\"Portada\",\"item\":\"https:\/\/graziamagazine.com\/es\/\"},{\"@type\":\"ListItem\",\"position\":2,\"name\":\"\u2018Wish\u2019, la nueva pel\u00edcula animada de Disney\"}]},{\"@type\":\"WebSite\",\"@id\":\"https:\/\/graziamagazine.com\/es\/#website\",\"url\":\"https:\/\/graziamagazine.com\/es\/\",\"name\":\"Grazia\",\"description\":\"Moda, belleza, celebrities, estilo de vida...\",\"potentialAction\":[{\"@type\":\"SearchAction\",\"target\":{\"@type\":\"EntryPoint\",\"urlTemplate\":\"https:\/\/graziamagazine.com\/es\/?s={search_term_string}\"},\"query-input\":\"required name=search_term_string\"}],\"inLanguage\":\"es\"}]}<\/script>\n<!-- \/ Yoast SEO Premium plugin. -->","yoast_head_json":{"title":"\u2018Wish\u2019, la nueva pel\u00edcula animada de Disney | Grazia","description":"Desde el elenco hasta la fecha de lanzamiento, esta es toda la informaci\u00f3n disponible sobre el pr\u00f3ximo musical animado de Disney","robots":{"index":"index","follow":"follow","max-snippet":"max-snippet:-1","max-image-preview":"max-image-preview:large","max-video-preview":"max-video-preview:-1"},"canonical":"https:\/\/graziamagazine.com\/es\/articles\/wish-la-nueva-pelicula-animada-de-disney\/","og_locale":"es_ES","og_type":"article","og_title":"\u2018Wish\u2019, la nueva pel\u00edcula animada de Disney","og_description":"Desde el elenco hasta la fecha de lanzamiento, esta es toda la informaci\u00f3n disponible sobre el pr\u00f3ximo musical animado de Disney","og_url":"https:\/\/graziamagazine.com\/es\/articles\/wish-la-nueva-pelicula-animada-de-disney\/","og_site_name":"Grazia","article_modified_time":"2023-05-30T21:50:36+00:00","og_image":[{"width":1200,"height":675,"url":"https:\/\/graziamagazine.com\/es\/wp-content\/uploads\/sites\/12\/2023\/05\/wish-imagen-trailer-644aac6d2c237.jpg?fit=1200%2C675","type":"image\/jpeg"}],"twitter_card":"summary_large_image","twitter_misc":{"Est. reading time":"3 minutos"},"schema":{"@context":"https:\/\/schema.org","@graph":[{"@type":"WebPage","@id":"https:\/\/graziamagazine.com\/es\/articles\/wish-la-nueva-pelicula-animada-de-disney\/","url":"https:\/\/graziamagazine.com\/es\/articles\/wish-la-nueva-pelicula-animada-de-disney\/","name":"\u2018Wish\u2019, la nueva pel\u00edcula animada de Disney | Grazia","isPartOf":{"@id":"https:\/\/graziamagazine.com\/es\/#website"},"datePublished":"2023-05-31T07:00:05+00:00","dateModified":"2023-05-30T21:50:36+00:00","description":"Desde el elenco hasta la fecha de lanzamiento, esta es toda la informaci\u00f3n disponible sobre el pr\u00f3ximo musical animado de Disney","breadcrumb":{"@id":"https:\/\/graziamagazine.com\/es\/articles\/wish-la-nueva-pelicula-animada-de-disney\/#breadcrumb"},"inLanguage":"es","potentialAction":[{"@type":"ReadAction","target":["https:\/\/graziamagazine.com\/es\/articles\/wish-la-nueva-pelicula-animada-de-disney\/"]}]},{"@type":"BreadcrumbList","@id":"https:\/\/graziamagazine.com\/es\/articles\/wish-la-nueva-pelicula-animada-de-disney\/#breadcrumb","itemListElement":[{"@type":"ListItem","position":1,"name":"Portada","item":"https:\/\/graziamagazine.com\/es\/"},{"@type":"ListItem","position":2,"name":"\u2018Wish\u2019, la nueva pel\u00edcula animada de Disney"}]},{"@type":"WebSite","@id":"https:\/\/graziamagazine.com\/es\/#website","url":"https:\/\/graziamagazine.com\/es\/","name":"Grazia","description":"Moda, belleza, celebrities, estilo de vida...","potentialAction":[{"@type":"SearchAction","target":{"@type":"EntryPoint","urlTemplate":"https:\/\/graziamagazine.com\/es\/?s={search_term_string}"},"query-input":"required name=search_term_string"}],"inLanguage":"es"}]}},"jetpack_sharing_enabled":true,"distributor_meta":false,"distributor_terms":false,"distributor_media":false,"distributor_original_site_name":"Grazia","distributor_original_site_url":"https:\/\/graziamagazine.com\/es","push-errors":false,"_links":{"self":[{"href":"https:\/\/graziamagazine.com\/es\/wp-json\/wp\/v2\/articles\/170543"}],"collection":[{"href":"https:\/\/graziamagazine.com\/es\/wp-json\/wp\/v2\/articles"}],"about":[{"href":"https:\/\/graziamagazine.com\/es\/wp-json\/wp\/v2\/types\/articles"}],"author":[{"embeddable":true,"href":"https:\/\/graziamagazine.com\/es\/wp-json\/wp\/v2\/users\/11628"}],"wp:featuredmedia":[{"embeddable":true,"href":"https:\/\/graziamagazine.com\/es\/wp-json\/wp\/v2\/media\/170546"}],"wp:attachment":[{"href":"https:\/\/graziamagazine.com\/es\/wp-json\/wp\/v2\/media?parent=170543"}],"wp:term":[{"taxonomy":"category","embeddable":true,"href":"https:\/\/graziamagazine.com\/es\/wp-json\/wp\/v2\/categories?post=170543"}],"curies":[{"name":"wp","href":"https:\/\/api.w.org\/{rel}","templated":true}]}}