{"id":170524,"date":"2023-05-30T14:29:01","date_gmt":"2023-05-30T12:29:01","guid":{"rendered":"https:\/\/graziamagazine.com\/es\/?post_type=articles&#038;p=170524"},"modified":"2023-05-30T14:29:01","modified_gmt":"2023-05-30T12:29:01","slug":"fendi-lanza-fendi-active-su-capsula-de-baloncesto","status":"publish","type":"articles","link":"https:\/\/graziamagazine.com\/es\/articles\/fendi-lanza-fendi-active-su-capsula-de-baloncesto\/","title":{"rendered":"FENDI lanza FENDI Active, su c\u00e1psula de baloncesto"},"content":{"rendered":"<p>La casa italiana acaba de presentar la nueva <em><span class=\"mark5fy3vx8xa\" data-markjs=\"true\" data-ogac=\"\" data-ogab=\"\" data-ogsc=\"\" data-ogsb=\"\">FENDI<\/span>\u00a0Active: Basketball Capsule<\/em>, una colecci\u00f3n limitada de ropa deportiva para hombres dedicada al baloncesto como parte de la C\u00e1psula de Verano 2023.<\/p>\n<p>A partir de los c\u00f3digos de firma de la Maison, los logotipos de\u00a0<span class=\"mark5fy3vx8xa\" data-markjs=\"true\" data-ogac=\"\" data-ogab=\"\" data-ogsc=\"\" data-ogsb=\"\">FENDI<\/span>\u00a0Roma y \u00a0FF \u00a0se transforman en letras universitarias que recuerdan el mundo del deporte. \u00a0Las nuevas firmas est\u00e1n estampadas \u00a0en pr\u00eat-\u00e0-porter deportivo, incluyendo camisetas de baloncesto, tanques y \u00a0pantalones cortos, coloreados en una paleta negra y gris y con bordes deportivos \u00a0con cintas\u00a0<span class=\"mark5fy3vx8xa\" data-markjs=\"true\" data-ogac=\"\" data-ogab=\"\" data-ogsc=\"\" data-ogsb=\"\">FENDI<\/span>\u00a0Roma. \u00a0\u00a0Un \u00a0conjunto gris de \u00a0ch\u00e1ndal \u00a0\u00a0y chaqueta bomber universitaria en tela t\u00e9cnica ligera tiene ribetes negros contrastantes, que recuerdan las l\u00edneas de una pelota de baloncesto, y un patr\u00f3n tonal con el logotipo FF en las mangas y los lados.<\/p>\n<p><img loading=\"lazy\" decoding=\"async\" class=\"aligncenter size-full wp-image-170526\" src=\"https:\/\/graziamagazine.com\/es\/wp-content\/uploads\/sites\/12\/2023\/05\/06_FENDI-Active-Basketball-Capsule_Summer-Capsule-2023.jpg\" alt=\"FENDI lanza FENDI Active, su c\u00e1psula de baloncesto\" width=\"1024\" height=\"1280\" \/><\/p>\n<p>Las zapatillas\u00a0\u00a0<span class=\"mark5fy3vx8xa\" data-markjs=\"true\" data-ogac=\"\" data-ogab=\"\" data-ogsc=\"\" data-ogsb=\"\">FENDI<\/span>\u00a0<em>Match<\/em>\u00a0en la\u00a0 versi\u00f3n alta est\u00e1n coloreadas\u00a0 en la cl\u00e1sica combinaci\u00f3n de negro y crema o en un \u00a0exclusivo dise\u00f1o totalmente blanco adornado con cristal.\u00a0 Los calcetines de esponja\u00a0<span class=\"mark5fy3vx8xa\" data-markjs=\"true\" data-ogac=\"\" data-ogab=\"\" data-ogsc=\"\" data-ogsb=\"\">FENDI<\/span>\u00a0y \u00a0\u00a0un conjunto de\u00a0 pulseras y diademas complementan los looks, junto con un sombrero de b\u00e9isbol negro que, junto con una mini pelota de baloncesto, tambi\u00e9n se convierte en un llavero inspirado en el deporte.\u00a0 Una pelota de baloncesto negra realizada en colaboraci\u00f3n \u00a0con\u00a0<em>Spalding<\/em>, empresa l\u00edder en la fabricaci\u00f3n \u00a0de balones deportivos, muestra la reinterpretaci\u00f3n del logotipo de\u00a0<span class=\"mark5fy3vx8xa\" data-markjs=\"true\" data-ogac=\"\" data-ogab=\"\" data-ogsc=\"\" data-ogsb=\"\">FENDI<\/span>\u00a0Roma y viene con un soporte de correa para el hombro de marca. \u00a0\u00a0Para completar el conjunto, un aro de baloncesto transparente con las mismas letras\u00a0<span class=\"mark5fy3vx8xa\" data-markjs=\"true\" data-ogac=\"\" data-ogab=\"\" data-ogsc=\"\" data-ogsb=\"\">FENDI<\/span>\u00a0Roma tiene \u00a0cadenas\u00a0<em>O&#8217;Lock<\/em> de metal negro.<\/p>\n<p><img loading=\"lazy\" decoding=\"async\" class=\"aligncenter size-full wp-image-170525\" src=\"https:\/\/graziamagazine.com\/es\/wp-content\/uploads\/sites\/12\/2023\/05\/04_FENDI-Active-Basketball-Capsule_Summer-Capsule-2023.jpg\" alt=\"FENDI lanza FENDI Active, su c\u00e1psula de baloncesto\" width=\"1024\" height=\"1280\" \/><\/p>\n<p>Disponible en boutiques seleccionadas de todo el mundo a partir del 25 de mayo de 2023, la <em>c\u00e1psula\u00a0<span class=\"mark5fy3vx8xa\" data-markjs=\"true\" data-ogac=\"\" data-ogab=\"\" data-ogsc=\"\" data-ogsb=\"\">FENDI<\/span>\u00a0Active: Basketball llegar\u00e1<\/em>\u00a0a las boutiques\u00a0<span class=\"mark5fy3vx8xa\" data-markjs=\"true\" data-ogac=\"\" data-ogab=\"\" data-ogsc=\"\" data-ogsb=\"\">FENDI<\/span>\u00a0\u00a0con pop-ups y pop-ins dedicados con canchas de baloncesto de marca. \u00a0\u00a0\u00a0\u00a0La c\u00e1psula tambi\u00e9n se lanzar\u00e1 en el comercio electr\u00f3nico\u00a0<span class=\"mark5fy3vx8xa\" data-markjs=\"true\" data-ogac=\"\" data-ogab=\"\" data-ogsc=\"\" data-ogsb=\"\">FENDI<\/span>\u00a0para Europa, Estados Unidos, Oriente Medio, Jap\u00f3n y China.<\/p>\n","protected":false},"author":11653,"featured_media":170527,"template":"","format":"standard","categories":[1],"acf":[],"yoast_head":"<!-- This site is optimized with the Yoast SEO Premium plugin v18.5 (Yoast SEO v20.4) - https:\/\/yoast.com\/wordpress\/plugins\/seo\/ -->\n<title>FENDI lanza FENDI Active, su c\u00e1psula de baloncesto | Grazia<\/title>\n<meta name=\"description\" content=\"La casa italiana acaba de presentar la nueva FENDI\u00a0Active: Basketball Capsule, una colecci\u00f3n limitada de ropa deportiva para hombres dedicada al\" \/>\n<meta name=\"robots\" content=\"index, follow, max-snippet:-1, max-image-preview:large, max-video-preview:-1\" \/>\n<link rel=\"canonical\" href=\"https:\/\/graziamagazine.com\/es\/articles\/fendi-lanza-fendi-active-su-capsula-de-baloncesto\/\" \/>\n<meta property=\"og:locale\" content=\"es_ES\" \/>\n<meta property=\"og:type\" content=\"article\" \/>\n<meta property=\"og:title\" content=\"FENDI lanza FENDI Active, su c\u00e1psula de baloncesto\" \/>\n<meta property=\"og:description\" content=\"La casa italiana acaba de presentar la nueva FENDI\u00a0Active: Basketball Capsule, una colecci\u00f3n limitada de ropa deportiva para hombres dedicada al\" \/>\n<meta property=\"og:url\" content=\"https:\/\/graziamagazine.com\/es\/articles\/fendi-lanza-fendi-active-su-capsula-de-baloncesto\/\" \/>\n<meta property=\"og:site_name\" content=\"Grazia\" \/>\n<meta property=\"og:image\" content=\"https:\/\/graziamagazine.com\/es\/wp-content\/uploads\/sites\/12\/2023\/05\/06_FENDI-Active-Basketball-Capsule_Summer-Capsule-2023.jpg\" \/>\n<meta name=\"twitter:card\" content=\"summary_large_image\" \/>\n<meta name=\"twitter:label1\" content=\"Est. reading time\" \/>\n\t<meta name=\"twitter:data1\" content=\"2 minutos\" \/>\n<script type=\"application\/ld+json\" class=\"yoast-schema-graph\">{\"@context\":\"https:\/\/schema.org\",\"@graph\":[{\"@type\":\"WebPage\",\"@id\":\"https:\/\/graziamagazine.com\/es\/articles\/fendi-lanza-fendi-active-su-capsula-de-baloncesto\/\",\"url\":\"https:\/\/graziamagazine.com\/es\/articles\/fendi-lanza-fendi-active-su-capsula-de-baloncesto\/\",\"name\":\"FENDI lanza FENDI Active, su c\u00e1psula de baloncesto | Grazia\",\"isPartOf\":{\"@id\":\"https:\/\/graziamagazine.com\/es\/#website\"},\"datePublished\":\"2023-05-30T12:29:01+00:00\",\"dateModified\":\"2023-05-30T12:29:01+00:00\",\"description\":\"La casa italiana acaba de presentar la nueva FENDI\u00a0Active: Basketball Capsule, una colecci\u00f3n limitada de ropa deportiva para hombres dedicada al\",\"breadcrumb\":{\"@id\":\"https:\/\/graziamagazine.com\/es\/articles\/fendi-lanza-fendi-active-su-capsula-de-baloncesto\/#breadcrumb\"},\"inLanguage\":\"es\",\"potentialAction\":[{\"@type\":\"ReadAction\",\"target\":[\"https:\/\/graziamagazine.com\/es\/articles\/fendi-lanza-fendi-active-su-capsula-de-baloncesto\/\"]}]},{\"@type\":\"BreadcrumbList\",\"@id\":\"https:\/\/graziamagazine.com\/es\/articles\/fendi-lanza-fendi-active-su-capsula-de-baloncesto\/#breadcrumb\",\"itemListElement\":[{\"@type\":\"ListItem\",\"position\":1,\"name\":\"Portada\",\"item\":\"https:\/\/graziamagazine.com\/es\/\"},{\"@type\":\"ListItem\",\"position\":2,\"name\":\"FENDI lanza FENDI Active, su c\u00e1psula de baloncesto\"}]},{\"@type\":\"WebSite\",\"@id\":\"https:\/\/graziamagazine.com\/es\/#website\",\"url\":\"https:\/\/graziamagazine.com\/es\/\",\"name\":\"Grazia\",\"description\":\"Moda, belleza, celebrities, estilo de vida...\",\"potentialAction\":[{\"@type\":\"SearchAction\",\"target\":{\"@type\":\"EntryPoint\",\"urlTemplate\":\"https:\/\/graziamagazine.com\/es\/?s={search_term_string}\"},\"query-input\":\"required name=search_term_string\"}],\"inLanguage\":\"es\"}]}<\/script>\n<!-- \/ Yoast SEO Premium plugin. -->","yoast_head_json":{"title":"FENDI lanza FENDI Active, su c\u00e1psula de baloncesto | Grazia","description":"La casa italiana acaba de presentar la nueva FENDI\u00a0Active: Basketball Capsule, una colecci\u00f3n limitada de ropa deportiva para hombres dedicada al","robots":{"index":"index","follow":"follow","max-snippet":"max-snippet:-1","max-image-preview":"max-image-preview:large","max-video-preview":"max-video-preview:-1"},"canonical":"https:\/\/graziamagazine.com\/es\/articles\/fendi-lanza-fendi-active-su-capsula-de-baloncesto\/","og_locale":"es_ES","og_type":"article","og_title":"FENDI lanza FENDI Active, su c\u00e1psula de baloncesto","og_description":"La casa italiana acaba de presentar la nueva FENDI\u00a0Active: Basketball Capsule, una colecci\u00f3n limitada de ropa deportiva para hombres dedicada al","og_url":"https:\/\/graziamagazine.com\/es\/articles\/fendi-lanza-fendi-active-su-capsula-de-baloncesto\/","og_site_name":"Grazia","og_image":[{"url":"https:\/\/graziamagazine.com\/es\/wp-content\/uploads\/sites\/12\/2023\/05\/06_FENDI-Active-Basketball-Capsule_Summer-Capsule-2023.jpg"}],"twitter_card":"summary_large_image","twitter_misc":{"Est. reading time":"2 minutos"},"schema":{"@context":"https:\/\/schema.org","@graph":[{"@type":"WebPage","@id":"https:\/\/graziamagazine.com\/es\/articles\/fendi-lanza-fendi-active-su-capsula-de-baloncesto\/","url":"https:\/\/graziamagazine.com\/es\/articles\/fendi-lanza-fendi-active-su-capsula-de-baloncesto\/","name":"FENDI lanza FENDI Active, su c\u00e1psula de baloncesto | Grazia","isPartOf":{"@id":"https:\/\/graziamagazine.com\/es\/#website"},"datePublished":"2023-05-30T12:29:01+00:00","dateModified":"2023-05-30T12:29:01+00:00","description":"La casa italiana acaba de presentar la nueva FENDI\u00a0Active: Basketball Capsule, una colecci\u00f3n limitada de ropa deportiva para hombres dedicada al","breadcrumb":{"@id":"https:\/\/graziamagazine.com\/es\/articles\/fendi-lanza-fendi-active-su-capsula-de-baloncesto\/#breadcrumb"},"inLanguage":"es","potentialAction":[{"@type":"ReadAction","target":["https:\/\/graziamagazine.com\/es\/articles\/fendi-lanza-fendi-active-su-capsula-de-baloncesto\/"]}]},{"@type":"BreadcrumbList","@id":"https:\/\/graziamagazine.com\/es\/articles\/fendi-lanza-fendi-active-su-capsula-de-baloncesto\/#breadcrumb","itemListElement":[{"@type":"ListItem","position":1,"name":"Portada","item":"https:\/\/graziamagazine.com\/es\/"},{"@type":"ListItem","position":2,"name":"FENDI lanza FENDI Active, su c\u00e1psula de baloncesto"}]},{"@type":"WebSite","@id":"https:\/\/graziamagazine.com\/es\/#website","url":"https:\/\/graziamagazine.com\/es\/","name":"Grazia","description":"Moda, belleza, celebrities, estilo de vida...","potentialAction":[{"@type":"SearchAction","target":{"@type":"EntryPoint","urlTemplate":"https:\/\/graziamagazine.com\/es\/?s={search_term_string}"},"query-input":"required name=search_term_string"}],"inLanguage":"es"}]}},"jetpack_sharing_enabled":true,"distributor_meta":false,"distributor_terms":false,"distributor_media":false,"distributor_original_site_name":"Grazia","distributor_original_site_url":"https:\/\/graziamagazine.com\/es","push-errors":false,"_links":{"self":[{"href":"https:\/\/graziamagazine.com\/es\/wp-json\/wp\/v2\/articles\/170524"}],"collection":[{"href":"https:\/\/graziamagazine.com\/es\/wp-json\/wp\/v2\/articles"}],"about":[{"href":"https:\/\/graziamagazine.com\/es\/wp-json\/wp\/v2\/types\/articles"}],"author":[{"embeddable":true,"href":"https:\/\/graziamagazine.com\/es\/wp-json\/wp\/v2\/users\/11653"}],"wp:featuredmedia":[{"embeddable":true,"href":"https:\/\/graziamagazine.com\/es\/wp-json\/wp\/v2\/media\/170527"}],"wp:attachment":[{"href":"https:\/\/graziamagazine.com\/es\/wp-json\/wp\/v2\/media?parent=170524"}],"wp:term":[{"taxonomy":"category","embeddable":true,"href":"https:\/\/graziamagazine.com\/es\/wp-json\/wp\/v2\/categories?post=170524"}],"curies":[{"name":"wp","href":"https:\/\/api.w.org\/{rel}","templated":true}]}}