{"id":170444,"date":"2023-05-26T13:25:37","date_gmt":"2023-05-26T11:25:37","guid":{"rendered":"https:\/\/graziamagazine.com\/es\/?post_type=articles&#038;p=170444"},"modified":"2023-05-30T12:33:54","modified_gmt":"2023-05-30T10:33:54","slug":"todos-los-estrenos-de-netflix-para-junio-2023","status":"publish","type":"articles","link":"https:\/\/graziamagazine.com\/es\/articles\/todos-los-estrenos-de-netflix-para-junio-2023\/","title":{"rendered":"Todos los estrenos de Netflix para junio 2023"},"content":{"rendered":"<p>Ya casi llega un mes nuevo y con \u00e9l tambi\u00e9n los nuevos estrenos que no podemos perdernos. Aqu\u00ed te dejamos todos los estrenos que vienen para Netflix este mes de junio.<\/p>\n<h3><b>Series<\/b><\/h3>\n<p><b><i>Los d\u00edas<\/i><\/b><span style=\"font-weight: 400\"> (1 junio)<\/span><\/p>\n<figure id=\"attachment_125606\" class=\"wp-caption alignnone\" style=\"width: 1024px\" aria-describedby=\"caption-attachment-125606\"><img loading=\"lazy\" decoding=\"async\" class=\"wp-image-125606 size-large\" src=\"https:\/\/graziamagazine.com\/mx\/wp-content\/uploads\/sites\/13\/2023\/05\/Captura-de-Pantalla-2023-05-25-a-las-14.19.57.png?w=1024&amp;resize=1024%2C742\" alt=\"\" width=\"1024\" height=\"742\" data-recalc-dims=\"1\" \/><\/figure>\n<p><span style=\"font-weight: 400\">Esta serie basada en hechos reales trata sobre el desastre nuclear de Fukushima. Para algunos son culpables, para otros son h\u00e9roes. Los implicados en la central nuclear enfrentan una amenaza mortal e invisible.<\/span><\/p>\n<p><b><i>Primicia <\/i><\/b><span style=\"font-weight: 400\">(2 junio)<\/span><\/p>\n<figure id=\"attachment_125604\" class=\"wp-caption alignnone\" style=\"width: 1024px\" aria-describedby=\"caption-attachment-125604\"><img loading=\"lazy\" decoding=\"async\" class=\"wp-image-125604 size-large\" src=\"https:\/\/graziamagazine.com\/mx\/wp-content\/uploads\/sites\/13\/2023\/05\/Captura-de-Pantalla-2023-05-25-a-las-14.19.36.png?w=1024&amp;resize=1024%2C832\" alt=\"\" width=\"1024\" height=\"832\" data-recalc-dims=\"1\" \/><\/figure>\n<p><span style=\"font-weight: 400\">Esta serie dram\u00e1tica de la India, narra el asesinato de una periodista que lleva a una reportera a trabajar con la polic\u00eda y todos sus recursos posibles para luchar por la justicia.<\/span><\/p>\n<p><b><i>Madre de alquiler <\/i><\/b><span style=\"font-weight: 400\">(14 junio)<\/span><\/p>\n<figure id=\"attachment_125608\" class=\"wp-caption alignnone\" style=\"width: 626px\" aria-describedby=\"caption-attachment-125608\"><img loading=\"lazy\" decoding=\"async\" class=\"wp-image-125608 size-large\" src=\"https:\/\/graziamagazine.com\/mx\/wp-content\/uploads\/sites\/13\/2023\/05\/Captura-de-Pantalla-2023-05-25-a-las-14.26.51.png?w=626&amp;resize=626%2C1020\" alt=\"\" width=\"626\" height=\"1020\" data-recalc-dims=\"1\" \/><\/figure>\n<p><span style=\"font-weight: 400\">Esta serie mexicana trata de una mujer de origen modesto que se ve obligada a ser madre subrogada, y termina involucrada con una familia poderosa, la cual defender\u00e1 su propia reputaci\u00f3n sin importar el costo.<\/span><\/p>\n<p><b><i>Una vida maravillosa<\/i><\/b><\/p>\n<figure id=\"attachment_125611\" class=\"wp-caption alignnone\" style=\"width: 1024px\" aria-describedby=\"caption-attachment-125611\"><img loading=\"lazy\" decoding=\"async\" class=\"wp-image-125611 size-large\" src=\"https:\/\/graziamagazine.com\/mx\/wp-content\/uploads\/sites\/13\/2023\/05\/Captura-de-Pantalla-2023-05-25-a-las-14.34.15.png?w=1024&amp;resize=1024%2C766\" alt=\"\" width=\"1024\" height=\"766\" data-recalc-dims=\"1\" \/><\/figure>\n<p><span style=\"font-weight: 400\">Este largometraje dan\u00e9s narra la vida de un joven pescador con un talento para la m\u00fasica, y su valor ser\u00e1 puesto a prueba para abrirse a la fama y al amor, al ser descubierto por una productora musical.<\/span><\/p>\n<p><b><i>Valeria <\/i><\/b><span style=\"font-weight: 400\">T3 (2 junio)\u00a0<\/span><\/p>\n<figure id=\"attachment_125657\" class=\"wp-caption alignnone\" style=\"width: 1024px\" aria-describedby=\"caption-attachment-125657\"><img loading=\"lazy\" decoding=\"async\" class=\"wp-image-125657 size-large\" src=\"https:\/\/graziamagazine.com\/mx\/wp-content\/uploads\/sites\/13\/2023\/05\/Captura-de-Pantalla-2023-05-25-a-las-18.47.19.png?w=1024&amp;resize=1024%2C689\" alt=\"\" width=\"1024\" height=\"689\" data-recalc-dims=\"1\" \/><\/figure>\n<p><span style=\"font-weight: 400\">Este drama rom\u00e1ntico espa\u00f1ol trata de una escritora que al atravesar por una crisis creativa y conyugal, se refugia en tres amigas que est\u00e1n en una etapa de auto descubrimiento.<\/span><\/p>\n<h3><b>OTROS ESTRENOS (SERIES)<\/b><\/h3>\n<ul>\n<li><b><i>Manifest<\/i><\/b><span style=\"font-weight: 400\"> T4 (2 junio)<\/span><\/li>\n<li><b><i>Barracuda Queens<\/i><\/b><span style=\"font-weight: 400\"> (5 junio)<\/span><\/li>\n<li><b><i>Yo nunca<\/i><\/b><span style=\"font-weight: 400\"> T4 (8 junio)<\/span><\/li>\n<li><b><i>Este mundo no me har\u00e1 mala persona<\/i><\/b> (9 junio)<\/li>\n<li><b><i>Sabuesos<\/i><\/b> (9 junio)<\/li>\n<li><b><i>Recursos Humanos<\/i><\/b> T2 (9 junio)<\/li>\n<li><b><i>Queremos el divorcio<\/i><\/b> (22 junio)<\/li>\n<li><b><i>Eliminar <\/i><\/b>(28 junio)<\/li>\n<li><b><i>Ooku: Los aposentos privados<\/i><\/b> (29 junio)<\/li>\n<li><b><i>The Witcher<\/i><\/b> T3 (29 junio)<\/li>\n<\/ul>\n<h3><b>Pel\u00edculas<\/b><\/h3>\n<p><b><i>Conexiones perdidas<\/i><\/b><span style=\"font-weight: 400\"> (2 junio)<\/span><\/p>\n<figure id=\"attachment_125652\" class=\"wp-caption alignnone\" style=\"width: 1024px\" aria-describedby=\"caption-attachment-125652\"><img loading=\"lazy\" decoding=\"async\" class=\"wp-image-125652 size-large\" src=\"https:\/\/graziamagazine.com\/mx\/wp-content\/uploads\/sites\/13\/2023\/05\/Captura-de-Pantalla-2023-05-25-a-las-18.29.09.png?w=1024&amp;resize=1024%2C677\" alt=\"\" width=\"1024\" height=\"677\" data-recalc-dims=\"1\" \/><\/figure>\n<p><span style=\"font-weight: 400\">Una comedia rom\u00e1ntica filipina en la que una j\u00f3ven recurre al uso de una app para encontrar al gal\u00e1n que acaba de conocer.<\/span><\/p>\n<p><b><i>Ricos de amor 2 <\/i><\/b><span style=\"font-weight: 400\">(2 junio)<\/span><\/p>\n<figure id=\"attachment_125653\" class=\"wp-caption alignnone\" style=\"width: 1024px\" aria-describedby=\"caption-attachment-125653\"><img loading=\"lazy\" decoding=\"async\" class=\"wp-image-125653 size-large\" src=\"https:\/\/graziamagazine.com\/mx\/wp-content\/uploads\/sites\/13\/2023\/05\/Captura-de-Pantalla-2023-05-25-a-las-18.35.03.png?w=1024&amp;resize=1024%2C753\" alt=\"\" width=\"1024\" height=\"753\" data-recalc-dims=\"1\" \/><\/figure>\n<p><span style=\"font-weight: 400\">Es la historia de una m\u00e9dico que retoma su trabajo como voluntaria en el Amazonas, Teto arma todo un plan para seguirla.<\/span><\/p>\n<p><b><i>S\u00e9 tu misma<\/i><\/b><span style=\"font-weight: 400\"> (9 junio)<\/span><\/p>\n<figure id=\"attachment_125654\" class=\"wp-caption alignnone\" style=\"width: 1024px\" aria-describedby=\"caption-attachment-125654\"><img loading=\"lazy\" decoding=\"async\" class=\"wp-image-125654 size-large\" src=\"https:\/\/graziamagazine.com\/mx\/wp-content\/uploads\/sites\/13\/2023\/05\/Captura-de-Pantalla-2023-05-25-a-las-18.35.54.png?w=1024&amp;resize=1024%2C916\" alt=\"\" width=\"1024\" height=\"916\" data-recalc-dims=\"1\" \/><\/figure>\n<p><span style=\"font-weight: 400\">Este largometraje corto donde Marve anhelaba una vida libre, lo \u00fanico que no contempl\u00f3 es que el destino ten\u00eda otros planes para ella.<\/span><\/p>\n<p><b><i>Las semanas m\u00e1gicas<\/i><\/b><span style=\"font-weight: 400\"> (9 junio)<\/span><\/p>\n<figure id=\"attachment_125655\" class=\"wp-caption alignnone\" style=\"width: 1024px\" aria-describedby=\"caption-attachment-125655\"><img loading=\"lazy\" decoding=\"async\" class=\"wp-image-125655 size-large\" src=\"https:\/\/graziamagazine.com\/mx\/wp-content\/uploads\/sites\/13\/2023\/05\/Captura-de-Pantalla-2023-05-25-a-las-18.39.08.png?w=1024&amp;resize=1024%2C688\" alt=\"\" width=\"1024\" height=\"688\" data-recalc-dims=\"1\" \/><\/figure>\n<p><span style=\"font-weight: 400\">Criar hijos, tener un trabajo demandante y mantener sus relaciones a flote es todo un desaf\u00edo. Es a este reto al que se enfrentar\u00e1n tres parejas modernas.<\/span><\/p>\n<p><b><i>Tyler Rake 2<\/i><\/b><span style=\"font-weight: 400\"> (16 junio)<\/span><\/p>\n<figure id=\"attachment_125656\" class=\"wp-caption alignnone\" style=\"width: 1024px\" aria-describedby=\"caption-attachment-125656\"><img loading=\"lazy\" decoding=\"async\" class=\"wp-image-125656 size-large\" src=\"https:\/\/graziamagazine.com\/mx\/wp-content\/uploads\/sites\/13\/2023\/05\/Captura-de-Pantalla-2023-05-25-a-las-18.41.49.png?w=1024&amp;resize=1024%2C720\" alt=\"\" width=\"1024\" height=\"720\" data-recalc-dims=\"1\" \/><\/figure>\n<p><span style=\"font-weight: 400\">Esta segunda parte donde veremos de nuevo a Chris Hemsworth dar vida al agente de \u00e9lite Tyler Rake quien se enfrenta a una nueva misi\u00f3n, rescatar a la familia de un malvado mafioso.<\/span><\/p>\n<h3><b>OTROS ESTRENOS (PEL\u00cdCULAS)<\/b><\/h3>\n<ul>\n<li><b><i>Black Clover: la espada del rey mago<\/i><\/b><span style=\"font-weight: 400\"> (16 junio)<\/span><\/li>\n<li><b><i>A trav\u00e9s del mar <\/i><\/b>(23 junio)<\/li>\n<li><b><i>\u00a1Number Number: El oro de Johannesburgo<\/i><\/b> (23 junio)<\/li>\n<li><b><i>La combinaci\u00f3n perfecta <\/i><\/b>(23 junio)<\/li>\n<li><b><i>Huye, conejo, huye <\/i><\/b>(28 junio)<\/li>\n<li><b><i>Nimona<\/i><\/b> (30 junio)<\/li>\n<\/ul>\n<p><span style=\"font-weight: 400\">\u00a1Ve preparando las botanas para disfrutar de estos incre\u00edbles estrenos!<\/span><\/p>\n<p><em>*Im\u00e1genes: Netflix<\/em><\/p>\n","protected":false},"author":16349,"featured_media":170460,"template":"","format":"standard","categories":[2971],"acf":{"banner":null},"yoast_head":"<!-- This site is optimized with the Yoast SEO Premium plugin v18.5 (Yoast SEO v20.4) - https:\/\/yoast.com\/wordpress\/plugins\/seo\/ -->\n<title>Todos los estrenos de Netflix para junio 2023 | Grazia<\/title>\n<meta name=\"description\" content=\"La plataforma de streaming llega con las pel\u00edculas y series m\u00e1s esperadas para el mes en el que comienza el verano.\" \/>\n<meta name=\"robots\" content=\"index, follow, max-snippet:-1, max-image-preview:large, max-video-preview:-1\" \/>\n<link rel=\"canonical\" href=\"https:\/\/graziamagazine.com\/es\/articles\/todos-los-estrenos-de-netflix-para-junio-2023\/\" \/>\n<meta property=\"og:locale\" content=\"es_ES\" \/>\n<meta property=\"og:type\" content=\"article\" \/>\n<meta property=\"og:title\" content=\"Todos los estrenos de Netflix para junio 2023\" \/>\n<meta property=\"og:description\" content=\"La plataforma de streaming llega con las pel\u00edculas y series m\u00e1s esperadas para el mes en el que comienza el verano.\" \/>\n<meta property=\"og:url\" content=\"https:\/\/graziamagazine.com\/es\/articles\/todos-los-estrenos-de-netflix-para-junio-2023\/\" \/>\n<meta property=\"og:site_name\" content=\"Grazia\" \/>\n<meta property=\"article:modified_time\" content=\"2023-05-30T10:33:54+00:00\" \/>\n<meta property=\"og:image\" content=\"https:\/\/graziamagazine.com\/es\/wp-content\/uploads\/sites\/12\/2023\/05\/silmalopez_346094050_5736938093079475_3566863725839058615_n-1.jpg\" \/>\n\t<meta property=\"og:image:width\" content=\"1440\" \/>\n\t<meta property=\"og:image:height\" content=\"1440\" \/>\n\t<meta property=\"og:image:type\" content=\"image\/jpeg\" \/>\n<meta name=\"twitter:card\" content=\"summary_large_image\" \/>\n<meta name=\"twitter:label1\" content=\"Est. reading time\" \/>\n\t<meta name=\"twitter:data1\" content=\"5 minutos\" \/>\n<script type=\"application\/ld+json\" class=\"yoast-schema-graph\">{\"@context\":\"https:\/\/schema.org\",\"@graph\":[{\"@type\":\"WebPage\",\"@id\":\"https:\/\/graziamagazine.com\/es\/articles\/todos-los-estrenos-de-netflix-para-junio-2023\/\",\"url\":\"https:\/\/graziamagazine.com\/es\/articles\/todos-los-estrenos-de-netflix-para-junio-2023\/\",\"name\":\"Todos los estrenos de Netflix para junio 2023 | Grazia\",\"isPartOf\":{\"@id\":\"https:\/\/graziamagazine.com\/es\/#website\"},\"datePublished\":\"2023-05-26T11:25:37+00:00\",\"dateModified\":\"2023-05-30T10:33:54+00:00\",\"description\":\"La plataforma de streaming llega con las pel\u00edculas y series m\u00e1s esperadas para el mes en el que comienza el verano.\",\"breadcrumb\":{\"@id\":\"https:\/\/graziamagazine.com\/es\/articles\/todos-los-estrenos-de-netflix-para-junio-2023\/#breadcrumb\"},\"inLanguage\":\"es\",\"potentialAction\":[{\"@type\":\"ReadAction\",\"target\":[\"https:\/\/graziamagazine.com\/es\/articles\/todos-los-estrenos-de-netflix-para-junio-2023\/\"]}]},{\"@type\":\"BreadcrumbList\",\"@id\":\"https:\/\/graziamagazine.com\/es\/articles\/todos-los-estrenos-de-netflix-para-junio-2023\/#breadcrumb\",\"itemListElement\":[{\"@type\":\"ListItem\",\"position\":1,\"name\":\"Portada\",\"item\":\"https:\/\/graziamagazine.com\/es\/\"},{\"@type\":\"ListItem\",\"position\":2,\"name\":\"Todos los estrenos de Netflix para junio 2023\"}]},{\"@type\":\"WebSite\",\"@id\":\"https:\/\/graziamagazine.com\/es\/#website\",\"url\":\"https:\/\/graziamagazine.com\/es\/\",\"name\":\"Grazia\",\"description\":\"Moda, belleza, celebrities, estilo de vida...\",\"potentialAction\":[{\"@type\":\"SearchAction\",\"target\":{\"@type\":\"EntryPoint\",\"urlTemplate\":\"https:\/\/graziamagazine.com\/es\/?s={search_term_string}\"},\"query-input\":\"required name=search_term_string\"}],\"inLanguage\":\"es\"}]}<\/script>\n<!-- \/ Yoast SEO Premium plugin. -->","yoast_head_json":{"title":"Todos los estrenos de Netflix para junio 2023 | Grazia","description":"La plataforma de streaming llega con las pel\u00edculas y series m\u00e1s esperadas para el mes en el que comienza el verano.","robots":{"index":"index","follow":"follow","max-snippet":"max-snippet:-1","max-image-preview":"max-image-preview:large","max-video-preview":"max-video-preview:-1"},"canonical":"https:\/\/graziamagazine.com\/es\/articles\/todos-los-estrenos-de-netflix-para-junio-2023\/","og_locale":"es_ES","og_type":"article","og_title":"Todos los estrenos de Netflix para junio 2023","og_description":"La plataforma de streaming llega con las pel\u00edculas y series m\u00e1s esperadas para el mes en el que comienza el verano.","og_url":"https:\/\/graziamagazine.com\/es\/articles\/todos-los-estrenos-de-netflix-para-junio-2023\/","og_site_name":"Grazia","article_modified_time":"2023-05-30T10:33:54+00:00","og_image":[{"width":1440,"height":1440,"url":"https:\/\/graziamagazine.com\/es\/wp-content\/uploads\/sites\/12\/2023\/05\/silmalopez_346094050_5736938093079475_3566863725839058615_n-1.jpg","type":"image\/jpeg"}],"twitter_card":"summary_large_image","twitter_misc":{"Est. reading time":"5 minutos"},"schema":{"@context":"https:\/\/schema.org","@graph":[{"@type":"WebPage","@id":"https:\/\/graziamagazine.com\/es\/articles\/todos-los-estrenos-de-netflix-para-junio-2023\/","url":"https:\/\/graziamagazine.com\/es\/articles\/todos-los-estrenos-de-netflix-para-junio-2023\/","name":"Todos los estrenos de Netflix para junio 2023 | Grazia","isPartOf":{"@id":"https:\/\/graziamagazine.com\/es\/#website"},"datePublished":"2023-05-26T11:25:37+00:00","dateModified":"2023-05-30T10:33:54+00:00","description":"La plataforma de streaming llega con las pel\u00edculas y series m\u00e1s esperadas para el mes en el que comienza el verano.","breadcrumb":{"@id":"https:\/\/graziamagazine.com\/es\/articles\/todos-los-estrenos-de-netflix-para-junio-2023\/#breadcrumb"},"inLanguage":"es","potentialAction":[{"@type":"ReadAction","target":["https:\/\/graziamagazine.com\/es\/articles\/todos-los-estrenos-de-netflix-para-junio-2023\/"]}]},{"@type":"BreadcrumbList","@id":"https:\/\/graziamagazine.com\/es\/articles\/todos-los-estrenos-de-netflix-para-junio-2023\/#breadcrumb","itemListElement":[{"@type":"ListItem","position":1,"name":"Portada","item":"https:\/\/graziamagazine.com\/es\/"},{"@type":"ListItem","position":2,"name":"Todos los estrenos de Netflix para junio 2023"}]},{"@type":"WebSite","@id":"https:\/\/graziamagazine.com\/es\/#website","url":"https:\/\/graziamagazine.com\/es\/","name":"Grazia","description":"Moda, belleza, celebrities, estilo de vida...","potentialAction":[{"@type":"SearchAction","target":{"@type":"EntryPoint","urlTemplate":"https:\/\/graziamagazine.com\/es\/?s={search_term_string}"},"query-input":"required name=search_term_string"}],"inLanguage":"es"}]}},"jetpack_sharing_enabled":true,"distributor_meta":false,"distributor_terms":false,"distributor_media":false,"distributor_original_site_name":"Grazia","distributor_original_site_url":"https:\/\/graziamagazine.com\/es","push-errors":false,"_links":{"self":[{"href":"https:\/\/graziamagazine.com\/es\/wp-json\/wp\/v2\/articles\/170444"}],"collection":[{"href":"https:\/\/graziamagazine.com\/es\/wp-json\/wp\/v2\/articles"}],"about":[{"href":"https:\/\/graziamagazine.com\/es\/wp-json\/wp\/v2\/types\/articles"}],"author":[{"embeddable":true,"href":"https:\/\/graziamagazine.com\/es\/wp-json\/wp\/v2\/users\/16349"}],"wp:featuredmedia":[{"embeddable":true,"href":"https:\/\/graziamagazine.com\/es\/wp-json\/wp\/v2\/media\/170460"}],"wp:attachment":[{"href":"https:\/\/graziamagazine.com\/es\/wp-json\/wp\/v2\/media?parent=170444"}],"wp:term":[{"taxonomy":"category","embeddable":true,"href":"https:\/\/graziamagazine.com\/es\/wp-json\/wp\/v2\/categories?post=170444"}],"curies":[{"name":"wp","href":"https:\/\/api.w.org\/{rel}","templated":true}]}}