{"id":169910,"date":"2023-05-05T13:38:00","date_gmt":"2023-05-05T11:38:00","guid":{"rendered":"https:\/\/graziamagazine.com\/es\/?post_type=articles&#038;p=169910"},"modified":"2023-05-05T13:38:00","modified_gmt":"2023-05-05T11:38:00","slug":"clavicut-los-secretos-del-nuevo-corte-de-moda","status":"publish","type":"articles","link":"https:\/\/graziamagazine.com\/es\/articles\/clavicut-los-secretos-del-nuevo-corte-de-moda\/","title":{"rendered":"Clavicut, los secretos del nuevo corte de moda"},"content":{"rendered":"<p>A veces un cambi\u00f3 de look puede dar un poco de temor, sobre todo cuando la tendencia despu\u00e9s de la pandemia fue llevar el cabello largo y desenfadado. Ahora que el <strong>verano<\/strong> esta cada vez m\u00e1s cerca, este 2023, el <strong>Clavicut<\/strong> se convierte en el <em>hairstyle<\/em> predilecto para esta estaci\u00f3n del a\u00f1o.<\/p>\n<figure id=\"attachment_124747\" class=\"wp-caption alignnone\" style=\"width: 675px\" aria-describedby=\"caption-attachment-124747\"><img loading=\"lazy\" decoding=\"async\" class=\"size-large wp-image-124747\" src=\"https:\/\/graziamagazine.com\/mx\/wp-content\/uploads\/sites\/13\/2023\/05\/Captura-de-Pantalla-2023-05-04-a-las-14.26.34.png?w=675&amp;resize=675%2C1024\" alt=\"Clavicut: Te contamos todo sobre el nuevo hairstyle que se convierte en tendencia\" width=\"675\" height=\"1024\" data-recalc-dims=\"1\" \/><\/figure>\n<p>Este estilo de melena dar\u00e1 un toque elegante a cualquier look que desees usar, pues su ventaja es que el largo llega a la altura de la clav\u00edcula, dejando los bordes rectos y s\u00f3lidos. Aunque a algunas personas les gusta que el frente sea asim\u00e9trico, es decir, m\u00e1s corto por atr\u00e1s y m\u00e1s largo por delante, el Clavicut afina el rostro y da un aire <strong>fresco y de glamour.<\/strong><\/p>\n<p>Sin embargo, existen pros y contras pues al no ser <strong>ni muy largo ni muy corto<\/strong>, lo ideal es que quienes aun no han decidido un estilo definido y est\u00e1n en busca de darle un giro a su estilo.<\/p>\n<figure id=\"attachment_124748\" class=\"wp-caption alignnone\" style=\"width: 744px\" aria-describedby=\"caption-attachment-124748\"><img loading=\"lazy\" decoding=\"async\" class=\"size-large wp-image-124748\" src=\"https:\/\/graziamagazine.com\/mx\/wp-content\/uploads\/sites\/13\/2023\/05\/Captura-de-Pantalla-2023-05-04-a-las-14.26.42.png?w=744&amp;resize=744%2C1024\" alt=\"Clavicut: Te contamos todo sobre el nuevo hairstyle que se convierte en tendencia\" width=\"744\" height=\"1024\" data-recalc-dims=\"1\" \/><\/figure>\n<p>Al ser un corte que no es largo ni corto, es ideal para quienes todav\u00eda no se deciden por un estilo muy definido, pero est\u00e1n en busca de refrescar y rejuvenecer su look sin llegar a un bob.<\/p>\n<p>Adem\u00e1s, es s\u00faper sexy si lo combinas con blusas que dejen tu\u00a0<strong>clav\u00edcula<\/strong>\u00a0descubierta, ya que el\u00a0<strong>clavicut<\/strong>\u00a0enmarca esta irresistible parte de tu cuerpo.<\/p>\n<figure id=\"attachment_124749\" class=\"wp-caption alignnone\" style=\"width: 704px\" aria-describedby=\"caption-attachment-124749\"><img loading=\"lazy\" decoding=\"async\" class=\"size-large wp-image-124749\" src=\"https:\/\/graziamagazine.com\/mx\/wp-content\/uploads\/sites\/13\/2023\/05\/Captura-de-Pantalla-2023-05-04-a-las-14.26.49.png?w=704&amp;resize=704%2C1024\" alt=\"Clavicut: Te contamos todo sobre el nuevo hairstyle que se convierte en tendencia\" width=\"704\" height=\"1024\" data-recalc-dims=\"1\" \/><\/figure>\n<p>Lo mejor ser\u00e1 siempre ir con un experto, pero si tu duda es \u00bfa qu\u00e9 tipo de rostro le va este corte? La respuesta es que <strong>el clavicut tradicional<\/strong> le queda bien a casi todas las formas de rostro, lo que debes tomar en cuenta es el tipo de textura que tiene tu cabello y la manera en la que lo peines.<\/p>\n<p>\u00a1Atr\u00e9vete a dar un cambio de look mucho m\u00e1s parisino y vers\u00e1til y luce como nunca durante esta temporada de verano!<\/p>\n<p><em>*Im\u00e1genes: Instagram y Getty Images<\/em><\/p>\n<div class=\"Container-inRyLO VAZYn\" data-event-boundary=\"click\" data-event-click=\"{&quot;pattern&quot;:&quot;CNEInterludeEmbed&quot;}\" data-in-view=\"{&quot;pattern&quot;:&quot;CNEInterludeEmbed&quot;}\" data-include-experiments=\"true\"><\/div>\n<p>&nbsp;<\/p>\n<p>&nbsp;<\/p>\n<p>&nbsp;<\/p>\n<p>&nbsp;<\/p>\n","protected":false},"author":28953,"featured_media":169911,"template":"","format":"standard","categories":[7],"acf":[],"yoast_head":"<!-- This site is optimized with the Yoast SEO Premium plugin v18.5 (Yoast SEO v20.4) - https:\/\/yoast.com\/wordpress\/plugins\/seo\/ -->\n<title>Clavicut: Te contamos todo sobre el nuevo hairstyle que se convierte en tendencia<\/title>\n<meta name=\"description\" content=\"Posicion\u00e1ndose como el favorito de la temporada de verano, el Clavicut es mas que un corte, es elegancia y sofisticaci\u00f3n\" \/>\n<meta name=\"robots\" content=\"index, follow, max-snippet:-1, max-image-preview:large, max-video-preview:-1\" \/>\n<link rel=\"canonical\" href=\"https:\/\/graziamagazine.com\/es\/articles\/clavicut-los-secretos-del-nuevo-corte-de-moda\/\" \/>\n<meta property=\"og:locale\" content=\"es_ES\" \/>\n<meta property=\"og:type\" content=\"article\" \/>\n<meta property=\"og:title\" content=\"Clavicut, los secretos del nuevo corte de moda\" \/>\n<meta property=\"og:description\" content=\"Posicion\u00e1ndose como el favorito de la temporada de verano, el Clavicut es mas que un corte, es elegancia y sofisticaci\u00f3n\" \/>\n<meta property=\"og:url\" content=\"https:\/\/graziamagazine.com\/es\/articles\/clavicut-los-secretos-del-nuevo-corte-de-moda\/\" \/>\n<meta property=\"og:site_name\" content=\"Grazia\" \/>\n<meta property=\"og:image\" content=\"https:\/\/graziamagazine.com\/es\/wp-content\/uploads\/sites\/12\/2023\/05\/75722-clavicut-corte-de-pelo-quita-anos1.jpg\" \/>\n\t<meta property=\"og:image:width\" content=\"960\" \/>\n\t<meta property=\"og:image:height\" content=\"640\" \/>\n\t<meta property=\"og:image:type\" content=\"image\/jpeg\" \/>\n<meta name=\"twitter:card\" content=\"summary_large_image\" \/>\n<meta name=\"twitter:label1\" content=\"Est. reading time\" \/>\n\t<meta name=\"twitter:data1\" content=\"3 minutos\" \/>\n<script type=\"application\/ld+json\" class=\"yoast-schema-graph\">{\"@context\":\"https:\/\/schema.org\",\"@graph\":[{\"@type\":\"WebPage\",\"@id\":\"https:\/\/graziamagazine.com\/es\/articles\/clavicut-los-secretos-del-nuevo-corte-de-moda\/\",\"url\":\"https:\/\/graziamagazine.com\/es\/articles\/clavicut-los-secretos-del-nuevo-corte-de-moda\/\",\"name\":\"Clavicut: Te contamos todo sobre el nuevo hairstyle que se convierte en tendencia\",\"isPartOf\":{\"@id\":\"https:\/\/graziamagazine.com\/es\/#website\"},\"datePublished\":\"2023-05-05T11:38:00+00:00\",\"dateModified\":\"2023-05-05T11:38:00+00:00\",\"description\":\"Posicion\u00e1ndose como el favorito de la temporada de verano, el Clavicut es mas que un corte, es elegancia y sofisticaci\u00f3n\",\"breadcrumb\":{\"@id\":\"https:\/\/graziamagazine.com\/es\/articles\/clavicut-los-secretos-del-nuevo-corte-de-moda\/#breadcrumb\"},\"inLanguage\":\"es\",\"potentialAction\":[{\"@type\":\"ReadAction\",\"target\":[\"https:\/\/graziamagazine.com\/es\/articles\/clavicut-los-secretos-del-nuevo-corte-de-moda\/\"]}]},{\"@type\":\"BreadcrumbList\",\"@id\":\"https:\/\/graziamagazine.com\/es\/articles\/clavicut-los-secretos-del-nuevo-corte-de-moda\/#breadcrumb\",\"itemListElement\":[{\"@type\":\"ListItem\",\"position\":1,\"name\":\"Portada\",\"item\":\"https:\/\/graziamagazine.com\/es\/\"},{\"@type\":\"ListItem\",\"position\":2,\"name\":\"Clavicut, los secretos del nuevo corte de moda\"}]},{\"@type\":\"WebSite\",\"@id\":\"https:\/\/graziamagazine.com\/es\/#website\",\"url\":\"https:\/\/graziamagazine.com\/es\/\",\"name\":\"Grazia\",\"description\":\"Moda, belleza, celebrities, estilo de vida...\",\"potentialAction\":[{\"@type\":\"SearchAction\",\"target\":{\"@type\":\"EntryPoint\",\"urlTemplate\":\"https:\/\/graziamagazine.com\/es\/?s={search_term_string}\"},\"query-input\":\"required name=search_term_string\"}],\"inLanguage\":\"es\"}]}<\/script>\n<!-- \/ Yoast SEO Premium plugin. -->","yoast_head_json":{"title":"Clavicut: Te contamos todo sobre el nuevo hairstyle que se convierte en tendencia","description":"Posicion\u00e1ndose como el favorito de la temporada de verano, el Clavicut es mas que un corte, es elegancia y sofisticaci\u00f3n","robots":{"index":"index","follow":"follow","max-snippet":"max-snippet:-1","max-image-preview":"max-image-preview:large","max-video-preview":"max-video-preview:-1"},"canonical":"https:\/\/graziamagazine.com\/es\/articles\/clavicut-los-secretos-del-nuevo-corte-de-moda\/","og_locale":"es_ES","og_type":"article","og_title":"Clavicut, los secretos del nuevo corte de moda","og_description":"Posicion\u00e1ndose como el favorito de la temporada de verano, el Clavicut es mas que un corte, es elegancia y sofisticaci\u00f3n","og_url":"https:\/\/graziamagazine.com\/es\/articles\/clavicut-los-secretos-del-nuevo-corte-de-moda\/","og_site_name":"Grazia","og_image":[{"width":960,"height":640,"url":"https:\/\/graziamagazine.com\/es\/wp-content\/uploads\/sites\/12\/2023\/05\/75722-clavicut-corte-de-pelo-quita-anos1.jpg","type":"image\/jpeg"}],"twitter_card":"summary_large_image","twitter_misc":{"Est. reading time":"3 minutos"},"schema":{"@context":"https:\/\/schema.org","@graph":[{"@type":"WebPage","@id":"https:\/\/graziamagazine.com\/es\/articles\/clavicut-los-secretos-del-nuevo-corte-de-moda\/","url":"https:\/\/graziamagazine.com\/es\/articles\/clavicut-los-secretos-del-nuevo-corte-de-moda\/","name":"Clavicut: Te contamos todo sobre el nuevo hairstyle que se convierte en tendencia","isPartOf":{"@id":"https:\/\/graziamagazine.com\/es\/#website"},"datePublished":"2023-05-05T11:38:00+00:00","dateModified":"2023-05-05T11:38:00+00:00","description":"Posicion\u00e1ndose como el favorito de la temporada de verano, el Clavicut es mas que un corte, es elegancia y sofisticaci\u00f3n","breadcrumb":{"@id":"https:\/\/graziamagazine.com\/es\/articles\/clavicut-los-secretos-del-nuevo-corte-de-moda\/#breadcrumb"},"inLanguage":"es","potentialAction":[{"@type":"ReadAction","target":["https:\/\/graziamagazine.com\/es\/articles\/clavicut-los-secretos-del-nuevo-corte-de-moda\/"]}]},{"@type":"BreadcrumbList","@id":"https:\/\/graziamagazine.com\/es\/articles\/clavicut-los-secretos-del-nuevo-corte-de-moda\/#breadcrumb","itemListElement":[{"@type":"ListItem","position":1,"name":"Portada","item":"https:\/\/graziamagazine.com\/es\/"},{"@type":"ListItem","position":2,"name":"Clavicut, los secretos del nuevo corte de moda"}]},{"@type":"WebSite","@id":"https:\/\/graziamagazine.com\/es\/#website","url":"https:\/\/graziamagazine.com\/es\/","name":"Grazia","description":"Moda, belleza, celebrities, estilo de vida...","potentialAction":[{"@type":"SearchAction","target":{"@type":"EntryPoint","urlTemplate":"https:\/\/graziamagazine.com\/es\/?s={search_term_string}"},"query-input":"required name=search_term_string"}],"inLanguage":"es"}]}},"jetpack_sharing_enabled":true,"distributor_meta":false,"distributor_terms":false,"distributor_media":false,"distributor_original_site_name":"Grazia","distributor_original_site_url":"https:\/\/graziamagazine.com\/es","push-errors":false,"_links":{"self":[{"href":"https:\/\/graziamagazine.com\/es\/wp-json\/wp\/v2\/articles\/169910"}],"collection":[{"href":"https:\/\/graziamagazine.com\/es\/wp-json\/wp\/v2\/articles"}],"about":[{"href":"https:\/\/graziamagazine.com\/es\/wp-json\/wp\/v2\/types\/articles"}],"author":[{"embeddable":true,"href":"https:\/\/graziamagazine.com\/es\/wp-json\/wp\/v2\/users\/28953"}],"wp:featuredmedia":[{"embeddable":true,"href":"https:\/\/graziamagazine.com\/es\/wp-json\/wp\/v2\/media\/169911"}],"wp:attachment":[{"href":"https:\/\/graziamagazine.com\/es\/wp-json\/wp\/v2\/media?parent=169910"}],"wp:term":[{"taxonomy":"category","embeddable":true,"href":"https:\/\/graziamagazine.com\/es\/wp-json\/wp\/v2\/categories?post=169910"}],"curies":[{"name":"wp","href":"https:\/\/api.w.org\/{rel}","templated":true}]}}