{"id":169758,"date":"2023-04-27T09:00:54","date_gmt":"2023-04-27T07:00:54","guid":{"rendered":"https:\/\/graziamagazine.com\/es\/?post_type=articles&#038;p=169758"},"modified":"2023-04-27T18:47:43","modified_gmt":"2023-04-27T16:47:43","slug":"dior-abre-en-galerias-canalejas-su-boutique-mas-grande-de-espana","status":"publish","type":"articles","link":"https:\/\/graziamagazine.com\/es\/articles\/dior-abre-en-galerias-canalejas-su-boutique-mas-grande-de-espana\/","title":{"rendered":"Dior abre en Galer\u00edas Canalejas su boutique m\u00e1s grande de Espa\u00f1a"},"content":{"rendered":"<p>Cuando hace un par de a\u00f1os ve\u00edamos imposible que en lugar cerrar espacios se abrieran nuevos, hoy esa tendencia cambi\u00f3 y Dior ha demostrado una vez m\u00e1s que siempre hay c\u00f3mo enfrentarse a la adversidad. Y es que acaba de abrir sus puertas en Madrid la que se ha convertido en la tienda m\u00e1s grande de Espa\u00f1a. La nueva boutique, de 500 metros cuadrados, est\u00e1 ubicada en el nuevo epicentro del lujo madrile\u00f1o, Galer\u00edas Canalejas, las galer\u00edas comerciales de lujo que aloja el Hotel Four Seaon. Dos plantas y tres entradas, como ning\u00fan otro espacio en las galer\u00edas, dedicadas a albergar lo mejor de las colecciones femeninas y masculinas de la <em>maison.\u00a0<\/em><\/p>\n<div class=\"content-gallery\"><div class=\"gallery-placeholder\"><div class=\"spinner\"><\/div><\/div><span class=\"gallery-pagination\"><\/span><div id=\"gallery-1\" class=\"gallery galleryid-169758 gallery-columns- gallery-size-\"><figure class=\"gallery-item\"><div class=\"gallery-icon landscape\"><img loading=\"lazy\" decoding=\"async\" width=\"6720\" height=\"4480\" src=\"https:\/\/graziamagazine.com\/es\/wp-content\/uploads\/sites\/12\/2023\/04\/widu_Dior_MadridShop-284-copia.jpeg\" class=\"lazy\" alt=\"\" \/><\/div><\/figure><figure class=\"gallery-item\"><div class=\"gallery-icon landscape\"><img loading=\"lazy\" decoding=\"async\" width=\"5886\" height=\"3924\" src=\"https:\/\/graziamagazine.com\/es\/wp-content\/uploads\/sites\/12\/2023\/04\/widu_Dior_MadridShop-008-copia.jpeg\" class=\"lazy\" alt=\"\" \/><\/div><\/figure><\/div><\/div>\n<p>Elegante, con una decoraci\u00f3n muy Dior en la que predominan los colores arena, en la planta de abajo, a pie de la calle Sevilla, los accesorios femeninos deslumbran -m\u00e1s todav\u00eda- gracias a la luz que entra por los grandes ventanales. Los irresistibles\u00a0<em>looks<\/em>\u00a0y complementos est\u00e1n salpicados de motivos propios de la temporada, como el estampado\u00a0<em>Petites Fleurs<\/em>\u00a0que adorna el ic\u00f3nico\u00a0<em><span class=\"marko4kfn029z\" data-markjs=\"true\" data-ogac=\"\" data-ogab=\"\" data-ogsc=\"\" data-ogsb=\"\">Dior<\/span>\u00a0Book Tote<\/em>\u00a0y los zapatos de tac\u00f3n\u00a0<em>J&#8217;Adior<\/em>.<\/p>\n<p><img loading=\"lazy\" decoding=\"async\" class=\"aligncenter size-full wp-image-169763\" src=\"https:\/\/graziamagazine.com\/es\/wp-content\/uploads\/sites\/12\/2023\/04\/widu_Dior_MadridShop-191-copia.jpeg\" alt=\"\" width=\"1024\" height=\"683\" \/><\/p>\n<p>En la plata superior podemos encontrar la colecci\u00f3n <em>pr\u00eat-\u00e0-porter<\/em>\u00a0<span class=\"marko4kfn029z\" data-markjs=\"true\" data-ogac=\"\" data-ogab=\"\" data-ogsc=\"\" data-ogsb=\"\">Dior<\/span>\u00a0primavera-verano 2023 dise\u00f1ada por Maria Grazia Chiuri, un guardarropa que rinde homenaje a la fuerza vital del mundo vegetal, tan apreciado por Christian\u00a0<span class=\"marko4kfn029z\" data-markjs=\"true\" data-ogac=\"\" data-ogab=\"\" data-ogsc=\"\" data-ogsb=\"\">Dior<\/span>.<\/p>\n<div class=\"content-gallery\"><div class=\"gallery-placeholder\"><div class=\"spinner\"><\/div><\/div><span class=\"gallery-pagination\"><\/span><div id=\"gallery-2\" class=\"gallery galleryid-169758 gallery-columns- gallery-size-\"><figure class=\"gallery-item\"><div class=\"gallery-icon landscape\"><img loading=\"lazy\" decoding=\"async\" width=\"6720\" height=\"4480\" src=\"https:\/\/graziamagazine.com\/es\/wp-content\/uploads\/sites\/12\/2023\/04\/widu_Dior_MadridShop-071-copia.jpeg\" class=\"lazy\" alt=\"\" \/><\/div><\/figure><figure class=\"gallery-item\"><div class=\"gallery-icon landscape\"><img loading=\"lazy\" decoding=\"async\" width=\"1920\" height=\"1280\" src=\"https:\/\/graziamagazine.com\/es\/wp-content\/uploads\/sites\/12\/2023\/04\/widu_Dior_MadridShop-019-wr-copia.jpeg\" class=\"lazy\" alt=\"\" \/><\/div><\/figure><\/div><\/div>\n<p>Tambi\u00e9n en esta planta encontramos la secci\u00f3n masculina de la nueva boutique donde Dior despliega por todo lo grande su nuevo estampado CD Diamond que adorna la colecci\u00f3n de Dior Men Verano 2023 de Kim Jones. Este estampado ic\u00f3nico fue ideado en 1974 por Marc Bohan y se revela ahora a trav\u00e9s de una audaz reinterpretaci\u00f3n. Como el contorno de un diamante de corte limpio, las iniciales CD se transforman en un dise\u00f1o hipn\u00f3tico que rinde homenaje al legado Dior. Los delicados gr\u00e1ficos embellecen una serie de creaciones, como el emblem\u00e1tico Saddle, el mini bolso Dior Hit the Road, las camisas de sarga de seda y las zapatillas B27.<\/p>\n<p><img loading=\"lazy\" decoding=\"async\" class=\"aligncenter size-full wp-image-169766\" src=\"https:\/\/graziamagazine.com\/es\/wp-content\/uploads\/sites\/12\/2023\/04\/widu_Dior_MadridShop-083-copia.jpeg\" alt=\"\" width=\"1024\" height=\"683\" \/><\/p>\n<p>El emblem\u00e1tico\u00a0<em>Saddle<\/em>\u00a0se reinventa en una versi\u00f3n concebida para las actividades en exteriores, mientras que la mochila\u00a0<em>Gallagator\u00a0<span class=\"marko4kfn029z\" data-markjs=\"true\" data-ogac=\"\" data-ogab=\"\" data-ogsc=\"\" data-ogsb=\"\">Dior<\/span>\u00a0by Mystery Ranch<\/em>\u00a0se presenta con una funda con capucha hidr\u00f3fuga extra\u00edble, elevando as\u00ed la utilidad al nivel de manifiesto. Una vez m\u00e1s la <em>maison<\/em> vuelve a demostrar que los lazos que le unen con Espa\u00f1a son cada vez m\u00e1s fuertes.<\/p>\n<p><strong>\u00bfD\u00f3nde?<\/strong> Pl. de Canalejas, 1, 28014 Madrid<\/p>\n<p><em>*Im\u00e1genes: cortes\u00eda Dior<\/em><\/p>\n<p>&nbsp;<\/p>\n","protected":false},"author":11653,"featured_media":169767,"template":"","format":"standard","categories":[3,1],"acf":[],"yoast_head":"<!-- This site is optimized with the Yoast SEO Premium plugin v18.5 (Yoast SEO v20.4) - https:\/\/yoast.com\/wordpress\/plugins\/seo\/ -->\n<title>Dior abre en Galer\u00edas Canalejas su boutique m\u00e1s grande<\/title>\n<meta name=\"description\" content=\"La maison inaugura un espacio de 500 metros cuadrados en el nuevo epicentro del lujo de la capital, el hotel Four Season.\" \/>\n<meta name=\"robots\" content=\"index, follow, max-snippet:-1, max-image-preview:large, max-video-preview:-1\" \/>\n<link rel=\"canonical\" href=\"https:\/\/graziamagazine.com\/es\/articles\/dior-abre-en-galerias-canalejas-su-boutique-mas-grande-de-espana\/\" \/>\n<meta property=\"og:locale\" content=\"es_ES\" \/>\n<meta property=\"og:type\" content=\"article\" \/>\n<meta property=\"og:title\" content=\"Dior abre en Galer\u00edas Canalejas su boutique m\u00e1s grande de Espa\u00f1a\" \/>\n<meta property=\"og:description\" content=\"La maison inaugura un espacio de 500 metros cuadrados en el nuevo epicentro del lujo de la capital, el hotel Four Season.\" \/>\n<meta property=\"og:url\" content=\"https:\/\/graziamagazine.com\/es\/articles\/dior-abre-en-galerias-canalejas-su-boutique-mas-grande-de-espana\/\" \/>\n<meta property=\"og:site_name\" content=\"Grazia\" \/>\n<meta property=\"article:modified_time\" content=\"2023-04-27T16:47:43+00:00\" \/>\n<meta property=\"og:image\" content=\"https:\/\/graziamagazine.com\/es\/wp-content\/uploads\/sites\/12\/2023\/04\/widu_Dior_MadridShop-170-copia.jpeg\" \/>\n\t<meta property=\"og:image:width\" content=\"6720\" \/>\n\t<meta property=\"og:image:height\" content=\"4480\" \/>\n\t<meta property=\"og:image:type\" content=\"image\/jpeg\" \/>\n<meta name=\"twitter:card\" content=\"summary_large_image\" \/>\n<meta name=\"twitter:label1\" content=\"Est. reading time\" \/>\n\t<meta name=\"twitter:data1\" content=\"3 minutos\" \/>\n<script type=\"application\/ld+json\" class=\"yoast-schema-graph\">{\"@context\":\"https:\/\/schema.org\",\"@graph\":[{\"@type\":\"WebPage\",\"@id\":\"https:\/\/graziamagazine.com\/es\/articles\/dior-abre-en-galerias-canalejas-su-boutique-mas-grande-de-espana\/\",\"url\":\"https:\/\/graziamagazine.com\/es\/articles\/dior-abre-en-galerias-canalejas-su-boutique-mas-grande-de-espana\/\",\"name\":\"Dior abre en Galer\u00edas Canalejas su boutique m\u00e1s grande\",\"isPartOf\":{\"@id\":\"https:\/\/graziamagazine.com\/es\/#website\"},\"datePublished\":\"2023-04-27T07:00:54+00:00\",\"dateModified\":\"2023-04-27T16:47:43+00:00\",\"description\":\"La maison inaugura un espacio de 500 metros cuadrados en el nuevo epicentro del lujo de la capital, el hotel Four Season.\",\"breadcrumb\":{\"@id\":\"https:\/\/graziamagazine.com\/es\/articles\/dior-abre-en-galerias-canalejas-su-boutique-mas-grande-de-espana\/#breadcrumb\"},\"inLanguage\":\"es\",\"potentialAction\":[{\"@type\":\"ReadAction\",\"target\":[\"https:\/\/graziamagazine.com\/es\/articles\/dior-abre-en-galerias-canalejas-su-boutique-mas-grande-de-espana\/\"]}]},{\"@type\":\"BreadcrumbList\",\"@id\":\"https:\/\/graziamagazine.com\/es\/articles\/dior-abre-en-galerias-canalejas-su-boutique-mas-grande-de-espana\/#breadcrumb\",\"itemListElement\":[{\"@type\":\"ListItem\",\"position\":1,\"name\":\"Portada\",\"item\":\"https:\/\/graziamagazine.com\/es\/\"},{\"@type\":\"ListItem\",\"position\":2,\"name\":\"Dior abre en Galer\u00edas Canalejas su boutique m\u00e1s grande de Espa\u00f1a\"}]},{\"@type\":\"WebSite\",\"@id\":\"https:\/\/graziamagazine.com\/es\/#website\",\"url\":\"https:\/\/graziamagazine.com\/es\/\",\"name\":\"Grazia\",\"description\":\"Moda, belleza, celebrities, estilo de vida...\",\"potentialAction\":[{\"@type\":\"SearchAction\",\"target\":{\"@type\":\"EntryPoint\",\"urlTemplate\":\"https:\/\/graziamagazine.com\/es\/?s={search_term_string}\"},\"query-input\":\"required name=search_term_string\"}],\"inLanguage\":\"es\"}]}<\/script>\n<!-- \/ Yoast SEO Premium plugin. -->","yoast_head_json":{"title":"Dior abre en Galer\u00edas Canalejas su boutique m\u00e1s grande","description":"La maison inaugura un espacio de 500 metros cuadrados en el nuevo epicentro del lujo de la capital, el hotel Four Season.","robots":{"index":"index","follow":"follow","max-snippet":"max-snippet:-1","max-image-preview":"max-image-preview:large","max-video-preview":"max-video-preview:-1"},"canonical":"https:\/\/graziamagazine.com\/es\/articles\/dior-abre-en-galerias-canalejas-su-boutique-mas-grande-de-espana\/","og_locale":"es_ES","og_type":"article","og_title":"Dior abre en Galer\u00edas Canalejas su boutique m\u00e1s grande de Espa\u00f1a","og_description":"La maison inaugura un espacio de 500 metros cuadrados en el nuevo epicentro del lujo de la capital, el hotel Four Season.","og_url":"https:\/\/graziamagazine.com\/es\/articles\/dior-abre-en-galerias-canalejas-su-boutique-mas-grande-de-espana\/","og_site_name":"Grazia","article_modified_time":"2023-04-27T16:47:43+00:00","og_image":[{"width":6720,"height":4480,"url":"https:\/\/graziamagazine.com\/es\/wp-content\/uploads\/sites\/12\/2023\/04\/widu_Dior_MadridShop-170-copia.jpeg","type":"image\/jpeg"}],"twitter_card":"summary_large_image","twitter_misc":{"Est. reading time":"3 minutos"},"schema":{"@context":"https:\/\/schema.org","@graph":[{"@type":"WebPage","@id":"https:\/\/graziamagazine.com\/es\/articles\/dior-abre-en-galerias-canalejas-su-boutique-mas-grande-de-espana\/","url":"https:\/\/graziamagazine.com\/es\/articles\/dior-abre-en-galerias-canalejas-su-boutique-mas-grande-de-espana\/","name":"Dior abre en Galer\u00edas Canalejas su boutique m\u00e1s grande","isPartOf":{"@id":"https:\/\/graziamagazine.com\/es\/#website"},"datePublished":"2023-04-27T07:00:54+00:00","dateModified":"2023-04-27T16:47:43+00:00","description":"La maison inaugura un espacio de 500 metros cuadrados en el nuevo epicentro del lujo de la capital, el hotel Four Season.","breadcrumb":{"@id":"https:\/\/graziamagazine.com\/es\/articles\/dior-abre-en-galerias-canalejas-su-boutique-mas-grande-de-espana\/#breadcrumb"},"inLanguage":"es","potentialAction":[{"@type":"ReadAction","target":["https:\/\/graziamagazine.com\/es\/articles\/dior-abre-en-galerias-canalejas-su-boutique-mas-grande-de-espana\/"]}]},{"@type":"BreadcrumbList","@id":"https:\/\/graziamagazine.com\/es\/articles\/dior-abre-en-galerias-canalejas-su-boutique-mas-grande-de-espana\/#breadcrumb","itemListElement":[{"@type":"ListItem","position":1,"name":"Portada","item":"https:\/\/graziamagazine.com\/es\/"},{"@type":"ListItem","position":2,"name":"Dior abre en Galer\u00edas Canalejas su boutique m\u00e1s grande de Espa\u00f1a"}]},{"@type":"WebSite","@id":"https:\/\/graziamagazine.com\/es\/#website","url":"https:\/\/graziamagazine.com\/es\/","name":"Grazia","description":"Moda, belleza, celebrities, estilo de vida...","potentialAction":[{"@type":"SearchAction","target":{"@type":"EntryPoint","urlTemplate":"https:\/\/graziamagazine.com\/es\/?s={search_term_string}"},"query-input":"required name=search_term_string"}],"inLanguage":"es"}]}},"jetpack_sharing_enabled":true,"distributor_meta":false,"distributor_terms":false,"distributor_media":false,"distributor_original_site_name":"Grazia","distributor_original_site_url":"https:\/\/graziamagazine.com\/es","push-errors":false,"_links":{"self":[{"href":"https:\/\/graziamagazine.com\/es\/wp-json\/wp\/v2\/articles\/169758"}],"collection":[{"href":"https:\/\/graziamagazine.com\/es\/wp-json\/wp\/v2\/articles"}],"about":[{"href":"https:\/\/graziamagazine.com\/es\/wp-json\/wp\/v2\/types\/articles"}],"author":[{"embeddable":true,"href":"https:\/\/graziamagazine.com\/es\/wp-json\/wp\/v2\/users\/11653"}],"wp:featuredmedia":[{"embeddable":true,"href":"https:\/\/graziamagazine.com\/es\/wp-json\/wp\/v2\/media\/169767"}],"wp:attachment":[{"href":"https:\/\/graziamagazine.com\/es\/wp-json\/wp\/v2\/media?parent=169758"}],"wp:term":[{"taxonomy":"category","embeddable":true,"href":"https:\/\/graziamagazine.com\/es\/wp-json\/wp\/v2\/categories?post=169758"}],"curies":[{"name":"wp","href":"https:\/\/api.w.org\/{rel}","templated":true}]}}