{"id":169680,"date":"2023-04-21T12:57:05","date_gmt":"2023-04-21T10:57:05","guid":{"rendered":"https:\/\/graziamagazine.com\/es\/?post_type=articles&#038;p=169680"},"modified":"2023-04-24T11:21:02","modified_gmt":"2023-04-24T09:21:02","slug":"pullbear-inaugura-su-nuevo-flagship-en-la-gran-via-de-madrid","status":"publish","type":"articles","link":"https:\/\/graziamagazine.com\/es\/articles\/pullbear-inaugura-su-nuevo-flagship-en-la-gran-via-de-madrid\/","title":{"rendered":"Pull&amp;Bear inaugura su nuevo flagship en la Gran V\u00eda de Madrid"},"content":{"rendered":"<p>Pull&amp;Bear, la marca de moda joven del grupo Inditex, presenta grandes novedades en esta primera mitad de 2023 que ponen de manifiesto su apuesta por la innovacio\u0301n, la digitalizacio\u0301n y un claro liderazgo en el desarrollo de una experiencia de compra ma\u0301s eficiente y versa\u0301til para sus clientes.<\/p>\n<p>La marca joven del grupo Inditex consolida su ambiciosa estrategia de expansi\u00f3n con tres nuevos establecimientos en ubicaciones emblem\u00e1ticas dentro y fuera de Espa\u00f1a: La Gran V\u00eda de Madrid, el centro comercial Marineda city de A Coru\u00f1a y Via Torino en <span style=\"color: #000000;font-size: medium\">Milan.\u00a0<\/span><span style=\"color: #000000\">A estas novedades se suma otro hito: el redise\u00f1o de su ic\u00f3nico logo.<\/span><\/p>\n<h3>Su nueva flagship en Gran V\u00eda<\/h3>\n<p>La marca presenta su nueva flagship store en la Gran Vi\u0301a de Madrid, lo que <strong>supone su regreso a la principal arteria de la capital con un concepto innovador y adaptado a los nuevos tiempos<\/strong>. Esta inauguracio\u0301n se suma a las de Marineda City (A Corun\u0303a), y Vi\u0301a Torino, la emblema\u0301tica calle comercial de Mila\u0301n. Los nuevos buques insignia de Pull&amp;Bear muestran la nueva imagen de tienda de la marca, un innovador y digitalizado concepto que ofrece una experiencia de compra eficiente y adaptada al escenario comercial actual.<\/p>\n<p><img loading=\"lazy\" decoding=\"async\" class=\"aligncenter size-full wp-image-169682\" src=\"https:\/\/graziamagazine.com\/es\/wp-content\/uploads\/sites\/12\/2023\/04\/PB_GRANVIA_03.jpg\" alt=\"\" width=\"1024\" height=\"683\" \/><\/p>\n<p><strong>Como parte del proceso de digitalizacio\u0301n de las tiendas, Pull&amp;Bear continu\u0301a apostando y desarrollando el sistema de auto cobro<\/strong>, que aporta fluidez al proceso de compra ahorrando tiempo al cliente, que siempre esta\u0301 en el centro. Adema\u0301s, en el caso de Vi\u0301a Torino, se incorpora un servicio automatizado para entrega y devolucio\u0301n de pedidos online, que funciona de forma continuada durante 24 horas al di\u0301a.<\/p>\n<p>En cuanto al <strong>nuevo disen\u0303o de los espacios<\/strong>, destaca la funcionalidad en todos los elementos decorativos y de mobiliario. Adema\u0301s, la comunicacio\u0301n en tienda se digitaliza mediante pantallas multiposicio\u0301n con bandas de iluminacio\u0301n de policarbonato. Gracias al nuevo concepto espacial, de li\u0301neas depuradas, y a la nueva disposicio\u0301n de las colecciones empleando una estructura regulable, se logra un campo de visio\u0301n ma\u0301s amplio. En el interior de las tiendas se combinan texturas blancas, acabados meta\u0301licos y elementos luminosos.<\/p>\n<p><img loading=\"lazy\" decoding=\"async\" class=\"aligncenter size-full wp-image-169684\" src=\"https:\/\/graziamagazine.com\/es\/wp-content\/uploads\/sites\/12\/2023\/04\/PB_GRANVIA_1.jpg\" alt=\"Pull&amp;Bear inaugura su nuevo flagship en la Gran V\u00eda de Madrid \" width=\"1024\" height=\"683\" \/><\/p>\n<p><strong>El nuevo flagship store de la Gran Vi\u0301a de Madrid, supone el regreso de Pull&amp;Bear al punto neura\u0301lgico de la capital con una tienda de dos plantas y 800 metros cuadrados.<\/strong> Por su parte, la tienda de Marineda City en A Corun\u0303a cuenta con 750 metros cuadrados. Por u\u0301ltimo, la flagship store de Vi\u0301a Torino de Mila\u0301n, ubicada en en un edificio rehabilitado que conserva sus genuinas caracteri\u0301sticas arquitecto\u0301nicas, cuenta con tres plantas y ma\u0301s de 1300 metros cuadrados de superficie comercial. Los nuevos establecimientos, que mostrara\u0301n las novedades en las colecciones de hombre y mujer, reflejan el espi\u0301ritu joven, relajado y dina\u0301mico de Pull&amp;Bear a trave\u0301s de un espacio concebido para una experiencia de compra innovadora, agradable y versa\u0301til.<\/p>\n<p><em>*Im\u00e1genes: cortes\u00eda<\/em><\/p>\n","protected":false},"author":11653,"featured_media":169683,"template":"","format":"standard","categories":[1],"acf":[],"yoast_head":"<!-- This site is optimized with the Yoast SEO Premium plugin v18.5 (Yoast SEO v20.4) - https:\/\/yoast.com\/wordpress\/plugins\/seo\/ -->\n<title>Pull&amp;Bear inaugura su nuevo flagship en la Gran Via de Madrid<\/title>\n<meta name=\"description\" content=\"Este nuevo espacio llega tras las recientes aperturas de Mil\u00e1n y A Coru\u00f1a, adem\u00e1s de un nuevo dise\u00f1o de logo de la marca.\" \/>\n<meta name=\"robots\" content=\"index, follow, max-snippet:-1, max-image-preview:large, max-video-preview:-1\" \/>\n<link rel=\"canonical\" href=\"https:\/\/graziamagazine.com\/es\/articles\/pullbear-inaugura-su-nuevo-flagship-en-la-gran-via-de-madrid\/\" \/>\n<meta property=\"og:locale\" content=\"es_ES\" \/>\n<meta property=\"og:type\" content=\"article\" \/>\n<meta property=\"og:title\" content=\"Pull&amp;Bear inaugura su nuevo flagship en la Gran V\u00eda de Madrid\" \/>\n<meta property=\"og:description\" content=\"Este nuevo espacio llega tras las recientes aperturas de Mil\u00e1n y A Coru\u00f1a, adem\u00e1s de un nuevo dise\u00f1o de logo de la marca.\" \/>\n<meta property=\"og:url\" content=\"https:\/\/graziamagazine.com\/es\/articles\/pullbear-inaugura-su-nuevo-flagship-en-la-gran-via-de-madrid\/\" \/>\n<meta property=\"og:site_name\" content=\"Grazia\" \/>\n<meta property=\"article:modified_time\" content=\"2023-04-24T09:21:02+00:00\" \/>\n<meta property=\"og:image\" content=\"https:\/\/graziamagazine.com\/es\/wp-content\/uploads\/sites\/12\/2023\/04\/PB_GRANVIA_02.jpg\" \/>\n\t<meta property=\"og:image:width\" content=\"3200\" \/>\n\t<meta property=\"og:image:height\" content=\"2133\" \/>\n\t<meta property=\"og:image:type\" content=\"image\/jpeg\" \/>\n<meta name=\"twitter:card\" content=\"summary_large_image\" \/>\n<meta name=\"twitter:label1\" content=\"Est. reading time\" \/>\n\t<meta name=\"twitter:data1\" content=\"3 minutos\" \/>\n<script type=\"application\/ld+json\" class=\"yoast-schema-graph\">{\"@context\":\"https:\/\/schema.org\",\"@graph\":[{\"@type\":\"WebPage\",\"@id\":\"https:\/\/graziamagazine.com\/es\/articles\/pullbear-inaugura-su-nuevo-flagship-en-la-gran-via-de-madrid\/\",\"url\":\"https:\/\/graziamagazine.com\/es\/articles\/pullbear-inaugura-su-nuevo-flagship-en-la-gran-via-de-madrid\/\",\"name\":\"Pull&Bear inaugura su nuevo flagship en la Gran Via de Madrid\",\"isPartOf\":{\"@id\":\"https:\/\/graziamagazine.com\/es\/#website\"},\"datePublished\":\"2023-04-21T10:57:05+00:00\",\"dateModified\":\"2023-04-24T09:21:02+00:00\",\"description\":\"Este nuevo espacio llega tras las recientes aperturas de Mil\u00e1n y A Coru\u00f1a, adem\u00e1s de un nuevo dise\u00f1o de logo de la marca.\",\"breadcrumb\":{\"@id\":\"https:\/\/graziamagazine.com\/es\/articles\/pullbear-inaugura-su-nuevo-flagship-en-la-gran-via-de-madrid\/#breadcrumb\"},\"inLanguage\":\"es\",\"potentialAction\":[{\"@type\":\"ReadAction\",\"target\":[\"https:\/\/graziamagazine.com\/es\/articles\/pullbear-inaugura-su-nuevo-flagship-en-la-gran-via-de-madrid\/\"]}]},{\"@type\":\"BreadcrumbList\",\"@id\":\"https:\/\/graziamagazine.com\/es\/articles\/pullbear-inaugura-su-nuevo-flagship-en-la-gran-via-de-madrid\/#breadcrumb\",\"itemListElement\":[{\"@type\":\"ListItem\",\"position\":1,\"name\":\"Portada\",\"item\":\"https:\/\/graziamagazine.com\/es\/\"},{\"@type\":\"ListItem\",\"position\":2,\"name\":\"Pull&amp;Bear inaugura su nuevo flagship en la Gran V\u00eda de Madrid\"}]},{\"@type\":\"WebSite\",\"@id\":\"https:\/\/graziamagazine.com\/es\/#website\",\"url\":\"https:\/\/graziamagazine.com\/es\/\",\"name\":\"Grazia\",\"description\":\"Moda, belleza, celebrities, estilo de vida...\",\"potentialAction\":[{\"@type\":\"SearchAction\",\"target\":{\"@type\":\"EntryPoint\",\"urlTemplate\":\"https:\/\/graziamagazine.com\/es\/?s={search_term_string}\"},\"query-input\":\"required name=search_term_string\"}],\"inLanguage\":\"es\"}]}<\/script>\n<!-- \/ Yoast SEO Premium plugin. -->","yoast_head_json":{"title":"Pull&Bear inaugura su nuevo flagship en la Gran Via de Madrid","description":"Este nuevo espacio llega tras las recientes aperturas de Mil\u00e1n y A Coru\u00f1a, adem\u00e1s de un nuevo dise\u00f1o de logo de la marca.","robots":{"index":"index","follow":"follow","max-snippet":"max-snippet:-1","max-image-preview":"max-image-preview:large","max-video-preview":"max-video-preview:-1"},"canonical":"https:\/\/graziamagazine.com\/es\/articles\/pullbear-inaugura-su-nuevo-flagship-en-la-gran-via-de-madrid\/","og_locale":"es_ES","og_type":"article","og_title":"Pull&amp;Bear inaugura su nuevo flagship en la Gran V\u00eda de Madrid","og_description":"Este nuevo espacio llega tras las recientes aperturas de Mil\u00e1n y A Coru\u00f1a, adem\u00e1s de un nuevo dise\u00f1o de logo de la marca.","og_url":"https:\/\/graziamagazine.com\/es\/articles\/pullbear-inaugura-su-nuevo-flagship-en-la-gran-via-de-madrid\/","og_site_name":"Grazia","article_modified_time":"2023-04-24T09:21:02+00:00","og_image":[{"width":3200,"height":2133,"url":"https:\/\/graziamagazine.com\/es\/wp-content\/uploads\/sites\/12\/2023\/04\/PB_GRANVIA_02.jpg","type":"image\/jpeg"}],"twitter_card":"summary_large_image","twitter_misc":{"Est. reading time":"3 minutos"},"schema":{"@context":"https:\/\/schema.org","@graph":[{"@type":"WebPage","@id":"https:\/\/graziamagazine.com\/es\/articles\/pullbear-inaugura-su-nuevo-flagship-en-la-gran-via-de-madrid\/","url":"https:\/\/graziamagazine.com\/es\/articles\/pullbear-inaugura-su-nuevo-flagship-en-la-gran-via-de-madrid\/","name":"Pull&Bear inaugura su nuevo flagship en la Gran Via de Madrid","isPartOf":{"@id":"https:\/\/graziamagazine.com\/es\/#website"},"datePublished":"2023-04-21T10:57:05+00:00","dateModified":"2023-04-24T09:21:02+00:00","description":"Este nuevo espacio llega tras las recientes aperturas de Mil\u00e1n y A Coru\u00f1a, adem\u00e1s de un nuevo dise\u00f1o de logo de la marca.","breadcrumb":{"@id":"https:\/\/graziamagazine.com\/es\/articles\/pullbear-inaugura-su-nuevo-flagship-en-la-gran-via-de-madrid\/#breadcrumb"},"inLanguage":"es","potentialAction":[{"@type":"ReadAction","target":["https:\/\/graziamagazine.com\/es\/articles\/pullbear-inaugura-su-nuevo-flagship-en-la-gran-via-de-madrid\/"]}]},{"@type":"BreadcrumbList","@id":"https:\/\/graziamagazine.com\/es\/articles\/pullbear-inaugura-su-nuevo-flagship-en-la-gran-via-de-madrid\/#breadcrumb","itemListElement":[{"@type":"ListItem","position":1,"name":"Portada","item":"https:\/\/graziamagazine.com\/es\/"},{"@type":"ListItem","position":2,"name":"Pull&amp;Bear inaugura su nuevo flagship en la Gran V\u00eda de Madrid"}]},{"@type":"WebSite","@id":"https:\/\/graziamagazine.com\/es\/#website","url":"https:\/\/graziamagazine.com\/es\/","name":"Grazia","description":"Moda, belleza, celebrities, estilo de vida...","potentialAction":[{"@type":"SearchAction","target":{"@type":"EntryPoint","urlTemplate":"https:\/\/graziamagazine.com\/es\/?s={search_term_string}"},"query-input":"required name=search_term_string"}],"inLanguage":"es"}]}},"jetpack_sharing_enabled":true,"distributor_meta":false,"distributor_terms":false,"distributor_media":false,"distributor_original_site_name":"Grazia","distributor_original_site_url":"https:\/\/graziamagazine.com\/es","push-errors":false,"_links":{"self":[{"href":"https:\/\/graziamagazine.com\/es\/wp-json\/wp\/v2\/articles\/169680"}],"collection":[{"href":"https:\/\/graziamagazine.com\/es\/wp-json\/wp\/v2\/articles"}],"about":[{"href":"https:\/\/graziamagazine.com\/es\/wp-json\/wp\/v2\/types\/articles"}],"author":[{"embeddable":true,"href":"https:\/\/graziamagazine.com\/es\/wp-json\/wp\/v2\/users\/11653"}],"wp:featuredmedia":[{"embeddable":true,"href":"https:\/\/graziamagazine.com\/es\/wp-json\/wp\/v2\/media\/169683"}],"wp:attachment":[{"href":"https:\/\/graziamagazine.com\/es\/wp-json\/wp\/v2\/media?parent=169680"}],"wp:term":[{"taxonomy":"category","embeddable":true,"href":"https:\/\/graziamagazine.com\/es\/wp-json\/wp\/v2\/categories?post=169680"}],"curies":[{"name":"wp","href":"https:\/\/api.w.org\/{rel}","templated":true}]}}