{"id":169481,"date":"2023-04-11T13:46:16","date_gmt":"2023-04-11T11:46:16","guid":{"rendered":"https:\/\/graziamagazine.com\/es\/?post_type=articles&#038;p=169481"},"modified":"2023-04-11T13:46:16","modified_gmt":"2023-04-11T11:46:16","slug":"la-solucion-para-las-pieles-sensibles-con-rojeces-y-con-tendencia-a-la-rosacea","status":"publish","type":"articles","link":"https:\/\/graziamagazine.com\/es\/articles\/la-solucion-para-las-pieles-sensibles-con-rojeces-y-con-tendencia-a-la-rosacea\/","title":{"rendered":"La soluci\u00f3n para las pieles sensibles, con rojeces y con tendencia a la ros\u00e1cea"},"content":{"rendered":"<p>La piel del cuello y el escote es m\u00e1s delicada y con caracter\u00edsticas diferentes a las de la piel del rostro: es m\u00e1s fina, tiene menos gl\u00e1nExisten muchos tipos de rojeces cut\u00e1neas, as\u00ed como diversos factores que pueden desencadenarlas: desde las propias emociones hasta un cambio repentino de temperatura. El enrojecimiento de la piel suele ser temporal, pero puede volverse en un problema recurrente o permanente, como por ejemplo la ros\u00e1cea, una enfermedad inflamatoria cr\u00f3nica de la piel que puede presentarse tanto en episodios de brotes como convertirse en un enrojecimiento persistente. Suele localizarse principalmente en la zona central del rostro, en la que se hace visible un claro enrojecimiento y, en ocasiones, finos vasos sangu\u00edneos o incluso p\u00e1pulas, en los casos m\u00e1s graves.<br aria-hidden=\"true\" \/><br aria-hidden=\"true\" \/>Por eso, la firma dermocosm\u00e9tica\u00a0<strong>HD COSMETIC EFFICIENCY<\/strong>\u00a0presenta\u00a0<strong>HD ROSAE*<\/strong>, un cuidado diario para la piel sensible, reactiva, con rojeces (intensas y moderadas) y con tendencia a cuperosis y\/o ros\u00e1cea. Su acci\u00f3n aten\u00faa las rojeces localizadas o difusas a la vez que hidrata, restaura la barrera cut\u00e1nea, protege y calma la piel. Tambi\u00e9n tiene acci\u00f3n antiiflamatoria.<\/p>\n<p>Gracias al innovador m\u00e9todo de vehiculizaci\u00f3n con CO2 supercr\u00edtico,\u00a0<strong>HD ROSAE*<\/strong>\u00a0incorpora aceites esenciales de palo de rosa (linalol) y de palmarosa (geraniol). Estos aceites se vehiculizan para minimizar las irritaciones de los aceites esenciales y mejorar su penetraci\u00f3n en la piel.<\/p>\n<p><img loading=\"lazy\" decoding=\"async\" class=\"aligncenter size-full wp-image-169483\" src=\"https:\/\/graziamagazine.com\/es\/wp-content\/uploads\/sites\/12\/2023\/04\/44c8e6fb-7763-f9df-8336-38b34b181d32.png\" alt=\"La soluci\u00f3n para las pieles sensibles, con rojeces y con tendencia a la ros\u00e1cea\" width=\"1024\" height=\"1024\" \/><\/p>\n<p>1-\u00a0\u00a0 \u00a0Gracias a sus\u00a0<strong>activos calmantes<\/strong>\u00a0aumenta el umbral de sensibilidad cut\u00e1nea disminuyendo la sensaci\u00f3n de calor.<br aria-hidden=\"true\" \/><br aria-hidden=\"true\" \/>2-\u00a0\u00a0 \u00a0Sus\u00a0<strong>activos descongestivos<\/strong>\u00a0disminuyen el enrojecimiento y refrescan la piel.<br aria-hidden=\"true\" \/><br aria-hidden=\"true\" \/>3-\u00a0\u00a0 \u00a0Sus\u00a0<strong>activos hidratantes<\/strong>\u00a0mantienen y refuerzan la barrera cut\u00e1nea.<br aria-hidden=\"true\" \/><br aria-hidden=\"true\" \/>4-\u00a0\u00a0 \u00a0Los\u00a0<strong>aceites esenciales vehiculizados<\/strong>\u00a0protegen la superficie cut\u00e1nea y calman las pieles sensibles e irritadas para ayudarla a recuperar el equilibrio.<\/p>\n<p>El precio recomendado del tama\u00f1o de 50ml es de 31,35 euros.<\/p>\n<p><em>*Im\u00e1gnes: Unsplash y cortes\u00eda<\/em><\/p>\n","protected":false},"author":11653,"featured_media":169482,"template":"","format":"standard","categories":[7],"acf":[],"yoast_head":"<!-- This site is optimized with the Yoast SEO Premium plugin v18.5 (Yoast SEO v20.4) - https:\/\/yoast.com\/wordpress\/plugins\/seo\/ -->\n<title>La soluci\u00f3n para las pieles sensibles, con rojeces y con tendencia a la ros\u00e1cea | Grazia<\/title>\n<meta name=\"description\" content=\"La piel del cuello y el escote es m\u00e1s delicada y con caracter\u00edsticas diferentes a las de la piel del rostro: es m\u00e1s fina, tiene menos gl\u00e1nExisten muchos\" \/>\n<meta name=\"robots\" content=\"index, follow, max-snippet:-1, max-image-preview:large, max-video-preview:-1\" \/>\n<link rel=\"canonical\" href=\"https:\/\/graziamagazine.com\/es\/articles\/la-solucion-para-las-pieles-sensibles-con-rojeces-y-con-tendencia-a-la-rosacea\/\" \/>\n<meta property=\"og:locale\" content=\"es_ES\" \/>\n<meta property=\"og:type\" content=\"article\" \/>\n<meta property=\"og:title\" content=\"La soluci\u00f3n para las pieles sensibles, con rojeces y con tendencia a la ros\u00e1cea\" \/>\n<meta property=\"og:description\" content=\"La piel del cuello y el escote es m\u00e1s delicada y con caracter\u00edsticas diferentes a las de la piel del rostro: es m\u00e1s fina, tiene menos gl\u00e1nExisten muchos\" \/>\n<meta property=\"og:url\" content=\"https:\/\/graziamagazine.com\/es\/articles\/la-solucion-para-las-pieles-sensibles-con-rojeces-y-con-tendencia-a-la-rosacea\/\" \/>\n<meta property=\"og:site_name\" content=\"Grazia\" \/>\n<meta property=\"og:image\" content=\"https:\/\/graziamagazine.com\/es\/wp-content\/uploads\/sites\/12\/2023\/04\/sensitive-skin-3_1920x1080.jpg\" \/>\n\t<meta property=\"og:image:width\" content=\"1920\" \/>\n\t<meta property=\"og:image:height\" content=\"1080\" \/>\n\t<meta property=\"og:image:type\" content=\"image\/jpeg\" \/>\n<meta name=\"twitter:card\" content=\"summary_large_image\" \/>\n<meta name=\"twitter:label1\" content=\"Est. reading time\" \/>\n\t<meta name=\"twitter:data1\" content=\"2 minutos\" \/>\n<script type=\"application\/ld+json\" class=\"yoast-schema-graph\">{\"@context\":\"https:\/\/schema.org\",\"@graph\":[{\"@type\":\"WebPage\",\"@id\":\"https:\/\/graziamagazine.com\/es\/articles\/la-solucion-para-las-pieles-sensibles-con-rojeces-y-con-tendencia-a-la-rosacea\/\",\"url\":\"https:\/\/graziamagazine.com\/es\/articles\/la-solucion-para-las-pieles-sensibles-con-rojeces-y-con-tendencia-a-la-rosacea\/\",\"name\":\"La soluci\u00f3n para las pieles sensibles, con rojeces y con tendencia a la ros\u00e1cea | Grazia\",\"isPartOf\":{\"@id\":\"https:\/\/graziamagazine.com\/es\/#website\"},\"datePublished\":\"2023-04-11T11:46:16+00:00\",\"dateModified\":\"2023-04-11T11:46:16+00:00\",\"description\":\"La piel del cuello y el escote es m\u00e1s delicada y con caracter\u00edsticas diferentes a las de la piel del rostro: es m\u00e1s fina, tiene menos gl\u00e1nExisten muchos\",\"breadcrumb\":{\"@id\":\"https:\/\/graziamagazine.com\/es\/articles\/la-solucion-para-las-pieles-sensibles-con-rojeces-y-con-tendencia-a-la-rosacea\/#breadcrumb\"},\"inLanguage\":\"es\",\"potentialAction\":[{\"@type\":\"ReadAction\",\"target\":[\"https:\/\/graziamagazine.com\/es\/articles\/la-solucion-para-las-pieles-sensibles-con-rojeces-y-con-tendencia-a-la-rosacea\/\"]}]},{\"@type\":\"BreadcrumbList\",\"@id\":\"https:\/\/graziamagazine.com\/es\/articles\/la-solucion-para-las-pieles-sensibles-con-rojeces-y-con-tendencia-a-la-rosacea\/#breadcrumb\",\"itemListElement\":[{\"@type\":\"ListItem\",\"position\":1,\"name\":\"Portada\",\"item\":\"https:\/\/graziamagazine.com\/es\/\"},{\"@type\":\"ListItem\",\"position\":2,\"name\":\"La soluci\u00f3n para las pieles sensibles, con rojeces y con tendencia a la ros\u00e1cea\"}]},{\"@type\":\"WebSite\",\"@id\":\"https:\/\/graziamagazine.com\/es\/#website\",\"url\":\"https:\/\/graziamagazine.com\/es\/\",\"name\":\"Grazia\",\"description\":\"Moda, belleza, celebrities, estilo de vida...\",\"potentialAction\":[{\"@type\":\"SearchAction\",\"target\":{\"@type\":\"EntryPoint\",\"urlTemplate\":\"https:\/\/graziamagazine.com\/es\/?s={search_term_string}\"},\"query-input\":\"required name=search_term_string\"}],\"inLanguage\":\"es\"}]}<\/script>\n<!-- \/ Yoast SEO Premium plugin. -->","yoast_head_json":{"title":"La soluci\u00f3n para las pieles sensibles, con rojeces y con tendencia a la ros\u00e1cea | Grazia","description":"La piel del cuello y el escote es m\u00e1s delicada y con caracter\u00edsticas diferentes a las de la piel del rostro: es m\u00e1s fina, tiene menos gl\u00e1nExisten muchos","robots":{"index":"index","follow":"follow","max-snippet":"max-snippet:-1","max-image-preview":"max-image-preview:large","max-video-preview":"max-video-preview:-1"},"canonical":"https:\/\/graziamagazine.com\/es\/articles\/la-solucion-para-las-pieles-sensibles-con-rojeces-y-con-tendencia-a-la-rosacea\/","og_locale":"es_ES","og_type":"article","og_title":"La soluci\u00f3n para las pieles sensibles, con rojeces y con tendencia a la ros\u00e1cea","og_description":"La piel del cuello y el escote es m\u00e1s delicada y con caracter\u00edsticas diferentes a las de la piel del rostro: es m\u00e1s fina, tiene menos gl\u00e1nExisten muchos","og_url":"https:\/\/graziamagazine.com\/es\/articles\/la-solucion-para-las-pieles-sensibles-con-rojeces-y-con-tendencia-a-la-rosacea\/","og_site_name":"Grazia","og_image":[{"width":1920,"height":1080,"url":"https:\/\/graziamagazine.com\/es\/wp-content\/uploads\/sites\/12\/2023\/04\/sensitive-skin-3_1920x1080.jpg","type":"image\/jpeg"}],"twitter_card":"summary_large_image","twitter_misc":{"Est. reading time":"2 minutos"},"schema":{"@context":"https:\/\/schema.org","@graph":[{"@type":"WebPage","@id":"https:\/\/graziamagazine.com\/es\/articles\/la-solucion-para-las-pieles-sensibles-con-rojeces-y-con-tendencia-a-la-rosacea\/","url":"https:\/\/graziamagazine.com\/es\/articles\/la-solucion-para-las-pieles-sensibles-con-rojeces-y-con-tendencia-a-la-rosacea\/","name":"La soluci\u00f3n para las pieles sensibles, con rojeces y con tendencia a la ros\u00e1cea | Grazia","isPartOf":{"@id":"https:\/\/graziamagazine.com\/es\/#website"},"datePublished":"2023-04-11T11:46:16+00:00","dateModified":"2023-04-11T11:46:16+00:00","description":"La piel del cuello y el escote es m\u00e1s delicada y con caracter\u00edsticas diferentes a las de la piel del rostro: es m\u00e1s fina, tiene menos gl\u00e1nExisten muchos","breadcrumb":{"@id":"https:\/\/graziamagazine.com\/es\/articles\/la-solucion-para-las-pieles-sensibles-con-rojeces-y-con-tendencia-a-la-rosacea\/#breadcrumb"},"inLanguage":"es","potentialAction":[{"@type":"ReadAction","target":["https:\/\/graziamagazine.com\/es\/articles\/la-solucion-para-las-pieles-sensibles-con-rojeces-y-con-tendencia-a-la-rosacea\/"]}]},{"@type":"BreadcrumbList","@id":"https:\/\/graziamagazine.com\/es\/articles\/la-solucion-para-las-pieles-sensibles-con-rojeces-y-con-tendencia-a-la-rosacea\/#breadcrumb","itemListElement":[{"@type":"ListItem","position":1,"name":"Portada","item":"https:\/\/graziamagazine.com\/es\/"},{"@type":"ListItem","position":2,"name":"La soluci\u00f3n para las pieles sensibles, con rojeces y con tendencia a la ros\u00e1cea"}]},{"@type":"WebSite","@id":"https:\/\/graziamagazine.com\/es\/#website","url":"https:\/\/graziamagazine.com\/es\/","name":"Grazia","description":"Moda, belleza, celebrities, estilo de vida...","potentialAction":[{"@type":"SearchAction","target":{"@type":"EntryPoint","urlTemplate":"https:\/\/graziamagazine.com\/es\/?s={search_term_string}"},"query-input":"required name=search_term_string"}],"inLanguage":"es"}]}},"jetpack_sharing_enabled":true,"distributor_meta":false,"distributor_terms":false,"distributor_media":false,"distributor_original_site_name":"Grazia","distributor_original_site_url":"https:\/\/graziamagazine.com\/es","push-errors":false,"_links":{"self":[{"href":"https:\/\/graziamagazine.com\/es\/wp-json\/wp\/v2\/articles\/169481"}],"collection":[{"href":"https:\/\/graziamagazine.com\/es\/wp-json\/wp\/v2\/articles"}],"about":[{"href":"https:\/\/graziamagazine.com\/es\/wp-json\/wp\/v2\/types\/articles"}],"author":[{"embeddable":true,"href":"https:\/\/graziamagazine.com\/es\/wp-json\/wp\/v2\/users\/11653"}],"wp:featuredmedia":[{"embeddable":true,"href":"https:\/\/graziamagazine.com\/es\/wp-json\/wp\/v2\/media\/169482"}],"wp:attachment":[{"href":"https:\/\/graziamagazine.com\/es\/wp-json\/wp\/v2\/media?parent=169481"}],"wp:term":[{"taxonomy":"category","embeddable":true,"href":"https:\/\/graziamagazine.com\/es\/wp-json\/wp\/v2\/categories?post=169481"}],"curies":[{"name":"wp","href":"https:\/\/api.w.org\/{rel}","templated":true}]}}