{"id":169408,"date":"2023-04-12T09:15:35","date_gmt":"2023-04-12T07:15:35","guid":{"rendered":"https:\/\/graziamagazine.com\/es\/?post_type=articles&#038;p=169408"},"modified":"2023-04-12T09:09:10","modified_gmt":"2023-04-12T07:09:10","slug":"silver-fox-o-como-las-canas-estan-de-moda","status":"publish","type":"articles","link":"https:\/\/graziamagazine.com\/es\/articles\/silver-fox-o-como-las-canas-estan-de-moda\/","title":{"rendered":"Silver Fox, la tendencia que demuestra que las canas est\u00e1n de moda"},"content":{"rendered":"<p><span style=\"font-weight: 400\">\u00a1Hola, primavera! \u00a1Hola, cabello suelto al natural! Natural, despeinado y con canas, es la \u00faltima tendencia en estilos para el cabello durante esta primavera. Ya sea que dejes tus canas al descubierto para que crezcan junto a tu melena o que ti\u00f1as tu pelo del tono <strong>Silver Fox<\/strong>, el cabello plateado es lo de hoy.<\/span><\/p>\n<p><img loading=\"lazy\" decoding=\"async\" class=\"aligncenter size-full wp-image-169497\" src=\"https:\/\/graziamagazine.com\/es\/wp-content\/uploads\/sites\/12\/2023\/04\/ladygaga-2-gris-copia.jpg\" alt=\"\" width=\"903\" height=\"1200\" \/><\/p>\n<p><span style=\"font-weight: 400\">Pintado de color gris\/plateado, por ejemplo, lo est\u00e1n luciendo en este momento celebridades como <strong>Kim Kardashian<\/strong> o quien alguna vez fue su rival de amores,<strong> Julia Fox,<\/strong> as\u00ed como Pink y m\u00e1s. Por su lado, famosas como <strong>Andie MacDowell, Helen Mirren, Sarah Jessica Parker, la reci\u00e9n ganadora del Oscar Jamie Lee Curtis, Rita Moreno, Blythe Danner, Glenn Close<\/strong> y m\u00e1s, est\u00e1n dejando que el plateado natural se apodere de sus melenas.<\/span><\/p>\n<p><img loading=\"lazy\" decoding=\"async\" class=\"alignnone wp-image-123571 size-large\" src=\"https:\/\/graziamagazine.com\/mx\/wp-content\/uploads\/sites\/13\/2023\/04\/Captura-de-Pantalla-2023-04-03-a-las-17.58.06.png?w=760&amp;resize=760%2C645\" alt=\"\" width=\"760\" height=\"645\" data-recalc-dims=\"1\" \/><\/p>\n<p><span style=\"font-weight: 400\">Los mejores estilistas e influencers de belleza ya empezaban a pronosticar en los \u00faltimos meses que el 2023 ser\u00eda el a\u00f1o del \u201cgranny glam\u201d para que las mujeres, independientemente de la edad, luzcamos la belleza al natural bajo el glow del sol de temporada.<\/span><\/p>\n<p><img loading=\"lazy\" decoding=\"async\" class=\"aligncenter size-full wp-image-169495\" src=\"https:\/\/graziamagazine.com\/es\/wp-content\/uploads\/sites\/12\/2023\/04\/f.elconfidencial.com_original_6eb_412_284_6eb412284894c9e7c822029615bbc67a.jpg\" alt=\"\" width=\"1024\" height=\"768\" \/><\/p>\n<p><span style=\"font-weight: 400\">Puedes lucir el tono Silver Fox en un decolorado completo, con un balayage o luces. Lo que decidas te har\u00e1 lucir en tendencia para los pr\u00f3ximos meses de calor. O mejor a\u00fan, dejar de te\u00f1ir tus hermosas y naturales canas.<\/span><\/p>\n<p><span style=\"font-weight: 400\">\u00bfTe atreves?\u00a0<\/span><\/p>\n<p><em>*Im\u00e1genes: Getty Images<\/em><\/p>\n","protected":false},"author":16349,"featured_media":169496,"template":"","format":"standard","categories":[13],"acf":[],"yoast_head":"<!-- This site is optimized with the Yoast SEO Premium plugin v18.5 (Yoast SEO v20.4) - https:\/\/yoast.com\/wordpress\/plugins\/seo\/ -->\n<title>Silver Fox, la tendencia que demuestra que las canas est\u00e1n de moda | Grazia<\/title>\n<meta name=\"description\" content=\"\u00a1Hola, primavera! \u00a1Hola, cabello suelto al natural! Natural, despeinado y con canas, es la \u00faltima tendencia en estilos para el cabello durante esta\" \/>\n<meta name=\"robots\" content=\"index, follow, max-snippet:-1, max-image-preview:large, max-video-preview:-1\" \/>\n<link rel=\"canonical\" href=\"https:\/\/graziamagazine.com\/es\/articles\/silver-fox-o-como-las-canas-estan-de-moda\/\" \/>\n<meta property=\"og:locale\" content=\"es_ES\" \/>\n<meta property=\"og:type\" content=\"article\" \/>\n<meta property=\"og:title\" content=\"Silver Fox, la tendencia que demuestra que las canas est\u00e1n de moda\" \/>\n<meta property=\"og:description\" content=\"\u00a1Hola, primavera! \u00a1Hola, cabello suelto al natural! Natural, despeinado y con canas, es la \u00faltima tendencia en estilos para el cabello durante esta\" \/>\n<meta property=\"og:url\" content=\"https:\/\/graziamagazine.com\/es\/articles\/silver-fox-o-como-las-canas-estan-de-moda\/\" \/>\n<meta property=\"og:site_name\" content=\"Grazia\" \/>\n<meta property=\"article:modified_time\" content=\"2023-04-12T07:09:10+00:00\" \/>\n<meta property=\"og:image\" content=\"https:\/\/graziamagazine.com\/es\/wp-content\/uploads\/sites\/12\/2023\/04\/6n5CFJ0O.jpeg?fit=1200%2C900\" \/>\n\t<meta property=\"og:image:width\" content=\"1200\" \/>\n\t<meta property=\"og:image:height\" content=\"900\" \/>\n\t<meta property=\"og:image:type\" content=\"image\/jpeg\" \/>\n<meta name=\"twitter:card\" content=\"summary_large_image\" \/>\n<meta name=\"twitter:label1\" content=\"Est. reading time\" \/>\n\t<meta name=\"twitter:data1\" content=\"2 minutos\" \/>\n<script type=\"application\/ld+json\" class=\"yoast-schema-graph\">{\"@context\":\"https:\/\/schema.org\",\"@graph\":[{\"@type\":\"WebPage\",\"@id\":\"https:\/\/graziamagazine.com\/es\/articles\/silver-fox-o-como-las-canas-estan-de-moda\/\",\"url\":\"https:\/\/graziamagazine.com\/es\/articles\/silver-fox-o-como-las-canas-estan-de-moda\/\",\"name\":\"Silver Fox, la tendencia que demuestra que las canas est\u00e1n de moda | Grazia\",\"isPartOf\":{\"@id\":\"https:\/\/graziamagazine.com\/es\/#website\"},\"datePublished\":\"2023-04-12T07:15:35+00:00\",\"dateModified\":\"2023-04-12T07:09:10+00:00\",\"description\":\"\u00a1Hola, primavera! \u00a1Hola, cabello suelto al natural! Natural, despeinado y con canas, es la \u00faltima tendencia en estilos para el cabello durante esta\",\"breadcrumb\":{\"@id\":\"https:\/\/graziamagazine.com\/es\/articles\/silver-fox-o-como-las-canas-estan-de-moda\/#breadcrumb\"},\"inLanguage\":\"es\",\"potentialAction\":[{\"@type\":\"ReadAction\",\"target\":[\"https:\/\/graziamagazine.com\/es\/articles\/silver-fox-o-como-las-canas-estan-de-moda\/\"]}]},{\"@type\":\"BreadcrumbList\",\"@id\":\"https:\/\/graziamagazine.com\/es\/articles\/silver-fox-o-como-las-canas-estan-de-moda\/#breadcrumb\",\"itemListElement\":[{\"@type\":\"ListItem\",\"position\":1,\"name\":\"Portada\",\"item\":\"https:\/\/graziamagazine.com\/es\/\"},{\"@type\":\"ListItem\",\"position\":2,\"name\":\"Silver Fox, la tendencia que demuestra que las canas est\u00e1n de moda\"}]},{\"@type\":\"WebSite\",\"@id\":\"https:\/\/graziamagazine.com\/es\/#website\",\"url\":\"https:\/\/graziamagazine.com\/es\/\",\"name\":\"Grazia\",\"description\":\"Moda, belleza, celebrities, estilo de vida...\",\"potentialAction\":[{\"@type\":\"SearchAction\",\"target\":{\"@type\":\"EntryPoint\",\"urlTemplate\":\"https:\/\/graziamagazine.com\/es\/?s={search_term_string}\"},\"query-input\":\"required name=search_term_string\"}],\"inLanguage\":\"es\"}]}<\/script>\n<!-- \/ Yoast SEO Premium plugin. -->","yoast_head_json":{"title":"Silver Fox, la tendencia que demuestra que las canas est\u00e1n de moda | Grazia","description":"\u00a1Hola, primavera! \u00a1Hola, cabello suelto al natural! Natural, despeinado y con canas, es la \u00faltima tendencia en estilos para el cabello durante esta","robots":{"index":"index","follow":"follow","max-snippet":"max-snippet:-1","max-image-preview":"max-image-preview:large","max-video-preview":"max-video-preview:-1"},"canonical":"https:\/\/graziamagazine.com\/es\/articles\/silver-fox-o-como-las-canas-estan-de-moda\/","og_locale":"es_ES","og_type":"article","og_title":"Silver Fox, la tendencia que demuestra que las canas est\u00e1n de moda","og_description":"\u00a1Hola, primavera! \u00a1Hola, cabello suelto al natural! Natural, despeinado y con canas, es la \u00faltima tendencia en estilos para el cabello durante esta","og_url":"https:\/\/graziamagazine.com\/es\/articles\/silver-fox-o-como-las-canas-estan-de-moda\/","og_site_name":"Grazia","article_modified_time":"2023-04-12T07:09:10+00:00","og_image":[{"width":1200,"height":900,"url":"https:\/\/graziamagazine.com\/es\/wp-content\/uploads\/sites\/12\/2023\/04\/6n5CFJ0O.jpeg?fit=1200%2C900","type":"image\/jpeg"}],"twitter_card":"summary_large_image","twitter_misc":{"Est. reading time":"2 minutos"},"schema":{"@context":"https:\/\/schema.org","@graph":[{"@type":"WebPage","@id":"https:\/\/graziamagazine.com\/es\/articles\/silver-fox-o-como-las-canas-estan-de-moda\/","url":"https:\/\/graziamagazine.com\/es\/articles\/silver-fox-o-como-las-canas-estan-de-moda\/","name":"Silver Fox, la tendencia que demuestra que las canas est\u00e1n de moda | Grazia","isPartOf":{"@id":"https:\/\/graziamagazine.com\/es\/#website"},"datePublished":"2023-04-12T07:15:35+00:00","dateModified":"2023-04-12T07:09:10+00:00","description":"\u00a1Hola, primavera! \u00a1Hola, cabello suelto al natural! Natural, despeinado y con canas, es la \u00faltima tendencia en estilos para el cabello durante esta","breadcrumb":{"@id":"https:\/\/graziamagazine.com\/es\/articles\/silver-fox-o-como-las-canas-estan-de-moda\/#breadcrumb"},"inLanguage":"es","potentialAction":[{"@type":"ReadAction","target":["https:\/\/graziamagazine.com\/es\/articles\/silver-fox-o-como-las-canas-estan-de-moda\/"]}]},{"@type":"BreadcrumbList","@id":"https:\/\/graziamagazine.com\/es\/articles\/silver-fox-o-como-las-canas-estan-de-moda\/#breadcrumb","itemListElement":[{"@type":"ListItem","position":1,"name":"Portada","item":"https:\/\/graziamagazine.com\/es\/"},{"@type":"ListItem","position":2,"name":"Silver Fox, la tendencia que demuestra que las canas est\u00e1n de moda"}]},{"@type":"WebSite","@id":"https:\/\/graziamagazine.com\/es\/#website","url":"https:\/\/graziamagazine.com\/es\/","name":"Grazia","description":"Moda, belleza, celebrities, estilo de vida...","potentialAction":[{"@type":"SearchAction","target":{"@type":"EntryPoint","urlTemplate":"https:\/\/graziamagazine.com\/es\/?s={search_term_string}"},"query-input":"required name=search_term_string"}],"inLanguage":"es"}]}},"jetpack_sharing_enabled":true,"distributor_meta":false,"distributor_terms":false,"distributor_media":false,"distributor_original_site_name":"Grazia","distributor_original_site_url":"https:\/\/graziamagazine.com\/es","push-errors":false,"_links":{"self":[{"href":"https:\/\/graziamagazine.com\/es\/wp-json\/wp\/v2\/articles\/169408"}],"collection":[{"href":"https:\/\/graziamagazine.com\/es\/wp-json\/wp\/v2\/articles"}],"about":[{"href":"https:\/\/graziamagazine.com\/es\/wp-json\/wp\/v2\/types\/articles"}],"author":[{"embeddable":true,"href":"https:\/\/graziamagazine.com\/es\/wp-json\/wp\/v2\/users\/16349"}],"wp:featuredmedia":[{"embeddable":true,"href":"https:\/\/graziamagazine.com\/es\/wp-json\/wp\/v2\/media\/169496"}],"wp:attachment":[{"href":"https:\/\/graziamagazine.com\/es\/wp-json\/wp\/v2\/media?parent=169408"}],"wp:term":[{"taxonomy":"category","embeddable":true,"href":"https:\/\/graziamagazine.com\/es\/wp-json\/wp\/v2\/categories?post=169408"}],"curies":[{"name":"wp","href":"https:\/\/api.w.org\/{rel}","templated":true}]}}