{"id":169386,"date":"2023-04-05T09:00:28","date_gmt":"2023-04-05T07:00:28","guid":{"rendered":"https:\/\/graziamagazine.com\/es\/?post_type=articles&#038;p=169386"},"modified":"2023-04-04T23:29:44","modified_gmt":"2023-04-04T21:29:44","slug":"patek-phillipe-lanzara-nuevos-relojes-casi-25-anos-despues","status":"publish","type":"articles","link":"https:\/\/graziamagazine.com\/es\/articles\/patek-phillipe-lanzara-nuevos-relojes-casi-25-anos-despues\/","title":{"rendered":"Patek Phillipe lanzar\u00e1 nuevos relojes casi 25 a\u00f1os despu\u00e9s"},"content":{"rendered":"<p><span style=\"font-weight: 400\">La marca suiza de lujo<\/span><b> Patek Phillipe<\/b><span style=\"font-weight: 400\">, planea lanzar una nueva colecci\u00f3n de <\/span><b>relojes<\/b><span style=\"font-weight: 400\"> despu\u00e9s de casi 25 a\u00f1os de no hacerlo. <\/span><b>\u201cTwenty~4\u201d<\/b><span style=\"font-weight: 400\"> fue la \u00faltima gama lanzada en 1999.<\/span><\/p>\n<figure id=\"attachment_123532\" class=\"wp-caption alignnone\" style=\"width: 1024px\" aria-describedby=\"caption-attachment-123532\"><img loading=\"lazy\" decoding=\"async\" class=\"wp-image-123532 size-large\" src=\"https:\/\/graziamagazine.com\/mx\/wp-content\/uploads\/sites\/13\/2023\/03\/WhatsApp-Image-2023-03-31-at-14.18.22.jpeg?w=1024&amp;resize=1024%2C1003\" alt=\"\" width=\"1024\" height=\"1003\" data-recalc-dims=\"1\" \/><figcaption id=\"caption-attachment-123532\" class=\"wp-caption-text\">Instagram<\/figcaption><\/figure>\n<p><b>Thierry Stern<\/b><span style=\"font-weight: 400\"> CEO de la firma dijo que el dise\u00f1o ya est\u00e1 hecho, \u201cEl prototipo est\u00e1 listo y realmente me gusta\u201d, expres\u00f3 Thierry en la feria <\/span><b>Watches &amp; Wonders<\/b><span style=\"font-weight: 400\"> de <\/span><b>Ginebra<\/b><span style=\"font-weight: 400\">.<\/span><\/p>\n<p><span style=\"font-weight: 400\">Aunque el director no especific\u00f3 si la nueva l\u00ednea consistir\u00eda en modelos deportivos o m\u00e1s formales, mencion\u00f3 que competir\u00e1n directamente con su ic\u00f3nico modelo deportivo <\/span><b>Nautilus<\/b><span style=\"font-weight: 400\">.<\/span><\/p>\n<div class=\"content-gallery\">\n<div class=\"gallery-placeholder\">\n<div class=\"spinner\"><\/div>\n<\/div>\n<p>&nbsp;<\/p>\n<div id=\"gallery-1\" class=\"gallery galleryid- gallery-columns- gallery-size-\">\n<figure class=\"gallery-item\">\n<div class=\"gallery-icon landscape\"><img loading=\"lazy\" decoding=\"async\" class=\"lazy\" src=\"https:\/\/graziamagazine.com\/mx\/wp-content\/uploads\/sites\/13\/2023\/03\/WhatsApp-Image-2023-03-31-at-14.17.18.jpeg?resize=740%2C1056\" alt=\"\" width=\"740\" height=\"1056\" data-recalc-dims=\"1\" \/><\/div><figcaption id=\"gallery-1-123530\" class=\"wp-caption-text gallery-caption\">Berger<\/figcaption><\/figure>\n<figure class=\"gallery-item\">\n<div class=\"gallery-icon landscape\"><img loading=\"lazy\" decoding=\"async\" class=\"lazy\" src=\"https:\/\/graziamagazine.com\/mx\/wp-content\/uploads\/sites\/13\/2023\/03\/WhatsApp-Image-2023-03-31-at-14.17.18-1.jpeg?resize=830%2C1072\" alt=\"\" width=\"830\" height=\"1072\" data-recalc-dims=\"1\" \/><\/div><figcaption id=\"gallery-1-123529\" class=\"wp-caption-text gallery-caption\">Berger<\/figcaption><\/figure>\n<\/div>\n<\/div>\n<p><span style=\"font-weight: 400\">Si bien el precio de un reloj de esta marca de lujo ronda entre 35 mil y 70 mil d\u00f3lares, Thierry mencion\u00f3 que los relojes con un precio <\/span><b>m\u00e1s accesible<\/b><span style=\"font-weight: 400\"> son un factor clave en su agenda.<\/span><\/p>\n<p><span style=\"font-weight: 400\">\u201cNo solo debes hacer un reloj de un mill\u00f3n de d\u00f3lares; no solo tenemos gente muy, muy rica\u201d como clientes, coment\u00f3 Thierry.<\/span><\/p>\n<p><span style=\"font-weight: 400\">\u201cTenemos personas apasionadas por los relojes y que pueden gastar un m\u00e1ximo de $30,000 o $40,000 en un reloj, lo que ya es mucho dinero\u201d, agreg\u00f3.<\/span><\/p>\n<p><span style=\"font-weight: 400\">La firma suiza tiene una producci\u00f3n anual de 70 mil relojes, y el motivo por el cual no producen m\u00e1s es porque no se podr\u00eda mantener la calidad en sus piezas.<\/span><\/p>\n<p><span style=\"font-weight: 400\">\u201cComo no pod\u00eda aumentar la producci\u00f3n, mi \u00fanica otra opci\u00f3n era reducir el punto de venta para que todos pudieran obtener un poco m\u00e1s de relojes\u201d, coment\u00f3 el directivo.<\/span><\/p>\n<p><span style=\"font-weight: 400\">Thierry no tiene planes de vender la empresa que su familia ha dirigido desde 1939 a pesar de ser una de las marcas independientes de relojer\u00eda suiza m\u00e1s codiciadas del mundo, por lo que sus hijos de 20 y 21 est\u00e1n por entrar al negocio y as\u00ed continuar el legado.<\/span><\/p>\n<p><span style=\"font-weight: 400\">\u201cSi estoy vendiendo Patek Philippe a un grupo, seguro que ser\u00e9 el ganador. Puedo venderlo por miles de millones\u201d, afirm\u00f3 el director.<\/span><\/p>\n<p><span style=\"font-weight: 400\">\u201cPero entonces, voy a matar a Patek Philippe en menos de cinco a\u00f1os. Puede estar seguro de que solo ver\u00e1 Nautilus, porque eso es lo que har\u00eda el grupo. Esto no es lo que quiero hacer\u201d, finaliz\u00f3.<\/span><\/p>\n<p><span style=\"font-weight: 400\">Los amantes de los relojes esperan la nueva colecci\u00f3n que est\u00e1 por llegar, y que seguramente cautivar\u00e1 tanto como hasta ahora.<\/span><\/p>\n","protected":false},"author":16349,"featured_media":169387,"template":"","format":"standard","categories":[2134],"acf":[],"yoast_head":"<!-- This site is optimized with the Yoast SEO Premium plugin v18.5 (Yoast SEO v20.4) - https:\/\/yoast.com\/wordpress\/plugins\/seo\/ -->\n<title>Patek Phillipe lanzar\u00e1 nuevos relojes casi 25 a\u00f1os despu\u00e9s | Grazia<\/title>\n<meta name=\"description\" content=\"La marca suiza de lujo Patek Phillipe, planea lanzar una nueva colecci\u00f3n de relojes despu\u00e9s de casi 25 a\u00f1os de no hacerlo. \u201cTwenty~4\u201d fue la \u00faltima gama\" \/>\n<meta name=\"robots\" content=\"index, follow, max-snippet:-1, max-image-preview:large, max-video-preview:-1\" \/>\n<link rel=\"canonical\" href=\"https:\/\/graziamagazine.com\/es\/articles\/patek-phillipe-lanzara-nuevos-relojes-casi-25-anos-despues\/\" \/>\n<meta property=\"og:locale\" content=\"es_ES\" \/>\n<meta property=\"og:type\" content=\"article\" \/>\n<meta property=\"og:title\" content=\"Patek Phillipe lanzar\u00e1 nuevos relojes casi 25 a\u00f1os despu\u00e9s\" \/>\n<meta property=\"og:description\" content=\"La marca suiza de lujo Patek Phillipe, planea lanzar una nueva colecci\u00f3n de relojes despu\u00e9s de casi 25 a\u00f1os de no hacerlo. \u201cTwenty~4\u201d fue la \u00faltima gama\" \/>\n<meta property=\"og:url\" content=\"https:\/\/graziamagazine.com\/es\/articles\/patek-phillipe-lanzara-nuevos-relojes-casi-25-anos-despues\/\" \/>\n<meta property=\"og:site_name\" content=\"Grazia\" \/>\n<meta property=\"article:modified_time\" content=\"2023-04-04T21:29:44+00:00\" \/>\n<meta property=\"og:image\" content=\"https:\/\/graziamagazine.com\/es\/wp-content\/uploads\/sites\/12\/2023\/04\/WhatsApp-Image-2023-03-31-at-14.18.21-e1680298204514.jpeg?fit=1124%2C719\" \/>\n\t<meta property=\"og:image:width\" content=\"1124\" \/>\n\t<meta property=\"og:image:height\" content=\"719\" \/>\n\t<meta property=\"og:image:type\" content=\"image\/jpeg\" \/>\n<meta name=\"twitter:card\" content=\"summary_large_image\" \/>\n<meta name=\"twitter:label1\" content=\"Est. reading time\" \/>\n\t<meta name=\"twitter:data1\" content=\"3 minutos\" \/>\n<script type=\"application\/ld+json\" class=\"yoast-schema-graph\">{\"@context\":\"https:\/\/schema.org\",\"@graph\":[{\"@type\":\"WebPage\",\"@id\":\"https:\/\/graziamagazine.com\/es\/articles\/patek-phillipe-lanzara-nuevos-relojes-casi-25-anos-despues\/\",\"url\":\"https:\/\/graziamagazine.com\/es\/articles\/patek-phillipe-lanzara-nuevos-relojes-casi-25-anos-despues\/\",\"name\":\"Patek Phillipe lanzar\u00e1 nuevos relojes casi 25 a\u00f1os despu\u00e9s | Grazia\",\"isPartOf\":{\"@id\":\"https:\/\/graziamagazine.com\/es\/#website\"},\"datePublished\":\"2023-04-05T07:00:28+00:00\",\"dateModified\":\"2023-04-04T21:29:44+00:00\",\"description\":\"La marca suiza de lujo Patek Phillipe, planea lanzar una nueva colecci\u00f3n de relojes despu\u00e9s de casi 25 a\u00f1os de no hacerlo. \u201cTwenty~4\u201d fue la \u00faltima gama\",\"breadcrumb\":{\"@id\":\"https:\/\/graziamagazine.com\/es\/articles\/patek-phillipe-lanzara-nuevos-relojes-casi-25-anos-despues\/#breadcrumb\"},\"inLanguage\":\"es\",\"potentialAction\":[{\"@type\":\"ReadAction\",\"target\":[\"https:\/\/graziamagazine.com\/es\/articles\/patek-phillipe-lanzara-nuevos-relojes-casi-25-anos-despues\/\"]}]},{\"@type\":\"BreadcrumbList\",\"@id\":\"https:\/\/graziamagazine.com\/es\/articles\/patek-phillipe-lanzara-nuevos-relojes-casi-25-anos-despues\/#breadcrumb\",\"itemListElement\":[{\"@type\":\"ListItem\",\"position\":1,\"name\":\"Portada\",\"item\":\"https:\/\/graziamagazine.com\/es\/\"},{\"@type\":\"ListItem\",\"position\":2,\"name\":\"Patek Phillipe lanzar\u00e1 nuevos relojes casi 25 a\u00f1os despu\u00e9s\"}]},{\"@type\":\"WebSite\",\"@id\":\"https:\/\/graziamagazine.com\/es\/#website\",\"url\":\"https:\/\/graziamagazine.com\/es\/\",\"name\":\"Grazia\",\"description\":\"Moda, belleza, celebrities, estilo de vida...\",\"potentialAction\":[{\"@type\":\"SearchAction\",\"target\":{\"@type\":\"EntryPoint\",\"urlTemplate\":\"https:\/\/graziamagazine.com\/es\/?s={search_term_string}\"},\"query-input\":\"required name=search_term_string\"}],\"inLanguage\":\"es\"}]}<\/script>\n<!-- \/ Yoast SEO Premium plugin. -->","yoast_head_json":{"title":"Patek Phillipe lanzar\u00e1 nuevos relojes casi 25 a\u00f1os despu\u00e9s | Grazia","description":"La marca suiza de lujo Patek Phillipe, planea lanzar una nueva colecci\u00f3n de relojes despu\u00e9s de casi 25 a\u00f1os de no hacerlo. \u201cTwenty~4\u201d fue la \u00faltima gama","robots":{"index":"index","follow":"follow","max-snippet":"max-snippet:-1","max-image-preview":"max-image-preview:large","max-video-preview":"max-video-preview:-1"},"canonical":"https:\/\/graziamagazine.com\/es\/articles\/patek-phillipe-lanzara-nuevos-relojes-casi-25-anos-despues\/","og_locale":"es_ES","og_type":"article","og_title":"Patek Phillipe lanzar\u00e1 nuevos relojes casi 25 a\u00f1os despu\u00e9s","og_description":"La marca suiza de lujo Patek Phillipe, planea lanzar una nueva colecci\u00f3n de relojes despu\u00e9s de casi 25 a\u00f1os de no hacerlo. \u201cTwenty~4\u201d fue la \u00faltima gama","og_url":"https:\/\/graziamagazine.com\/es\/articles\/patek-phillipe-lanzara-nuevos-relojes-casi-25-anos-despues\/","og_site_name":"Grazia","article_modified_time":"2023-04-04T21:29:44+00:00","og_image":[{"width":1124,"height":719,"url":"https:\/\/graziamagazine.com\/es\/wp-content\/uploads\/sites\/12\/2023\/04\/WhatsApp-Image-2023-03-31-at-14.18.21-e1680298204514.jpeg?fit=1124%2C719","type":"image\/jpeg"}],"twitter_card":"summary_large_image","twitter_misc":{"Est. reading time":"3 minutos"},"schema":{"@context":"https:\/\/schema.org","@graph":[{"@type":"WebPage","@id":"https:\/\/graziamagazine.com\/es\/articles\/patek-phillipe-lanzara-nuevos-relojes-casi-25-anos-despues\/","url":"https:\/\/graziamagazine.com\/es\/articles\/patek-phillipe-lanzara-nuevos-relojes-casi-25-anos-despues\/","name":"Patek Phillipe lanzar\u00e1 nuevos relojes casi 25 a\u00f1os despu\u00e9s | Grazia","isPartOf":{"@id":"https:\/\/graziamagazine.com\/es\/#website"},"datePublished":"2023-04-05T07:00:28+00:00","dateModified":"2023-04-04T21:29:44+00:00","description":"La marca suiza de lujo Patek Phillipe, planea lanzar una nueva colecci\u00f3n de relojes despu\u00e9s de casi 25 a\u00f1os de no hacerlo. \u201cTwenty~4\u201d fue la \u00faltima gama","breadcrumb":{"@id":"https:\/\/graziamagazine.com\/es\/articles\/patek-phillipe-lanzara-nuevos-relojes-casi-25-anos-despues\/#breadcrumb"},"inLanguage":"es","potentialAction":[{"@type":"ReadAction","target":["https:\/\/graziamagazine.com\/es\/articles\/patek-phillipe-lanzara-nuevos-relojes-casi-25-anos-despues\/"]}]},{"@type":"BreadcrumbList","@id":"https:\/\/graziamagazine.com\/es\/articles\/patek-phillipe-lanzara-nuevos-relojes-casi-25-anos-despues\/#breadcrumb","itemListElement":[{"@type":"ListItem","position":1,"name":"Portada","item":"https:\/\/graziamagazine.com\/es\/"},{"@type":"ListItem","position":2,"name":"Patek Phillipe lanzar\u00e1 nuevos relojes casi 25 a\u00f1os despu\u00e9s"}]},{"@type":"WebSite","@id":"https:\/\/graziamagazine.com\/es\/#website","url":"https:\/\/graziamagazine.com\/es\/","name":"Grazia","description":"Moda, belleza, celebrities, estilo de vida...","potentialAction":[{"@type":"SearchAction","target":{"@type":"EntryPoint","urlTemplate":"https:\/\/graziamagazine.com\/es\/?s={search_term_string}"},"query-input":"required name=search_term_string"}],"inLanguage":"es"}]}},"jetpack_sharing_enabled":true,"distributor_meta":false,"distributor_terms":false,"distributor_media":false,"distributor_original_site_name":"Grazia","distributor_original_site_url":"https:\/\/graziamagazine.com\/es","push-errors":false,"_links":{"self":[{"href":"https:\/\/graziamagazine.com\/es\/wp-json\/wp\/v2\/articles\/169386"}],"collection":[{"href":"https:\/\/graziamagazine.com\/es\/wp-json\/wp\/v2\/articles"}],"about":[{"href":"https:\/\/graziamagazine.com\/es\/wp-json\/wp\/v2\/types\/articles"}],"author":[{"embeddable":true,"href":"https:\/\/graziamagazine.com\/es\/wp-json\/wp\/v2\/users\/16349"}],"wp:featuredmedia":[{"embeddable":true,"href":"https:\/\/graziamagazine.com\/es\/wp-json\/wp\/v2\/media\/169387"}],"wp:attachment":[{"href":"https:\/\/graziamagazine.com\/es\/wp-json\/wp\/v2\/media?parent=169386"}],"wp:term":[{"taxonomy":"category","embeddable":true,"href":"https:\/\/graziamagazine.com\/es\/wp-json\/wp\/v2\/categories?post=169386"}],"curies":[{"name":"wp","href":"https:\/\/api.w.org\/{rel}","templated":true}]}}