{"id":169218,"date":"2023-03-28T10:30:17","date_gmt":"2023-03-28T08:30:17","guid":{"rendered":"https:\/\/graziamagazine.com\/es\/?post_type=articles&#038;p=169218"},"modified":"2023-03-27T23:42:44","modified_gmt":"2023-03-27T21:42:44","slug":"restyle-la-colaboracion-de-jeremy-scott-con-piezas-de-coche-reciclada","status":"publish","type":"articles","link":"https:\/\/graziamagazine.com\/es\/articles\/restyle-la-colaboracion-de-jeremy-scott-con-piezas-de-coche-reciclada\/","title":{"rendered":"\u2018Re:Style\u2019, la colaboraci\u00f3n de Jeremy Scott con piezas de coche reciclada"},"content":{"rendered":"<p><span style=\"font-weight: 400\">Jeremy Scott ya no est\u00e1 trabajando en Moschino, pero eso su carrera creativa como dise\u00f1ador contin\u00faa por todo lo alto, esta vez presentando una nueva colaboraci\u00f3n junto al fabricante automotriz coreano, Hyundai.<\/span><\/p>\n<p><span style=\"font-weight: 400\">Con el nombre \u201cRe:Style 2023\u201d, la iniciativa entre el dise\u00f1ador estadounidense y Hyundai presenta una colecci\u00f3n Alta Costura reciclada hecha con materiales desechados de los veh\u00edculos el\u00e9ctricos de Hyundai. La inesperada colaboraci\u00f3n se present\u00f3 junto con el lanzamiento del Hyundai KONA el\u00e9ctrico en Corea del Sur el pasado 23 de marzo.<\/span><\/p>\n<p><img loading=\"lazy\" decoding=\"async\" class=\"aligncenter size-full wp-image-169247\" src=\"https:\/\/graziamagazine.com\/es\/wp-content\/uploads\/sites\/12\/2023\/03\/33870ef5-7ad0-47c6-9aaf-2b38a12afb0a.jpg\" alt=\"\u2018Re:Style\u2019, la colaboraci\u00f3n de Jeremy Scott con piezas de coche reciclada\" width=\"1024\" height=\"1281\" \/><\/p>\n<p><span style=\"font-weight: 400\">Los materiales utilizados van desde cinturones de seguridad para autom\u00f3viles hasta rines, luces traseras e insignias, y culminan en looks aptos para salones de baile y c\u00f3cteles, por lo que se puede observar en los bocetos de Scott en el taller. Eso s\u00ed, se ha revelado un look clave: un mono de mezclilla y de cuero, a modo de reinvenci\u00f3n del traje de mec\u00e1nico con un sofisticado toque sastre.<\/span><\/p>\n<div class=\"content-gallery\"><div class=\"gallery-placeholder\"><div class=\"spinner\"><\/div><\/div><span class=\"gallery-pagination\"><\/span><div id=\"gallery-1\" class=\"gallery galleryid-169218 gallery-columns- gallery-size-\"><figure class=\"gallery-item\"><div class=\"gallery-icon landscape\"><img loading=\"lazy\" decoding=\"async\" width=\"1164\" height=\"1456\" src=\"https:\/\/graziamagazine.com\/es\/wp-content\/uploads\/sites\/12\/2023\/03\/3068b213-e840-4064-997d-4e0a21f6b8fb.jpg\" class=\"lazy\" alt=\"\u2018Re:Style\u2019, la colaboraci\u00f3n de Jeremy Scott con piezas de coche reciclada\" \/><\/div><\/figure><figure class=\"gallery-item\"><div class=\"gallery-icon landscape\"><img loading=\"lazy\" decoding=\"async\" width=\"1164\" height=\"1456\" src=\"https:\/\/graziamagazine.com\/es\/wp-content\/uploads\/sites\/12\/2023\/03\/011575b4-912d-4d06-b1ea-d0867d414c9d.jpg\" class=\"lazy\" alt=\"\u2018Re:Style\u2019, la colaboraci\u00f3n de Jeremy Scott con piezas de coche reciclada\" \/><\/div><\/figure><\/div><\/div>\n<p><span style=\"font-weight: 400\">Sungwon Jee, vicepresidente senior y director de marketing global de Hyundai Motor Company, dijo: \u201cEn l\u00ednea con el lanzamiento mundial de KONA Electric, Hyundai Motor Company est\u00e1 haciendo varios esfuerzos para combinar la visi\u00f3n de la electrificaci\u00f3n con el contenido cultural. Esperamos que la primera apertura de Hyundai Re: Style Exhibition en Corea brinde la oportunidad de comunicar y compartir la visi\u00f3n de sostenibilidad e innovaci\u00f3n de la marca con nuestros clientes\u201d.<\/span><\/p>\n<div class=\"content-gallery\"><div class=\"gallery-placeholder\"><div class=\"spinner\"><\/div><\/div><span class=\"gallery-pagination\"><\/span><div id=\"gallery-2\" class=\"gallery galleryid-169218 gallery-columns- gallery-size-\"><figure class=\"gallery-item\"><div class=\"gallery-icon landscape\"><img loading=\"lazy\" decoding=\"async\" width=\"1164\" height=\"1456\" src=\"https:\/\/graziamagazine.com\/es\/wp-content\/uploads\/sites\/12\/2023\/03\/ce6fa167-0f89-4dee-894a-79ba15196ed7.jpg\" class=\"lazy\" alt=\"\u2018Re:Style\u2019, la colaboraci\u00f3n de Jeremy Scott con piezas de coche reciclada\" \/><\/div><\/figure><figure class=\"gallery-item\"><div class=\"gallery-icon landscape\"><img loading=\"lazy\" decoding=\"async\" width=\"1164\" height=\"1456\" src=\"https:\/\/graziamagazine.com\/es\/wp-content\/uploads\/sites\/12\/2023\/03\/f095e866-2ffb-4431-a943-f5f3d4c3924c.jpg\" class=\"lazy\" alt=\"\u2018Re:Style\u2019, la colaboraci\u00f3n de Jeremy Scott con piezas de coche reciclada\" \/><\/div><\/figure><\/div><\/div>\n<p><span style=\"font-weight: 400\">Re:Style \u2013 que estar\u00e1 abierta al p\u00fablico durante tres semanas \u2013 tendr\u00e1 como tema los p\u00edxeles param\u00e9tricos de Hyundai, que representan los elementos de iluminaci\u00f3n que se encuentran con frecuencia en su gama de autom\u00f3viles el\u00e9ctricos.\u00a0<\/span><\/p>\n<p><em>*Im\u00e1genes: cortes\u00eda<\/em><\/p>\n","protected":false},"author":11628,"featured_media":169252,"template":"","format":"standard","categories":[1],"acf":[],"yoast_head":"<!-- This site is optimized with the Yoast SEO Premium plugin v18.5 (Yoast SEO v20.4) - https:\/\/yoast.com\/wordpress\/plugins\/seo\/ -->\n<title>\u2018Re:Style\u2019, la colaboraci\u00f3n de Jeremy Scott con piezas de coche reciclada | Grazia<\/title>\n<meta name=\"description\" content=\"El dise\u00f1ador dej\u00f3 Moschino luego de 10 a\u00f1os al frente de la direcci\u00f3n creativa de la casa italiana.\" \/>\n<meta name=\"robots\" content=\"index, follow, max-snippet:-1, max-image-preview:large, max-video-preview:-1\" \/>\n<link rel=\"canonical\" href=\"https:\/\/graziamagazine.com\/es\/articles\/restyle-la-colaboracion-de-jeremy-scott-con-piezas-de-coche-reciclada\/\" \/>\n<meta property=\"og:locale\" content=\"es_ES\" \/>\n<meta property=\"og:type\" content=\"article\" \/>\n<meta property=\"og:title\" content=\"\u2018Re:Style\u2019, la colaboraci\u00f3n de Jeremy Scott con piezas de coche reciclada\" \/>\n<meta property=\"og:description\" content=\"El dise\u00f1ador dej\u00f3 Moschino luego de 10 a\u00f1os al frente de la direcci\u00f3n creativa de la casa italiana.\" \/>\n<meta property=\"og:url\" content=\"https:\/\/graziamagazine.com\/es\/articles\/restyle-la-colaboracion-de-jeremy-scott-con-piezas-de-coche-reciclada\/\" \/>\n<meta property=\"og:site_name\" content=\"Grazia\" \/>\n<meta property=\"article:modified_time\" content=\"2023-03-27T21:42:44+00:00\" \/>\n<meta property=\"og:image\" content=\"https:\/\/graziamagazine.com\/es\/wp-content\/uploads\/sites\/12\/2023\/03\/7b6a1e91-cd84-4470-9b3f-a4b3600e7259.jpg?fit=1388%2C926\" \/>\n\t<meta property=\"og:image:width\" content=\"1388\" \/>\n\t<meta property=\"og:image:height\" content=\"926\" \/>\n\t<meta property=\"og:image:type\" content=\"image\/jpeg\" \/>\n<meta name=\"twitter:card\" content=\"summary_large_image\" \/>\n<meta name=\"twitter:label1\" content=\"Est. reading time\" \/>\n\t<meta name=\"twitter:data1\" content=\"2 minutos\" \/>\n<script type=\"application\/ld+json\" class=\"yoast-schema-graph\">{\"@context\":\"https:\/\/schema.org\",\"@graph\":[{\"@type\":\"WebPage\",\"@id\":\"https:\/\/graziamagazine.com\/es\/articles\/restyle-la-colaboracion-de-jeremy-scott-con-piezas-de-coche-reciclada\/\",\"url\":\"https:\/\/graziamagazine.com\/es\/articles\/restyle-la-colaboracion-de-jeremy-scott-con-piezas-de-coche-reciclada\/\",\"name\":\"\u2018Re:Style\u2019, la colaboraci\u00f3n de Jeremy Scott con piezas de coche reciclada | Grazia\",\"isPartOf\":{\"@id\":\"https:\/\/graziamagazine.com\/es\/#website\"},\"datePublished\":\"2023-03-28T08:30:17+00:00\",\"dateModified\":\"2023-03-27T21:42:44+00:00\",\"description\":\"El dise\u00f1ador dej\u00f3 Moschino luego de 10 a\u00f1os al frente de la direcci\u00f3n creativa de la casa italiana.\",\"breadcrumb\":{\"@id\":\"https:\/\/graziamagazine.com\/es\/articles\/restyle-la-colaboracion-de-jeremy-scott-con-piezas-de-coche-reciclada\/#breadcrumb\"},\"inLanguage\":\"es\",\"potentialAction\":[{\"@type\":\"ReadAction\",\"target\":[\"https:\/\/graziamagazine.com\/es\/articles\/restyle-la-colaboracion-de-jeremy-scott-con-piezas-de-coche-reciclada\/\"]}]},{\"@type\":\"BreadcrumbList\",\"@id\":\"https:\/\/graziamagazine.com\/es\/articles\/restyle-la-colaboracion-de-jeremy-scott-con-piezas-de-coche-reciclada\/#breadcrumb\",\"itemListElement\":[{\"@type\":\"ListItem\",\"position\":1,\"name\":\"Portada\",\"item\":\"https:\/\/graziamagazine.com\/es\/\"},{\"@type\":\"ListItem\",\"position\":2,\"name\":\"\u2018Re:Style\u2019, la colaboraci\u00f3n de Jeremy Scott con piezas de coche reciclada\"}]},{\"@type\":\"WebSite\",\"@id\":\"https:\/\/graziamagazine.com\/es\/#website\",\"url\":\"https:\/\/graziamagazine.com\/es\/\",\"name\":\"Grazia\",\"description\":\"Moda, belleza, celebrities, estilo de vida...\",\"potentialAction\":[{\"@type\":\"SearchAction\",\"target\":{\"@type\":\"EntryPoint\",\"urlTemplate\":\"https:\/\/graziamagazine.com\/es\/?s={search_term_string}\"},\"query-input\":\"required name=search_term_string\"}],\"inLanguage\":\"es\"}]}<\/script>\n<!-- \/ Yoast SEO Premium plugin. -->","yoast_head_json":{"title":"\u2018Re:Style\u2019, la colaboraci\u00f3n de Jeremy Scott con piezas de coche reciclada | Grazia","description":"El dise\u00f1ador dej\u00f3 Moschino luego de 10 a\u00f1os al frente de la direcci\u00f3n creativa de la casa italiana.","robots":{"index":"index","follow":"follow","max-snippet":"max-snippet:-1","max-image-preview":"max-image-preview:large","max-video-preview":"max-video-preview:-1"},"canonical":"https:\/\/graziamagazine.com\/es\/articles\/restyle-la-colaboracion-de-jeremy-scott-con-piezas-de-coche-reciclada\/","og_locale":"es_ES","og_type":"article","og_title":"\u2018Re:Style\u2019, la colaboraci\u00f3n de Jeremy Scott con piezas de coche reciclada","og_description":"El dise\u00f1ador dej\u00f3 Moschino luego de 10 a\u00f1os al frente de la direcci\u00f3n creativa de la casa italiana.","og_url":"https:\/\/graziamagazine.com\/es\/articles\/restyle-la-colaboracion-de-jeremy-scott-con-piezas-de-coche-reciclada\/","og_site_name":"Grazia","article_modified_time":"2023-03-27T21:42:44+00:00","og_image":[{"width":1388,"height":926,"url":"https:\/\/graziamagazine.com\/es\/wp-content\/uploads\/sites\/12\/2023\/03\/7b6a1e91-cd84-4470-9b3f-a4b3600e7259.jpg?fit=1388%2C926","type":"image\/jpeg"}],"twitter_card":"summary_large_image","twitter_misc":{"Est. reading time":"2 minutos"},"schema":{"@context":"https:\/\/schema.org","@graph":[{"@type":"WebPage","@id":"https:\/\/graziamagazine.com\/es\/articles\/restyle-la-colaboracion-de-jeremy-scott-con-piezas-de-coche-reciclada\/","url":"https:\/\/graziamagazine.com\/es\/articles\/restyle-la-colaboracion-de-jeremy-scott-con-piezas-de-coche-reciclada\/","name":"\u2018Re:Style\u2019, la colaboraci\u00f3n de Jeremy Scott con piezas de coche reciclada | Grazia","isPartOf":{"@id":"https:\/\/graziamagazine.com\/es\/#website"},"datePublished":"2023-03-28T08:30:17+00:00","dateModified":"2023-03-27T21:42:44+00:00","description":"El dise\u00f1ador dej\u00f3 Moschino luego de 10 a\u00f1os al frente de la direcci\u00f3n creativa de la casa italiana.","breadcrumb":{"@id":"https:\/\/graziamagazine.com\/es\/articles\/restyle-la-colaboracion-de-jeremy-scott-con-piezas-de-coche-reciclada\/#breadcrumb"},"inLanguage":"es","potentialAction":[{"@type":"ReadAction","target":["https:\/\/graziamagazine.com\/es\/articles\/restyle-la-colaboracion-de-jeremy-scott-con-piezas-de-coche-reciclada\/"]}]},{"@type":"BreadcrumbList","@id":"https:\/\/graziamagazine.com\/es\/articles\/restyle-la-colaboracion-de-jeremy-scott-con-piezas-de-coche-reciclada\/#breadcrumb","itemListElement":[{"@type":"ListItem","position":1,"name":"Portada","item":"https:\/\/graziamagazine.com\/es\/"},{"@type":"ListItem","position":2,"name":"\u2018Re:Style\u2019, la colaboraci\u00f3n de Jeremy Scott con piezas de coche reciclada"}]},{"@type":"WebSite","@id":"https:\/\/graziamagazine.com\/es\/#website","url":"https:\/\/graziamagazine.com\/es\/","name":"Grazia","description":"Moda, belleza, celebrities, estilo de vida...","potentialAction":[{"@type":"SearchAction","target":{"@type":"EntryPoint","urlTemplate":"https:\/\/graziamagazine.com\/es\/?s={search_term_string}"},"query-input":"required name=search_term_string"}],"inLanguage":"es"}]}},"jetpack_sharing_enabled":true,"distributor_meta":false,"distributor_terms":false,"distributor_media":false,"distributor_original_site_name":"Grazia","distributor_original_site_url":"https:\/\/graziamagazine.com\/es","push-errors":false,"_links":{"self":[{"href":"https:\/\/graziamagazine.com\/es\/wp-json\/wp\/v2\/articles\/169218"}],"collection":[{"href":"https:\/\/graziamagazine.com\/es\/wp-json\/wp\/v2\/articles"}],"about":[{"href":"https:\/\/graziamagazine.com\/es\/wp-json\/wp\/v2\/types\/articles"}],"author":[{"embeddable":true,"href":"https:\/\/graziamagazine.com\/es\/wp-json\/wp\/v2\/users\/11628"}],"wp:featuredmedia":[{"embeddable":true,"href":"https:\/\/graziamagazine.com\/es\/wp-json\/wp\/v2\/media\/169252"}],"wp:attachment":[{"href":"https:\/\/graziamagazine.com\/es\/wp-json\/wp\/v2\/media?parent=169218"}],"wp:term":[{"taxonomy":"category","embeddable":true,"href":"https:\/\/graziamagazine.com\/es\/wp-json\/wp\/v2\/categories?post=169218"}],"curies":[{"name":"wp","href":"https:\/\/api.w.org\/{rel}","templated":true}]}}