{"id":169048,"date":"2023-03-20T10:52:13","date_gmt":"2023-03-20T09:52:13","guid":{"rendered":"https:\/\/graziamagazine.com\/es\/?post_type=articles&#038;p=169048"},"modified":"2023-03-20T10:52:13","modified_gmt":"2023-03-20T09:52:13","slug":"astor-la-bolsa-de-mano-de-michael-kors-esta-de-vuelta","status":"publish","type":"articles","link":"https:\/\/graziamagazine.com\/es\/articles\/astor-la-bolsa-de-mano-de-michael-kors-esta-de-vuelta\/","title":{"rendered":"Astor, la bolsa de mano de Michael Kors, est\u00e1 de vuelta"},"content":{"rendered":"<p><span style=\"font-weight: 400\">La moda siempre vuelve en alg\u00fan momento, y este 2023 es el momento de la bolsa Astor, de<strong> Michael Kors.<\/strong> A 19 a\u00f1os de su lanzamiento original, <strong>The Astor<\/strong> est\u00e1 de vuelta tras haber sido anunciado por el creador de la marca.<\/span><\/p>\n<p><img loading=\"lazy\" decoding=\"async\" class=\"alignnone wp-image-123143 size-large\" src=\"https:\/\/graziamagazine.com\/mx\/wp-content\/uploads\/sites\/13\/2023\/03\/SP23_MMK_AD_STILL_4x5_3.jpg?w=819&amp;resize=819%2C1024\" alt=\"\" width=\"819\" height=\"1024\" data-recalc-dims=\"1\" \/><\/p>\n<p><span style=\"font-weight: 400\">Presentada por primera vez en 2004, The Astor fue dise\u00f1ada como un homenaje a Astor Place en Nueva York, hogar del legendario restaurante Indochino y a The Public Theater, donde Hamilton, A Chorus Line y The Normal Heart, entre muchas otras obras, se estrenaron.<\/span><\/p>\n<p><img loading=\"lazy\" decoding=\"async\" class=\"alignnone wp-image-123144 size-large\" src=\"https:\/\/graziamagazine.com\/mx\/wp-content\/uploads\/sites\/13\/2023\/03\/30S3GATU4L-289_4.jpg?w=761&amp;resize=761%2C1024\" alt=\"\" width=\"761\" height=\"1024\" data-recalc-dims=\"1\" \/><\/p>\n<p><span style=\"font-weight: 400\">\u201cLa estaci\u00f3n del metro de The Astor Place, con su poderosa escultura de cubo hecha por Tony Rosenthal, es la l\u00ednea que divide Greenwich Village y East Village, dos de mis barrios favoritos en Nueva York,\u201d dijo Michael Kors. \u201cLa bolsa The Astor pronto cumplir\u00e1 20 a\u00f1os, y el glamour sporty que ejemplifica parece incre\u00edblemente relevante al momento y a la forma en la que vivimos hoy en d\u00eda\u201d.<\/span><\/p>\n<p><img loading=\"lazy\" decoding=\"async\" class=\"alignnone wp-image-123147 size-large\" src=\"https:\/\/graziamagazine.com\/mx\/wp-content\/uploads\/sites\/13\/2023\/03\/32S3GATU3L-230_4.jpg?w=761&amp;resize=761%2C1024\" alt=\"\" width=\"761\" height=\"1024\" data-recalc-dims=\"1\" \/><\/p>\n<p><span style=\"font-weight: 400\">\u201cEl dise\u00f1o artesanal, con tachuelas y el tipo de puntadas en la bolsa son un recuerdo de la legendaria fabricante de sandalias y cinturones Barbara Shaum, cuyo estudio estaba en East 7th Street justo al lado de Astor Place,\u201d agreg\u00f3 Kors. \u201cLa Astor es realmente una bolsa que debes de tener en tu armario, as\u00ed como un buen par de jeans, que mejora cada vez m\u00e1s con el tiempo\u201d.<\/span><\/p>\n<p><img loading=\"lazy\" decoding=\"async\" class=\"alignnone wp-image-123145 size-large\" src=\"https:\/\/graziamagazine.com\/mx\/wp-content\/uploads\/sites\/13\/2023\/03\/30S3SATU4L-001_1.jpg?w=761&amp;resize=761%2C1024\" alt=\"\" width=\"761\" height=\"1024\" data-recalc-dims=\"1\" \/><\/p>\n<p><span style=\"font-weight: 400\">Es una combinaci\u00f3n de sensibilidades las que el dise\u00f1ador ha explorado a trav\u00e9s de su carrera, y que hace que la bolsa Astor sea tan atemporal como codiciada, una bolsa que funciona perfectamente en cualquier ciudad del mundo.<\/span><\/p>\n<p><img loading=\"lazy\" decoding=\"async\" class=\"alignnone wp-image-123148 size-large\" src=\"https:\/\/graziamagazine.com\/mx\/wp-content\/uploads\/sites\/13\/2023\/03\/32S3GATU3L-289_1.jpg?w=761&amp;resize=761%2C1024\" alt=\"\" width=\"761\" height=\"1024\" data-recalc-dims=\"1\" \/><\/p>\n","protected":false},"author":11628,"featured_media":169049,"template":"","format":"standard","categories":[1],"acf":[],"yoast_head":"<!-- This site is optimized with the Yoast SEO Premium plugin v18.5 (Yoast SEO v20.4) - https:\/\/yoast.com\/wordpress\/plugins\/seo\/ -->\n<title>Astor, la bolsa de mano de Michael Kors, est\u00e1 de vuelta | Grazia<\/title>\n<meta name=\"description\" content=\"Un \u00e9pico y esperado regreso de un \u00edcono de 2004\" \/>\n<meta name=\"robots\" content=\"index, follow, max-snippet:-1, max-image-preview:large, max-video-preview:-1\" \/>\n<link rel=\"canonical\" href=\"https:\/\/graziamagazine.com\/es\/articles\/astor-la-bolsa-de-mano-de-michael-kors-esta-de-vuelta\/\" \/>\n<meta property=\"og:locale\" content=\"es_ES\" \/>\n<meta property=\"og:type\" content=\"article\" \/>\n<meta property=\"og:title\" content=\"Astor, la bolsa de mano de Michael Kors, est\u00e1 de vuelta\" \/>\n<meta property=\"og:description\" content=\"Un \u00e9pico y esperado regreso de un \u00edcono de 2004\" \/>\n<meta property=\"og:url\" content=\"https:\/\/graziamagazine.com\/es\/articles\/astor-la-bolsa-de-mano-de-michael-kors-esta-de-vuelta\/\" \/>\n<meta property=\"og:site_name\" content=\"Grazia\" \/>\n<meta property=\"og:image\" content=\"https:\/\/graziamagazine.com\/es\/wp-content\/uploads\/sites\/12\/2023\/03\/SP23_MMK_AD_16x9_5.jpg\" \/>\n\t<meta property=\"og:image:width\" content=\"1920\" \/>\n\t<meta property=\"og:image:height\" content=\"1080\" \/>\n\t<meta property=\"og:image:type\" content=\"image\/jpeg\" \/>\n<meta name=\"twitter:card\" content=\"summary_large_image\" \/>\n<meta name=\"twitter:label1\" content=\"Est. reading time\" \/>\n\t<meta name=\"twitter:data1\" content=\"3 minutos\" \/>\n<script type=\"application\/ld+json\" class=\"yoast-schema-graph\">{\"@context\":\"https:\/\/schema.org\",\"@graph\":[{\"@type\":\"WebPage\",\"@id\":\"https:\/\/graziamagazine.com\/es\/articles\/astor-la-bolsa-de-mano-de-michael-kors-esta-de-vuelta\/\",\"url\":\"https:\/\/graziamagazine.com\/es\/articles\/astor-la-bolsa-de-mano-de-michael-kors-esta-de-vuelta\/\",\"name\":\"Astor, la bolsa de mano de Michael Kors, est\u00e1 de vuelta | Grazia\",\"isPartOf\":{\"@id\":\"https:\/\/graziamagazine.com\/es\/#website\"},\"datePublished\":\"2023-03-20T09:52:13+00:00\",\"dateModified\":\"2023-03-20T09:52:13+00:00\",\"description\":\"Un \u00e9pico y esperado regreso de un \u00edcono de 2004\",\"breadcrumb\":{\"@id\":\"https:\/\/graziamagazine.com\/es\/articles\/astor-la-bolsa-de-mano-de-michael-kors-esta-de-vuelta\/#breadcrumb\"},\"inLanguage\":\"es\",\"potentialAction\":[{\"@type\":\"ReadAction\",\"target\":[\"https:\/\/graziamagazine.com\/es\/articles\/astor-la-bolsa-de-mano-de-michael-kors-esta-de-vuelta\/\"]}]},{\"@type\":\"BreadcrumbList\",\"@id\":\"https:\/\/graziamagazine.com\/es\/articles\/astor-la-bolsa-de-mano-de-michael-kors-esta-de-vuelta\/#breadcrumb\",\"itemListElement\":[{\"@type\":\"ListItem\",\"position\":1,\"name\":\"Portada\",\"item\":\"https:\/\/graziamagazine.com\/es\/\"},{\"@type\":\"ListItem\",\"position\":2,\"name\":\"Astor, la bolsa de mano de Michael Kors, est\u00e1 de vuelta\"}]},{\"@type\":\"WebSite\",\"@id\":\"https:\/\/graziamagazine.com\/es\/#website\",\"url\":\"https:\/\/graziamagazine.com\/es\/\",\"name\":\"Grazia\",\"description\":\"Moda, belleza, celebrities, estilo de vida...\",\"potentialAction\":[{\"@type\":\"SearchAction\",\"target\":{\"@type\":\"EntryPoint\",\"urlTemplate\":\"https:\/\/graziamagazine.com\/es\/?s={search_term_string}\"},\"query-input\":\"required name=search_term_string\"}],\"inLanguage\":\"es\"}]}<\/script>\n<!-- \/ Yoast SEO Premium plugin. -->","yoast_head_json":{"title":"Astor, la bolsa de mano de Michael Kors, est\u00e1 de vuelta | Grazia","description":"Un \u00e9pico y esperado regreso de un \u00edcono de 2004","robots":{"index":"index","follow":"follow","max-snippet":"max-snippet:-1","max-image-preview":"max-image-preview:large","max-video-preview":"max-video-preview:-1"},"canonical":"https:\/\/graziamagazine.com\/es\/articles\/astor-la-bolsa-de-mano-de-michael-kors-esta-de-vuelta\/","og_locale":"es_ES","og_type":"article","og_title":"Astor, la bolsa de mano de Michael Kors, est\u00e1 de vuelta","og_description":"Un \u00e9pico y esperado regreso de un \u00edcono de 2004","og_url":"https:\/\/graziamagazine.com\/es\/articles\/astor-la-bolsa-de-mano-de-michael-kors-esta-de-vuelta\/","og_site_name":"Grazia","og_image":[{"width":1920,"height":1080,"url":"https:\/\/graziamagazine.com\/es\/wp-content\/uploads\/sites\/12\/2023\/03\/SP23_MMK_AD_16x9_5.jpg","type":"image\/jpeg"}],"twitter_card":"summary_large_image","twitter_misc":{"Est. reading time":"3 minutos"},"schema":{"@context":"https:\/\/schema.org","@graph":[{"@type":"WebPage","@id":"https:\/\/graziamagazine.com\/es\/articles\/astor-la-bolsa-de-mano-de-michael-kors-esta-de-vuelta\/","url":"https:\/\/graziamagazine.com\/es\/articles\/astor-la-bolsa-de-mano-de-michael-kors-esta-de-vuelta\/","name":"Astor, la bolsa de mano de Michael Kors, est\u00e1 de vuelta | Grazia","isPartOf":{"@id":"https:\/\/graziamagazine.com\/es\/#website"},"datePublished":"2023-03-20T09:52:13+00:00","dateModified":"2023-03-20T09:52:13+00:00","description":"Un \u00e9pico y esperado regreso de un \u00edcono de 2004","breadcrumb":{"@id":"https:\/\/graziamagazine.com\/es\/articles\/astor-la-bolsa-de-mano-de-michael-kors-esta-de-vuelta\/#breadcrumb"},"inLanguage":"es","potentialAction":[{"@type":"ReadAction","target":["https:\/\/graziamagazine.com\/es\/articles\/astor-la-bolsa-de-mano-de-michael-kors-esta-de-vuelta\/"]}]},{"@type":"BreadcrumbList","@id":"https:\/\/graziamagazine.com\/es\/articles\/astor-la-bolsa-de-mano-de-michael-kors-esta-de-vuelta\/#breadcrumb","itemListElement":[{"@type":"ListItem","position":1,"name":"Portada","item":"https:\/\/graziamagazine.com\/es\/"},{"@type":"ListItem","position":2,"name":"Astor, la bolsa de mano de Michael Kors, est\u00e1 de vuelta"}]},{"@type":"WebSite","@id":"https:\/\/graziamagazine.com\/es\/#website","url":"https:\/\/graziamagazine.com\/es\/","name":"Grazia","description":"Moda, belleza, celebrities, estilo de vida...","potentialAction":[{"@type":"SearchAction","target":{"@type":"EntryPoint","urlTemplate":"https:\/\/graziamagazine.com\/es\/?s={search_term_string}"},"query-input":"required name=search_term_string"}],"inLanguage":"es"}]}},"jetpack_sharing_enabled":true,"distributor_meta":false,"distributor_terms":false,"distributor_media":false,"distributor_original_site_name":"Grazia","distributor_original_site_url":"https:\/\/graziamagazine.com\/es","push-errors":false,"_links":{"self":[{"href":"https:\/\/graziamagazine.com\/es\/wp-json\/wp\/v2\/articles\/169048"}],"collection":[{"href":"https:\/\/graziamagazine.com\/es\/wp-json\/wp\/v2\/articles"}],"about":[{"href":"https:\/\/graziamagazine.com\/es\/wp-json\/wp\/v2\/types\/articles"}],"author":[{"embeddable":true,"href":"https:\/\/graziamagazine.com\/es\/wp-json\/wp\/v2\/users\/11628"}],"wp:featuredmedia":[{"embeddable":true,"href":"https:\/\/graziamagazine.com\/es\/wp-json\/wp\/v2\/media\/169049"}],"wp:attachment":[{"href":"https:\/\/graziamagazine.com\/es\/wp-json\/wp\/v2\/media?parent=169048"}],"wp:term":[{"taxonomy":"category","embeddable":true,"href":"https:\/\/graziamagazine.com\/es\/wp-json\/wp\/v2\/categories?post=169048"}],"curies":[{"name":"wp","href":"https:\/\/api.w.org\/{rel}","templated":true}]}}