{"id":168665,"date":"2023-03-02T16:47:08","date_gmt":"2023-03-02T15:47:08","guid":{"rendered":"https:\/\/graziamagazine.com\/es\/?post_type=articles&#038;p=168665"},"modified":"2023-03-02T16:47:08","modified_gmt":"2023-03-02T15:47:08","slug":"la-coleccion-homenaje-a-paco-rabanne-en-pfw","status":"publish","type":"articles","link":"https:\/\/graziamagazine.com\/es\/articles\/la-coleccion-homenaje-a-paco-rabanne-en-pfw\/","title":{"rendered":"La colecci\u00f3n homenaje a Paco Rabanne en PFW"},"content":{"rendered":"<p><span style=\"font-weight: 400\">Una expresi\u00f3n radical es c\u00f3mo se definir\u00eda la nueva <strong>colecci\u00f3n oto\u00f1o\/invierno 2023<\/strong> de la firma, <strong>Paco Rabanne. <\/strong><\/span><span style=\"font-weight: 400\">Desde la muerte del fundador el mes pasado a la edad de 88 a\u00f1os, sus fieles clientes y admiradores asistieron a la pasarela que fue dirigida por <strong>Julien Dossena<\/strong>, quien contin\u00faa con la herencia del ic\u00f3nico dise\u00f1ador.<\/span><\/p>\n<p><span style=\"font-weight: 400\">La <strong>primera colecci\u00f3n<\/strong> desde que el fundador y hom\u00f3nimo falleci\u00f3 fue presentada y, a pesar de las coloridas tonalidades elegidas, hab\u00eda una sensaci\u00f3n de tristeza en el aire.<\/span><\/p>\n<div class=\"content-gallery\">\n<div class=\"gallery-placeholder\">\n<div class=\"spinner\"><\/div>\n<\/div>\n<p>&nbsp;<\/p>\n<div id=\"gallery-1\" class=\"gallery galleryid- gallery-columns- gallery-size-\">\n<figure class=\"gallery-item\">\n<div class=\"gallery-icon landscape\"><img loading=\"lazy\" decoding=\"async\" class=\"lazy\" src=\"https:\/\/graziamagazine.com\/mx\/wp-content\/uploads\/sites\/13\/2023\/03\/Captura-de-Pantalla-2023-03-01-a-las-12.17.01.png?resize=788%2C1194\" alt=\"\" width=\"788\" height=\"1194\" data-recalc-dims=\"1\" \/><\/div><figcaption id=\"gallery-1-122420\" class=\"wp-caption-text gallery-caption\">La colecci\u00f3n que refleja un gran homenaje a Paco Rabanne<\/figcaption><\/figure>\n<figure class=\"gallery-item\">\n<div class=\"gallery-icon landscape\"><img loading=\"lazy\" decoding=\"async\" class=\"lazy\" src=\"https:\/\/graziamagazine.com\/mx\/wp-content\/uploads\/sites\/13\/2023\/03\/Captura-de-Pantalla-2023-03-01-a-las-12.17.07.png?resize=788%2C1194\" alt=\"\" width=\"788\" height=\"1194\" data-recalc-dims=\"1\" \/><\/div>\n<\/figure>\n<figure class=\"gallery-item\">\n<div class=\"gallery-icon landscape\"><img loading=\"lazy\" decoding=\"async\" class=\"lazy\" src=\"https:\/\/graziamagazine.com\/mx\/wp-content\/uploads\/sites\/13\/2023\/03\/Captura-de-Pantalla-2023-03-01-a-las-12.17.28.png?resize=788%2C1194\" alt=\"\" width=\"788\" height=\"1194\" data-recalc-dims=\"1\" \/><\/div>\n<\/figure>\n<figure class=\"gallery-item\">\n<div class=\"gallery-icon landscape\"><img loading=\"lazy\" decoding=\"async\" class=\"lazy\" src=\"https:\/\/graziamagazine.com\/mx\/wp-content\/uploads\/sites\/13\/2023\/03\/Captura-de-Pantalla-2023-03-01-a-las-12.17.14.png?resize=788%2C1194\" alt=\"\" width=\"788\" height=\"1194\" data-recalc-dims=\"1\" \/><\/div>\n<\/figure>\n<figure class=\"gallery-item\">\n<div class=\"gallery-icon landscape\"><img loading=\"lazy\" decoding=\"async\" class=\"lazy\" src=\"https:\/\/graziamagazine.com\/mx\/wp-content\/uploads\/sites\/13\/2023\/03\/Captura-de-Pantalla-2023-03-01-a-las-12.17.05.png?resize=788%2C1194\" alt=\"\" width=\"788\" height=\"1194\" data-recalc-dims=\"1\" \/><\/div>\n<\/figure>\n<figure class=\"gallery-item\">\n<div class=\"gallery-icon landscape\"><img loading=\"lazy\" decoding=\"async\" class=\"lazy\" src=\"https:\/\/graziamagazine.com\/mx\/wp-content\/uploads\/sites\/13\/2023\/03\/Captura-de-Pantalla-2023-03-01-a-las-12.17.04.png?resize=788%2C1194\" alt=\"\" width=\"788\" height=\"1194\" data-recalc-dims=\"1\" \/><\/div>\n<\/figure>\n<\/div>\n<\/div>\n<p><span style=\"font-weight: 400\">Al fundar la marca y presentar su primera colecci\u00f3n en 1966, Paco Rabanne dej\u00f3 muy claro al mundo de la moda que ya era una fuerza a tener en cuenta. Inmediatamente llam\u00f3 la atenci\u00f3n de todo el mundo de la moda.<\/span><\/p>\n<p><span style=\"font-weight: 400\">Para entrar en contexto, Paco Rabanne fue nombrado el<strong> \u201cmetal\u00fargico de la moda\u201d<\/strong> y uno de los precursores de la<strong> moda futurista<\/strong>. Se caracteriz\u00f3 por el uso de los metales y otros materiales industriales que implement\u00f3 en sus dise\u00f1os.<\/span><\/p>\n<blockquote><p><span style=\"font-weight: 400\">\u201cFuiste uno de los que cambiaron nuestra visi\u00f3n del mundo\u201d, declar\u00f3 Julien Dossenna en una carta a Paco Rabanne.<\/span><\/p>\n<div class=\"content-gallery\">\n<div class=\"gallery-placeholder\">\n<div class=\"spinner\"><\/div>\n<\/div>\n<p>&nbsp;<\/p>\n<div id=\"gallery-2\" class=\"gallery galleryid- gallery-columns- gallery-size-\">\n<figure class=\"gallery-item\">\n<div class=\"gallery-icon landscape\"><img loading=\"lazy\" decoding=\"async\" class=\"lazy\" src=\"https:\/\/graziamagazine.com\/mx\/wp-content\/uploads\/sites\/13\/2023\/03\/Captura-de-Pantalla-2023-03-01-a-las-12.17.27.png?resize=788%2C1194\" alt=\"\" width=\"788\" height=\"1194\" data-recalc-dims=\"1\" \/><\/div>\n<\/figure>\n<figure class=\"gallery-item\">\n<div class=\"gallery-icon landscape\"><img loading=\"lazy\" decoding=\"async\" class=\"lazy\" src=\"https:\/\/graziamagazine.com\/mx\/wp-content\/uploads\/sites\/13\/2023\/03\/Captura-de-Pantalla-2023-03-01-a-las-12.17.25.png?resize=788%2C1194\" alt=\"\" width=\"788\" height=\"1194\" data-recalc-dims=\"1\" \/><\/div>\n<\/figure>\n<figure class=\"gallery-item\">\n<div class=\"gallery-icon landscape\"><img loading=\"lazy\" decoding=\"async\" class=\"lazy\" src=\"https:\/\/graziamagazine.com\/mx\/wp-content\/uploads\/sites\/13\/2023\/03\/Captura-de-Pantalla-2023-03-01-a-las-12.17.24.png?resize=788%2C1194\" alt=\"\" width=\"788\" height=\"1194\" data-recalc-dims=\"1\" \/><\/div>\n<\/figure>\n<figure class=\"gallery-item\">\n<div class=\"gallery-icon landscape\"><img loading=\"lazy\" decoding=\"async\" class=\"lazy\" src=\"https:\/\/graziamagazine.com\/mx\/wp-content\/uploads\/sites\/13\/2023\/03\/Captura-de-Pantalla-2023-03-01-a-las-12.17.32.png?resize=788%2C1194\" alt=\"\" width=\"788\" height=\"1194\" data-recalc-dims=\"1\" \/><\/div>\n<\/figure>\n<figure class=\"gallery-item\">\n<div class=\"gallery-icon landscape\"><img loading=\"lazy\" decoding=\"async\" class=\"lazy\" src=\"https:\/\/graziamagazine.com\/mx\/wp-content\/uploads\/sites\/13\/2023\/03\/Captura-de-Pantalla-2023-03-01-a-las-12.17.34.png?resize=788%2C1194\" alt=\"\" width=\"788\" height=\"1194\" data-recalc-dims=\"1\" \/><\/div>\n<\/figure>\n<figure class=\"gallery-item\">\n<div class=\"gallery-icon landscape\"><img loading=\"lazy\" decoding=\"async\" class=\"lazy\" src=\"https:\/\/graziamagazine.com\/mx\/wp-content\/uploads\/sites\/13\/2023\/03\/Captura-de-Pantalla-2023-03-01-a-las-12.17.19.png?resize=788%2C1194\" alt=\"\" width=\"788\" height=\"1194\" data-recalc-dims=\"1\" \/><\/div>\n<\/figure>\n<figure class=\"gallery-item\">\n<div class=\"gallery-icon landscape\"><img loading=\"lazy\" decoding=\"async\" class=\"lazy\" src=\"https:\/\/graziamagazine.com\/mx\/wp-content\/uploads\/sites\/13\/2023\/03\/Captura-de-Pantalla-2023-03-01-a-las-12.17.15.png?resize=788%2C1194\" alt=\"\" width=\"788\" height=\"1194\" data-recalc-dims=\"1\" \/><\/div>\n<\/figure>\n<\/div>\n<\/div>\n<\/blockquote>\n<p><span style=\"font-weight: 400\">Una <strong>pasarela minimalista<\/strong> con una<strong> alfombra en color beige<\/strong>, los looks lucieron impecables y la ropa habl\u00f3 por s\u00ed misma. Las piezas contaban con <strong>grupos visualmente distintivos<\/strong> y las <strong>siluetas simplistas<\/strong> y <strong>colores apagadoS<\/strong> como el <strong>negro, marr\u00f3n y beige<\/strong> contrastaron con otras piezas con materiales <strong>metalizados, plumas, pieles, lazos, pantalones holgados y siluetas iconicas de Rabanne.<\/strong><\/span><\/p>\n<p><span style=\"font-weight: 400\">Luego, la presentaci\u00f3n se volvi\u00f3 muy, muy emocionante, aumentando los temas surrealistas y futuristas que le ganaron a Rabanne su aclamaci\u00f3n hace mucho tiempo.<\/span><\/p>\n<div class=\"content-gallery\">\n<div class=\"gallery-placeholder\">\n<div class=\"spinner\"><\/div>\n<\/div>\n<p>&nbsp;<\/p>\n<div id=\"gallery-3\" class=\"gallery galleryid- gallery-columns- gallery-size-\">\n<figure class=\"gallery-item\">\n<div class=\"gallery-icon landscape\"><img loading=\"lazy\" decoding=\"async\" class=\"lazy\" src=\"https:\/\/graziamagazine.com\/mx\/wp-content\/uploads\/sites\/13\/2023\/03\/Captura-de-Pantalla-2023-03-01-a-las-12.17.47.png?resize=788%2C1194\" alt=\"\" width=\"788\" height=\"1194\" data-recalc-dims=\"1\" \/><\/div>\n<\/figure>\n<figure class=\"gallery-item\">\n<div class=\"gallery-icon landscape\"><img loading=\"lazy\" decoding=\"async\" class=\"lazy\" src=\"https:\/\/graziamagazine.com\/mx\/wp-content\/uploads\/sites\/13\/2023\/03\/Captura-de-Pantalla-2023-03-01-a-las-12.17.40.png?resize=788%2C1194\" alt=\"\" width=\"788\" height=\"1194\" data-recalc-dims=\"1\" \/><\/div>\n<\/figure>\n<figure class=\"gallery-item\">\n<div class=\"gallery-icon landscape\"><img loading=\"lazy\" decoding=\"async\" class=\"lazy\" src=\"https:\/\/graziamagazine.com\/mx\/wp-content\/uploads\/sites\/13\/2023\/03\/Captura-de-Pantalla-2023-03-01-a-las-12.17.42.png?resize=788%2C1194\" alt=\"\" width=\"788\" height=\"1194\" data-recalc-dims=\"1\" \/><\/div>\n<\/figure>\n<figure class=\"gallery-item\">\n<div class=\"gallery-icon landscape\"><img loading=\"lazy\" decoding=\"async\" class=\"lazy\" src=\"https:\/\/graziamagazine.com\/mx\/wp-content\/uploads\/sites\/13\/2023\/03\/Captura-de-Pantalla-2023-03-01-a-las-12.17.32.png?resize=788%2C1194\" alt=\"\" width=\"788\" height=\"1194\" data-recalc-dims=\"1\" \/><\/div>\n<\/figure>\n<figure class=\"gallery-item\">\n<div class=\"gallery-icon landscape\"><img loading=\"lazy\" decoding=\"async\" class=\"lazy\" src=\"https:\/\/graziamagazine.com\/mx\/wp-content\/uploads\/sites\/13\/2023\/03\/Captura-de-Pantalla-2023-03-01-a-las-12.17.34.png?resize=788%2C1194\" alt=\"\" width=\"788\" height=\"1194\" data-recalc-dims=\"1\" \/><\/div>\n<\/figure>\n<\/div>\n<\/div>\n<p><span style=\"font-weight: 400\">Una serie de cinco vestidos, todos estampados con escenas de<strong> pinturas de Dal\u00ed<\/strong>, incluidas<strong> Las sombras de la noche que descienden<\/strong> y <strong>Sun-Table<\/strong>, cortes\u00eda de la <strong>Fundaci\u00f3n Gala-Salvador Dal\u00ed<\/strong>, fueron enviadas por la pasarela. Los recortes ingeniosos pero sutiles agregaron una capa de textura e intriga visual a las ya muchas piezas emocionantes.<\/span><\/p>\n<p><span style=\"font-weight: 400\">Para finalizar, la pasarela cerr\u00f3 mucho\u00a0 ruido cuando se escucharon vestidos con rejillas de malla met\u00e1lica acentuada con discos de un material que parec\u00eda casi vidrio fueron enviados por la pasarela. <\/span><\/p>\n<p><span style=\"font-weight: 400\">Le sigui\u00f3 un impresionante y meticuloso trabajo de flecos, modelos que brillaban mientras se mov\u00edan en un espejismo met\u00e1lico.<\/span><\/p>\n<div class=\"content-gallery\">\n<div class=\"gallery-placeholder\">\n<div class=\"spinner\"><\/div>\n<\/div>\n<p>&nbsp;<\/p>\n<div id=\"gallery-4\" class=\"gallery galleryid- gallery-columns- gallery-size-\">\n<figure class=\"gallery-item\">\n<div class=\"gallery-icon landscape\"><img loading=\"lazy\" decoding=\"async\" class=\"lazy\" src=\"https:\/\/graziamagazine.com\/mx\/wp-content\/uploads\/sites\/13\/2023\/03\/Captura-de-Pantalla-2023-03-01-a-las-12.18.18.png?resize=788%2C1194\" alt=\"\" width=\"788\" height=\"1194\" data-recalc-dims=\"1\" \/><\/div>\n<\/figure>\n<figure class=\"gallery-item\">\n<div class=\"gallery-icon landscape\"><img loading=\"lazy\" decoding=\"async\" class=\"lazy\" src=\"https:\/\/graziamagazine.com\/mx\/wp-content\/uploads\/sites\/13\/2023\/03\/Captura-de-Pantalla-2023-03-01-a-las-12.18.16.png?resize=788%2C1194\" alt=\"\" width=\"788\" height=\"1194\" data-recalc-dims=\"1\" \/><\/div>\n<\/figure>\n<figure class=\"gallery-item\">\n<div class=\"gallery-icon landscape\"><img loading=\"lazy\" decoding=\"async\" class=\"lazy\" src=\"https:\/\/graziamagazine.com\/mx\/wp-content\/uploads\/sites\/13\/2023\/03\/Captura-de-Pantalla-2023-03-01-a-las-12.18.14.png?resize=788%2C1194\" alt=\"\" width=\"788\" height=\"1194\" data-recalc-dims=\"1\" \/><\/div>\n<\/figure>\n<figure class=\"gallery-item\">\n<div class=\"gallery-icon landscape\"><img loading=\"lazy\" decoding=\"async\" class=\"lazy\" src=\"https:\/\/graziamagazine.com\/mx\/wp-content\/uploads\/sites\/13\/2023\/03\/Captura-de-Pantalla-2023-03-01-a-las-12.18.09.png?resize=788%2C1194\" alt=\"\" width=\"788\" height=\"1194\" data-recalc-dims=\"1\" \/><\/div>\n<\/figure>\n<figure class=\"gallery-item\">\n<div class=\"gallery-icon landscape\"><img loading=\"lazy\" decoding=\"async\" class=\"lazy\" src=\"https:\/\/graziamagazine.com\/mx\/wp-content\/uploads\/sites\/13\/2023\/03\/Captura-de-Pantalla-2023-03-01-a-las-12.17.51.png?resize=788%2C1194\" alt=\"\" width=\"788\" height=\"1194\" data-recalc-dims=\"1\" \/><\/div>\n<\/figure>\n<figure class=\"gallery-item\">\n<div class=\"gallery-icon landscape\"><img loading=\"lazy\" decoding=\"async\" class=\"lazy\" src=\"https:\/\/graziamagazine.com\/mx\/wp-content\/uploads\/sites\/13\/2023\/03\/Captura-de-Pantalla-2023-03-01-a-las-12.17.57.png?resize=788%2C1194\" alt=\"\" width=\"788\" height=\"1194\" data-recalc-dims=\"1\" \/><\/div>\n<\/figure>\n<figure class=\"gallery-item\">\n<div class=\"gallery-icon landscape\"><img loading=\"lazy\" decoding=\"async\" class=\"lazy\" src=\"https:\/\/graziamagazine.com\/mx\/wp-content\/uploads\/sites\/13\/2023\/03\/Captura-de-Pantalla-2023-03-01-a-las-12.17.56.png?resize=788%2C1194\" alt=\"\" width=\"788\" height=\"1194\" data-recalc-dims=\"1\" \/><\/div>\n<\/figure>\n<figure class=\"gallery-item\">\n<div class=\"gallery-icon landscape\"><img loading=\"lazy\" decoding=\"async\" class=\"lazy\" src=\"https:\/\/graziamagazine.com\/mx\/wp-content\/uploads\/sites\/13\/2023\/03\/Captura-de-Pantalla-2023-03-01-a-las-12.17.54.png?resize=788%2C1194\" alt=\"\" width=\"788\" height=\"1194\" data-recalc-dims=\"1\" \/><\/div>\n<\/figure>\n<figure class=\"gallery-item\">\n<div class=\"gallery-icon landscape\"><img loading=\"lazy\" decoding=\"async\" class=\"lazy\" src=\"https:\/\/graziamagazine.com\/mx\/wp-content\/uploads\/sites\/13\/2023\/03\/Captura-de-Pantalla-2023-03-01-a-las-12.17.53.png?resize=788%2C1194\" alt=\"\" width=\"788\" height=\"1194\" data-recalc-dims=\"1\" \/><\/div>\n<\/figure>\n<\/div>\n<\/div>\n<p><span style=\"font-weight: 400\">Dossena dej\u00f3 en cada asiento del espect\u00e1culo una nota firmada agradeciendo a <strong>\u201cMonsieur Rabanne\u201d<\/strong> su \u201cenfoque creativo ut\u00f3pico\u201d y su \u201cexpresi\u00f3n radical\u201d. Como una nota impresa al final de un libro, a la colecci\u00f3n que cre\u00f3 para la ocasi\u00f3n, Dossena cerr\u00f3 el desfile con un final de cinco vestidos originales de Paco Rabanne.<\/span><\/p>\n<p><em><strong>*IMAGEN: Alessandro Lucioni\u00a0<\/strong><\/em><\/p>\n","protected":false},"author":16349,"featured_media":168666,"template":"","format":"standard","categories":[1],"acf":[],"yoast_head":"<!-- This site is optimized with the Yoast SEO Premium plugin v18.5 (Yoast SEO v20.4) - https:\/\/yoast.com\/wordpress\/plugins\/seo\/ -->\n<title>La colecci\u00f3n que refleja un gran homenaje a Paco Rabanne<\/title>\n<meta name=\"description\" content=\"Julien Dossena sigue el gran legado del creador de la maison con una colecci\u00f3n que evoca a todo el esp\u00edritu de Paco Rabanne\" \/>\n<meta name=\"robots\" content=\"index, follow, max-snippet:-1, max-image-preview:large, max-video-preview:-1\" \/>\n<link rel=\"canonical\" href=\"https:\/\/graziamagazine.com\/es\/articles\/la-coleccion-homenaje-a-paco-rabanne-en-pfw\/\" \/>\n<meta property=\"og:locale\" content=\"es_ES\" \/>\n<meta property=\"og:type\" content=\"article\" \/>\n<meta property=\"og:title\" content=\"La colecci\u00f3n homenaje a Paco Rabanne en PFW\" \/>\n<meta property=\"og:description\" content=\"Julien Dossena sigue el gran legado del creador de la maison con una colecci\u00f3n que evoca a todo el esp\u00edritu de Paco Rabanne\" \/>\n<meta property=\"og:url\" content=\"https:\/\/graziamagazine.com\/es\/articles\/la-coleccion-homenaje-a-paco-rabanne-en-pfw\/\" \/>\n<meta property=\"og:site_name\" content=\"Grazia\" \/>\n<meta property=\"og:image\" content=\"https:\/\/graziamagazine.com\/es\/wp-content\/uploads\/sites\/12\/2023\/03\/Captura-de-Pantalla-2023-03-01-a-las-12.18.12-e1677727775989.png\" \/>\n\t<meta property=\"og:image:width\" content=\"785\" \/>\n\t<meta property=\"og:image:height\" content=\"498\" \/>\n\t<meta property=\"og:image:type\" content=\"image\/png\" \/>\n<meta name=\"twitter:card\" content=\"summary_large_image\" \/>\n<meta name=\"twitter:label1\" content=\"Est. reading time\" \/>\n\t<meta name=\"twitter:data1\" content=\"8 minutos\" \/>\n<script type=\"application\/ld+json\" class=\"yoast-schema-graph\">{\"@context\":\"https:\/\/schema.org\",\"@graph\":[{\"@type\":\"WebPage\",\"@id\":\"https:\/\/graziamagazine.com\/es\/articles\/la-coleccion-homenaje-a-paco-rabanne-en-pfw\/\",\"url\":\"https:\/\/graziamagazine.com\/es\/articles\/la-coleccion-homenaje-a-paco-rabanne-en-pfw\/\",\"name\":\"La colecci\u00f3n que refleja un gran homenaje a Paco Rabanne\",\"isPartOf\":{\"@id\":\"https:\/\/graziamagazine.com\/es\/#website\"},\"datePublished\":\"2023-03-02T15:47:08+00:00\",\"dateModified\":\"2023-03-02T15:47:08+00:00\",\"description\":\"Julien Dossena sigue el gran legado del creador de la maison con una colecci\u00f3n que evoca a todo el esp\u00edritu de Paco Rabanne\",\"breadcrumb\":{\"@id\":\"https:\/\/graziamagazine.com\/es\/articles\/la-coleccion-homenaje-a-paco-rabanne-en-pfw\/#breadcrumb\"},\"inLanguage\":\"es\",\"potentialAction\":[{\"@type\":\"ReadAction\",\"target\":[\"https:\/\/graziamagazine.com\/es\/articles\/la-coleccion-homenaje-a-paco-rabanne-en-pfw\/\"]}]},{\"@type\":\"BreadcrumbList\",\"@id\":\"https:\/\/graziamagazine.com\/es\/articles\/la-coleccion-homenaje-a-paco-rabanne-en-pfw\/#breadcrumb\",\"itemListElement\":[{\"@type\":\"ListItem\",\"position\":1,\"name\":\"Portada\",\"item\":\"https:\/\/graziamagazine.com\/es\/\"},{\"@type\":\"ListItem\",\"position\":2,\"name\":\"La colecci\u00f3n homenaje a Paco Rabanne en PFW\"}]},{\"@type\":\"WebSite\",\"@id\":\"https:\/\/graziamagazine.com\/es\/#website\",\"url\":\"https:\/\/graziamagazine.com\/es\/\",\"name\":\"Grazia\",\"description\":\"Moda, belleza, celebrities, estilo de vida...\",\"potentialAction\":[{\"@type\":\"SearchAction\",\"target\":{\"@type\":\"EntryPoint\",\"urlTemplate\":\"https:\/\/graziamagazine.com\/es\/?s={search_term_string}\"},\"query-input\":\"required name=search_term_string\"}],\"inLanguage\":\"es\"}]}<\/script>\n<!-- \/ Yoast SEO Premium plugin. -->","yoast_head_json":{"title":"La colecci\u00f3n que refleja un gran homenaje a Paco Rabanne","description":"Julien Dossena sigue el gran legado del creador de la maison con una colecci\u00f3n que evoca a todo el esp\u00edritu de Paco Rabanne","robots":{"index":"index","follow":"follow","max-snippet":"max-snippet:-1","max-image-preview":"max-image-preview:large","max-video-preview":"max-video-preview:-1"},"canonical":"https:\/\/graziamagazine.com\/es\/articles\/la-coleccion-homenaje-a-paco-rabanne-en-pfw\/","og_locale":"es_ES","og_type":"article","og_title":"La colecci\u00f3n homenaje a Paco Rabanne en PFW","og_description":"Julien Dossena sigue el gran legado del creador de la maison con una colecci\u00f3n que evoca a todo el esp\u00edritu de Paco Rabanne","og_url":"https:\/\/graziamagazine.com\/es\/articles\/la-coleccion-homenaje-a-paco-rabanne-en-pfw\/","og_site_name":"Grazia","og_image":[{"width":785,"height":498,"url":"https:\/\/graziamagazine.com\/es\/wp-content\/uploads\/sites\/12\/2023\/03\/Captura-de-Pantalla-2023-03-01-a-las-12.18.12-e1677727775989.png","type":"image\/png"}],"twitter_card":"summary_large_image","twitter_misc":{"Est. reading time":"8 minutos"},"schema":{"@context":"https:\/\/schema.org","@graph":[{"@type":"WebPage","@id":"https:\/\/graziamagazine.com\/es\/articles\/la-coleccion-homenaje-a-paco-rabanne-en-pfw\/","url":"https:\/\/graziamagazine.com\/es\/articles\/la-coleccion-homenaje-a-paco-rabanne-en-pfw\/","name":"La colecci\u00f3n que refleja un gran homenaje a Paco Rabanne","isPartOf":{"@id":"https:\/\/graziamagazine.com\/es\/#website"},"datePublished":"2023-03-02T15:47:08+00:00","dateModified":"2023-03-02T15:47:08+00:00","description":"Julien Dossena sigue el gran legado del creador de la maison con una colecci\u00f3n que evoca a todo el esp\u00edritu de Paco Rabanne","breadcrumb":{"@id":"https:\/\/graziamagazine.com\/es\/articles\/la-coleccion-homenaje-a-paco-rabanne-en-pfw\/#breadcrumb"},"inLanguage":"es","potentialAction":[{"@type":"ReadAction","target":["https:\/\/graziamagazine.com\/es\/articles\/la-coleccion-homenaje-a-paco-rabanne-en-pfw\/"]}]},{"@type":"BreadcrumbList","@id":"https:\/\/graziamagazine.com\/es\/articles\/la-coleccion-homenaje-a-paco-rabanne-en-pfw\/#breadcrumb","itemListElement":[{"@type":"ListItem","position":1,"name":"Portada","item":"https:\/\/graziamagazine.com\/es\/"},{"@type":"ListItem","position":2,"name":"La colecci\u00f3n homenaje a Paco Rabanne en PFW"}]},{"@type":"WebSite","@id":"https:\/\/graziamagazine.com\/es\/#website","url":"https:\/\/graziamagazine.com\/es\/","name":"Grazia","description":"Moda, belleza, celebrities, estilo de vida...","potentialAction":[{"@type":"SearchAction","target":{"@type":"EntryPoint","urlTemplate":"https:\/\/graziamagazine.com\/es\/?s={search_term_string}"},"query-input":"required name=search_term_string"}],"inLanguage":"es"}]}},"jetpack_sharing_enabled":true,"distributor_meta":false,"distributor_terms":false,"distributor_media":false,"distributor_original_site_name":"Grazia","distributor_original_site_url":"https:\/\/graziamagazine.com\/es","push-errors":false,"_links":{"self":[{"href":"https:\/\/graziamagazine.com\/es\/wp-json\/wp\/v2\/articles\/168665"}],"collection":[{"href":"https:\/\/graziamagazine.com\/es\/wp-json\/wp\/v2\/articles"}],"about":[{"href":"https:\/\/graziamagazine.com\/es\/wp-json\/wp\/v2\/types\/articles"}],"author":[{"embeddable":true,"href":"https:\/\/graziamagazine.com\/es\/wp-json\/wp\/v2\/users\/16349"}],"wp:featuredmedia":[{"embeddable":true,"href":"https:\/\/graziamagazine.com\/es\/wp-json\/wp\/v2\/media\/168666"}],"wp:attachment":[{"href":"https:\/\/graziamagazine.com\/es\/wp-json\/wp\/v2\/media?parent=168665"}],"wp:term":[{"taxonomy":"category","embeddable":true,"href":"https:\/\/graziamagazine.com\/es\/wp-json\/wp\/v2\/categories?post=168665"}],"curies":[{"name":"wp","href":"https:\/\/api.w.org\/{rel}","templated":true}]}}