{"id":168543,"date":"2023-02-24T11:52:12","date_gmt":"2023-02-24T10:52:12","guid":{"rendered":"https:\/\/graziamagazine.com\/es\/?post_type=articles&#038;p=168543"},"modified":"2023-02-24T11:52:12","modified_gmt":"2023-02-24T10:52:12","slug":"prada-presenta-en-mfw-una-coleccion-inspirada-en-el-ahora","status":"publish","type":"articles","link":"https:\/\/graziamagazine.com\/es\/articles\/prada-presenta-en-mfw-una-coleccion-inspirada-en-el-ahora\/","title":{"rendered":"Prada presenta en MFW una colecci\u00f3n inspirada en el ahora"},"content":{"rendered":"<p><span style=\"font-weight: 400\">Justamente hoy, hace un a\u00f1o, comenz\u00f3 uno de los acontecimientos m\u00e1s tristes de este siglo. La invasi\u00f3n de <strong>Rusia a Ucrania<\/strong>, una situaci\u00f3n que desencaden\u00f3 fuertes consecuencias no solo para ambos pa\u00edses, sino para millones de personas, industrias y sectores.\u00a0<\/span><\/p>\n<p><span style=\"font-weight: 400\"><strong>Prada<\/strong> present\u00f3 su <strong>nueva colecci\u00f3n Fall 2023<\/strong>, donde la visi\u00f3n de la direcci\u00f3n creativa dio un paso m\u00e1s all\u00e1 de solamente presentar una l\u00ednea con un concepto superficial.<\/span><\/p>\n<div class=\"content-gallery\">\n<div class=\"gallery-placeholder\">\n<div class=\"spinner\"><\/div>\n<\/div>\n<p>&nbsp;<\/p>\n<div id=\"gallery-1\" class=\"gallery galleryid- gallery-columns- gallery-size-\">\n<figure class=\"gallery-item\">\n<div class=\"gallery-icon landscape\"><img loading=\"lazy\" decoding=\"async\" class=\"lazy\" src=\"https:\/\/graziamagazine.com\/mx\/wp-content\/uploads\/sites\/13\/2023\/02\/Captura-de-Pantalla-2023-02-23-a-las-16.54.45.png?resize=750%2C1128\" alt=\"\" width=\"750\" height=\"1128\" data-recalc-dims=\"1\" \/><\/div><figcaption id=\"gallery-1-122074\" class=\"wp-caption-text gallery-caption\">Prada, Fall 2023, Colecci\u00f3n, Moda, Miuccia Prada, Raf Simons<\/figcaption><\/figure>\n<figure class=\"gallery-item\">\n<div class=\"gallery-icon landscape\"><img loading=\"lazy\" decoding=\"async\" class=\"lazy\" src=\"https:\/\/graziamagazine.com\/mx\/wp-content\/uploads\/sites\/13\/2023\/02\/Captura-de-Pantalla-2023-02-23-a-las-16.54.31.png?resize=738%2C1124\" alt=\"\" width=\"738\" height=\"1124\" data-recalc-dims=\"1\" \/><\/div>\n<\/figure>\n<figure class=\"gallery-item\">\n<div class=\"gallery-icon landscape\"><img loading=\"lazy\" decoding=\"async\" class=\"lazy\" src=\"https:\/\/graziamagazine.com\/mx\/wp-content\/uploads\/sites\/13\/2023\/02\/Captura-de-Pantalla-2023-02-23-a-las-16.53.49.png?resize=730%2C1126\" alt=\"\" width=\"730\" height=\"1126\" data-recalc-dims=\"1\" \/><\/div>\n<\/figure>\n<figure class=\"gallery-item\">\n<div class=\"gallery-icon landscape\"><img loading=\"lazy\" decoding=\"async\" class=\"lazy\" src=\"https:\/\/graziamagazine.com\/mx\/wp-content\/uploads\/sites\/13\/2023\/02\/Captura-de-Pantalla-2023-02-23-a-las-16.54.36.png?resize=746%2C1140\" alt=\"\" width=\"746\" height=\"1140\" data-recalc-dims=\"1\" \/><\/div>\n<\/figure>\n<figure class=\"gallery-item\">\n<div class=\"gallery-icon landscape\"><img loading=\"lazy\" decoding=\"async\" class=\"lazy\" src=\"https:\/\/graziamagazine.com\/mx\/wp-content\/uploads\/sites\/13\/2023\/02\/Captura-de-Pantalla-2023-02-23-a-las-16.54.11.png?resize=734%2C1136\" alt=\"\" width=\"734\" height=\"1136\" data-recalc-dims=\"1\" \/><\/div>\n<\/figure>\n<\/div>\n<\/div>\n<p><span style=\"font-weight: 400\">De una manera profunda y cotidiana, <strong>Miuccia Prada y Raf Simons<\/strong> declararon que la inspiraci\u00f3n de esta colecci\u00f3n radica en la importancia del ahora.<\/span><\/p>\n<blockquote><p><span style=\"font-weight: 400\">\u201cPrincipalmente lo que me importa ahora es darle importancia a lo modesto, a valorar los trabajos modestos, los trabajos sencillos y no solo la belleza extrema o el glamour\u201d, dijo Prada.<\/span><\/p><\/blockquote>\n<p><span style=\"font-weight: 400\">Como esencia propia de la firma, Prada siempre ha negado lo obvio, <strong>busca lo particular dentro de los detalles<\/strong> y los convierte en una voz \u00fanica e inigualable.<\/span><\/p>\n<div class=\"content-gallery\">\n<div class=\"gallery-placeholder\">\n<div class=\"spinner\"><\/div>\n<\/div>\n<p>&nbsp;<\/p>\n<div id=\"gallery-2\" class=\"gallery galleryid- gallery-columns- gallery-size-\">\n<figure class=\"gallery-item\">\n<div class=\"gallery-icon landscape\"><img loading=\"lazy\" decoding=\"async\" class=\"lazy\" src=\"https:\/\/graziamagazine.com\/mx\/wp-content\/uploads\/sites\/13\/2023\/02\/Captura-de-Pantalla-2023-02-23-a-las-16.54.06.png?resize=742%2C1126\" alt=\"\" width=\"742\" height=\"1126\" data-recalc-dims=\"1\" \/><\/div><figcaption id=\"gallery-2-122072\" class=\"wp-caption-text gallery-caption\">Prada, Fall 2023, Colecci\u00f3n, Moda, Miuccia Prada, Raf Simons<\/figcaption><\/figure>\n<figure class=\"gallery-item\">\n<div class=\"gallery-icon landscape\"><img loading=\"lazy\" decoding=\"async\" class=\"lazy\" src=\"https:\/\/graziamagazine.com\/mx\/wp-content\/uploads\/sites\/13\/2023\/02\/Captura-de-Pantalla-2023-02-23-a-las-16.54.41.png?resize=736%2C1134\" alt=\"\" width=\"736\" height=\"1134\" data-recalc-dims=\"1\" \/><\/div>\n<\/figure>\n<figure class=\"gallery-item\">\n<div class=\"gallery-icon landscape\"><img loading=\"lazy\" decoding=\"async\" class=\"lazy\" src=\"https:\/\/graziamagazine.com\/mx\/wp-content\/uploads\/sites\/13\/2023\/02\/Captura-de-Pantalla-2023-02-23-a-las-16.54.02.png?resize=748%2C1126\" alt=\"\" width=\"748\" height=\"1126\" data-recalc-dims=\"1\" \/><\/div>\n<\/figure>\n<figure class=\"gallery-item\">\n<div class=\"gallery-icon landscape\"><img loading=\"lazy\" decoding=\"async\" class=\"lazy\" src=\"https:\/\/graziamagazine.com\/mx\/wp-content\/uploads\/sites\/13\/2023\/02\/Captura-de-Pantalla-2023-02-23-a-las-16.54.23.png?resize=740%2C1136\" alt=\"\" width=\"740\" height=\"1136\" data-recalc-dims=\"1\" \/><\/div>\n<\/figure>\n<figure class=\"gallery-item\">\n<div class=\"gallery-icon landscape\"><img loading=\"lazy\" decoding=\"async\" class=\"lazy\" src=\"https:\/\/graziamagazine.com\/mx\/wp-content\/uploads\/sites\/13\/2023\/02\/Captura-de-Pantalla-2023-02-23-a-las-16.53.58.png?resize=730%2C1122\" alt=\"\" width=\"730\" height=\"1122\" data-recalc-dims=\"1\" \/><\/div>\n<\/figure>\n<\/div>\n<\/div>\n<p><span style=\"font-weight: 400\">Esta temporada Simons explora los uniformes y, por extensi\u00f3n,<strong> honrar los actos humildes y afectuosos<\/strong> de las personas que los usan.<\/span><\/p>\n<p><span style=\"font-weight: 400\">Sin duda, el respeto por retomar acontecimientos hist\u00f3ricos y sobre todo, situaciones sensibles, siempre ser\u00e1 un tema pol\u00e9mico dentro de cualquier industria.\u00a0<\/span><\/p>\n<p><span style=\"font-weight: 400\">Sin embargo, la casa de moda se ha sensibilizado con una narrativa que enaltece los<strong> uniformes blancos de las enfermeras<\/strong>, transform\u00e1ndolos en vestidos camiseros largos con colas cortas, y un tr\u00edo de capas podr\u00eda haber sido sacado de un cartel de reclutamiento de la \u00e9poca de la <strong>Segunda Guerra Mundial<\/strong> para el cuerpo de enfermeras del ej\u00e9rcito.<\/span><\/p>\n<div class=\"content-gallery\">\n<div class=\"gallery-placeholder\">\n<div class=\"spinner\"><\/div>\n<\/div>\n<p>&nbsp;<\/p>\n<div id=\"gallery-3\" class=\"gallery galleryid- gallery-columns- gallery-size-\">\n<figure class=\"gallery-item\">\n<div class=\"gallery-icon landscape\"><img loading=\"lazy\" decoding=\"async\" class=\"lazy\" src=\"https:\/\/graziamagazine.com\/mx\/wp-content\/uploads\/sites\/13\/2023\/02\/Captura-de-Pantalla-2023-02-23-a-las-16.54.15.png?resize=730%2C1128\" alt=\"\" width=\"730\" height=\"1128\" data-recalc-dims=\"1\" \/><\/div><figcaption id=\"gallery-3-122075\" class=\"wp-caption-text gallery-caption\">Prada, Fall 2023, Colecci\u00f3n, Moda, Miuccia Prada, Raf Simons<\/figcaption><\/figure>\n<figure class=\"gallery-item\">\n<div class=\"gallery-icon landscape\"><img loading=\"lazy\" decoding=\"async\" class=\"lazy\" src=\"https:\/\/graziamagazine.com\/mx\/wp-content\/uploads\/sites\/13\/2023\/02\/Captura-de-Pantalla-2023-02-23-a-las-16.55.03.png?resize=746%2C1116\" alt=\"\" width=\"746\" height=\"1116\" data-recalc-dims=\"1\" \/><\/div>\n<\/figure>\n<figure class=\"gallery-item\">\n<div class=\"gallery-icon landscape\"><img loading=\"lazy\" decoding=\"async\" class=\"lazy\" src=\"https:\/\/graziamagazine.com\/mx\/wp-content\/uploads\/sites\/13\/2023\/02\/Captura-de-Pantalla-2023-02-23-a-las-16.54.19.png?resize=740%2C1130\" alt=\"\" width=\"740\" height=\"1130\" data-recalc-dims=\"1\" \/><\/div>\n<\/figure>\n<figure class=\"gallery-item\">\n<div class=\"gallery-icon landscape\"><img loading=\"lazy\" decoding=\"async\" class=\"lazy\" src=\"https:\/\/graziamagazine.com\/mx\/wp-content\/uploads\/sites\/13\/2023\/02\/Captura-de-Pantalla-2023-02-23-a-las-16.55.07.png?resize=740%2C1138\" alt=\"\" width=\"740\" height=\"1138\" data-recalc-dims=\"1\" \/><\/div>\n<\/figure>\n<\/div>\n<\/div>\n<p><span style=\"font-weight: 400\">Dentro de la colecci\u00f3n se encuentran <strong>uniformes militares<\/strong> , parkas con un toque de elegancia, <strong>camisas militares<\/strong> y corbatas metidas en pantalones c\u00f3nicos de corte alto.<\/span><\/p>\n<p><span style=\"font-weight: 400\">No olvidemos que la feminidad es una caracter\u00edstica que tambi\u00e9n se ha vuelto una poes\u00eda dentro de las colecciones con tem\u00e1ticas \u201cmasculinas\u201d.<strong> Faldas, mini faldas,\u00a0 l\u00e1piz y voluminosas faldas oscilantes<\/strong>, todas hicieron su aparici\u00f3n, algunas acentuadas con m\u00e1s de esas <strong>flores de tela de origami.<\/strong><\/span><\/p>\n<p><span style=\"font-weight: 400\">Los sencillos su\u00e9teres de cuello redondo en <strong>color camel y gris carb\u00f3n<\/strong> con los que se combinaron fueron un mensaje contundente que nos invita a valorar la belleza de lo sutil.<\/span><\/p>\n<div class=\"content-gallery\">\n<div class=\"gallery-placeholder\">\n<div class=\"spinner\"><\/div>\n<\/div>\n<p>&nbsp;<\/p>\n<div id=\"gallery-4\" class=\"gallery galleryid- gallery-columns- gallery-size-\">\n<figure class=\"gallery-item\">\n<div class=\"gallery-icon landscape\"><img loading=\"lazy\" decoding=\"async\" class=\"lazy\" src=\"https:\/\/graziamagazine.com\/mx\/wp-content\/uploads\/sites\/13\/2023\/02\/Captura-de-Pantalla-2023-02-23-a-las-16.55.13.png?resize=754%2C1130\" alt=\"\" width=\"754\" height=\"1130\" data-recalc-dims=\"1\" \/><\/div><figcaption id=\"gallery-4-122081\" class=\"wp-caption-text gallery-caption\">Prada, Fall 2023, Colecci\u00f3n, Moda, Miuccia Prada, Raf Simons<\/figcaption><\/figure>\n<figure class=\"gallery-item\">\n<div class=\"gallery-icon landscape\"><img loading=\"lazy\" decoding=\"async\" class=\"lazy\" src=\"https:\/\/graziamagazine.com\/mx\/wp-content\/uploads\/sites\/13\/2023\/02\/Captura-de-Pantalla-2023-02-23-a-las-16.54.27.png?resize=740%2C1126\" alt=\"\" width=\"740\" height=\"1126\" data-recalc-dims=\"1\" \/><\/div>\n<\/figure>\n<\/div>\n<\/div>\n<p><em><strong>*IMAGEN: Isidoro Montag<\/strong><\/em><\/p>\n","protected":false},"author":28953,"featured_media":168544,"template":"","format":"standard","categories":[1],"acf":[],"yoast_head":"<!-- This site is optimized with the Yoast SEO Premium plugin v18.5 (Yoast SEO v20.4) - https:\/\/yoast.com\/wordpress\/plugins\/seo\/ -->\n<title>Prada Fall 2023 Ready-to-Wear<\/title>\n<meta name=\"description\" content=\"Prada presenta una colecci\u00f3n que va m\u00e1s all\u00e1 de la superficialidad de la moda y nos recuerda el valor de la belleza sencilla\" \/>\n<meta name=\"robots\" content=\"index, follow, max-snippet:-1, max-image-preview:large, max-video-preview:-1\" \/>\n<link rel=\"canonical\" href=\"https:\/\/graziamagazine.com\/es\/articles\/prada-presenta-en-mfw-una-coleccion-inspirada-en-el-ahora\/\" \/>\n<meta property=\"og:locale\" content=\"es_ES\" \/>\n<meta property=\"og:type\" content=\"article\" \/>\n<meta property=\"og:title\" content=\"Prada presenta en MFW una colecci\u00f3n inspirada en el ahora\" \/>\n<meta property=\"og:description\" content=\"Prada presenta una colecci\u00f3n que va m\u00e1s all\u00e1 de la superficialidad de la moda y nos recuerda el valor de la belleza sencilla\" \/>\n<meta property=\"og:url\" content=\"https:\/\/graziamagazine.com\/es\/articles\/prada-presenta-en-mfw-una-coleccion-inspirada-en-el-ahora\/\" \/>\n<meta property=\"og:site_name\" content=\"Grazia\" \/>\n<meta property=\"og:image\" content=\"https:\/\/graziamagazine.com\/es\/wp-content\/uploads\/sites\/12\/2023\/02\/Captura-de-Pantalla-2023-02-23-a-las-17.01.50-e1677193379200.png\" \/>\n\t<meta property=\"og:image:width\" content=\"746\" \/>\n\t<meta property=\"og:image:height\" content=\"525\" \/>\n\t<meta property=\"og:image:type\" content=\"image\/png\" \/>\n<meta name=\"twitter:card\" content=\"summary_large_image\" \/>\n<meta name=\"twitter:label1\" content=\"Est. reading time\" \/>\n\t<meta name=\"twitter:data1\" content=\"5 minutos\" \/>\n<script type=\"application\/ld+json\" class=\"yoast-schema-graph\">{\"@context\":\"https:\/\/schema.org\",\"@graph\":[{\"@type\":\"WebPage\",\"@id\":\"https:\/\/graziamagazine.com\/es\/articles\/prada-presenta-en-mfw-una-coleccion-inspirada-en-el-ahora\/\",\"url\":\"https:\/\/graziamagazine.com\/es\/articles\/prada-presenta-en-mfw-una-coleccion-inspirada-en-el-ahora\/\",\"name\":\"Prada Fall 2023 Ready-to-Wear\",\"isPartOf\":{\"@id\":\"https:\/\/graziamagazine.com\/es\/#website\"},\"datePublished\":\"2023-02-24T10:52:12+00:00\",\"dateModified\":\"2023-02-24T10:52:12+00:00\",\"description\":\"Prada presenta una colecci\u00f3n que va m\u00e1s all\u00e1 de la superficialidad de la moda y nos recuerda el valor de la belleza sencilla\",\"breadcrumb\":{\"@id\":\"https:\/\/graziamagazine.com\/es\/articles\/prada-presenta-en-mfw-una-coleccion-inspirada-en-el-ahora\/#breadcrumb\"},\"inLanguage\":\"es\",\"potentialAction\":[{\"@type\":\"ReadAction\",\"target\":[\"https:\/\/graziamagazine.com\/es\/articles\/prada-presenta-en-mfw-una-coleccion-inspirada-en-el-ahora\/\"]}]},{\"@type\":\"BreadcrumbList\",\"@id\":\"https:\/\/graziamagazine.com\/es\/articles\/prada-presenta-en-mfw-una-coleccion-inspirada-en-el-ahora\/#breadcrumb\",\"itemListElement\":[{\"@type\":\"ListItem\",\"position\":1,\"name\":\"Portada\",\"item\":\"https:\/\/graziamagazine.com\/es\/\"},{\"@type\":\"ListItem\",\"position\":2,\"name\":\"Prada presenta en MFW una colecci\u00f3n inspirada en el ahora\"}]},{\"@type\":\"WebSite\",\"@id\":\"https:\/\/graziamagazine.com\/es\/#website\",\"url\":\"https:\/\/graziamagazine.com\/es\/\",\"name\":\"Grazia\",\"description\":\"Moda, belleza, celebrities, estilo de vida...\",\"potentialAction\":[{\"@type\":\"SearchAction\",\"target\":{\"@type\":\"EntryPoint\",\"urlTemplate\":\"https:\/\/graziamagazine.com\/es\/?s={search_term_string}\"},\"query-input\":\"required name=search_term_string\"}],\"inLanguage\":\"es\"}]}<\/script>\n<!-- \/ Yoast SEO Premium plugin. -->","yoast_head_json":{"title":"Prada Fall 2023 Ready-to-Wear","description":"Prada presenta una colecci\u00f3n que va m\u00e1s all\u00e1 de la superficialidad de la moda y nos recuerda el valor de la belleza sencilla","robots":{"index":"index","follow":"follow","max-snippet":"max-snippet:-1","max-image-preview":"max-image-preview:large","max-video-preview":"max-video-preview:-1"},"canonical":"https:\/\/graziamagazine.com\/es\/articles\/prada-presenta-en-mfw-una-coleccion-inspirada-en-el-ahora\/","og_locale":"es_ES","og_type":"article","og_title":"Prada presenta en MFW una colecci\u00f3n inspirada en el ahora","og_description":"Prada presenta una colecci\u00f3n que va m\u00e1s all\u00e1 de la superficialidad de la moda y nos recuerda el valor de la belleza sencilla","og_url":"https:\/\/graziamagazine.com\/es\/articles\/prada-presenta-en-mfw-una-coleccion-inspirada-en-el-ahora\/","og_site_name":"Grazia","og_image":[{"width":746,"height":525,"url":"https:\/\/graziamagazine.com\/es\/wp-content\/uploads\/sites\/12\/2023\/02\/Captura-de-Pantalla-2023-02-23-a-las-17.01.50-e1677193379200.png","type":"image\/png"}],"twitter_card":"summary_large_image","twitter_misc":{"Est. reading time":"5 minutos"},"schema":{"@context":"https:\/\/schema.org","@graph":[{"@type":"WebPage","@id":"https:\/\/graziamagazine.com\/es\/articles\/prada-presenta-en-mfw-una-coleccion-inspirada-en-el-ahora\/","url":"https:\/\/graziamagazine.com\/es\/articles\/prada-presenta-en-mfw-una-coleccion-inspirada-en-el-ahora\/","name":"Prada Fall 2023 Ready-to-Wear","isPartOf":{"@id":"https:\/\/graziamagazine.com\/es\/#website"},"datePublished":"2023-02-24T10:52:12+00:00","dateModified":"2023-02-24T10:52:12+00:00","description":"Prada presenta una colecci\u00f3n que va m\u00e1s all\u00e1 de la superficialidad de la moda y nos recuerda el valor de la belleza sencilla","breadcrumb":{"@id":"https:\/\/graziamagazine.com\/es\/articles\/prada-presenta-en-mfw-una-coleccion-inspirada-en-el-ahora\/#breadcrumb"},"inLanguage":"es","potentialAction":[{"@type":"ReadAction","target":["https:\/\/graziamagazine.com\/es\/articles\/prada-presenta-en-mfw-una-coleccion-inspirada-en-el-ahora\/"]}]},{"@type":"BreadcrumbList","@id":"https:\/\/graziamagazine.com\/es\/articles\/prada-presenta-en-mfw-una-coleccion-inspirada-en-el-ahora\/#breadcrumb","itemListElement":[{"@type":"ListItem","position":1,"name":"Portada","item":"https:\/\/graziamagazine.com\/es\/"},{"@type":"ListItem","position":2,"name":"Prada presenta en MFW una colecci\u00f3n inspirada en el ahora"}]},{"@type":"WebSite","@id":"https:\/\/graziamagazine.com\/es\/#website","url":"https:\/\/graziamagazine.com\/es\/","name":"Grazia","description":"Moda, belleza, celebrities, estilo de vida...","potentialAction":[{"@type":"SearchAction","target":{"@type":"EntryPoint","urlTemplate":"https:\/\/graziamagazine.com\/es\/?s={search_term_string}"},"query-input":"required name=search_term_string"}],"inLanguage":"es"}]}},"jetpack_sharing_enabled":true,"distributor_meta":false,"distributor_terms":false,"distributor_media":false,"distributor_original_site_name":"Grazia","distributor_original_site_url":"https:\/\/graziamagazine.com\/es","push-errors":false,"_links":{"self":[{"href":"https:\/\/graziamagazine.com\/es\/wp-json\/wp\/v2\/articles\/168543"}],"collection":[{"href":"https:\/\/graziamagazine.com\/es\/wp-json\/wp\/v2\/articles"}],"about":[{"href":"https:\/\/graziamagazine.com\/es\/wp-json\/wp\/v2\/types\/articles"}],"author":[{"embeddable":true,"href":"https:\/\/graziamagazine.com\/es\/wp-json\/wp\/v2\/users\/28953"}],"wp:featuredmedia":[{"embeddable":true,"href":"https:\/\/graziamagazine.com\/es\/wp-json\/wp\/v2\/media\/168544"}],"wp:attachment":[{"href":"https:\/\/graziamagazine.com\/es\/wp-json\/wp\/v2\/media?parent=168543"}],"wp:term":[{"taxonomy":"category","embeddable":true,"href":"https:\/\/graziamagazine.com\/es\/wp-json\/wp\/v2\/categories?post=168543"}],"curies":[{"name":"wp","href":"https:\/\/api.w.org\/{rel}","templated":true}]}}