{"id":168539,"date":"2023-02-27T09:00:25","date_gmt":"2023-02-27T08:00:25","guid":{"rendered":"https:\/\/graziamagazine.com\/es\/?post_type=articles&#038;p=168539"},"modified":"2023-02-27T10:51:35","modified_gmt":"2023-02-27T09:51:35","slug":"todos-los-estrenos-de-netflix-en-marzo-de-2023","status":"publish","type":"articles","link":"https:\/\/graziamagazine.com\/es\/articles\/todos-los-estrenos-de-netflix-en-marzo-de-2023\/","title":{"rendered":"Todos los estrenos de Netflix en marzo de 2023"},"content":{"rendered":"<p><span style=\"font-weight: 400\">Un nuevo mes, \u00a1nuevos estrenos! El \u00faltimo mes de la estaci\u00f3n invernal est\u00e1 por llegar, por lo que marzo aterriza para dar la bienvenida a la primavera, y a m\u00e1s y mejores contenidos en Netflix.<\/span><\/p>\n<p><span style=\"font-weight: 400\">Muchas nuevas temporadas de tus series favoritas, as\u00ed como muchas nuevas producciones para todos los gustos y edades, llegan a la pantalla chica el pr\u00f3ximo mes.<\/span><\/p>\n<p><span style=\"font-weight: 400\">Sin m\u00e1s, esta es la lista de<strong> estrenos del mes de marzo:<\/strong><\/span><\/p>\n<h3><strong>SERIES<\/strong><\/h3>\n<p><strong>Sexo\/Vida<\/strong><\/p>\n<p><span style=\"font-weight: 400\">Temporada 2<\/span><\/p>\n<p><span style=\"font-weight: 400\">Billie se enfrenta a nuevos desaf\u00edos e intensos deseos mientras persigue la vida que quiere para ella. \u00bfPero podr\u00e1 tenerlo todo?<\/span><\/p>\n<p><span style=\"font-weight: 400\"><strong>Estreno:<\/strong> 2 de marzo.<\/span><\/p>\n<figure id=\"attachment_122058\" class=\"wp-caption aligncenter\" style=\"width: 1024px\" aria-describedby=\"caption-attachment-122058\"><img loading=\"lazy\" decoding=\"async\" class=\"wp-image-122058 size-large\" src=\"https:\/\/graziamagazine.com\/mx\/wp-content\/uploads\/sites\/13\/2023\/02\/Sexo-Vida-Temporada-2.jpg?w=1024&amp;resize=1024%2C512\" alt=\"\" width=\"1024\" height=\"512\" data-recalc-dims=\"1\" \/><\/figure>\n<p><strong>Next in Fashion<\/strong><\/p>\n<p><span style=\"font-weight: 400\">Temporada 2<\/span><\/p>\n<p><span style=\"font-weight: 400\">La supermodelo Gigi Hadid se une a Tan France y a un panel de jueces para una nueva ronda de competencia en busca del nuevo gran talento de la moda.<\/span><\/p>\n<p><span style=\"font-weight: 400\"><strong>Estreno:<\/strong> 3 de marzo.<\/span><\/p>\n<figure id=\"attachment_122059\" class=\"wp-caption alignnone\" style=\"width: 1024px\" aria-describedby=\"caption-attachment-122059\"><img loading=\"lazy\" decoding=\"async\" class=\"wp-image-122059 size-large\" src=\"https:\/\/graziamagazine.com\/mx\/wp-content\/uploads\/sites\/13\/2023\/02\/Next-in-Fashion-Temporada-2.jpg?w=1024&amp;resize=1024%2C683\" alt=\"\" width=\"1024\" height=\"683\" data-recalc-dims=\"1\" \/><\/figure>\n<p><strong>You<\/strong><\/p>\n<p><span style=\"font-weight: 400\">Temporada 4 \u2013 Parte 2<\/span><\/p>\n<p><span style=\"font-weight: 400\">Con la promesa de dejar atr\u00e1s el pasado y ser su mejor versi\u00f3n, Joe empieza de cero en Londres. Hasta que encuentra una nueva obsesi\u00f3n.<\/span><\/p>\n<p><span style=\"font-weight: 400\"><strong>Estreno:<\/strong> 9 de marzo.<\/span><\/p>\n<figure id=\"attachment_122055\" class=\"wp-caption alignnone\" style=\"width: 1024px\" aria-describedby=\"caption-attachment-122055\"><img loading=\"lazy\" decoding=\"async\" class=\"wp-image-122055 size-large\" src=\"https:\/\/graziamagazine.com\/mx\/wp-content\/uploads\/sites\/13\/2023\/02\/You-Temporada-4-Parte-2.jpg?w=1024&amp;resize=1024%2C683\" alt=\"\" width=\"1024\" height=\"683\" data-recalc-dims=\"1\" \/><\/figure>\n<p><strong>La ley de la selva<\/strong><\/p>\n<p><span style=\"font-weight: 400\">En medio de la selva, 12 personas pueden competir en equipo o sabotearse mutuamente para llevarse un millonario premio. Una feroz competencia f\u00edsica y mental donde todos tienen un precio. \u00bfCu\u00e1l es el tuyo?<\/span><\/p>\n<p><span style=\"font-weight: 400\"><strong>Estreno:<\/strong> 15 de marzo:<\/span><\/p>\n<figure id=\"attachment_122061\" class=\"wp-caption alignnone\" style=\"width: 1024px\" aria-describedby=\"caption-attachment-122061\"><img loading=\"lazy\" decoding=\"async\" class=\"wp-image-122061 size-large\" src=\"https:\/\/graziamagazine.com\/mx\/wp-content\/uploads\/sites\/13\/2023\/02\/La-ley-de-la-selva.jpg?w=1024&amp;resize=1024%2C709\" alt=\"\" width=\"1024\" height=\"709\" data-recalc-dims=\"1\" \/><\/figure>\n<p><strong>Sombra y hueso<\/strong><\/p>\n<p><span style=\"font-weight: 400\">Temporada 2\u00a0<\/span><\/p>\n<p><span style=\"font-weight: 400\">Tras su enfrentamiento con Kirigan, Alina y Mal forjan nuevas alianzas y enfrentan dilemas desgarradores mientras buscan m\u00e1s amplificadores m\u00edticos.<\/span><\/p>\n<p><span style=\"font-weight: 400\"><strong>Estreno:<\/strong> 16 de marzo.<\/span><\/p>\n<figure id=\"attachment_122057\" class=\"wp-caption alignnone\" style=\"width: 1024px\" aria-describedby=\"caption-attachment-122057\"><img loading=\"lazy\" decoding=\"async\" class=\"wp-image-122057 size-large\" src=\"https:\/\/graziamagazine.com\/mx\/wp-content\/uploads\/sites\/13\/2023\/02\/Sombra-y-hueso-Temporada-2.jpg?w=1024&amp;resize=1024%2C512\" alt=\"\" width=\"1024\" height=\"512\" data-recalc-dims=\"1\" \/><\/figure>\n<p><strong>Hasta el cielo<\/strong><\/p>\n<p><span style=\"font-weight: 400\">Al enviudar, Sole decide asegurar el futuro de su hijo uni\u00e9ndose a la banda de ladrones de su difunto esposo, lo que le vale la enemistad de su padre.<\/span><\/p>\n<p><span style=\"font-weight: 400\"><strong>Estreno:<\/strong> 17 de marzo.<\/span><img loading=\"lazy\" decoding=\"async\" class=\"alignnone wp-image-122063 size-large\" src=\"https:\/\/graziamagazine.com\/mx\/wp-content\/uploads\/sites\/13\/2023\/02\/Hasta-el-Cielo.jpg?w=1024&amp;resize=1024%2C683\" alt=\"\" width=\"1024\" height=\"683\" data-recalc-dims=\"1\" \/><strong>Soy Georgina<\/strong><\/p>\n<p><span style=\"font-weight: 400\">Temporada 2<\/span><\/p>\n<p><span style=\"font-weight: 400\">A veces, los mejores y los peores momentos van de la mano. Descubre la asombrosa vida de la estrella internacional Georgina Rodr\u00edguez.<\/span><\/p>\n<p><span style=\"font-weight: 400\"><strong>Estreno:<\/strong> 17 de marzo.<\/span><\/p>\n<figure id=\"attachment_122056\" class=\"wp-caption alignnone\" style=\"width: 1024px\" aria-describedby=\"caption-attachment-122056\"><img loading=\"lazy\" decoding=\"async\" class=\"wp-image-122056 size-large\" src=\"https:\/\/graziamagazine.com\/mx\/wp-content\/uploads\/sites\/13\/2023\/02\/Soy-Georgina-Temporada-2.jpg?w=1024&amp;resize=1024%2C576\" alt=\"\" width=\"1024\" height=\"576\" data-recalc-dims=\"1\" \/><\/figure>\n<p><strong>Agente Elvis<\/strong><\/p>\n<p><span style=\"font-weight: 400\">Elvis cambia su traje por una mochila propulsora cuando se suma a un programa secreto de esp\u00edas para combatir a los villanos que amenazan al mundo.<\/span><\/p>\n<p><span style=\"font-weight: 400\"><strong>Estreno:<\/strong> 22 de marzo.<\/span><\/p>\n<figure id=\"attachment_122065\" class=\"wp-caption alignnone\" style=\"width: 1024px\" aria-describedby=\"caption-attachment-122065\"><img loading=\"lazy\" decoding=\"async\" class=\"wp-image-122065 size-large\" src=\"https:\/\/graziamagazine.com\/mx\/wp-content\/uploads\/sites\/13\/2023\/02\/Agente-Elvis.jpg?w=1024&amp;resize=1024%2C576\" alt=\"\" width=\"1024\" height=\"576\" data-recalc-dims=\"1\" \/><\/figure>\n<p><strong>El Reino<\/strong><\/p>\n<p><span style=\"font-weight: 400\">Temporada 2<\/span><\/p>\n<p><span style=\"font-weight: 400\">El Reino, el thriller pol\u00edtico hecho en Argentina llegar\u00e1 a su fin en su segunda temporada, con un \u00e9pico enfrentamiento entre el bien y el mal<\/span><\/p>\n<p><span style=\"font-weight: 400\"><strong>Estreno:<\/strong> 22 de marzo.<\/span><\/p>\n<figure id=\"attachment_122064\" class=\"wp-caption alignnone\" style=\"width: 1024px\" aria-describedby=\"caption-attachment-122064\"><img loading=\"lazy\" decoding=\"async\" class=\"wp-image-122064 size-large\" src=\"https:\/\/graziamagazine.com\/mx\/wp-content\/uploads\/sites\/13\/2023\/02\/El-Reino-Temporada-2.jpg?w=1024&amp;resize=1024%2C709\" alt=\"\" width=\"1024\" height=\"709\" data-recalc-dims=\"1\" \/><\/figure>\n<h3><strong>PEL\u00cdCULAS\u00a0<\/strong><\/h3>\n<p><strong>Eres t\u00fa<\/strong><\/p>\n<p><span style=\"font-weight: 400\">Javier puede ver el futuro y por fin descubre qui\u00e9n ser\u00e1 el amor de su vida. Solo hay un problema: es la novia de su mejor amigo.<\/span><\/p>\n<p><span style=\"font-weight: 400\"><strong>Estreno:<\/strong> 3 de marzo.<\/span><\/p>\n<p><img loading=\"lazy\" decoding=\"async\" class=\"alignnone wp-image-122045 size-large\" src=\"https:\/\/graziamagazine.com\/mx\/wp-content\/uploads\/sites\/13\/2023\/02\/Eres-tu.jpg?w=1024&amp;resize=1024%2C681\" alt=\"\" width=\"1024\" height=\"681\" data-recalc-dims=\"1\" \/><strong>Muy lejos<\/strong><\/p>\n<p><span style=\"font-weight: 400\">Tras heredar una casa en una isla croata, una mujer emprende un viaje imprevisto que le devuelve la fe en la vida y le abre las puertas del amor.<\/span><\/p>\n<p><span style=\"font-weight: 400\"><strong>Estreno:<\/strong> 8 de marzo.<\/span><\/p>\n<p><img loading=\"lazy\" decoding=\"async\" class=\"alignnone wp-image-122066 size-large\" src=\"https:\/\/graziamagazine.com\/mx\/wp-content\/uploads\/sites\/13\/2023\/02\/unnamed-9.png?w=415&amp;resize=415%2C238\" alt=\"\" width=\"415\" height=\"238\" data-recalc-dims=\"1\" \/><\/p>\n<p><strong>Luther: Cae la noche<\/strong><\/p>\n<p><span style=\"font-weight: 400\">Atormentado por un caso no resuelto, el brillante detective londinense John Luther escapa de prisi\u00f3n para cazar a un despiadado asesino serial.<\/span><\/p>\n<p><span style=\"font-weight: 400\"><strong>Estreno:<\/strong> 10 de marzo.<\/span><\/p>\n<figure id=\"attachment_122043\" class=\"wp-caption alignnone\" style=\"width: 1024px\" aria-describedby=\"caption-attachment-122043\"><img loading=\"lazy\" decoding=\"async\" class=\"wp-image-122043 size-large\" src=\"https:\/\/graziamagazine.com\/mx\/wp-content\/uploads\/sites\/13\/2023\/02\/Luther-Cae-la-Noche.jpg?w=1024&amp;resize=1024%2C683\" alt=\"\" width=\"1024\" height=\"683\" data-recalc-dims=\"1\" \/><\/figure>\n<p><strong>\u00bfEncontr\u00f3 lo que buscaba?\u00a0<\/strong><\/p>\n<p><span style=\"font-weight: 400\">Para ganar dinero, un exlocutor se vuelve empacador de s\u00faper para ir al aniversario de la estaci\u00f3n de radio en la que trabaj\u00f3\u2026 y reencontrarse con el amor de su vida.<\/span><\/p>\n<p><span style=\"font-weight: 400\"><strong>Estreno:<\/strong> 10 de marzo.<\/span><\/p>\n<figure id=\"attachment_122048\" class=\"wp-caption alignnone\" style=\"width: 1024px\" aria-describedby=\"caption-attachment-122048\"><img loading=\"lazy\" decoding=\"async\" class=\"wp-image-122048 size-large\" src=\"https:\/\/graziamagazine.com\/mx\/wp-content\/uploads\/sites\/13\/2023\/02\/\u00bfEncontro-lo-que-buscaba.jpg?w=1024&amp;resize=1024%2C576\" alt=\"\" width=\"1024\" height=\"576\" data-recalc-dims=\"1\" \/><\/figure>\n<p><strong>La Gloria<\/strong><\/p>\n<p><span style=\"font-weight: 400\">A\u00f1os despu\u00e9s de haber sobrevivido al atroz acoso de varios compa\u00f1eros de escuela, una mujer arma un plan de venganza para que caigan uno por uno.<\/span><\/p>\n<p><span style=\"font-weight: 400\"><strong>Estreno:<\/strong> 10 de marzo.<\/span><\/p>\n<figure id=\"attachment_122060\" class=\"wp-caption alignnone\" style=\"width: 1024px\" aria-describedby=\"caption-attachment-122060\"><img loading=\"lazy\" decoding=\"async\" class=\"wp-image-122060 size-large\" src=\"https:\/\/graziamagazine.com\/mx\/wp-content\/uploads\/sites\/13\/2023\/02\/La-Gloria-Parte-2.jpg?w=1024&amp;resize=1024%2C683\" alt=\"\" width=\"1024\" height=\"683\" data-recalc-dims=\"1\" \/><\/figure>\n<p><strong>La elefanta del mago<\/strong><\/p>\n<p><span style=\"font-weight: 400\">Un resuelto ni\u00f1o acepta el desaf\u00edo de completar tres tareas imposibles a cambio de una elefanta m\u00e1gica que puede ayudarlo a cumplir su destino.<\/span><\/p>\n<p><span style=\"font-weight: 400\"><strong>Estreno:<\/strong> 17 de marzo.<\/span><\/p>\n<figure id=\"attachment_122044\" class=\"wp-caption alignnone\" style=\"width: 1024px\" aria-describedby=\"caption-attachment-122044\"><img loading=\"lazy\" decoding=\"async\" class=\"wp-image-122044 size-large\" src=\"https:\/\/graziamagazine.com\/mx\/wp-content\/uploads\/sites\/13\/2023\/02\/La-Elefanta-del-Mago.jpg?w=1024&amp;resize=1024%2C429\" alt=\"\" width=\"1024\" height=\"429\" data-recalc-dims=\"1\" \/><\/figure>\n<p><strong>Misterio a la vida<\/strong><\/p>\n<p><span style=\"font-weight: 400\">Nick y Audrey Spitz ahora son detectives a tiempo completo. Cuando uno de sus amigos es secuestrado, se ver\u00e1n involucrados en un caso internacional.<\/span><\/p>\n<p><span style=\"font-weight: 400\"><strong>Estreno:<\/strong> 31 de marzo.<\/span><\/p>\n<figure id=\"attachment_122042\" class=\"wp-caption alignnone\" style=\"width: 1024px\" aria-describedby=\"caption-attachment-122042\"><img loading=\"lazy\" decoding=\"async\" class=\"wp-image-122042 size-large\" src=\"https:\/\/graziamagazine.com\/mx\/wp-content\/uploads\/sites\/13\/2023\/02\/Misterio-a-la-Vista.jpg?w=1024&amp;resize=1024%2C683\" alt=\"\" width=\"1024\" height=\"683\" data-recalc-dims=\"1\" \/><\/figure>\n<p><strong>Bok Soon debe morir<\/strong><\/p>\n<p><span style=\"font-weight: 400\">En el trabajo, es una asesina reconocida. En casa, es la madre soltera de una adolescente. Matar es cosa f\u00e1cil. Lo dif\u00edcil es criar a su hija.<\/span><\/p>\n<p><span style=\"font-weight: 400\"><strong>Estreno:<\/strong> 31 de marzo.<\/span><\/p>\n<p><img loading=\"lazy\" decoding=\"async\" class=\"alignnone wp-image-122047 size-large\" src=\"https:\/\/graziamagazine.com\/mx\/wp-content\/uploads\/sites\/13\/2023\/02\/Boksoon-debe-morir.jpg?w=683&amp;resize=683%2C1024\" alt=\"\" width=\"683\" height=\"1024\" data-recalc-dims=\"1\" \/><\/p>\n<h3><strong>DOCUMENTALES Y ESPECIALES\u00a0<\/strong><\/h3>\n<p><strong>MH370: The plane that disappeared<\/strong><\/p>\n<p><span style=\"font-weight: 400\">En 2014, un avi\u00f3n de Malaysia Airlines con 239 personas desapareci\u00f3 de los radares. Esta docuserie explora la misteriosa historia de ese vuelo: MH370.<\/span><\/p>\n<p><span style=\"font-weight: 400\"><strong>Estreno:<\/strong> 8 de marzo.<\/span><\/p>\n<p><img loading=\"lazy\" decoding=\"async\" class=\"alignnone wp-image-122053 size-large\" src=\"https:\/\/graziamagazine.com\/mx\/wp-content\/uploads\/sites\/13\/2023\/02\/MH370-The-Plane-that-Disappeared.png?w=1024&amp;resize=1024%2C512\" alt=\"\" width=\"1024\" height=\"512\" data-recalc-dims=\"1\" \/><strong>El cl\u00edmax del mill\u00f3n: la historia de Pornhub<\/strong><\/p>\n<p><span style=\"font-weight: 400\">A trav\u00e9s de entrevistas con actores, activistas y exempleados, este documental presenta un retrato cercano del \u00e9xito y los esc\u00e1ndalos de Pornhub.<\/span><\/p>\n<p><span style=\"font-weight: 400\"><strong>Estreno:<\/strong> 15 de marzo.<\/span><\/p>\n<p><img loading=\"lazy\" decoding=\"async\" class=\"alignnone wp-image-122051 size-large\" src=\"https:\/\/graziamagazine.com\/mx\/wp-content\/uploads\/sites\/13\/2023\/02\/El-Climax-del-millon.png?w=1024&amp;resize=1024%2C540\" alt=\"\" width=\"1024\" height=\"540\" data-recalc-dims=\"1\" \/><strong>Waco: El apocalipsis texano<\/strong><\/p>\n<p><span style=\"font-weight: 400\">Esta serie documental incluye im\u00e1genes nunca antes vistas del enfrentamiento de 51 d\u00edas entre agentes federales y un grupo religioso armado en 1993.<\/span><\/p>\n<p><span style=\"font-weight: 400\"><strong>Estreno:<\/strong> 22 de marzo.<\/span><\/p>\n<figure id=\"attachment_122052\" class=\"wp-caption alignnone\" style=\"width: 1024px\" aria-describedby=\"caption-attachment-122052\"><img loading=\"lazy\" decoding=\"async\" class=\"wp-image-122052 size-large\" src=\"https:\/\/graziamagazine.com\/mx\/wp-content\/uploads\/sites\/13\/2023\/02\/Waco-El-apocalipsis-texano.jpg?w=1024&amp;resize=1024%2C414\" alt=\"\" width=\"1024\" height=\"414\" data-recalc-dims=\"1\" \/><\/figure>\n<h3><strong>NI\u00d1OS Y FAMILIA\u00a0\u00a0<\/strong><\/h3>\n<p><strong>Ridley Jones<\/strong><\/p>\n<p><span style=\"font-weight: 400\">Temporada 5\u00a0\u00a0\u00a0\u00a0<\/span><\/p>\n<p><span style=\"font-weight: 400\">\u00a1Nuevos poderes, nuevas herramientas, nuevas emociones! Ridley y el Equipo Ojos viven grandes aventuras manteniendo a salvo el museo y sus secretos.\u00a0\u00a0\u00a0\u00a0<\/span><\/p>\n<p><span style=\"font-weight: 400\"><strong>Estreno:<\/strong> 6 de marzo.<\/span><\/p>\n<figure id=\"attachment_122049\" class=\"wp-caption alignnone\" style=\"width: 1024px\" aria-describedby=\"caption-attachment-122049\"><img loading=\"lazy\" decoding=\"async\" class=\"wp-image-122049 size-large\" src=\"https:\/\/graziamagazine.com\/mx\/wp-content\/uploads\/sites\/13\/2023\/02\/Ridley-Jones-Temporada-5.jpg?w=1024&amp;resize=1024%2C576\" alt=\"\" width=\"1024\" height=\"576\" data-recalc-dims=\"1\" \/><\/figure>\n<p><strong>La Casa de mu\u00f1ecas de Gabby<\/strong><\/p>\n<p><span style=\"font-weight: 400\">Temporada 7<\/span><\/p>\n<p><span style=\"font-weight: 400\">Gabby y Pandy Patas te invitan a descubrir hadas, tesoros, una casita de mu\u00f1ecas super especial y mucho m\u00e1s. \u00a1S\u00famate a sus aventuras animadas!\u00a0\u00a0\u00a0\u00a0<\/span><\/p>\n<p><span style=\"font-weight: 400\"><strong>Estreno:<\/strong> 20 de marzo.<\/span><\/p>\n<figure id=\"attachment_122050\" class=\"wp-caption alignnone\" style=\"width: 1024px\" aria-describedby=\"caption-attachment-122050\"><img loading=\"lazy\" decoding=\"async\" class=\"wp-image-122050 size-large\" src=\"https:\/\/graziamagazine.com\/mx\/wp-content\/uploads\/sites\/13\/2023\/02\/La-Casa-de-munecas-de-Gabby-Temporada-7.jpg?w=1024&amp;resize=1024%2C576\" alt=\"\" width=\"1024\" height=\"576\" data-recalc-dims=\"1\" \/><\/figure>\n<p><strong>\u00bfY nuestra humana?\u00a0<\/strong><\/p>\n<p><span style=\"font-weight: 400\">Falla t\u00e9cnica: \u00a1desaparecieron todas las personas! \u00bfPuedes ayudar a las mascotas Pud y Ham a llegar al centro del universo para corregir el problema?\u00a0\u00a0\u00a0\u00a0<\/span><\/p>\n<p><span style=\"font-weight: 400\"><strong>Estreno:<\/strong> 21 de marzo.<\/span><\/p>\n<p><span style=\"font-weight: 400\"> <img loading=\"lazy\" decoding=\"async\" class=\"alignnone wp-image-122046 size-large\" src=\"https:\/\/graziamagazine.com\/mx\/wp-content\/uploads\/sites\/13\/2023\/02\/El-Rey-de-las-sombras.jpg?w=1024&amp;resize=1024%2C683\" alt=\"\" width=\"1024\" height=\"683\" data-recalc-dims=\"1\" \/><\/span><\/p>\n<h3><strong>ANIME<\/strong><\/h3>\n<p><strong>Monokoke<\/strong><\/p>\n<p><span style=\"font-weight: 400\">Durante el periodo Edo, un hombre misterioso conocido como el vendedor de medicamentos deambula por Jap\u00f3n con una meta: exorcizar esp\u00edritus mal\u00e9volos.<\/span><\/p>\n<p><span style=\"font-weight: 400\"><strong>Estreno:<\/strong> 1 de marzo.<\/span><\/p>\n<p><img loading=\"lazy\" decoding=\"async\" class=\"alignnone wp-image-122054 size-large\" src=\"https:\/\/graziamagazine.com\/mx\/wp-content\/uploads\/sites\/13\/2023\/02\/Mononoke.jpg?w=1024&amp;resize=1024%2C576\" alt=\"\" width=\"1024\" height=\"576\" data-recalc-dims=\"1\" \/><\/p>\n","protected":false},"author":16349,"featured_media":168540,"template":"","format":"standard","categories":[3],"acf":[],"yoast_head":"<!-- This site is optimized with the Yoast SEO Premium plugin v18.5 (Yoast SEO v20.4) - https:\/\/yoast.com\/wordpress\/plugins\/seo\/ -->\n<title>Todos los estrenos de Netflix en marzo de 2023 | Grazia<\/title>\n<meta name=\"description\" content=\"Si no sabes qu\u00e9 ver en la plataforma de streaming, toma nota porque sabemos todo lo que llega este mes de marzo.\" \/>\n<meta name=\"robots\" content=\"index, follow, max-snippet:-1, max-image-preview:large, max-video-preview:-1\" \/>\n<link rel=\"canonical\" href=\"https:\/\/graziamagazine.com\/es\/articles\/todos-los-estrenos-de-netflix-en-marzo-de-2023\/\" \/>\n<meta property=\"og:locale\" content=\"es_ES\" \/>\n<meta property=\"og:type\" content=\"article\" \/>\n<meta property=\"og:title\" content=\"Todos los estrenos de Netflix en marzo de 2023\" \/>\n<meta property=\"og:description\" content=\"Si no sabes qu\u00e9 ver en la plataforma de streaming, toma nota porque sabemos todo lo que llega este mes de marzo.\" \/>\n<meta property=\"og:url\" content=\"https:\/\/graziamagazine.com\/es\/articles\/todos-los-estrenos-de-netflix-en-marzo-de-2023\/\" \/>\n<meta property=\"og:site_name\" content=\"Grazia\" \/>\n<meta property=\"article:modified_time\" content=\"2023-02-27T09:51:35+00:00\" \/>\n<meta property=\"og:image\" content=\"https:\/\/graziamagazine.com\/es\/wp-content\/uploads\/sites\/12\/2023\/02\/Misterio-a-la-Vista.jpg\" \/>\n\t<meta property=\"og:image:width\" content=\"1024\" \/>\n\t<meta property=\"og:image:height\" content=\"683\" \/>\n\t<meta property=\"og:image:type\" content=\"image\/jpeg\" \/>\n<meta name=\"twitter:card\" content=\"summary_large_image\" \/>\n<meta name=\"twitter:label1\" content=\"Est. reading time\" \/>\n\t<meta name=\"twitter:data1\" content=\"9 minutos\" \/>\n<script type=\"application\/ld+json\" class=\"yoast-schema-graph\">{\"@context\":\"https:\/\/schema.org\",\"@graph\":[{\"@type\":\"WebPage\",\"@id\":\"https:\/\/graziamagazine.com\/es\/articles\/todos-los-estrenos-de-netflix-en-marzo-de-2023\/\",\"url\":\"https:\/\/graziamagazine.com\/es\/articles\/todos-los-estrenos-de-netflix-en-marzo-de-2023\/\",\"name\":\"Todos los estrenos de Netflix en marzo de 2023 | Grazia\",\"isPartOf\":{\"@id\":\"https:\/\/graziamagazine.com\/es\/#website\"},\"datePublished\":\"2023-02-27T08:00:25+00:00\",\"dateModified\":\"2023-02-27T09:51:35+00:00\",\"description\":\"Si no sabes qu\u00e9 ver en la plataforma de streaming, toma nota porque sabemos todo lo que llega este mes de marzo.\",\"breadcrumb\":{\"@id\":\"https:\/\/graziamagazine.com\/es\/articles\/todos-los-estrenos-de-netflix-en-marzo-de-2023\/#breadcrumb\"},\"inLanguage\":\"es\",\"potentialAction\":[{\"@type\":\"ReadAction\",\"target\":[\"https:\/\/graziamagazine.com\/es\/articles\/todos-los-estrenos-de-netflix-en-marzo-de-2023\/\"]}]},{\"@type\":\"BreadcrumbList\",\"@id\":\"https:\/\/graziamagazine.com\/es\/articles\/todos-los-estrenos-de-netflix-en-marzo-de-2023\/#breadcrumb\",\"itemListElement\":[{\"@type\":\"ListItem\",\"position\":1,\"name\":\"Portada\",\"item\":\"https:\/\/graziamagazine.com\/es\/\"},{\"@type\":\"ListItem\",\"position\":2,\"name\":\"Todos los estrenos de Netflix en marzo de 2023\"}]},{\"@type\":\"WebSite\",\"@id\":\"https:\/\/graziamagazine.com\/es\/#website\",\"url\":\"https:\/\/graziamagazine.com\/es\/\",\"name\":\"Grazia\",\"description\":\"Moda, belleza, celebrities, estilo de vida...\",\"potentialAction\":[{\"@type\":\"SearchAction\",\"target\":{\"@type\":\"EntryPoint\",\"urlTemplate\":\"https:\/\/graziamagazine.com\/es\/?s={search_term_string}\"},\"query-input\":\"required name=search_term_string\"}],\"inLanguage\":\"es\"}]}<\/script>\n<!-- \/ Yoast SEO Premium plugin. -->","yoast_head_json":{"title":"Todos los estrenos de Netflix en marzo de 2023 | Grazia","description":"Si no sabes qu\u00e9 ver en la plataforma de streaming, toma nota porque sabemos todo lo que llega este mes de marzo.","robots":{"index":"index","follow":"follow","max-snippet":"max-snippet:-1","max-image-preview":"max-image-preview:large","max-video-preview":"max-video-preview:-1"},"canonical":"https:\/\/graziamagazine.com\/es\/articles\/todos-los-estrenos-de-netflix-en-marzo-de-2023\/","og_locale":"es_ES","og_type":"article","og_title":"Todos los estrenos de Netflix en marzo de 2023","og_description":"Si no sabes qu\u00e9 ver en la plataforma de streaming, toma nota porque sabemos todo lo que llega este mes de marzo.","og_url":"https:\/\/graziamagazine.com\/es\/articles\/todos-los-estrenos-de-netflix-en-marzo-de-2023\/","og_site_name":"Grazia","article_modified_time":"2023-02-27T09:51:35+00:00","og_image":[{"url":"https:\/\/graziamagazine.com\/es\/wp-content\/uploads\/sites\/12\/2023\/02\/Misterio-a-la-Vista.jpg","width":1024,"height":683,"type":"image\/jpeg"}],"twitter_card":"summary_large_image","twitter_misc":{"Est. reading time":"9 minutos"},"schema":{"@context":"https:\/\/schema.org","@graph":[{"@type":"WebPage","@id":"https:\/\/graziamagazine.com\/es\/articles\/todos-los-estrenos-de-netflix-en-marzo-de-2023\/","url":"https:\/\/graziamagazine.com\/es\/articles\/todos-los-estrenos-de-netflix-en-marzo-de-2023\/","name":"Todos los estrenos de Netflix en marzo de 2023 | Grazia","isPartOf":{"@id":"https:\/\/graziamagazine.com\/es\/#website"},"datePublished":"2023-02-27T08:00:25+00:00","dateModified":"2023-02-27T09:51:35+00:00","description":"Si no sabes qu\u00e9 ver en la plataforma de streaming, toma nota porque sabemos todo lo que llega este mes de marzo.","breadcrumb":{"@id":"https:\/\/graziamagazine.com\/es\/articles\/todos-los-estrenos-de-netflix-en-marzo-de-2023\/#breadcrumb"},"inLanguage":"es","potentialAction":[{"@type":"ReadAction","target":["https:\/\/graziamagazine.com\/es\/articles\/todos-los-estrenos-de-netflix-en-marzo-de-2023\/"]}]},{"@type":"BreadcrumbList","@id":"https:\/\/graziamagazine.com\/es\/articles\/todos-los-estrenos-de-netflix-en-marzo-de-2023\/#breadcrumb","itemListElement":[{"@type":"ListItem","position":1,"name":"Portada","item":"https:\/\/graziamagazine.com\/es\/"},{"@type":"ListItem","position":2,"name":"Todos los estrenos de Netflix en marzo de 2023"}]},{"@type":"WebSite","@id":"https:\/\/graziamagazine.com\/es\/#website","url":"https:\/\/graziamagazine.com\/es\/","name":"Grazia","description":"Moda, belleza, celebrities, estilo de vida...","potentialAction":[{"@type":"SearchAction","target":{"@type":"EntryPoint","urlTemplate":"https:\/\/graziamagazine.com\/es\/?s={search_term_string}"},"query-input":"required name=search_term_string"}],"inLanguage":"es"}]}},"jetpack_sharing_enabled":true,"distributor_meta":false,"distributor_terms":false,"distributor_media":false,"distributor_original_site_name":"Grazia","distributor_original_site_url":"https:\/\/graziamagazine.com\/es","push-errors":false,"_links":{"self":[{"href":"https:\/\/graziamagazine.com\/es\/wp-json\/wp\/v2\/articles\/168539"}],"collection":[{"href":"https:\/\/graziamagazine.com\/es\/wp-json\/wp\/v2\/articles"}],"about":[{"href":"https:\/\/graziamagazine.com\/es\/wp-json\/wp\/v2\/types\/articles"}],"author":[{"embeddable":true,"href":"https:\/\/graziamagazine.com\/es\/wp-json\/wp\/v2\/users\/16349"}],"wp:featuredmedia":[{"embeddable":true,"href":"https:\/\/graziamagazine.com\/es\/wp-json\/wp\/v2\/media\/168540"}],"wp:attachment":[{"href":"https:\/\/graziamagazine.com\/es\/wp-json\/wp\/v2\/media?parent=168539"}],"wp:term":[{"taxonomy":"category","embeddable":true,"href":"https:\/\/graziamagazine.com\/es\/wp-json\/wp\/v2\/categories?post=168539"}],"curies":[{"name":"wp","href":"https:\/\/api.w.org\/{rel}","templated":true}]}}