{"id":168500,"date":"2023-02-22T09:00:40","date_gmt":"2023-02-22T08:00:40","guid":{"rendered":"https:\/\/graziamagazine.com\/es\/?post_type=articles&#038;p=168500"},"modified":"2023-02-21T23:53:09","modified_gmt":"2023-02-21T22:53:09","slug":"rutinas-y-habitos-para-evitar-el-efecto-frizz","status":"publish","type":"articles","link":"https:\/\/graziamagazine.com\/es\/articles\/rutinas-y-habitos-para-evitar-el-efecto-frizz\/","title":{"rendered":"Rutinas y h\u00e1bitos para evitar el efecto \u201cfrizz\u201d"},"content":{"rendered":"<p><span style=\"font-family: -apple-system, BlinkMacSystemFont, 'Segoe UI', Roboto, Oxygen-Sans, Ubuntu, Cantarell, 'Helvetica Neue', sans-serif\">El cabello est\u00e1 compuesto por prote\u00ednas, l\u00edpidos, oligoelementos, amino\u00e1cidos, sales y pigmentos. No obstante, el agua es el componente que conforma la fibra capilar en su mayor parte y, en ella, se hallan las claves para poder controlar el <\/span><strong style=\"font-family: -apple-system, BlinkMacSystemFont, 'Segoe UI', Roboto, Oxygen-Sans, Ubuntu, Cantarell, 'Helvetica Neue', sans-serif\">encrespamiento o efecto \u201cfrizz\u201d del pelo,\u00a0<\/strong><span style=\"font-family: -apple-system, BlinkMacSystemFont, 'Segoe UI', Roboto, Oxygen-Sans, Ubuntu, Cantarell, 'Helvetica Neue', sans-serif\">que se produce, fundamentalmente, por la falta de hidrataci\u00f3n de \u00e9ste, ya que el cuero cabelludo absorbe m\u00e1s agua de la que deber\u00eda y, al no tener la humedad necesaria, termina por tener un aspecto m\u00e1s reseco, apagado y con tendencia a romperse con m\u00e1s facilidad. Por ello, desde\u00a0<\/span><a href=\"https:\/\/hospitalcapilar.com\/\"style=\"font-family: -apple-system, BlinkMacSystemFont, 'Segoe UI', Roboto, Oxygen-Sans, Ubuntu, Cantarell, 'Helvetica Neue', sans-serif;background-color: #ffffff\"  target=\"_blank\">Hospital Capilar<\/a><span style=\"font-family: -apple-system, BlinkMacSystemFont, 'Segoe UI', Roboto, Oxygen-Sans, Ubuntu, Cantarell, 'Helvetica Neue', sans-serif\">, la mayor corporaci\u00f3n del sector capilar, explican cu\u00e1les son las principales causas del encrespamiento en nuestro pelo, as\u00ed como las pautas o rutinas a seguir para evitar este problema.<\/span><\/p>\n<div class=\"field field-name-field-foto-principal field-type-image field-label-hidden\">\n<div class=\"field-items\">\n<p><em>\u201cLa unidad folicular es un \u00f3rgano en nuestro cabello formado por el bulbo raqu\u00eddeo, del que crece el tallo o lo que com\u00fanmente llamamos pelo. Cuando este tallo piloso se fractura por diversos motivos, macrosc\u00f3picamente da sensaci\u00f3n de p\u00e9rdida de brillo o deshilachamiento, dando paso al encrespamiento o efecto frizz, que es la fricci\u00f3n del cabello que se genera cuando se produce electricidad est\u00e1tica, que hace que \u00e9ste pierda su forma natural, se hinche y ocupe mucho m\u00e1s volumen, siendo m\u00e1s dif\u00edcil de dominar\u201d,\u00a0<\/em>explica el doctor Alberto S\u00e1nchez, de la cl\u00ednica Hospital Capilar.<\/p>\n<p>As\u00ed, el encrespamiento viene dado por la deshidrataci\u00f3n y la falta de humedad en el cabello, que se infla y se vuelve rebelde al buscar, en dicha humedad, la nutrici\u00f3n perdida, apareciendo las puntas abiertas, la textura \u00e1spera y la falta de definici\u00f3n que caracterizan al cabello \u201cfrizz\u201d. \u00a0Los cabellos ondulados o rizados, debido a su textura porosa y abundante, son los que suelen sufrir m\u00e1s las consecuencias de este problema, ya que el sebo que producen estos tipos de cabello no fluye tan f\u00e1cilmente a trav\u00e9s de la fibra capilar como lo hace en los lisos. Por ello, en estos casos, el pelo se encuentra m\u00e1s vulnerable ante la exposici\u00f3n a determinados agentes, resec\u00e1ndose m\u00e1s r\u00e1pido, rompi\u00e9ndose con mayor facilidad y promoviendo que aparezca antes, por tanto, el temido encrespamiento.<\/p>\n<p>Otras causas que pueden secar o da\u00f1ar la fibra capilar son diversos factores climatol\u00f3gicos como la humedad, el fr\u00edo, la lluvia o los cambios bruscos de temperatura,\u00a0 as\u00ed como seguir unas malas rutinas de cuidado del cabello como cepillarlo con demasiada fuerza, el uso de forma continuada de herramientas de calor como planchas, secadores o tenacillas sin la aplicaci\u00f3n de un protector t\u00e9rmico, el exceso de qu\u00edmicos agresivos para el cuero cabelludo como tintes o productos como los sulfatos, sumado a llevar una dieta pobre en vitaminas y minerales e, incluso, la gen\u00e9tica.<\/p>\n<p>A este respecto, el doctor S\u00e1nchez apunta que<em>\u00a0\u201cla mayor\u00eda de las fracturas producidas en los tallos se producen de forma transversal, habitualmente por traumatismos mec\u00e1nicos como el cepillado excesivo, peinados o trenzas apretadas, coletas de caballo o una excesiva exposici\u00f3n al calor; o traumatismos qu\u00edmicos, que podr\u00edan ser diferentes tintes de pelo o decolorantes, que resecan y abren la cut\u00edcula. El sol, por su parte, no afecta directamente al tallo, ya que la<\/em>\u00a0<em>radiaci\u00f3n UV solo condiciona en peque\u00f1a medida la fractura capilar, aunque las quemaduras en el cuero cabelludo pueden provocar un aumento de trastornos de la piel que llevar\u00e1n a producir tallos m\u00e1s cortos o bien m\u00e1s finos y da\u00f1ados\u201d.<\/em><\/p>\n<h3><strong>C\u00f3mo hacer frente al encrespamiento<\/strong><\/h3>\n<p>Aunque es normal que nuestra melena se encrespe m\u00e1s con el paso del tiempo, s\u00ed que podemos adoptar ciertos h\u00e1bitos o rutinas que nos ayuden a mantener el encrespamiento bajo control, luciendo, as\u00ed, un pelo m\u00e1s disciplinado y suave:<\/p>\n<ol>\n<li><strong>Usar productos espec\u00edficos.\u00a0<\/strong>Se aconseja utilizar productos ricos en agentes hidratantes y reestructurantes que ayuden a mantener nutrido el cabello, as\u00ed como aceites de calidad para ayudar a sellar la cut\u00edcula. \u00a0<em>\u201c<\/em><em>Algunos componentes que pueden ser interesantes para cabellos da\u00f1ados ser\u00edan, por ejemplo,\u00a0<\/em><em>productos con prote\u00ednas hidrolizadas, que son aditivos que son atra\u00eddos hacia la queratina del tallo y sirven para que \u00e9ste se cubra, pudiendo usarse en cabellos con puntas abiertas que hayan perdido esta cut\u00edcula protectora, ayudando a protegerlas\u201d,\u00a0<\/em>detalla el especialista de Hospital Capilar.<\/li>\n<li value=\"2\"><strong>Lavar con agua templada y secar suavemente.\u00a0<\/strong>Para prevenir el \u201cfrizz\u201d, los expertos recomiendan lavar el cabello con agua templada o fr\u00eda, ya que el agua caliente lo reseca, mientras que el agua fr\u00eda cierra la cut\u00edcula, proporcion\u00e1ndole m\u00e1s brillo y haciendo que luzca un aspecto m\u00e1s liso. \u00a0A la hora de secar, se deben usar toallas de microfibra o de algod\u00f3n, presion\u00e1ndolas suavemente en el cuero cabelludo y desliz\u00e1ndola posteriormente a lo largo del pelo.<\/li>\n<li value=\"3\"><strong>Prestar atenci\u00f3n al cepillado.\u00a0<\/strong>Peinar de forma inadecuada el cabello tambi\u00e9n afecta al encrespamiento del mismo y, por ello, el cepillado debe realizarse de forma suave y con peines de cerdas naturales o de madera, con el fin de\u00a0<a href=\"https:\/\/blog.batistehair.es\/eliminar-electricidad-estatica-pelo\/\" target=\"_blank\">reducir la electricidad est\u00e1tica<\/a>, o bien utilizar cepillos i\u00f3nicos, que funcionan para evitar el encrespamiento en el pelo liso.<\/li>\n<li value=\"4\"><strong>Moderar el uso de herramientas de calor.\u00a0<\/strong>Las\u00a0altas temperaturas\u00a0son la principal causa de deshidrataci\u00f3n del pelo, que se volver\u00e1 m\u00e1s susceptible al encrespamiento.\u00a0<em>\u201c<\/em><em>Por este motivo, se debe de aplicar un protector t\u00e9rmico que ayude a proteger la fibra capilar antes de utilizar secadores o planchas, procurando usarlos, adem\u00e1s, a la menor temperatura posible<\/em>\u201d, apunta el doctor S\u00e1nchez.<\/li>\n<li value=\"5\"><strong>Escoge bien el corte de pelo.\u00a0<\/strong>Los cortes demasiado rectos y los capeados son dos estilos que favorecen el efecto \u201cfrizz\u201d, por lo que se recomienda optar por peinados con capas largas y despuntadas o bien por melenas largas con las puntas desfiladas, ya que, en estos casos, las puntas soportar\u00e1n un peso mayor que impedir\u00e1 una ondulaci\u00f3n excesiva no deseada. Adem\u00e1s, conviene sanear las puntas cada tres meses, con el fin de evitar la electricidad que se acumula en las zonas estropeadas del cabello.<\/li>\n<\/ol>\n<p><em>*Imagen: cortes\u00eda<\/em><\/p>\n<\/div>\n<\/div>\n","protected":false},"author":11653,"featured_media":168501,"template":"","format":"standard","categories":[7,3054],"acf":[],"yoast_head":"<!-- This site is optimized with the Yoast SEO Premium plugin v18.5 (Yoast SEO v20.4) - https:\/\/yoast.com\/wordpress\/plugins\/seo\/ -->\n<title>Rutinas y h\u00e1bitos para evitar el efecto \u201cfrizz\u201d | Grazia<\/title>\n<meta name=\"description\" content=\"El cabello est\u00e1 compuesto por prote\u00ednas, l\u00edpidos, oligoelementos, amino\u00e1cidos, sales y pigmentos. No obstante, el agua es el componente que conforma la\" \/>\n<meta name=\"robots\" content=\"index, follow, max-snippet:-1, max-image-preview:large, max-video-preview:-1\" \/>\n<link rel=\"canonical\" href=\"https:\/\/graziamagazine.com\/es\/articles\/rutinas-y-habitos-para-evitar-el-efecto-frizz\/\" \/>\n<meta property=\"og:locale\" content=\"es_ES\" \/>\n<meta property=\"og:type\" content=\"article\" \/>\n<meta property=\"og:title\" content=\"Rutinas y h\u00e1bitos para evitar el efecto \u201cfrizz\u201d\" \/>\n<meta property=\"og:description\" content=\"El cabello est\u00e1 compuesto por prote\u00ednas, l\u00edpidos, oligoelementos, amino\u00e1cidos, sales y pigmentos. No obstante, el agua es el componente que conforma la\" \/>\n<meta property=\"og:url\" content=\"https:\/\/graziamagazine.com\/es\/articles\/rutinas-y-habitos-para-evitar-el-efecto-frizz\/\" \/>\n<meta property=\"og:site_name\" content=\"Grazia\" \/>\n<meta property=\"article:modified_time\" content=\"2023-02-21T22:53:09+00:00\" \/>\n<meta property=\"og:image\" content=\"https:\/\/graziamagazine.com\/es\/wp-content\/uploads\/sites\/12\/2023\/02\/hospital230213.jpg?fit=1024%2C768\" \/>\n\t<meta property=\"og:image:width\" content=\"1024\" \/>\n\t<meta property=\"og:image:height\" content=\"768\" \/>\n\t<meta property=\"og:image:type\" content=\"image\/jpeg\" \/>\n<meta name=\"twitter:card\" content=\"summary_large_image\" \/>\n<meta name=\"twitter:label1\" content=\"Est. reading time\" \/>\n\t<meta name=\"twitter:data1\" content=\"5 minutos\" \/>\n<script type=\"application\/ld+json\" class=\"yoast-schema-graph\">{\"@context\":\"https:\/\/schema.org\",\"@graph\":[{\"@type\":\"WebPage\",\"@id\":\"https:\/\/graziamagazine.com\/es\/articles\/rutinas-y-habitos-para-evitar-el-efecto-frizz\/\",\"url\":\"https:\/\/graziamagazine.com\/es\/articles\/rutinas-y-habitos-para-evitar-el-efecto-frizz\/\",\"name\":\"Rutinas y h\u00e1bitos para evitar el efecto \u201cfrizz\u201d | Grazia\",\"isPartOf\":{\"@id\":\"https:\/\/graziamagazine.com\/es\/#website\"},\"datePublished\":\"2023-02-22T08:00:40+00:00\",\"dateModified\":\"2023-02-21T22:53:09+00:00\",\"description\":\"El cabello est\u00e1 compuesto por prote\u00ednas, l\u00edpidos, oligoelementos, amino\u00e1cidos, sales y pigmentos. No obstante, el agua es el componente que conforma la\",\"breadcrumb\":{\"@id\":\"https:\/\/graziamagazine.com\/es\/articles\/rutinas-y-habitos-para-evitar-el-efecto-frizz\/#breadcrumb\"},\"inLanguage\":\"es\",\"potentialAction\":[{\"@type\":\"ReadAction\",\"target\":[\"https:\/\/graziamagazine.com\/es\/articles\/rutinas-y-habitos-para-evitar-el-efecto-frizz\/\"]}]},{\"@type\":\"BreadcrumbList\",\"@id\":\"https:\/\/graziamagazine.com\/es\/articles\/rutinas-y-habitos-para-evitar-el-efecto-frizz\/#breadcrumb\",\"itemListElement\":[{\"@type\":\"ListItem\",\"position\":1,\"name\":\"Portada\",\"item\":\"https:\/\/graziamagazine.com\/es\/\"},{\"@type\":\"ListItem\",\"position\":2,\"name\":\"Rutinas y h\u00e1bitos para evitar el efecto \u201cfrizz\u201d\"}]},{\"@type\":\"WebSite\",\"@id\":\"https:\/\/graziamagazine.com\/es\/#website\",\"url\":\"https:\/\/graziamagazine.com\/es\/\",\"name\":\"Grazia\",\"description\":\"Moda, belleza, celebrities, estilo de vida...\",\"potentialAction\":[{\"@type\":\"SearchAction\",\"target\":{\"@type\":\"EntryPoint\",\"urlTemplate\":\"https:\/\/graziamagazine.com\/es\/?s={search_term_string}\"},\"query-input\":\"required name=search_term_string\"}],\"inLanguage\":\"es\"}]}<\/script>\n<!-- \/ Yoast SEO Premium plugin. -->","yoast_head_json":{"title":"Rutinas y h\u00e1bitos para evitar el efecto \u201cfrizz\u201d | Grazia","description":"El cabello est\u00e1 compuesto por prote\u00ednas, l\u00edpidos, oligoelementos, amino\u00e1cidos, sales y pigmentos. No obstante, el agua es el componente que conforma la","robots":{"index":"index","follow":"follow","max-snippet":"max-snippet:-1","max-image-preview":"max-image-preview:large","max-video-preview":"max-video-preview:-1"},"canonical":"https:\/\/graziamagazine.com\/es\/articles\/rutinas-y-habitos-para-evitar-el-efecto-frizz\/","og_locale":"es_ES","og_type":"article","og_title":"Rutinas y h\u00e1bitos para evitar el efecto \u201cfrizz\u201d","og_description":"El cabello est\u00e1 compuesto por prote\u00ednas, l\u00edpidos, oligoelementos, amino\u00e1cidos, sales y pigmentos. No obstante, el agua es el componente que conforma la","og_url":"https:\/\/graziamagazine.com\/es\/articles\/rutinas-y-habitos-para-evitar-el-efecto-frizz\/","og_site_name":"Grazia","article_modified_time":"2023-02-21T22:53:09+00:00","og_image":[{"width":1024,"height":768,"url":"https:\/\/graziamagazine.com\/es\/wp-content\/uploads\/sites\/12\/2023\/02\/hospital230213.jpg?fit=1024%2C768","type":"image\/jpeg"}],"twitter_card":"summary_large_image","twitter_misc":{"Est. reading time":"5 minutos"},"schema":{"@context":"https:\/\/schema.org","@graph":[{"@type":"WebPage","@id":"https:\/\/graziamagazine.com\/es\/articles\/rutinas-y-habitos-para-evitar-el-efecto-frizz\/","url":"https:\/\/graziamagazine.com\/es\/articles\/rutinas-y-habitos-para-evitar-el-efecto-frizz\/","name":"Rutinas y h\u00e1bitos para evitar el efecto \u201cfrizz\u201d | Grazia","isPartOf":{"@id":"https:\/\/graziamagazine.com\/es\/#website"},"datePublished":"2023-02-22T08:00:40+00:00","dateModified":"2023-02-21T22:53:09+00:00","description":"El cabello est\u00e1 compuesto por prote\u00ednas, l\u00edpidos, oligoelementos, amino\u00e1cidos, sales y pigmentos. No obstante, el agua es el componente que conforma la","breadcrumb":{"@id":"https:\/\/graziamagazine.com\/es\/articles\/rutinas-y-habitos-para-evitar-el-efecto-frizz\/#breadcrumb"},"inLanguage":"es","potentialAction":[{"@type":"ReadAction","target":["https:\/\/graziamagazine.com\/es\/articles\/rutinas-y-habitos-para-evitar-el-efecto-frizz\/"]}]},{"@type":"BreadcrumbList","@id":"https:\/\/graziamagazine.com\/es\/articles\/rutinas-y-habitos-para-evitar-el-efecto-frizz\/#breadcrumb","itemListElement":[{"@type":"ListItem","position":1,"name":"Portada","item":"https:\/\/graziamagazine.com\/es\/"},{"@type":"ListItem","position":2,"name":"Rutinas y h\u00e1bitos para evitar el efecto \u201cfrizz\u201d"}]},{"@type":"WebSite","@id":"https:\/\/graziamagazine.com\/es\/#website","url":"https:\/\/graziamagazine.com\/es\/","name":"Grazia","description":"Moda, belleza, celebrities, estilo de vida...","potentialAction":[{"@type":"SearchAction","target":{"@type":"EntryPoint","urlTemplate":"https:\/\/graziamagazine.com\/es\/?s={search_term_string}"},"query-input":"required name=search_term_string"}],"inLanguage":"es"}]}},"jetpack_sharing_enabled":true,"distributor_meta":false,"distributor_terms":false,"distributor_media":false,"distributor_original_site_name":"Grazia","distributor_original_site_url":"https:\/\/graziamagazine.com\/es","push-errors":false,"_links":{"self":[{"href":"https:\/\/graziamagazine.com\/es\/wp-json\/wp\/v2\/articles\/168500"}],"collection":[{"href":"https:\/\/graziamagazine.com\/es\/wp-json\/wp\/v2\/articles"}],"about":[{"href":"https:\/\/graziamagazine.com\/es\/wp-json\/wp\/v2\/types\/articles"}],"author":[{"embeddable":true,"href":"https:\/\/graziamagazine.com\/es\/wp-json\/wp\/v2\/users\/11653"}],"wp:featuredmedia":[{"embeddable":true,"href":"https:\/\/graziamagazine.com\/es\/wp-json\/wp\/v2\/media\/168501"}],"wp:attachment":[{"href":"https:\/\/graziamagazine.com\/es\/wp-json\/wp\/v2\/media?parent=168500"}],"wp:term":[{"taxonomy":"category","embeddable":true,"href":"https:\/\/graziamagazine.com\/es\/wp-json\/wp\/v2\/categories?post=168500"}],"curies":[{"name":"wp","href":"https:\/\/api.w.org\/{rel}","templated":true}]}}