{"id":168494,"date":"2023-02-22T10:00:54","date_gmt":"2023-02-22T09:00:54","guid":{"rendered":"https:\/\/graziamagazine.com\/es\/?post_type=articles&#038;p=168494"},"modified":"2023-02-21T23:14:46","modified_gmt":"2023-02-21T22:14:46","slug":"mercedes-benz-y-moncler-se-unen-en-una-colaboracion-espacial","status":"publish","type":"articles","link":"https:\/\/graziamagazine.com\/es\/articles\/mercedes-benz-y-moncler-se-unen-en-una-colaboracion-espacial\/","title":{"rendered":"Mercedes-Benz y Moncler se unen en una colaboraci\u00f3n \u201cespacial\u201d"},"content":{"rendered":"<p><span style=\"font-weight: 400\">Despu\u00e9s de haberse asociado con el difunto <strong>Virgil Abloh<\/strong> hace unos a\u00f1os, el director de dise\u00f1o de <strong>Mercedes-Benz, Gorden Wagener<\/strong>, se uni\u00f3 esta vez a <strong>Moncler<\/strong> para una colaboraci\u00f3n incre\u00edble que dio como resultado un auto que bien podr\u00eda circular en la luna. Bueno, al menos eso parece.<\/span><\/p>\n<p><span style=\"font-weight: 400\">El <strong>Mercedes-Benz G Wagen<\/strong> fue desarrollado como pedido de un importante accionista iran\u00ed de la marca alemana de autom\u00f3viles en los a\u00f1os 70, ya que necesitaba un todoterreno con tracci\u00f3n en las cuatro ruedas y especificaciones militares para ayudar a movilizar su imperio.\u00a0<\/span><\/p>\n<p><span style=\"font-weight: 400\">La premisa inicial era simple: un veh\u00edculo utilitario sin lujos que pudiera abordar cualquier terreno con eficiencia y confiabilidad.<\/span><\/p>\n<p><img loading=\"lazy\" decoding=\"async\" class=\"aligncenter wp-image-121954 size-large\" src=\"https:\/\/graziamagazine.com\/mx\/wp-content\/uploads\/sites\/13\/2023\/02\/Captura-de-Pantalla-2023-02-21-a-las-10.21.29.png?w=633&amp;resize=633%2C613\" alt=\"\" width=\"633\" height=\"613\" data-recalc-dims=\"1\" \/><\/p>\n<p><span style=\"font-weight: 400\">Pero obviamente esa idea inicial se super\u00f3, por mucho, a\u00f1adiendo todos los lujos posibles a un veh\u00edculo perfectamente capaz de circular en toda clase de terrenos y condiciones climatol\u00f3gicas.<\/span><\/p>\n<p><span style=\"font-weight: 400\">El Project Mondo G es una obra de arte dise\u00f1ada para fusionar los maravillosos mundos de Mercedes y Moncler. Tiene la carrocer\u00eda de un Clase G, mientras que las ruedas y el techo est\u00e1n inspirados en las chaquetas acolchadas de la marca de ropa de esqu\u00ed.<\/span><\/p>\n<p><img loading=\"lazy\" decoding=\"async\" class=\"aligncenter wp-image-121956 size-large\" src=\"https:\/\/graziamagazine.com\/mx\/wp-content\/uploads\/sites\/13\/2023\/02\/Captura-de-Pantalla-2023-02-21-a-las-10.21.08.png?w=630&amp;resize=630%2C587\" alt=\"\" width=\"630\" height=\"587\" data-recalc-dims=\"1\" \/><\/p>\n<p><span style=\"font-weight: 400\">\u201cVisualizamos un autom\u00f3vil que participar\u00eda en una misi\u00f3n espacial\u201d, dijo Wagener en una entrevista. \u201cTodo parece una nave espacial Apolo despu\u00e9s del reingreso. Los materiales de la chaqueta acolchada de Moncler me recordaron a las naves espaciales y los sat\u00e9lites, as\u00ed que quer\u00edamos encontrar algo realmente futurista con el material de las naves espaciales y combinarlo con esa vieja nave espacial nuestra, la G. Y con eso hacer el contraste. Todo el coche tiene que ver con el contraste\u201d.<\/span><\/p>\n<p><span style=\"font-weight: 400\">\u201cCreo que tienes que ser espectacular. Cuando ves lo que sucede en la red, todo el mundo es virtual en estos d\u00edas, Instagram, Internet, todo. Y creo que necesitas hacer una declaraci\u00f3n fuerte para ser reconocido. Ves cosas espectaculares en Internet y en todas las redes sociales. Y creo que necesitas hacer algo espectacular para sobresalir. Y tambi\u00e9n para m\u00ed y para nuestra empresa, no es diferente. Tiene que ser espectacular\u201d, a\u00f1ade.<\/span><\/p>\n<p><img loading=\"lazy\" decoding=\"async\" class=\"aligncenter wp-image-121955 size-large\" src=\"https:\/\/graziamagazine.com\/mx\/wp-content\/uploads\/sites\/13\/2023\/02\/Captura-de-Pantalla-2023-02-21-a-las-10.21.18.png?w=634&amp;resize=634%2C639\" alt=\"\" width=\"634\" height=\"639\" data-recalc-dims=\"1\" \/><\/p>\n<p><span style=\"font-weight: 400\">\u201cContinuaremos. Pero tenemos que encontrar un buen socio. Despu\u00e9s de haber hecho algo, necesitas crear algo completamente diferente; no tiene sentido repetirlo. Entonces, lo siguiente tiene que ser espectacular de una manera diferente. Interesante de una manera diferente. Y tiene que hablar con nosotros. Cuando miras este proyecto, realmente puedes decir que nos divertimos haci\u00e9ndolo, es importante\u201d, concluye Gorden Wagener sobre este incre\u00edble veh\u00edculo.<\/span><\/p>\n<p><em>*Im\u00e1genes: cortes\u00eda<\/em><\/p>\n","protected":false},"author":16349,"featured_media":168495,"template":"","format":"standard","categories":[18],"acf":[],"yoast_head":"<!-- This site is optimized with the Yoast SEO Premium plugin v18.5 (Yoast SEO v20.4) - https:\/\/yoast.com\/wordpress\/plugins\/seo\/ -->\n<title>Mercedes-Benz y Moncler se unen en una colaboraci\u00f3n \u201cespacial\u201d | Grazia<\/title>\n<meta name=\"description\" content=\"El Project Mondo G es una obra de arte dise\u00f1ada para fusionar los maravillosos mundos de Mercedes y Moncler.\" \/>\n<meta name=\"robots\" content=\"index, follow, max-snippet:-1, max-image-preview:large, max-video-preview:-1\" \/>\n<link rel=\"canonical\" href=\"https:\/\/graziamagazine.com\/es\/articles\/mercedes-benz-y-moncler-se-unen-en-una-colaboracion-espacial\/\" \/>\n<meta property=\"og:locale\" content=\"es_ES\" \/>\n<meta property=\"og:type\" content=\"article\" \/>\n<meta property=\"og:title\" content=\"Mercedes-Benz y Moncler se unen en una colaboraci\u00f3n \u201cespacial\u201d\" \/>\n<meta property=\"og:description\" content=\"El Project Mondo G es una obra de arte dise\u00f1ada para fusionar los maravillosos mundos de Mercedes y Moncler.\" \/>\n<meta property=\"og:url\" content=\"https:\/\/graziamagazine.com\/es\/articles\/mercedes-benz-y-moncler-se-unen-en-una-colaboracion-espacial\/\" \/>\n<meta property=\"og:site_name\" content=\"Grazia\" \/>\n<meta property=\"article:modified_time\" content=\"2023-02-21T22:14:46+00:00\" \/>\n<meta property=\"og:image\" content=\"https:\/\/graziamagazine.com\/es\/wp-content\/uploads\/sites\/12\/2023\/02\/Captura-de-Pantalla-2023-02-21-a-las-10.20.57.png?fit=1296%2C628\" \/>\n\t<meta property=\"og:image:width\" content=\"1296\" \/>\n\t<meta property=\"og:image:height\" content=\"628\" \/>\n\t<meta property=\"og:image:type\" content=\"image\/png\" \/>\n<meta name=\"twitter:card\" content=\"summary_large_image\" \/>\n<meta name=\"twitter:label1\" content=\"Est. reading time\" \/>\n\t<meta name=\"twitter:data1\" content=\"3 minutos\" \/>\n<script type=\"application\/ld+json\" class=\"yoast-schema-graph\">{\"@context\":\"https:\/\/schema.org\",\"@graph\":[{\"@type\":\"WebPage\",\"@id\":\"https:\/\/graziamagazine.com\/es\/articles\/mercedes-benz-y-moncler-se-unen-en-una-colaboracion-espacial\/\",\"url\":\"https:\/\/graziamagazine.com\/es\/articles\/mercedes-benz-y-moncler-se-unen-en-una-colaboracion-espacial\/\",\"name\":\"Mercedes-Benz y Moncler se unen en una colaboraci\u00f3n \u201cespacial\u201d | Grazia\",\"isPartOf\":{\"@id\":\"https:\/\/graziamagazine.com\/es\/#website\"},\"datePublished\":\"2023-02-22T09:00:54+00:00\",\"dateModified\":\"2023-02-21T22:14:46+00:00\",\"description\":\"El Project Mondo G es una obra de arte dise\u00f1ada para fusionar los maravillosos mundos de Mercedes y Moncler.\",\"breadcrumb\":{\"@id\":\"https:\/\/graziamagazine.com\/es\/articles\/mercedes-benz-y-moncler-se-unen-en-una-colaboracion-espacial\/#breadcrumb\"},\"inLanguage\":\"es\",\"potentialAction\":[{\"@type\":\"ReadAction\",\"target\":[\"https:\/\/graziamagazine.com\/es\/articles\/mercedes-benz-y-moncler-se-unen-en-una-colaboracion-espacial\/\"]}]},{\"@type\":\"BreadcrumbList\",\"@id\":\"https:\/\/graziamagazine.com\/es\/articles\/mercedes-benz-y-moncler-se-unen-en-una-colaboracion-espacial\/#breadcrumb\",\"itemListElement\":[{\"@type\":\"ListItem\",\"position\":1,\"name\":\"Portada\",\"item\":\"https:\/\/graziamagazine.com\/es\/\"},{\"@type\":\"ListItem\",\"position\":2,\"name\":\"Mercedes-Benz y Moncler se unen en una colaboraci\u00f3n \u201cespacial\u201d\"}]},{\"@type\":\"WebSite\",\"@id\":\"https:\/\/graziamagazine.com\/es\/#website\",\"url\":\"https:\/\/graziamagazine.com\/es\/\",\"name\":\"Grazia\",\"description\":\"Moda, belleza, celebrities, estilo de vida...\",\"potentialAction\":[{\"@type\":\"SearchAction\",\"target\":{\"@type\":\"EntryPoint\",\"urlTemplate\":\"https:\/\/graziamagazine.com\/es\/?s={search_term_string}\"},\"query-input\":\"required name=search_term_string\"}],\"inLanguage\":\"es\"}]}<\/script>\n<!-- \/ Yoast SEO Premium plugin. -->","yoast_head_json":{"title":"Mercedes-Benz y Moncler se unen en una colaboraci\u00f3n \u201cespacial\u201d | Grazia","description":"El Project Mondo G es una obra de arte dise\u00f1ada para fusionar los maravillosos mundos de Mercedes y Moncler.","robots":{"index":"index","follow":"follow","max-snippet":"max-snippet:-1","max-image-preview":"max-image-preview:large","max-video-preview":"max-video-preview:-1"},"canonical":"https:\/\/graziamagazine.com\/es\/articles\/mercedes-benz-y-moncler-se-unen-en-una-colaboracion-espacial\/","og_locale":"es_ES","og_type":"article","og_title":"Mercedes-Benz y Moncler se unen en una colaboraci\u00f3n \u201cespacial\u201d","og_description":"El Project Mondo G es una obra de arte dise\u00f1ada para fusionar los maravillosos mundos de Mercedes y Moncler.","og_url":"https:\/\/graziamagazine.com\/es\/articles\/mercedes-benz-y-moncler-se-unen-en-una-colaboracion-espacial\/","og_site_name":"Grazia","article_modified_time":"2023-02-21T22:14:46+00:00","og_image":[{"width":1296,"height":628,"url":"https:\/\/graziamagazine.com\/es\/wp-content\/uploads\/sites\/12\/2023\/02\/Captura-de-Pantalla-2023-02-21-a-las-10.20.57.png?fit=1296%2C628","type":"image\/png"}],"twitter_card":"summary_large_image","twitter_misc":{"Est. reading time":"3 minutos"},"schema":{"@context":"https:\/\/schema.org","@graph":[{"@type":"WebPage","@id":"https:\/\/graziamagazine.com\/es\/articles\/mercedes-benz-y-moncler-se-unen-en-una-colaboracion-espacial\/","url":"https:\/\/graziamagazine.com\/es\/articles\/mercedes-benz-y-moncler-se-unen-en-una-colaboracion-espacial\/","name":"Mercedes-Benz y Moncler se unen en una colaboraci\u00f3n \u201cespacial\u201d | Grazia","isPartOf":{"@id":"https:\/\/graziamagazine.com\/es\/#website"},"datePublished":"2023-02-22T09:00:54+00:00","dateModified":"2023-02-21T22:14:46+00:00","description":"El Project Mondo G es una obra de arte dise\u00f1ada para fusionar los maravillosos mundos de Mercedes y Moncler.","breadcrumb":{"@id":"https:\/\/graziamagazine.com\/es\/articles\/mercedes-benz-y-moncler-se-unen-en-una-colaboracion-espacial\/#breadcrumb"},"inLanguage":"es","potentialAction":[{"@type":"ReadAction","target":["https:\/\/graziamagazine.com\/es\/articles\/mercedes-benz-y-moncler-se-unen-en-una-colaboracion-espacial\/"]}]},{"@type":"BreadcrumbList","@id":"https:\/\/graziamagazine.com\/es\/articles\/mercedes-benz-y-moncler-se-unen-en-una-colaboracion-espacial\/#breadcrumb","itemListElement":[{"@type":"ListItem","position":1,"name":"Portada","item":"https:\/\/graziamagazine.com\/es\/"},{"@type":"ListItem","position":2,"name":"Mercedes-Benz y Moncler se unen en una colaboraci\u00f3n \u201cespacial\u201d"}]},{"@type":"WebSite","@id":"https:\/\/graziamagazine.com\/es\/#website","url":"https:\/\/graziamagazine.com\/es\/","name":"Grazia","description":"Moda, belleza, celebrities, estilo de vida...","potentialAction":[{"@type":"SearchAction","target":{"@type":"EntryPoint","urlTemplate":"https:\/\/graziamagazine.com\/es\/?s={search_term_string}"},"query-input":"required name=search_term_string"}],"inLanguage":"es"}]}},"jetpack_sharing_enabled":true,"distributor_meta":false,"distributor_terms":false,"distributor_media":false,"distributor_original_site_name":"Grazia","distributor_original_site_url":"https:\/\/graziamagazine.com\/es","push-errors":false,"_links":{"self":[{"href":"https:\/\/graziamagazine.com\/es\/wp-json\/wp\/v2\/articles\/168494"}],"collection":[{"href":"https:\/\/graziamagazine.com\/es\/wp-json\/wp\/v2\/articles"}],"about":[{"href":"https:\/\/graziamagazine.com\/es\/wp-json\/wp\/v2\/types\/articles"}],"author":[{"embeddable":true,"href":"https:\/\/graziamagazine.com\/es\/wp-json\/wp\/v2\/users\/16349"}],"wp:featuredmedia":[{"embeddable":true,"href":"https:\/\/graziamagazine.com\/es\/wp-json\/wp\/v2\/media\/168495"}],"wp:attachment":[{"href":"https:\/\/graziamagazine.com\/es\/wp-json\/wp\/v2\/media?parent=168494"}],"wp:term":[{"taxonomy":"category","embeddable":true,"href":"https:\/\/graziamagazine.com\/es\/wp-json\/wp\/v2\/categories?post=168494"}],"curies":[{"name":"wp","href":"https:\/\/api.w.org\/{rel}","templated":true}]}}