{"id":168477,"date":"2023-02-21T10:53:49","date_gmt":"2023-02-21T09:53:49","guid":{"rendered":"https:\/\/graziamagazine.com\/es\/?post_type=articles&#038;p=168477"},"modified":"2023-02-21T10:53:49","modified_gmt":"2023-02-21T09:53:49","slug":"burberry-y-daniel-lee-asi-ha-sido-el-esperado-debut-en-lfw","status":"publish","type":"articles","link":"https:\/\/graziamagazine.com\/es\/articles\/burberry-y-daniel-lee-asi-ha-sido-el-esperado-debut-en-lfw\/","title":{"rendered":"Burberry y Daniel Lee, as\u00ed ha sido el esperado debut en LFW"},"content":{"rendered":"<p><span style=\"font-weight: 400\">La <strong>Fashion Week de Londres<\/strong> ha sido uno de los eventos de moda m\u00e1s esperados de este a\u00f1o. Pues hace algunos meses, <strong>Daniel Lee<\/strong> fue nombrado como el nuevo director creativo de la casa inglesa, <strong>Burberry,<\/strong> y ha debutado con su nueva colecci\u00f3n <strong>Oto\u00f1o\/ Invierno 2023.<\/strong><\/span><\/p>\n<p><span style=\"font-weight: 400\">El nombre Burberry evoca tradici\u00f3n y excepcionales est\u00e1ndares de calidad que con el paso de los a\u00f1os siguen siendo vigentes gracias a la verdadera fuerza de innovaci\u00f3n y propuestas desde su fundaci\u00f3n.<\/span><\/p>\n<div class=\"content-gallery\">\n<div class=\"gallery-placeholder\">\n<div class=\"spinner\"><\/div>\n<\/div>\n<p>&nbsp;<\/p>\n<div id=\"gallery-1\" class=\"gallery galleryid- gallery-columns- gallery-size-\">\n<figure class=\"gallery-item\">\n<div class=\"gallery-icon landscape\"><img loading=\"lazy\" decoding=\"async\" class=\"lazy\" src=\"https:\/\/graziamagazine.com\/mx\/wp-content\/uploads\/sites\/13\/2023\/02\/Captura-de-Pantalla-2023-02-20-a-las-17.12.19.png?resize=738%2C1122\" alt=\"\" width=\"738\" height=\"1122\" data-recalc-dims=\"1\" \/><\/div><figcaption id=\"gallery-1-121938\" class=\"wp-caption-text gallery-caption\">Burberry presenta su primera colecci\u00f3n Oto\u00f1o\/Invierno con Daniel Lee<\/figcaption><\/figure>\n<figure class=\"gallery-item\">\n<div class=\"gallery-icon landscape\"><img loading=\"lazy\" decoding=\"async\" class=\"lazy\" src=\"https:\/\/graziamagazine.com\/mx\/wp-content\/uploads\/sites\/13\/2023\/02\/Captura-de-Pantalla-2023-02-20-a-las-15.11.04.png?resize=752%2C1142\" alt=\"\" width=\"752\" height=\"1142\" data-recalc-dims=\"1\" \/><\/div>\n<\/figure>\n<figure class=\"gallery-item\">\n<div class=\"gallery-icon landscape\"><img loading=\"lazy\" decoding=\"async\" class=\"lazy\" src=\"https:\/\/graziamagazine.com\/mx\/wp-content\/uploads\/sites\/13\/2023\/02\/Captura-de-Pantalla-2023-02-20-a-las-15.11.10.png?resize=758%2C1152\" alt=\"\" width=\"758\" height=\"1152\" data-recalc-dims=\"1\" \/><\/div>\n<\/figure>\n<figure class=\"gallery-item\">\n<div class=\"gallery-icon landscape\"><img loading=\"lazy\" decoding=\"async\" class=\"lazy\" src=\"https:\/\/graziamagazine.com\/mx\/wp-content\/uploads\/sites\/13\/2023\/02\/Captura-de-Pantalla-2023-02-20-a-las-15.11.19.png?resize=752%2C1156\" alt=\"\" width=\"752\" height=\"1156\" data-recalc-dims=\"1\" \/><\/div>\n<\/figure>\n<figure class=\"gallery-item\">\n<div class=\"gallery-icon landscape\"><img loading=\"lazy\" decoding=\"async\" class=\"lazy\" src=\"https:\/\/graziamagazine.com\/mx\/wp-content\/uploads\/sites\/13\/2023\/02\/Captura-de-Pantalla-2023-02-20-a-las-15.11.44.png?resize=748%2C1152\" alt=\"\" width=\"748\" height=\"1152\" data-recalc-dims=\"1\" \/><\/div>\n<\/figure>\n<\/div>\n<\/div>\n<p><span style=\"font-weight: 400\">Daniel Lee da vuelta a la p\u00e1gina y sigue con el curso que apunta a una vuelta a la identidad inglesa que hab\u00eda quedado varada en un limbo con el antiguo director.<\/span><\/p>\n<p><span style=\"font-weight: 400\">Lee se ha encargado de <strong>rescatar los antiguos c\u00f3digos<\/strong> y hace una propuesta de imagen fresca y necesaria a la firma que posiblemente se convertir\u00e1 en una de las promesas de tendencia durante este a\u00f1o: el royal blue.<\/span><\/p>\n<p><span style=\"font-weight: 400\">Sin m\u00e1s el desfile parti\u00f3 plaza con una l\u00ednea <\/span><b>pr\u00eat-\u00e0-porter<\/b><span style=\"font-weight: 400\"> que recuerda la funcionalidad atemporal de la marca. Desde looks oscuros, verdes pato, morado, rosas y amarillos mostaza, los <\/span><b>emblem\u00e1ticos trench de la casa,<\/b><span style=\"font-weight: 400\"> ahora son sobredimensionados.<\/span><\/p>\n<div class=\"content-gallery\">\n<div class=\"gallery-placeholder\">\n<div class=\"spinner\"><\/div>\n<\/div>\n<p>&nbsp;<\/p>\n<div id=\"gallery-2\" class=\"gallery galleryid- gallery-columns- gallery-size-\">\n<figure class=\"gallery-item\">\n<div class=\"gallery-icon landscape\"><img loading=\"lazy\" decoding=\"async\" class=\"lazy\" src=\"https:\/\/graziamagazine.com\/mx\/wp-content\/uploads\/sites\/13\/2023\/02\/Captura-de-Pantalla-2023-02-20-a-las-15.11.54.png?resize=736%2C1134\" alt=\"\" width=\"736\" height=\"1134\" data-recalc-dims=\"1\" \/><\/div><figcaption id=\"gallery-2-121921\" class=\"wp-caption-text gallery-caption\">Burberry presenta su primera colecci\u00f3n Oto\u00f1o\/Invierno con Daniel Lee<\/figcaption><\/figure>\n<figure class=\"gallery-item\">\n<div class=\"gallery-icon landscape\"><img loading=\"lazy\" decoding=\"async\" class=\"lazy\" src=\"https:\/\/graziamagazine.com\/mx\/wp-content\/uploads\/sites\/13\/2023\/02\/Captura-de-Pantalla-2023-02-20-a-las-15.11.59.png?resize=742%2C1142\" alt=\"\" width=\"742\" height=\"1142\" data-recalc-dims=\"1\" \/><\/div>\n<\/figure>\n<figure class=\"gallery-item\">\n<div class=\"gallery-icon landscape\"><img loading=\"lazy\" decoding=\"async\" class=\"lazy\" src=\"https:\/\/graziamagazine.com\/mx\/wp-content\/uploads\/sites\/13\/2023\/02\/Captura-de-Pantalla-2023-02-20-a-las-15.12.04.png?resize=744%2C1138\" alt=\"\" width=\"744\" height=\"1138\" data-recalc-dims=\"1\" \/><\/div>\n<\/figure>\n<figure class=\"gallery-item\">\n<div class=\"gallery-icon landscape\"><img loading=\"lazy\" decoding=\"async\" class=\"lazy\" src=\"https:\/\/graziamagazine.com\/mx\/wp-content\/uploads\/sites\/13\/2023\/02\/Captura-de-Pantalla-2023-02-20-a-las-15.11.27-e1676934673300.png?resize=744%2C527\" alt=\"Burberry presenta su primera colecci\u00f3n Oto\u00f1o\/Invierno con Daniel Lee\" width=\"744\" height=\"527\" data-recalc-dims=\"1\" \/><\/div><figcaption id=\"gallery-2-121927\" class=\"wp-caption-text gallery-caption\">Burberry presenta su primera colecci\u00f3n Oto\u00f1o\/Invierno con Daniel Lee<\/figcaption><\/figure>\n<figure class=\"gallery-item\">\n<div class=\"gallery-icon landscape\"><img loading=\"lazy\" decoding=\"async\" class=\"lazy\" src=\"https:\/\/graziamagazine.com\/mx\/wp-content\/uploads\/sites\/13\/2023\/02\/Captura-de-Pantalla-2023-02-20-a-las-15.10.53.png?resize=756%2C1148\" alt=\"\" width=\"756\" height=\"1148\" data-recalc-dims=\"1\" \/><\/div>\n<\/figure>\n<\/div>\n<\/div>\n<p><span style=\"font-weight: 400\">Con una propuesta maximalista, el estilo que corre por las venas de Lee dan aires a los dise\u00f1os que trabaj\u00f3 en su estancia en Bottega Veneta. Ahora<strong> retomando los sellos de Burberry<\/strong>, los ic\u00f3nicos cuadros se convierten en estampados de diversos colores y tama\u00f1os que dan un toque \u00fanico y sofisticado a la colecci\u00f3n.<\/span><\/p>\n<p><span style=\"font-weight: 400\">Tambi\u00e9n hay que reconocer que el logo cl\u00e1sico se ha recuperado y sabiamente Lee supo jugar con las dimensiones posicionando en gabardinas,\u00a0 y vestidos, pasando por los accesorios, que tambi\u00e9n crecen para dar lugar a gorros gigantes, botas de agua en formato maxi, o incluso <\/span><i><span style=\"font-weight: 400\">charms<\/span><\/i><span style=\"font-weight: 400\"> de cola de zorro (en versi\u00f3n vegana) de tama\u00f1o colosal.<\/span><\/p>\n<div class=\"content-gallery\">\n<div class=\"gallery-placeholder\">\n<div class=\"spinner\"><\/div>\n<\/div>\n<p>&nbsp;<\/p>\n<div id=\"gallery-3\" class=\"gallery galleryid- gallery-columns- gallery-size-\">\n<figure class=\"gallery-item\">\n<div class=\"gallery-icon landscape\"><img loading=\"lazy\" decoding=\"async\" class=\"lazy\" src=\"https:\/\/graziamagazine.com\/mx\/wp-content\/uploads\/sites\/13\/2023\/02\/Captura-de-Pantalla-2023-02-20-a-las-15.12.33.png?resize=752%2C1154\" alt=\"\" width=\"752\" height=\"1154\" data-recalc-dims=\"1\" \/><\/div><figcaption id=\"gallery-3-121932\" class=\"wp-caption-text gallery-caption\">Burberry presenta su primera colecci\u00f3n Oto\u00f1o\/Invierno con Daniel Lee<\/figcaption><\/figure>\n<figure class=\"gallery-item\">\n<div class=\"gallery-icon landscape\"><img loading=\"lazy\" decoding=\"async\" class=\"lazy\" src=\"https:\/\/graziamagazine.com\/mx\/wp-content\/uploads\/sites\/13\/2023\/02\/Captura-de-Pantalla-2023-02-20-a-las-15.11.34.png?resize=750%2C1144\" alt=\"\" width=\"750\" height=\"1144\" data-recalc-dims=\"1\" \/><\/div>\n<\/figure>\n<figure class=\"gallery-item\">\n<div class=\"gallery-icon landscape\"><img loading=\"lazy\" decoding=\"async\" class=\"lazy\" src=\"https:\/\/graziamagazine.com\/mx\/wp-content\/uploads\/sites\/13\/2023\/02\/Captura-de-Pantalla-2023-02-20-a-las-15.12.27.png?resize=750%2C1144\" alt=\"\" width=\"750\" height=\"1144\" data-recalc-dims=\"1\" \/><\/div>\n<\/figure>\n<figure class=\"gallery-item\">\n<div class=\"gallery-icon landscape\"><img loading=\"lazy\" decoding=\"async\" class=\"lazy\" src=\"https:\/\/graziamagazine.com\/mx\/wp-content\/uploads\/sites\/13\/2023\/02\/Captura-de-Pantalla-2023-02-20-a-las-15.11.39.png?resize=730%2C1140\" alt=\"\" width=\"730\" height=\"1140\" data-recalc-dims=\"1\" \/><\/div>\n<\/figure>\n<figure class=\"gallery-item\">\n<div class=\"gallery-icon landscape\"><img loading=\"lazy\" decoding=\"async\" class=\"lazy\" src=\"https:\/\/graziamagazine.com\/mx\/wp-content\/uploads\/sites\/13\/2023\/02\/Captura-de-Pantalla-2023-02-20-a-las-15.12.40.png?resize=754%2C1152\" alt=\"\" width=\"754\" height=\"1152\" data-recalc-dims=\"1\" \/><\/div>\n<\/figure>\n<\/div>\n<\/div>\n<p><span style=\"font-weight: 400\">Como era de esperarse este nuevo refresh trae como propuesta una <strong>gama crom\u00e1tica que evolucion\u00f3<\/strong> conforme el show pasaba, de <strong>mostaza, azul \u00edndigo y rojo<\/strong>, fueron las tonalidades que rompieron con los esquemas sobrios de la casa.<\/span><\/p>\n<p><em><strong>*IMAGEN: Gorunway<\/strong><\/em><\/p>\n","protected":false},"author":16349,"featured_media":168478,"template":"","format":"standard","categories":[1],"acf":[],"yoast_head":"<!-- This site is optimized with the Yoast SEO Premium plugin v18.5 (Yoast SEO v20.4) - https:\/\/yoast.com\/wordpress\/plugins\/seo\/ -->\n<title>Burberry y Daniel Lee, as\u00ed ha sido el esperado debut en LFW<\/title>\n<meta name=\"description\" content=\"El esperado debut del Director Creativo de la firma londinense, presenta su primera colecci\u00f3n al mundo durante la Fashion Week de Londres\" \/>\n<meta name=\"robots\" content=\"index, follow, max-snippet:-1, max-image-preview:large, max-video-preview:-1\" \/>\n<link rel=\"canonical\" href=\"https:\/\/graziamagazine.com\/es\/articles\/burberry-y-daniel-lee-asi-ha-sido-el-esperado-debut-en-lfw\/\" \/>\n<meta property=\"og:locale\" content=\"es_ES\" \/>\n<meta property=\"og:type\" content=\"article\" \/>\n<meta property=\"og:title\" content=\"Burberry y Daniel Lee, as\u00ed ha sido el esperado debut en LFW\" \/>\n<meta property=\"og:description\" content=\"El esperado debut del Director Creativo de la firma londinense, presenta su primera colecci\u00f3n al mundo durante la Fashion Week de Londres\" \/>\n<meta property=\"og:url\" content=\"https:\/\/graziamagazine.com\/es\/articles\/burberry-y-daniel-lee-asi-ha-sido-el-esperado-debut-en-lfw\/\" \/>\n<meta property=\"og:site_name\" content=\"Grazia\" \/>\n<meta property=\"og:image\" content=\"https:\/\/graziamagazine.com\/es\/wp-content\/uploads\/sites\/12\/2023\/02\/Captura-de-Pantalla-2023-02-20-a-las-15.11.27-e1676934673300.png\" \/>\n\t<meta property=\"og:image:width\" content=\"744\" \/>\n\t<meta property=\"og:image:height\" content=\"527\" \/>\n\t<meta property=\"og:image:type\" content=\"image\/png\" \/>\n<meta name=\"twitter:card\" content=\"summary_large_image\" \/>\n<meta name=\"twitter:label1\" content=\"Est. reading time\" \/>\n\t<meta name=\"twitter:data1\" content=\"5 minutos\" \/>\n<script type=\"application\/ld+json\" class=\"yoast-schema-graph\">{\"@context\":\"https:\/\/schema.org\",\"@graph\":[{\"@type\":\"WebPage\",\"@id\":\"https:\/\/graziamagazine.com\/es\/articles\/burberry-y-daniel-lee-asi-ha-sido-el-esperado-debut-en-lfw\/\",\"url\":\"https:\/\/graziamagazine.com\/es\/articles\/burberry-y-daniel-lee-asi-ha-sido-el-esperado-debut-en-lfw\/\",\"name\":\"Burberry y Daniel Lee, as\u00ed ha sido el esperado debut en LFW\",\"isPartOf\":{\"@id\":\"https:\/\/graziamagazine.com\/es\/#website\"},\"datePublished\":\"2023-02-21T09:53:49+00:00\",\"dateModified\":\"2023-02-21T09:53:49+00:00\",\"description\":\"El esperado debut del Director Creativo de la firma londinense, presenta su primera colecci\u00f3n al mundo durante la Fashion Week de Londres\",\"breadcrumb\":{\"@id\":\"https:\/\/graziamagazine.com\/es\/articles\/burberry-y-daniel-lee-asi-ha-sido-el-esperado-debut-en-lfw\/#breadcrumb\"},\"inLanguage\":\"es\",\"potentialAction\":[{\"@type\":\"ReadAction\",\"target\":[\"https:\/\/graziamagazine.com\/es\/articles\/burberry-y-daniel-lee-asi-ha-sido-el-esperado-debut-en-lfw\/\"]}]},{\"@type\":\"BreadcrumbList\",\"@id\":\"https:\/\/graziamagazine.com\/es\/articles\/burberry-y-daniel-lee-asi-ha-sido-el-esperado-debut-en-lfw\/#breadcrumb\",\"itemListElement\":[{\"@type\":\"ListItem\",\"position\":1,\"name\":\"Portada\",\"item\":\"https:\/\/graziamagazine.com\/es\/\"},{\"@type\":\"ListItem\",\"position\":2,\"name\":\"Burberry y Daniel Lee, as\u00ed ha sido el esperado debut en LFW\"}]},{\"@type\":\"WebSite\",\"@id\":\"https:\/\/graziamagazine.com\/es\/#website\",\"url\":\"https:\/\/graziamagazine.com\/es\/\",\"name\":\"Grazia\",\"description\":\"Moda, belleza, celebrities, estilo de vida...\",\"potentialAction\":[{\"@type\":\"SearchAction\",\"target\":{\"@type\":\"EntryPoint\",\"urlTemplate\":\"https:\/\/graziamagazine.com\/es\/?s={search_term_string}\"},\"query-input\":\"required name=search_term_string\"}],\"inLanguage\":\"es\"}]}<\/script>\n<!-- \/ Yoast SEO Premium plugin. -->","yoast_head_json":{"title":"Burberry y Daniel Lee, as\u00ed ha sido el esperado debut en LFW","description":"El esperado debut del Director Creativo de la firma londinense, presenta su primera colecci\u00f3n al mundo durante la Fashion Week de Londres","robots":{"index":"index","follow":"follow","max-snippet":"max-snippet:-1","max-image-preview":"max-image-preview:large","max-video-preview":"max-video-preview:-1"},"canonical":"https:\/\/graziamagazine.com\/es\/articles\/burberry-y-daniel-lee-asi-ha-sido-el-esperado-debut-en-lfw\/","og_locale":"es_ES","og_type":"article","og_title":"Burberry y Daniel Lee, as\u00ed ha sido el esperado debut en LFW","og_description":"El esperado debut del Director Creativo de la firma londinense, presenta su primera colecci\u00f3n al mundo durante la Fashion Week de Londres","og_url":"https:\/\/graziamagazine.com\/es\/articles\/burberry-y-daniel-lee-asi-ha-sido-el-esperado-debut-en-lfw\/","og_site_name":"Grazia","og_image":[{"width":744,"height":527,"url":"https:\/\/graziamagazine.com\/es\/wp-content\/uploads\/sites\/12\/2023\/02\/Captura-de-Pantalla-2023-02-20-a-las-15.11.27-e1676934673300.png","type":"image\/png"}],"twitter_card":"summary_large_image","twitter_misc":{"Est. reading time":"5 minutos"},"schema":{"@context":"https:\/\/schema.org","@graph":[{"@type":"WebPage","@id":"https:\/\/graziamagazine.com\/es\/articles\/burberry-y-daniel-lee-asi-ha-sido-el-esperado-debut-en-lfw\/","url":"https:\/\/graziamagazine.com\/es\/articles\/burberry-y-daniel-lee-asi-ha-sido-el-esperado-debut-en-lfw\/","name":"Burberry y Daniel Lee, as\u00ed ha sido el esperado debut en LFW","isPartOf":{"@id":"https:\/\/graziamagazine.com\/es\/#website"},"datePublished":"2023-02-21T09:53:49+00:00","dateModified":"2023-02-21T09:53:49+00:00","description":"El esperado debut del Director Creativo de la firma londinense, presenta su primera colecci\u00f3n al mundo durante la Fashion Week de Londres","breadcrumb":{"@id":"https:\/\/graziamagazine.com\/es\/articles\/burberry-y-daniel-lee-asi-ha-sido-el-esperado-debut-en-lfw\/#breadcrumb"},"inLanguage":"es","potentialAction":[{"@type":"ReadAction","target":["https:\/\/graziamagazine.com\/es\/articles\/burberry-y-daniel-lee-asi-ha-sido-el-esperado-debut-en-lfw\/"]}]},{"@type":"BreadcrumbList","@id":"https:\/\/graziamagazine.com\/es\/articles\/burberry-y-daniel-lee-asi-ha-sido-el-esperado-debut-en-lfw\/#breadcrumb","itemListElement":[{"@type":"ListItem","position":1,"name":"Portada","item":"https:\/\/graziamagazine.com\/es\/"},{"@type":"ListItem","position":2,"name":"Burberry y Daniel Lee, as\u00ed ha sido el esperado debut en LFW"}]},{"@type":"WebSite","@id":"https:\/\/graziamagazine.com\/es\/#website","url":"https:\/\/graziamagazine.com\/es\/","name":"Grazia","description":"Moda, belleza, celebrities, estilo de vida...","potentialAction":[{"@type":"SearchAction","target":{"@type":"EntryPoint","urlTemplate":"https:\/\/graziamagazine.com\/es\/?s={search_term_string}"},"query-input":"required name=search_term_string"}],"inLanguage":"es"}]}},"jetpack_sharing_enabled":true,"distributor_meta":false,"distributor_terms":false,"distributor_media":false,"distributor_original_site_name":"Grazia","distributor_original_site_url":"https:\/\/graziamagazine.com\/es","push-errors":false,"_links":{"self":[{"href":"https:\/\/graziamagazine.com\/es\/wp-json\/wp\/v2\/articles\/168477"}],"collection":[{"href":"https:\/\/graziamagazine.com\/es\/wp-json\/wp\/v2\/articles"}],"about":[{"href":"https:\/\/graziamagazine.com\/es\/wp-json\/wp\/v2\/types\/articles"}],"author":[{"embeddable":true,"href":"https:\/\/graziamagazine.com\/es\/wp-json\/wp\/v2\/users\/16349"}],"wp:featuredmedia":[{"embeddable":true,"href":"https:\/\/graziamagazine.com\/es\/wp-json\/wp\/v2\/media\/168478"}],"wp:attachment":[{"href":"https:\/\/graziamagazine.com\/es\/wp-json\/wp\/v2\/media?parent=168477"}],"wp:term":[{"taxonomy":"category","embeddable":true,"href":"https:\/\/graziamagazine.com\/es\/wp-json\/wp\/v2\/categories?post=168477"}],"curies":[{"name":"wp","href":"https:\/\/api.w.org\/{rel}","templated":true}]}}