{"id":168347,"date":"2023-02-15T12:57:58","date_gmt":"2023-02-15T11:57:58","guid":{"rendered":"https:\/\/graziamagazine.com\/es\/?post_type=articles&#038;p=168347"},"modified":"2023-02-15T12:57:58","modified_gmt":"2023-02-15T11:57:58","slug":"la-reina-carlota-una-historia-de-los-bridgerton-ya-tiene-fecha-de-estreno","status":"publish","type":"articles","link":"https:\/\/graziamagazine.com\/es\/articles\/la-reina-carlota-una-historia-de-los-bridgerton-ya-tiene-fecha-de-estreno\/","title":{"rendered":"\u2018La reina Carlota: Una historia de los Bridgerton\u2019 ya tiene fecha de estreno"},"content":{"rendered":"<p>Habr\u00e1 que esperar todav\u00eda un poco, pero volveremos a viajar al universo de los Bridgerton.\u00a0<span class=\"mark3z7rxgy2o\" data-markjs=\"true\" data-ogac=\"\" data-ogab=\"\" data-ogsc=\"\" data-ogsb=\"\">Netflix<\/span>\u00a0y Shondaland realizaron un evento global para los mega fans del universo\u00a0<em>Bridgerton<\/em>, con motivo del pr\u00f3ximo estreno de la serie\u00a0<strong><em>La reina Charlotte: Una historia de Bridgerton<\/em><\/strong>. Durante el evento, Shonda Rhimes, la creadora y productora ejecutiva de Brigderton y de esta miniserie tan esperada de seis episodios, present\u00f3 por primera vez nuevas im\u00e1genes\u00a0y revel\u00f3 que el\u00a0<strong>4 de mayo de este a\u00f1o\u00a0<\/strong>ser\u00e1 el estreno mundial en\u00a0<span class=\"mark3z7rxgy2o\" data-markjs=\"true\" data-ogac=\"\" data-ogab=\"\" data-ogsc=\"\" data-ogsb=\"\">Netflix<\/span><br aria-hidden=\"true\" \/><br aria-hidden=\"true\" \/>Shonda Rhimes y el elenco encabezado por Golda Rosheuvel (la Reina Charlotte), India Amarteifio (la joven Reina Charlotte), Corey Mylchreest (el joven Rey George), Arsema Thomas (la joven Lady Danbury) \u2014acompa\u00f1ados de apariciones pregrabadas de Adjoa Andoh (Lady Danbury) y Ruth Gemmell (Lady Violet Bridgerton)\u2014 conversaron sobre qu\u00e9 esperar de la serie, c\u00f3mo se relaciona con el universo\u00a0<em>Bridgerton<\/em>, los temas en los que los personajes favoritos de los fans profundizan, y c\u00f3mo se inspiraron los actores para sus papeles. Adem\u00e1s, los fans que fueron parte del evento disfrutaron en exclusiva de clips in\u00e9ditos y de una sorpresa muy especial: el primer avance de la serie.<\/p>\n<p><img loading=\"lazy\" decoding=\"async\" class=\"aligncenter size-full wp-image-168351\" src=\"https:\/\/graziamagazine.com\/es\/wp-content\/uploads\/sites\/12\/2023\/02\/QUEENCHARLOTTE_102_Unit_03158RC-copia.jpg\" alt=\"\u2018La reina Carlota: Una historia de los Bridgerton\u2019 ya tiene fecha de estreno\" width=\"1024\" height=\"684\" \/>Por si fuera poco, la actriz Golda Rosheuvel revel\u00f3 que esta primavera en Nueva York, estar\u00e1 disponible el evento\u00a0<em><strong>The Queen&#8217;s Ball: A Bridgerton Experience<\/strong><\/em>, coproducido por\u00a0<span class=\"mark3z7rxgy2o\" data-markjs=\"true\" data-ogac=\"\" data-ogab=\"\" data-ogsc=\"\" data-ogsb=\"\">Netflix<\/span>, Shondaland y Fever. La lista de espera ya est\u00e1 disponible y los fans pueden registrarse y obtener m\u00e1s informaci\u00f3n\u00a0<a href=\"https:\/\/feverup.com\/m\/125058\" target=\"_blank\" rel=\"noopener noreferrer\" data-auth=\"NotApplicable\" data-safelink=\"true\" data-linkindex=\"2\" target=\"_blank\">en este enlace<\/a>.<\/p>\n<h3>\u00bfDe qu\u00e9 va?<\/h3>\n<p>Centrada en el ascenso al poder y la popularidad de la Reina Charlotte, esta precuela en formato miniserie del universo <em>Bridgerton\u00a0<\/em>cuenta la historia de la uni\u00f3n de la joven Charlotte con el Rey George, que no solo fue una gran historia de amor sino tambi\u00e9n un punto de inflexi\u00f3n a nivel social, ya que se crearon las tradiciones de la alta sociedad que heredaron los personajes de\u00a0<em>Bridgerton<\/em>.<\/p>\n<p><img loading=\"lazy\" decoding=\"async\" class=\"aligncenter size-full wp-image-168353\" src=\"https:\/\/graziamagazine.com\/es\/wp-content\/uploads\/sites\/12\/2023\/02\/QUEENCHARLOTTE_102_Unit_00554RC-copia.jpg\" alt=\"\u2018La reina Carlota: Una historia de los Bridgerton\u2019 ya tiene fecha de estreno\" width=\"1024\" height=\"684\" \/><\/p>\n<h3>Este ser\u00e1 el elenco<\/h3>\n<ul dir=\"ltr\">\n<li><strong>Golda Rosheuvel\u00a0<\/strong>(Reina Charlotte),\u00a0<strong>Adjoa Andoh\u00a0<\/strong>(Lady Agatha Danbury) y\u00a0<strong>Ruth Gemmell<\/strong>\u00a0(Lady Violet Bridgerton) retoman sus roles de\u00a0<em>Bridgerton\u00a0<\/em>en esta serie.<\/li>\n<li><strong>India Amarteifio<\/strong>\u00a0(Line of Duty) interpreta a la Reina Charlotte en su juventud.\u00a0<strong>Michelle Fairley\u00a0<\/strong>(Gangs of London) interpreta a la Princesa Augusta.\u00a0<strong>Corey Mylchreest<\/strong>\u00a0(Sandman) interpreta al Rey George en su juventud.\u00a0<strong>Arsema Thomas\u00a0<\/strong>(en su debut televisivo) interpreta a Agatha Danbury en su juventud.<\/li>\n<li>Completan el elenco<strong>\u00a0Sam Clemmett\u00a0<\/strong>(Harry Potter and the Cursed Child, la obra teatral del West End y Broadway; The War Below) como el joven Brimsley;\u00a0<strong>Freddie Dennis<\/strong>\u00a0(The Nevers) como Reynolds;\u00a0<strong>Richard Cunningham<\/strong>\u00a0(The Witcher) como Lord Bute;\u00a0<strong>Tunji Kasim\u00a0<\/strong>(Nancy Drew) como Adolphus;\u00a0<strong>Rob Maloney\u00a0<\/strong>(Casualty) como el m\u00e9dico de la realeza;\u00a0<strong>Cyril Nri\u00a0<\/strong>(Cucumber) como Lord Danbury, y\u00a0<strong>Hugh Sachs<\/strong>\u00a0(<em>Bridgerton<\/em>, temporadas 1 y 2) como Brimsley (mayor).<\/li>\n<\/ul>\n<p>Aqu\u00ed puedes ver el primer avance:<\/p>\n<p><iframe loading=\"lazy\" title=\"La reina Charlotte: Una historia de Bridgerton | Avance oficial | Netflix\" width=\"500\" height=\"281\" src=\"https:\/\/www.youtube.com\/embed\/IXxqGlEKZqU?feature=oembed\" frameborder=\"0\" allow=\"accelerometer; autoplay; clipboard-write; encrypted-media; gyroscope; picture-in-picture; web-share\" allowfullscreen><\/iframe><\/p>\n","protected":false},"author":11653,"featured_media":168352,"template":"","format":"standard","categories":[2971],"acf":{"banner":null},"yoast_head":"<!-- This site is optimized with the Yoast SEO Premium plugin v18.5 (Yoast SEO v20.4) - https:\/\/yoast.com\/wordpress\/plugins\/seo\/ -->\n<title>\u2018La reina Carlota: Una historia de los Bridgerton\u2019 ya tiene fecha de estreno | Grazia<\/title>\n<meta name=\"description\" content=\"Habr\u00e1 que esperar todav\u00eda un poco, pero volveremos a viajar al universo de los Bridgerton.\u00a0Netflix\u00a0y Shondaland realizaron un evento global para los mega\" \/>\n<meta name=\"robots\" content=\"index, follow, max-snippet:-1, max-image-preview:large, max-video-preview:-1\" \/>\n<link rel=\"canonical\" href=\"https:\/\/graziamagazine.com\/es\/articles\/la-reina-carlota-una-historia-de-los-bridgerton-ya-tiene-fecha-de-estreno\/\" \/>\n<meta property=\"og:locale\" content=\"es_ES\" \/>\n<meta property=\"og:type\" content=\"article\" \/>\n<meta property=\"og:title\" content=\"\u2018La reina Carlota: Una historia de los Bridgerton\u2019 ya tiene fecha de estreno\" \/>\n<meta property=\"og:description\" content=\"Habr\u00e1 que esperar todav\u00eda un poco, pero volveremos a viajar al universo de los Bridgerton.\u00a0Netflix\u00a0y Shondaland realizaron un evento global para los mega\" \/>\n<meta property=\"og:url\" content=\"https:\/\/graziamagazine.com\/es\/articles\/la-reina-carlota-una-historia-de-los-bridgerton-ya-tiene-fecha-de-estreno\/\" \/>\n<meta property=\"og:site_name\" content=\"Grazia\" \/>\n<meta property=\"og:image\" content=\"https:\/\/graziamagazine.com\/es\/wp-content\/uploads\/sites\/12\/2023\/02\/spinoff-bridgerton-vida-de-la-reina-charlotte-copia.jpg\" \/>\n\t<meta property=\"og:image:width\" content=\"1600\" \/>\n\t<meta property=\"og:image:height\" content=\"1066\" \/>\n\t<meta property=\"og:image:type\" content=\"image\/jpeg\" \/>\n<meta name=\"twitter:card\" content=\"summary_large_image\" \/>\n<meta name=\"twitter:label1\" content=\"Est. reading time\" \/>\n\t<meta name=\"twitter:data1\" content=\"3 minutos\" \/>\n<script type=\"application\/ld+json\" class=\"yoast-schema-graph\">{\"@context\":\"https:\/\/schema.org\",\"@graph\":[{\"@type\":\"WebPage\",\"@id\":\"https:\/\/graziamagazine.com\/es\/articles\/la-reina-carlota-una-historia-de-los-bridgerton-ya-tiene-fecha-de-estreno\/\",\"url\":\"https:\/\/graziamagazine.com\/es\/articles\/la-reina-carlota-una-historia-de-los-bridgerton-ya-tiene-fecha-de-estreno\/\",\"name\":\"\u2018La reina Carlota: Una historia de los Bridgerton\u2019 ya tiene fecha de estreno | Grazia\",\"isPartOf\":{\"@id\":\"https:\/\/graziamagazine.com\/es\/#website\"},\"datePublished\":\"2023-02-15T11:57:58+00:00\",\"dateModified\":\"2023-02-15T11:57:58+00:00\",\"description\":\"Habr\u00e1 que esperar todav\u00eda un poco, pero volveremos a viajar al universo de los Bridgerton.\u00a0Netflix\u00a0y Shondaland realizaron un evento global para los mega\",\"breadcrumb\":{\"@id\":\"https:\/\/graziamagazine.com\/es\/articles\/la-reina-carlota-una-historia-de-los-bridgerton-ya-tiene-fecha-de-estreno\/#breadcrumb\"},\"inLanguage\":\"es\",\"potentialAction\":[{\"@type\":\"ReadAction\",\"target\":[\"https:\/\/graziamagazine.com\/es\/articles\/la-reina-carlota-una-historia-de-los-bridgerton-ya-tiene-fecha-de-estreno\/\"]}]},{\"@type\":\"BreadcrumbList\",\"@id\":\"https:\/\/graziamagazine.com\/es\/articles\/la-reina-carlota-una-historia-de-los-bridgerton-ya-tiene-fecha-de-estreno\/#breadcrumb\",\"itemListElement\":[{\"@type\":\"ListItem\",\"position\":1,\"name\":\"Portada\",\"item\":\"https:\/\/graziamagazine.com\/es\/\"},{\"@type\":\"ListItem\",\"position\":2,\"name\":\"\u2018La reina Carlota: Una historia de los Bridgerton\u2019 ya tiene fecha de estreno\"}]},{\"@type\":\"WebSite\",\"@id\":\"https:\/\/graziamagazine.com\/es\/#website\",\"url\":\"https:\/\/graziamagazine.com\/es\/\",\"name\":\"Grazia\",\"description\":\"Moda, belleza, celebrities, estilo de vida...\",\"potentialAction\":[{\"@type\":\"SearchAction\",\"target\":{\"@type\":\"EntryPoint\",\"urlTemplate\":\"https:\/\/graziamagazine.com\/es\/?s={search_term_string}\"},\"query-input\":\"required name=search_term_string\"}],\"inLanguage\":\"es\"}]}<\/script>\n<!-- \/ Yoast SEO Premium plugin. -->","yoast_head_json":{"title":"\u2018La reina Carlota: Una historia de los Bridgerton\u2019 ya tiene fecha de estreno | Grazia","description":"Habr\u00e1 que esperar todav\u00eda un poco, pero volveremos a viajar al universo de los Bridgerton.\u00a0Netflix\u00a0y Shondaland realizaron un evento global para los mega","robots":{"index":"index","follow":"follow","max-snippet":"max-snippet:-1","max-image-preview":"max-image-preview:large","max-video-preview":"max-video-preview:-1"},"canonical":"https:\/\/graziamagazine.com\/es\/articles\/la-reina-carlota-una-historia-de-los-bridgerton-ya-tiene-fecha-de-estreno\/","og_locale":"es_ES","og_type":"article","og_title":"\u2018La reina Carlota: Una historia de los Bridgerton\u2019 ya tiene fecha de estreno","og_description":"Habr\u00e1 que esperar todav\u00eda un poco, pero volveremos a viajar al universo de los Bridgerton.\u00a0Netflix\u00a0y Shondaland realizaron un evento global para los mega","og_url":"https:\/\/graziamagazine.com\/es\/articles\/la-reina-carlota-una-historia-de-los-bridgerton-ya-tiene-fecha-de-estreno\/","og_site_name":"Grazia","og_image":[{"width":1600,"height":1066,"url":"https:\/\/graziamagazine.com\/es\/wp-content\/uploads\/sites\/12\/2023\/02\/spinoff-bridgerton-vida-de-la-reina-charlotte-copia.jpg","type":"image\/jpeg"}],"twitter_card":"summary_large_image","twitter_misc":{"Est. reading time":"3 minutos"},"schema":{"@context":"https:\/\/schema.org","@graph":[{"@type":"WebPage","@id":"https:\/\/graziamagazine.com\/es\/articles\/la-reina-carlota-una-historia-de-los-bridgerton-ya-tiene-fecha-de-estreno\/","url":"https:\/\/graziamagazine.com\/es\/articles\/la-reina-carlota-una-historia-de-los-bridgerton-ya-tiene-fecha-de-estreno\/","name":"\u2018La reina Carlota: Una historia de los Bridgerton\u2019 ya tiene fecha de estreno | Grazia","isPartOf":{"@id":"https:\/\/graziamagazine.com\/es\/#website"},"datePublished":"2023-02-15T11:57:58+00:00","dateModified":"2023-02-15T11:57:58+00:00","description":"Habr\u00e1 que esperar todav\u00eda un poco, pero volveremos a viajar al universo de los Bridgerton.\u00a0Netflix\u00a0y Shondaland realizaron un evento global para los mega","breadcrumb":{"@id":"https:\/\/graziamagazine.com\/es\/articles\/la-reina-carlota-una-historia-de-los-bridgerton-ya-tiene-fecha-de-estreno\/#breadcrumb"},"inLanguage":"es","potentialAction":[{"@type":"ReadAction","target":["https:\/\/graziamagazine.com\/es\/articles\/la-reina-carlota-una-historia-de-los-bridgerton-ya-tiene-fecha-de-estreno\/"]}]},{"@type":"BreadcrumbList","@id":"https:\/\/graziamagazine.com\/es\/articles\/la-reina-carlota-una-historia-de-los-bridgerton-ya-tiene-fecha-de-estreno\/#breadcrumb","itemListElement":[{"@type":"ListItem","position":1,"name":"Portada","item":"https:\/\/graziamagazine.com\/es\/"},{"@type":"ListItem","position":2,"name":"\u2018La reina Carlota: Una historia de los Bridgerton\u2019 ya tiene fecha de estreno"}]},{"@type":"WebSite","@id":"https:\/\/graziamagazine.com\/es\/#website","url":"https:\/\/graziamagazine.com\/es\/","name":"Grazia","description":"Moda, belleza, celebrities, estilo de vida...","potentialAction":[{"@type":"SearchAction","target":{"@type":"EntryPoint","urlTemplate":"https:\/\/graziamagazine.com\/es\/?s={search_term_string}"},"query-input":"required name=search_term_string"}],"inLanguage":"es"}]}},"jetpack_sharing_enabled":true,"distributor_meta":false,"distributor_terms":false,"distributor_media":false,"distributor_original_site_name":"Grazia","distributor_original_site_url":"https:\/\/graziamagazine.com\/es","push-errors":false,"_links":{"self":[{"href":"https:\/\/graziamagazine.com\/es\/wp-json\/wp\/v2\/articles\/168347"}],"collection":[{"href":"https:\/\/graziamagazine.com\/es\/wp-json\/wp\/v2\/articles"}],"about":[{"href":"https:\/\/graziamagazine.com\/es\/wp-json\/wp\/v2\/types\/articles"}],"author":[{"embeddable":true,"href":"https:\/\/graziamagazine.com\/es\/wp-json\/wp\/v2\/users\/11653"}],"wp:featuredmedia":[{"embeddable":true,"href":"https:\/\/graziamagazine.com\/es\/wp-json\/wp\/v2\/media\/168352"}],"wp:attachment":[{"href":"https:\/\/graziamagazine.com\/es\/wp-json\/wp\/v2\/media?parent=168347"}],"wp:term":[{"taxonomy":"category","embeddable":true,"href":"https:\/\/graziamagazine.com\/es\/wp-json\/wp\/v2\/categories?post=168347"}],"curies":[{"name":"wp","href":"https:\/\/api.w.org\/{rel}","templated":true}]}}