{"id":168001,"date":"2023-02-08T11:08:28","date_gmt":"2023-02-08T10:08:28","guid":{"rendered":"https:\/\/graziamagazine.com\/es\/?post_type=articles&#038;p=168001"},"modified":"2023-02-08T11:08:28","modified_gmt":"2023-02-08T10:08:28","slug":"arranca-la-semana-de-la-moda-de-madrid","status":"publish","type":"articles","link":"https:\/\/graziamagazine.com\/es\/articles\/arranca-la-semana-de-la-moda-de-madrid\/","title":{"rendered":"Arranca la Semana de la Moda de Madrid"},"content":{"rendered":"<p>El Hotel Thompson Madrid ha sido el escenario de la presentaci\u00f3n de<strong> la pr\u00f3xima Semana de la Moda de Madrid, que arranca este jueves 9 de febrero con Madrid es Moda y continuar\u00e1 con la 77 edici\u00f3n de MBFWMadrid a partir del mi\u00e9rcoles 15 de febrero.<\/strong> Durante el acto se ha anunciado de forma conjunta el programa y las novedades de ambos eventos.<\/p>\n<p>La rueda de prensa, introducida por Concha D\u00edaz de Villegas, directora general de comercio del Ayuntamiento de Madrid, ha contado con la intervenci\u00f3n de <strong>Modesto Lomba<\/strong>, presidente de la Asociaci\u00f3n de Creadores de Moda de Espa\u00f1a (ACME); <strong>Juan Arrizabalaga<\/strong>, director general de IFEMA MADRID, y Bego\u00f1a Villac\u00eds, Vicealcaldesa del Ayuntamiento de Madrid. Tambi\u00e9n han asistido <strong>los dise\u00f1adores Duarte, Duyos, Eduardo Navarrete, Maison Mesa, Garc\u00eda Madrid, Mar\u00eda Lafuente, Paloma Su\u00e1rez, Inu\u00f1ez, Modesto Lomba, Roberto Torretta, Felix Ramiro, Fely Campo, Otrura, Fabio Encinar, Odette \u00c1lvarez, Alex Miralles<\/strong> (director creativo de hombre de Pedro del Hierro), Alfonso P\u00e9rez (director creativo de \u00c1ngel Schlesser) y Trist\u00e1n Ram\u00edrez (consejero delegado de Agatha Ruiz de la Prada). As\u00ed como <strong>Pepa Bueno<\/strong>, directora ejecutiva de ACME. Madrid es Moda, iniciativa organizada por la Asociaci\u00f3n Creadores de Moda de Espa\u00f1a (ACME) gracias al apoyo de la plataforma Madrid Capital de Moda del Ayuntamiento de Madrid, ser\u00e1 de nuevo la encargada de abrir la Semana de la Moda de Madrid. Del 9 al 13 de febrero seguir\u00e1 acercando la moda de autor al p\u00fablico para fomentar su conocimiento y dinamizar sus ventas a trav\u00e9s de originales citas celebradas en lugares especiales e inesperados de la ciudad.<\/p>\n<blockquote><p>Durante el acto se ha confirmado el calendario y las novedades de Madrid es Moda y de la 77 edici\u00f3n de MBFWMadrid, eventos que conforman la Semana de la Moda de Madrid, principal cita de la moda en nuestro pa\u00eds que comienza este jueves.<\/p><\/blockquote>\n<p><strong>Una edici\u00f3n en la que participar\u00e1n m\u00e1s de 20 dise\u00f1adores mostrando sus colecciones c\u00e1psula, in\u00e9ditas y en curso o interviniendo en diversas actividades dirigidas a los fans de la moda espa\u00f1ola<\/strong>. Madrid es Moda arrancar\u00e1 este jueves a las 10:15 horas con un llamativo performance urbano que unir\u00e1 moda y danza contempor\u00e1nea en el centro de Madrid. Partiendo de la Real Academia de Bellas Artes de San Fernando , veinte bailarines del Real Conservatorio Profesional de Danza Mariemma, vestidos con prendas de destacados dise\u00f1adores y joyas de UNOde50, recorrer\u00e1n las calles de la capital con una potente coreograf\u00eda. Una nueva reivindicaci\u00f3n y celebraci\u00f3n del slow fashion espa\u00f1ol que contar\u00e1 con la asistencia de un gran n\u00famero de creadores. En esta ocasi\u00f3n Madrid es Moda ha sido moldeada bajo el concepto creativo de Manos de plata, coraz\u00f3n de oro.<\/p>\n<blockquote class=\"instagram-media\" data-instgrm-captioned data-instgrm-permalink=\"https:\/\/www.instagram.com\/reel\/CoIFlZUDGZC\/?utm_source=ig_embed&amp;utm_campaign=loading\" data-instgrm-version=\"14\" style=\" background:#FFF; border:0; border-radius:3px; box-shadow:0 0 1px 0 rgba(0,0,0,0.5),0 1px 10px 0 rgba(0,0,0,0.15); margin: 1px; max-width:500px; min-width:326px; padding:0; width:99.375%; width:-webkit-calc(100% - 2px); width:calc(100% - 2px);\">\n<div style=\"padding:16px;\"> <a href=\"https:\/\/www.instagram.com\/reel\/CoIFlZUDGZC\/?utm_source=ig_embed&amp;utm_campaign=loading\" style=\" background:#FFFFFF; line-height:0; padding:0 0; text-align:center; text-decoration:none; width:100%;\" target=\"_blank\"> <\/p>\n<div style=\" display: flex; flex-direction: row; align-items: center;\">\n<div style=\"background-color: #F4F4F4; border-radius: 50%; flex-grow: 0; height: 40px; margin-right: 14px; width: 40px;\"><\/div>\n<div style=\"display: flex; flex-direction: column; flex-grow: 1; justify-content: center;\">\n<div style=\" background-color: #F4F4F4; border-radius: 4px; flex-grow: 0; height: 14px; margin-bottom: 6px; width: 100px;\"><\/div>\n<div style=\" background-color: #F4F4F4; border-radius: 4px; flex-grow: 0; height: 14px; width: 60px;\"><\/div>\n<\/div>\n<\/div>\n<div style=\"padding: 19% 0;\"><\/div>\n<div style=\"display:block; height:50px; margin:0 auto 12px; width:50px;\"><svg width=\"50px\" height=\"50px\" viewBox=\"0 0 60 60\" version=\"1.1\" xmlns=\"https:\/\/www.w3.org\/2000\/svg\" xmlns:xlink=\"https:\/\/www.w3.org\/1999\/xlink\"><g stroke=\"none\" stroke-width=\"1\" fill=\"none\" fill-rule=\"evenodd\"><g transform=\"translate(-511.000000, -20.000000)\" fill=\"#000000\"><g><path d=\"M556.869,30.41 C554.814,30.41 553.148,32.076 553.148,34.131 C553.148,36.186 554.814,37.852 556.869,37.852 C558.924,37.852 560.59,36.186 560.59,34.131 C560.59,32.076 558.924,30.41 556.869,30.41 M541,60.657 C535.114,60.657 530.342,55.887 530.342,50 C530.342,44.114 535.114,39.342 541,39.342 C546.887,39.342 551.658,44.114 551.658,50 C551.658,55.887 546.887,60.657 541,60.657 M541,33.886 C532.1,33.886 524.886,41.1 524.886,50 C524.886,58.899 532.1,66.113 541,66.113 C549.9,66.113 557.115,58.899 557.115,50 C557.115,41.1 549.9,33.886 541,33.886 M565.378,62.101 C565.244,65.022 564.756,66.606 564.346,67.663 C563.803,69.06 563.154,70.057 562.106,71.106 C561.058,72.155 560.06,72.803 558.662,73.347 C557.607,73.757 556.021,74.244 553.102,74.378 C549.944,74.521 548.997,74.552 541,74.552 C533.003,74.552 532.056,74.521 528.898,74.378 C525.979,74.244 524.393,73.757 523.338,73.347 C521.94,72.803 520.942,72.155 519.894,71.106 C518.846,70.057 518.197,69.06 517.654,67.663 C517.244,66.606 516.755,65.022 516.623,62.101 C516.479,58.943 516.448,57.996 516.448,50 C516.448,42.003 516.479,41.056 516.623,37.899 C516.755,34.978 517.244,33.391 517.654,32.338 C518.197,30.938 518.846,29.942 519.894,28.894 C520.942,27.846 521.94,27.196 523.338,26.654 C524.393,26.244 525.979,25.756 528.898,25.623 C532.057,25.479 533.004,25.448 541,25.448 C548.997,25.448 549.943,25.479 553.102,25.623 C556.021,25.756 557.607,26.244 558.662,26.654 C560.06,27.196 561.058,27.846 562.106,28.894 C563.154,29.942 563.803,30.938 564.346,32.338 C564.756,33.391 565.244,34.978 565.378,37.899 C565.522,41.056 565.552,42.003 565.552,50 C565.552,57.996 565.522,58.943 565.378,62.101 M570.82,37.631 C570.674,34.438 570.167,32.258 569.425,30.349 C568.659,28.377 567.633,26.702 565.965,25.035 C564.297,23.368 562.623,22.342 560.652,21.575 C558.743,20.834 556.562,20.326 553.369,20.18 C550.169,20.033 549.148,20 541,20 C532.853,20 531.831,20.033 528.631,20.18 C525.438,20.326 523.257,20.834 521.349,21.575 C519.376,22.342 517.703,23.368 516.035,25.035 C514.368,26.702 513.342,28.377 512.574,30.349 C511.834,32.258 511.326,34.438 511.181,37.631 C511.035,40.831 511,41.851 511,50 C511,58.147 511.035,59.17 511.181,62.369 C511.326,65.562 511.834,67.743 512.574,69.651 C513.342,71.625 514.368,73.296 516.035,74.965 C517.703,76.634 519.376,77.658 521.349,78.425 C523.257,79.167 525.438,79.673 528.631,79.82 C531.831,79.965 532.853,80.001 541,80.001 C549.148,80.001 550.169,79.965 553.369,79.82 C556.562,79.673 558.743,79.167 560.652,78.425 C562.623,77.658 564.297,76.634 565.965,74.965 C567.633,73.296 568.659,71.625 569.425,69.651 C570.167,67.743 570.674,65.562 570.82,62.369 C570.966,59.17 571,58.147 571,50 C571,41.851 570.966,40.831 570.82,37.631\"><\/path><\/g><\/g><\/g><\/svg><\/div>\n<div style=\"padding-top: 8px;\">\n<div style=\" color:#3897f0; font-family:Arial,sans-serif; font-size:14px; font-style:normal; font-weight:550; line-height:18px;\">View this post on Instagram<\/div>\n<\/div>\n<div style=\"padding: 12.5% 0;\"><\/div>\n<div style=\"display: flex; flex-direction: row; margin-bottom: 14px; align-items: center;\">\n<div>\n<div style=\"background-color: #F4F4F4; border-radius: 50%; height: 12.5px; width: 12.5px; transform: translateX(0px) translateY(7px);\"><\/div>\n<div style=\"background-color: #F4F4F4; height: 12.5px; transform: rotate(-45deg) translateX(3px) translateY(1px); width: 12.5px; flex-grow: 0; margin-right: 14px; margin-left: 2px;\"><\/div>\n<div style=\"background-color: #F4F4F4; border-radius: 50%; height: 12.5px; width: 12.5px; transform: translateX(9px) translateY(-18px);\"><\/div>\n<\/div>\n<div style=\"margin-left: 8px;\">\n<div style=\" background-color: #F4F4F4; border-radius: 50%; flex-grow: 0; height: 20px; width: 20px;\"><\/div>\n<div style=\" width: 0; height: 0; border-top: 2px solid transparent; border-left: 6px solid #f4f4f4; border-bottom: 2px solid transparent; transform: translateX(16px) translateY(-4px) rotate(30deg)\"><\/div>\n<\/div>\n<div style=\"margin-left: auto;\">\n<div style=\" width: 0px; border-top: 8px solid #F4F4F4; border-right: 8px solid transparent; transform: translateY(16px);\"><\/div>\n<div style=\" background-color: #F4F4F4; flex-grow: 0; height: 12px; width: 16px; transform: translateY(-4px);\"><\/div>\n<div style=\" width: 0; height: 0; border-top: 8px solid #F4F4F4; border-left: 8px solid transparent; transform: translateY(-4px) translateX(8px);\"><\/div>\n<\/div>\n<\/div>\n<div style=\"display: flex; flex-direction: column; flex-grow: 1; justify-content: center; margin-bottom: 24px;\">\n<div style=\" background-color: #F4F4F4; border-radius: 4px; flex-grow: 0; height: 14px; margin-bottom: 6px; width: 224px;\"><\/div>\n<div style=\" background-color: #F4F4F4; border-radius: 4px; flex-grow: 0; height: 14px; width: 144px;\"><\/div>\n<\/div>\n<p><\/a><\/p>\n<p style=\" color:#c9c8cd; font-family:Arial,sans-serif; font-size:14px; line-height:17px; margin-bottom:0; margin-top:8px; overflow:hidden; padding:8px 0 7px; text-align:center; text-overflow:ellipsis; white-space:nowrap;\"><a href=\"https:\/\/www.instagram.com\/reel\/CoIFlZUDGZC\/?utm_source=ig_embed&amp;utm_campaign=loading\" style=\" color:#c9c8cd; font-family:Arial,sans-serif; font-size:14px; font-style:normal; font-weight:normal; line-height:17px; text-decoration:none;\" target=\"_blank\" target=\"_blank\">A post shared by madridesmoda_oficial (@madridesmoda_oficial)<\/a><\/p>\n<\/div>\n<\/blockquote>\n<p><script async src=\"\/\/platform.instagram.com\/en_US\/embeds.js\"><\/script><\/p>\n<p>Un gui\u00f1o al refranero popular y a nuestros oficios y artesanos, sobre los que Madrid es Moda siempre dirige su mirada. MeM vuelve a analizar una vez m\u00e1s la tradici\u00f3n en clave contempor\u00e1nea y reafirma su apoyo a los nuevos formatos y tiempos que marcan actualmente el sector de la moda. Modesto Lomba, presidente de la Asociaci\u00f3n de Creadores de Moda de Espa\u00f1a (ACME), ha agradecido durante su intervenci\u00f3n \u201cla participaci\u00f3n a los dise\u00f1adores tanto en esta edici\u00f3n como en ediciones pasadas, porque ha sido la presencia continuada de las firmas de moda de creador m\u00e1s destacadas de nuestro pa\u00eds la que ha convertido a la Semana de la Moda de Madrid en la plataforma m\u00e1s relevante de nuestro pa\u00eds\u201d.<\/p>\n<p>MeM ser\u00e1 tambi\u00e9n posible gracias a la colaboraci\u00f3n de Serrer\u00eda Belga, el Real Conservatorio Profesional de Danza Mariemma, Real Academia de Bellas Artes de San Fernando y Club Alma. La organizaci\u00f3n de Madrid es Moda quiere agradecer el gran apoyo recibido por parte del p\u00fablico y de los medios de comunicaci\u00f3n durante todos estos a\u00f1os.<\/p>\n<h3>El calendario de la pasarela MBFWMadrid<\/h3>\n<p>Por otro lado, 42 dise\u00f1adores componen el calendario de oficial de la Pasarela MBFWMadrid, de los cuales 9 desfilar\u00e1n en el programa OFF, 22 componen el programa de consagrados y 11 que participan en la pasarela de nuevos talentos Allianz EGO. Entre sus principales novedades, destaca el refuerzo a su estrategia internacional con distintas actuaciones y la puesta en marcha de un test de experiencias para medir el inter\u00e9s que tiene la pasarela como evento experiencial y cultural.<\/p>\n<p><strong>Juan Arrizabalaga, director general de IFEMA MADRID, durante su intervenci\u00f3n ha afirmado que \u201cesta ser\u00e1 una gran edici\u00f3n, con grandes dise\u00f1adores y un programa de desfiles que en s\u00ed mismos son una experiencia \u00fanica.<\/strong> Por ello en esta decisi\u00f3n hemos querido crear diferentes experiencias de moda, y ponerlas al alcance del p\u00fablico interesado, en l\u00ednea a lo que vienen haciendo pasarelas como Nueva York, Londres, Paris, Miami o Sydney, con la idea de facilitar el acceso a todos los p\u00fablicos al universo m\u00e1gico de la moda que se crea en torno a la MercedesBenz Fashion Week Madrid\u201d.<\/p>\n<p><img loading=\"lazy\" decoding=\"async\" class=\"aligncenter size-full wp-image-168003\" src=\"https:\/\/graziamagazine.com\/es\/wp-content\/uploads\/sites\/12\/2023\/02\/thumbnail_image002-1.jpg\" alt=\"\" width=\"932\" height=\"621\" \/><\/p>\n<p>Madrid es Moda es una plataforma que nace en 2015 para integrar a toda la comunidad de la moda espa\u00f1ola y que se transforma en 2020 gracias al impuso del Ayuntamiento de Madrid a trav\u00e9s del programa Madrid Capital de Moda. Madrid es Moda re\u00fane firmas con alma, propuestas personales que apuestan por un nuevo lujo basado en la importancia del capital humano, la artesan\u00eda, la producci\u00f3n en cercan\u00eda, el consumo responsable, la calidad, la recuperaci\u00f3n de los oficios y la tradici\u00f3n. MeM es miembro activo del Global Fashion Council, movimiento internacional que reflexiona sobre c\u00f3mo podr\u00eda y deber\u00eda trabajar la industria de la moda. En esta edici\u00f3n, UNOde50 se suma a Madrid es Moda como patrocinador principal del evento. Adem\u00e1s, repiten como partners oficiales NARS, responsable de los beauty looks, y GOLDWELL, marca encargada de dise\u00f1ar los looks de peluquer\u00eda de las diferentes presentaciones.<\/p>\n<p>MeM ser\u00e1 tambi\u00e9n posible gracias a la colaboraci\u00f3n de Serrer\u00eda Belga, el Real Conservatorio Profesional de Danza Mariemma, Real Academia de Bellas Artes de San Fernando y Club Alma. La organizaci\u00f3n de Madrid es Moda quiere agradecer el gran apoyo recibido por parte del p\u00fablico y de los medios de comunicaci\u00f3n durante todos estos a\u00f1os.<\/p>\n<p><em>*Im\u00e1genes: Pablo Paniagua<\/em><\/p>\n<p>&nbsp;<\/p>\n","protected":false},"author":11653,"featured_media":168002,"template":"","format":"standard","categories":[2971,1],"acf":{"banner":null},"yoast_head":"<!-- This site is optimized with the Yoast SEO Premium plugin v18.5 (Yoast SEO v20.4) - https:\/\/yoast.com\/wordpress\/plugins\/seo\/ -->\n<title>Arranca la Semana de la Moda de Madrid | Grazia<\/title>\n<meta name=\"description\" content=\"Te contamos todo lo que tienes que saber de lo que va a ocurrir en la capital espa\u00f1ola durante las pr\u00f3ximas dos semanas.\" \/>\n<meta name=\"robots\" content=\"index, follow, max-snippet:-1, max-image-preview:large, max-video-preview:-1\" \/>\n<link rel=\"canonical\" href=\"https:\/\/graziamagazine.com\/es\/articles\/arranca-la-semana-de-la-moda-de-madrid\/\" \/>\n<meta property=\"og:locale\" content=\"es_ES\" \/>\n<meta property=\"og:type\" content=\"article\" \/>\n<meta property=\"og:title\" content=\"Arranca la Semana de la Moda de Madrid\" \/>\n<meta property=\"og:description\" content=\"Te contamos todo lo que tienes que saber de lo que va a ocurrir en la capital espa\u00f1ola durante las pr\u00f3ximas dos semanas.\" \/>\n<meta property=\"og:url\" content=\"https:\/\/graziamagazine.com\/es\/articles\/arranca-la-semana-de-la-moda-de-madrid\/\" \/>\n<meta property=\"og:site_name\" content=\"Grazia\" \/>\n<meta property=\"og:image\" content=\"https:\/\/graziamagazine.com\/es\/wp-content\/uploads\/sites\/12\/2023\/02\/thumbnail_image003.jpg\" \/>\n\t<meta property=\"og:image:width\" content=\"938\" \/>\n\t<meta property=\"og:image:height\" content=\"627\" \/>\n\t<meta property=\"og:image:type\" content=\"image\/jpeg\" \/>\n<meta name=\"twitter:card\" content=\"summary_large_image\" \/>\n<meta name=\"twitter:label1\" content=\"Est. reading time\" \/>\n\t<meta name=\"twitter:data1\" content=\"5 minutos\" \/>\n<script type=\"application\/ld+json\" class=\"yoast-schema-graph\">{\"@context\":\"https:\/\/schema.org\",\"@graph\":[{\"@type\":\"WebPage\",\"@id\":\"https:\/\/graziamagazine.com\/es\/articles\/arranca-la-semana-de-la-moda-de-madrid\/\",\"url\":\"https:\/\/graziamagazine.com\/es\/articles\/arranca-la-semana-de-la-moda-de-madrid\/\",\"name\":\"Arranca la Semana de la Moda de Madrid | Grazia\",\"isPartOf\":{\"@id\":\"https:\/\/graziamagazine.com\/es\/#website\"},\"datePublished\":\"2023-02-08T10:08:28+00:00\",\"dateModified\":\"2023-02-08T10:08:28+00:00\",\"description\":\"Te contamos todo lo que tienes que saber de lo que va a ocurrir en la capital espa\u00f1ola durante las pr\u00f3ximas dos semanas.\",\"breadcrumb\":{\"@id\":\"https:\/\/graziamagazine.com\/es\/articles\/arranca-la-semana-de-la-moda-de-madrid\/#breadcrumb\"},\"inLanguage\":\"es\",\"potentialAction\":[{\"@type\":\"ReadAction\",\"target\":[\"https:\/\/graziamagazine.com\/es\/articles\/arranca-la-semana-de-la-moda-de-madrid\/\"]}]},{\"@type\":\"BreadcrumbList\",\"@id\":\"https:\/\/graziamagazine.com\/es\/articles\/arranca-la-semana-de-la-moda-de-madrid\/#breadcrumb\",\"itemListElement\":[{\"@type\":\"ListItem\",\"position\":1,\"name\":\"Portada\",\"item\":\"https:\/\/graziamagazine.com\/es\/\"},{\"@type\":\"ListItem\",\"position\":2,\"name\":\"Arranca la Semana de la Moda de Madrid\"}]},{\"@type\":\"WebSite\",\"@id\":\"https:\/\/graziamagazine.com\/es\/#website\",\"url\":\"https:\/\/graziamagazine.com\/es\/\",\"name\":\"Grazia\",\"description\":\"Moda, belleza, celebrities, estilo de vida...\",\"potentialAction\":[{\"@type\":\"SearchAction\",\"target\":{\"@type\":\"EntryPoint\",\"urlTemplate\":\"https:\/\/graziamagazine.com\/es\/?s={search_term_string}\"},\"query-input\":\"required name=search_term_string\"}],\"inLanguage\":\"es\"}]}<\/script>\n<!-- \/ Yoast SEO Premium plugin. -->","yoast_head_json":{"title":"Arranca la Semana de la Moda de Madrid | Grazia","description":"Te contamos todo lo que tienes que saber de lo que va a ocurrir en la capital espa\u00f1ola durante las pr\u00f3ximas dos semanas.","robots":{"index":"index","follow":"follow","max-snippet":"max-snippet:-1","max-image-preview":"max-image-preview:large","max-video-preview":"max-video-preview:-1"},"canonical":"https:\/\/graziamagazine.com\/es\/articles\/arranca-la-semana-de-la-moda-de-madrid\/","og_locale":"es_ES","og_type":"article","og_title":"Arranca la Semana de la Moda de Madrid","og_description":"Te contamos todo lo que tienes que saber de lo que va a ocurrir en la capital espa\u00f1ola durante las pr\u00f3ximas dos semanas.","og_url":"https:\/\/graziamagazine.com\/es\/articles\/arranca-la-semana-de-la-moda-de-madrid\/","og_site_name":"Grazia","og_image":[{"width":938,"height":627,"url":"https:\/\/graziamagazine.com\/es\/wp-content\/uploads\/sites\/12\/2023\/02\/thumbnail_image003.jpg","type":"image\/jpeg"}],"twitter_card":"summary_large_image","twitter_misc":{"Est. reading time":"5 minutos"},"schema":{"@context":"https:\/\/schema.org","@graph":[{"@type":"WebPage","@id":"https:\/\/graziamagazine.com\/es\/articles\/arranca-la-semana-de-la-moda-de-madrid\/","url":"https:\/\/graziamagazine.com\/es\/articles\/arranca-la-semana-de-la-moda-de-madrid\/","name":"Arranca la Semana de la Moda de Madrid | Grazia","isPartOf":{"@id":"https:\/\/graziamagazine.com\/es\/#website"},"datePublished":"2023-02-08T10:08:28+00:00","dateModified":"2023-02-08T10:08:28+00:00","description":"Te contamos todo lo que tienes que saber de lo que va a ocurrir en la capital espa\u00f1ola durante las pr\u00f3ximas dos semanas.","breadcrumb":{"@id":"https:\/\/graziamagazine.com\/es\/articles\/arranca-la-semana-de-la-moda-de-madrid\/#breadcrumb"},"inLanguage":"es","potentialAction":[{"@type":"ReadAction","target":["https:\/\/graziamagazine.com\/es\/articles\/arranca-la-semana-de-la-moda-de-madrid\/"]}]},{"@type":"BreadcrumbList","@id":"https:\/\/graziamagazine.com\/es\/articles\/arranca-la-semana-de-la-moda-de-madrid\/#breadcrumb","itemListElement":[{"@type":"ListItem","position":1,"name":"Portada","item":"https:\/\/graziamagazine.com\/es\/"},{"@type":"ListItem","position":2,"name":"Arranca la Semana de la Moda de Madrid"}]},{"@type":"WebSite","@id":"https:\/\/graziamagazine.com\/es\/#website","url":"https:\/\/graziamagazine.com\/es\/","name":"Grazia","description":"Moda, belleza, celebrities, estilo de vida...","potentialAction":[{"@type":"SearchAction","target":{"@type":"EntryPoint","urlTemplate":"https:\/\/graziamagazine.com\/es\/?s={search_term_string}"},"query-input":"required name=search_term_string"}],"inLanguage":"es"}]}},"jetpack_sharing_enabled":true,"distributor_meta":false,"distributor_terms":false,"distributor_media":false,"distributor_original_site_name":"Grazia","distributor_original_site_url":"https:\/\/graziamagazine.com\/es","push-errors":false,"_links":{"self":[{"href":"https:\/\/graziamagazine.com\/es\/wp-json\/wp\/v2\/articles\/168001"}],"collection":[{"href":"https:\/\/graziamagazine.com\/es\/wp-json\/wp\/v2\/articles"}],"about":[{"href":"https:\/\/graziamagazine.com\/es\/wp-json\/wp\/v2\/types\/articles"}],"author":[{"embeddable":true,"href":"https:\/\/graziamagazine.com\/es\/wp-json\/wp\/v2\/users\/11653"}],"wp:featuredmedia":[{"embeddable":true,"href":"https:\/\/graziamagazine.com\/es\/wp-json\/wp\/v2\/media\/168002"}],"wp:attachment":[{"href":"https:\/\/graziamagazine.com\/es\/wp-json\/wp\/v2\/media?parent=168001"}],"wp:term":[{"taxonomy":"category","embeddable":true,"href":"https:\/\/graziamagazine.com\/es\/wp-json\/wp\/v2\/categories?post=168001"}],"curies":[{"name":"wp","href":"https:\/\/api.w.org\/{rel}","templated":true}]}}