{"id":167873,"date":"2023-02-03T12:00:37","date_gmt":"2023-02-03T11:00:37","guid":{"rendered":"https:\/\/graziamagazine.com\/es\/?post_type=articles&#038;p=167873"},"modified":"2023-02-02T23:55:33","modified_gmt":"2023-02-02T22:55:33","slug":"los-estrenos-de-disney-en-febrero-de-2023","status":"publish","type":"articles","link":"https:\/\/graziamagazine.com\/es\/articles\/los-estrenos-de-disney-en-febrero-de-2023\/","title":{"rendered":"Los estrenos de Disney + en febrero de 2023"},"content":{"rendered":"<p><span style=\"font-weight: 400\">Enero ha concluido y <strong>Disney +<\/strong> contin\u00faa con grandes series y pel\u00edculas este febrero 2023. Desde pel\u00edculas que han hecho historia en los Oscar 2023 como<em> <strong>Black Panther: Wakanda Forever<\/strong><\/em> que cuenta con la participaci\u00f3n de actores mexicanos, quienes se suman a las nominaciones como es el caso de<strong> Tenoch Huerta y Mabel Cadena<\/strong>, hasta series latinas como <em><strong>El club de los graves<\/strong><\/em>, son algunos de los \u00e9xitos que la plataforma de streaming estar\u00e1 presentando.<\/span><\/p>\n<h3><strong>Black Panther: Wakanda Forever (1 febrero)<\/strong><\/h3>\n<p><span style=\"font-weight: 400\">En Black Panther: Wakanda forever, Reina Ramonda (Angela Bassett), Shuri (Letitia Wright), M\u2019Baku (Winston Duke), Okoye (Danai Gurira) y Las Dora Milaje (incluyendo a Florence Kasumba), luchan por proteger su naci\u00f3n de las potencias mundiales que surgen tras la muerte del Rey T\u2019Challa. Mientras los wakandianos se esfuerzan por afrontar su pr\u00f3ximo cap\u00edtulo, los h\u00e9roes deben unirse con la ayuda del Perro de la Guerra Nakia (Lupita Nyong\u2019o) y Everett Ross (Martin Freeman) y crear un nuevo camino para el reino de Wakanda. Presentando a Tenoch Huerta como Namor, rey de una naci\u00f3n submarina oculta, la pel\u00edcula tambi\u00e9n est\u00e1 protagonizada por Dominique Thorne, Michaela Coel, Mabel Cadena y Alex Livanalli.<\/span><\/p>\n<p><iframe loading=\"lazy\" title=\"Marvel Studios\u2019 Black Panther: Wakanda Forever | Official Trailer\" width=\"500\" height=\"281\" src=\"https:\/\/www.youtube.com\/embed\/_Z3QKkl1WyM?feature=oembed\" frameborder=\"0\" allow=\"accelerometer; autoplay; clipboard-write; encrypted-media; gyroscope; picture-in-picture; web-share\" allowfullscreen><\/iframe><\/p>\n<h3><strong>Volcanes: La tragedia de Katia y Maurice Krafft (1 febrero)<\/strong><\/h3>\n<p><span style=\"font-weight: 400\">Katia y Maurice Krafft amaban dos cosas: el uno al otro y los volcanes. la pareja recorri\u00f3 el planeta, persiguiendo erupciones y documentando sus descubrimientos. murieron en 1991, pero dejaron un legado que enriqueci\u00f3 nuestra comprensi\u00f3n del mundo natural. A partir de su archivo, Volcanes: La tragedia de Katia y Maurice Krafft cuenta una historia de creaci\u00f3n y destrucci\u00f3n, mientras dos cient\u00edficos se aventuran en lo desconocido, todo por amor.<\/span><\/p>\n<p><iframe loading=\"lazy\" title=\"Cine aparte \u2022 Seducidos por los volcanes\" width=\"500\" height=\"281\" src=\"https:\/\/www.youtube.com\/embed\/80er1s30Gro?feature=oembed\" frameborder=\"0\" allow=\"accelerometer; autoplay; clipboard-write; encrypted-media; gyroscope; picture-in-picture; web-share\" allowfullscreen><\/iframe><\/p>\n<h3><strong>La familia Proud, temporada 2 (1 febrero)<\/strong><\/h3>\n<p><span style=\"font-weight: 400\">La segunda temporada de Los Proud: m\u00e1s ruidosos y orgullosos sigue las aventuras y desventuras de Penny Proud, una joven de 14 a\u00f1os, y su familia. Los a\u00f1os 2020 traen un nuevo trabajo a Trudy, la madre, nuevos sue\u00f1os a \u00d3scar, el padre, y nuevos retos a Penny: una nueva vecina \u201cwoke\u201d que cree que tiene mucho que ense\u00f1arle, enfrentamientos con \u201cinfluencers\u201d y la gesti\u00f3n de sus hormonas. Vuelven los amigos de Penny, como Dijonay, LaCi\u00e9nega, Zoey y Michael.\u00a0<\/span><\/p>\n<p><iframe loading=\"lazy\" title=\"La Familia Proud: Mayor y Mejor: Segunda Temporada | Tr\u00e1iler Oficial Doblado | Disney+\" width=\"500\" height=\"281\" src=\"https:\/\/www.youtube.com\/embed\/F1fbn3mPt6o?feature=oembed\" frameborder=\"0\" allow=\"accelerometer; autoplay; clipboard-write; encrypted-media; gyroscope; picture-in-picture; web-share\" allowfullscreen><\/iframe><\/p>\n<h3><strong>Marvel Studios Unidos: Creando Black Panther: Wakanda Forever (8 febrero)<\/strong><\/h3>\n<p><span style=\"font-weight: 400\">Marvel Studios Unidos es una serie documental de Disney+ que hace una cr\u00f3nica de la creaci\u00f3n de los nuevos programas y las nuevas pel\u00edculas de Marvel Studios. A trav\u00e9s de sus episodios, viaja detr\u00e1s de c\u00e1maras de producciones como WandaVision, Falcon y el Soldado del Invierno, Loki, BLACK WIDOW, What If\u2026 y SHANG-CHI Y LA LEYENDA DE LOS DIEZ ANILLOS.\u00a0<\/span><\/p>\n<p><iframe loading=\"lazy\" title=\"Legacy Is Forever | Marvel Studios&#039; Black Panther: Wakanda Forever | Disney+\" width=\"500\" height=\"281\" src=\"https:\/\/www.youtube.com\/embed\/ycMYGZhyzoU?feature=oembed\" frameborder=\"0\" allow=\"accelerometer; autoplay; clipboard-write; encrypted-media; gyroscope; picture-in-picture; web-share\" allowfullscreen><\/iframe><\/p>\n<h3><strong>Mila en el multiverso (15 febrero)<\/strong><\/h3>\n<p><span style=\"font-weight: 400\">La trama cuenta la historia de Mila quien, en el d\u00eda de su cumplea\u00f1os n\u00famero 16, recibe como regalo un dispositivo que puede llevarla a visitar universos paralelos en busca de su madre, Elis. Mila pronto se da cuenta de que la desaparici\u00f3n de su madre es solo el principio de su historia, ya que Elis descubre la existencia de m\u00faltiples universos y comienza a ser perseguida por un misterioso grupo llamado \u201cLos Operadores\u201d. Mila tendr\u00e1 que adaptarse r\u00e1pidamente a los desaf\u00edos y, con la ayuda de sus nuevos viejos amigos Juliana, Vin\u00edcius y Pierre, ir\u00e1 en busca de su madre, viviendo as\u00ed la m\u00e1s incre\u00edble aventura en la exploraci\u00f3n del vasto multiverso.\u00a0<\/span><\/p>\n<p><iframe loading=\"lazy\" title=\"Mila no Multiverso | Trailer Oficial | Disney+\" width=\"500\" height=\"281\" src=\"https:\/\/www.youtube.com\/embed\/ZhUSdsXaKOs?feature=oembed\" frameborder=\"0\" allow=\"accelerometer; autoplay; clipboard-write; encrypted-media; gyroscope; picture-in-picture; web-share\" allowfullscreen><\/iframe><\/p>\n<h3><strong>La chica invisible (15 Febrero)<\/strong><\/h3>\n<p><span style=\"font-weight: 400\">La chica invisible es la serie dirigida por Tito L\u00f3pez Amado (El cuaderno de Sara, Mar de pl\u00e1stico) y Aritz Moreno (Ventajas de viajar en tren) inspirada en la exitosa trilog\u00eda hom\u00f3nima de Blue Jeans. La serie toma como punto de partida la primera novela de la trilog\u00eda, para dotarla de un tono m\u00e1s adulto, convirti\u00e9ndola en un thriller m\u00e1s oscuro, donde adem\u00e1s se aborda el reencuentro entre los dos protagonistas<\/span><\/p>\n<p><iframe loading=\"lazy\" title=\"La Chica Invisible | Tr\u00e1iler Oficial | Disney+\" width=\"500\" height=\"281\" src=\"https:\/\/www.youtube.com\/embed\/MP3p6dGjqHc?feature=oembed\" frameborder=\"0\" allow=\"accelerometer; autoplay; clipboard-write; encrypted-media; gyroscope; picture-in-picture; web-share\" allowfullscreen><\/iframe><\/p>\n<h3><strong>J-hope in the Box (17 febrero)<\/strong><\/h3>\n<p><span style=\"font-weight: 400\">Este documental trata sobre la carrera art\u00edstica de Jung Hoseok, nombre real del integrante de BTS. producido por HYBE, j-hope IN THE BOX acompa\u00f1a al fen\u00f3meno musical internacional en todo momento mientras trabaja para el lanzamiento de su primer \u00e1lbum solista, \u201cJACK IN THE BOX\u201d.\u00a0<\/span><\/p>\n<p><iframe loading=\"lazy\" title=\"j-hope IN THE BOX | Adelanto |\u00a0Disney+\" width=\"500\" height=\"281\" src=\"https:\/\/www.youtube.com\/embed\/w8db1q40SZM?feature=oembed\" frameborder=\"0\" allow=\"accelerometer; autoplay; clipboard-write; encrypted-media; gyroscope; picture-in-picture; web-share\" allowfullscreen><\/iframe><\/p>\n<h3><strong>El club de los graves (22 febrero)<\/strong><\/h3>\n<p><span style=\"font-weight: 400\">\u201cEl Club de los Graves\u201d, la serie de Disney +, representa el regreso a la actuaci\u00f3n del cantante Carlos Vives. La nueva producci\u00f3n realizada por TIS, que cuenta con el sello Disney + Original Productions, se centra en la llegada de un profesor de m\u00fasica con m\u00e9todos disruptivos a una tradicional escuela secundaria. La primera temporada, de 10 episodios, estar\u00e1 disponible a partir del 22 de febrero. Adem\u00e1s de protagonizarla, el colombiano fue el encargado de crear la m\u00fasica original.<\/span><\/p>\n<p><iframe loading=\"lazy\" title=\"El Club de los Graves |\u00a0Tr\u00e1iler Oficial |\u00a0Disney+\" width=\"500\" height=\"281\" src=\"https:\/\/www.youtube.com\/embed\/EsK77Bn8FGA?feature=oembed\" frameborder=\"0\" allow=\"accelerometer; autoplay; clipboard-write; encrypted-media; gyroscope; picture-in-picture; web-share\" allowfullscreen><\/iframe><\/p>\n<h3><strong>Fleishman est\u00e1 en apuros (22 Febrero)<\/strong><\/h3>\n<p><span style=\"font-weight: 400\">Fleishman est\u00e1 en apuros es la historia de Toby Fleishman (Jesse Eisenberg), de 41 a\u00f1os, recientemente divorciado, que se sumerge en el nuevo mundo de las citas a trav\u00e9s de apps con un \u00e9xito que nunca tuvo en su juventud, antes de casarse al final de sus estudios de medicina.<\/span><\/p>\n<p><iframe loading=\"lazy\" title=\"FLEISHMAN ESTA EN APUROS | SERIE TRAILER ESPA\u00d1OL | 22 Febrero DISNEY+\" width=\"500\" height=\"281\" src=\"https:\/\/www.youtube.com\/embed\/LtvqP0gebJw?feature=oembed\" frameborder=\"0\" allow=\"accelerometer; autoplay; clipboard-write; encrypted-media; gyroscope; picture-in-picture; web-share\" allowfullscreen><\/iframe><\/p>\n<h3><strong>La Bella y la Bestia: celebrando 30 a\u00f1os (24 febrero)<\/strong><\/h3>\n<p><span style=\"font-weight: 400\">Es un especial sobre los populares personajes de Disney que fue lanzado con motivo de los 30 a\u00f1os de la famosa historia. Este especial mixto de animaci\u00f3n y acci\u00f3n real muestra la pel\u00edcula favorita de los fans, junto con nuevas actuaciones musicales, decorados y trajes inspirados en la historia cl\u00e1sica.<\/span><\/p>\n<p><iframe loading=\"lazy\" title=\"La Bella y la Bestia | con letra | La Bella y la Bestia\" width=\"500\" height=\"281\" src=\"https:\/\/www.youtube.com\/embed\/32LVW1nVKSU?feature=oembed\" frameborder=\"0\" allow=\"accelerometer; autoplay; clipboard-write; encrypted-media; gyroscope; picture-in-picture; web-share\" allowfullscreen><\/iframe><\/p>\n<p><em>*Imagen: cortes\u00eda<\/em><\/p>\n<p>&nbsp;<\/p>\n<p>&nbsp;<\/p>\n","protected":false},"author":28953,"featured_media":167885,"template":"","format":"standard","categories":[3],"acf":[],"yoast_head":"<!-- This site is optimized with the Yoast SEO Premium plugin v18.5 (Yoast SEO v20.4) - https:\/\/yoast.com\/wordpress\/plugins\/seo\/ -->\n<title>Los estrenos de Disney + en febrero de 2023<\/title>\n<meta name=\"description\" content=\"Estas son las series y pel\u00edculas que estar\u00e1n disponibles este mes. \u00a1No te pierdas los estrenos y lanzamientos que la plataforma tiene para ti!\" \/>\n<meta name=\"robots\" content=\"index, follow, max-snippet:-1, max-image-preview:large, max-video-preview:-1\" \/>\n<link rel=\"canonical\" href=\"https:\/\/graziamagazine.com\/es\/articles\/los-estrenos-de-disney-en-febrero-de-2023\/\" \/>\n<meta property=\"og:locale\" content=\"es_ES\" \/>\n<meta property=\"og:type\" content=\"article\" \/>\n<meta property=\"og:title\" content=\"Los estrenos de Disney + en febrero de 2023\" \/>\n<meta property=\"og:description\" content=\"Estas son las series y pel\u00edculas que estar\u00e1n disponibles este mes. \u00a1No te pierdas los estrenos y lanzamientos que la plataforma tiene para ti!\" \/>\n<meta property=\"og:url\" content=\"https:\/\/graziamagazine.com\/es\/articles\/los-estrenos-de-disney-en-febrero-de-2023\/\" \/>\n<meta property=\"og:site_name\" content=\"Grazia\" \/>\n<meta property=\"article:modified_time\" content=\"2023-02-02T22:55:33+00:00\" \/>\n<meta property=\"og:image\" content=\"https:\/\/graziamagazine.com\/es\/wp-content\/uploads\/sites\/12\/2023\/02\/1366_2000.jpeg?fit=1366%2C768\" \/>\n\t<meta property=\"og:image:width\" content=\"1366\" \/>\n\t<meta property=\"og:image:height\" content=\"768\" \/>\n\t<meta property=\"og:image:type\" content=\"image\/jpeg\" \/>\n<meta name=\"twitter:card\" content=\"summary_large_image\" \/>\n<meta name=\"twitter:label1\" content=\"Est. reading time\" \/>\n\t<meta name=\"twitter:data1\" content=\"5 minutos\" \/>\n<script type=\"application\/ld+json\" class=\"yoast-schema-graph\">{\"@context\":\"https:\/\/schema.org\",\"@graph\":[{\"@type\":\"WebPage\",\"@id\":\"https:\/\/graziamagazine.com\/es\/articles\/los-estrenos-de-disney-en-febrero-de-2023\/\",\"url\":\"https:\/\/graziamagazine.com\/es\/articles\/los-estrenos-de-disney-en-febrero-de-2023\/\",\"name\":\"Los estrenos de Disney + en febrero de 2023\",\"isPartOf\":{\"@id\":\"https:\/\/graziamagazine.com\/es\/#website\"},\"datePublished\":\"2023-02-03T11:00:37+00:00\",\"dateModified\":\"2023-02-02T22:55:33+00:00\",\"description\":\"Estas son las series y pel\u00edculas que estar\u00e1n disponibles este mes. \u00a1No te pierdas los estrenos y lanzamientos que la plataforma tiene para ti!\",\"breadcrumb\":{\"@id\":\"https:\/\/graziamagazine.com\/es\/articles\/los-estrenos-de-disney-en-febrero-de-2023\/#breadcrumb\"},\"inLanguage\":\"es\",\"potentialAction\":[{\"@type\":\"ReadAction\",\"target\":[\"https:\/\/graziamagazine.com\/es\/articles\/los-estrenos-de-disney-en-febrero-de-2023\/\"]}]},{\"@type\":\"BreadcrumbList\",\"@id\":\"https:\/\/graziamagazine.com\/es\/articles\/los-estrenos-de-disney-en-febrero-de-2023\/#breadcrumb\",\"itemListElement\":[{\"@type\":\"ListItem\",\"position\":1,\"name\":\"Portada\",\"item\":\"https:\/\/graziamagazine.com\/es\/\"},{\"@type\":\"ListItem\",\"position\":2,\"name\":\"Los estrenos de Disney + en febrero de 2023\"}]},{\"@type\":\"WebSite\",\"@id\":\"https:\/\/graziamagazine.com\/es\/#website\",\"url\":\"https:\/\/graziamagazine.com\/es\/\",\"name\":\"Grazia\",\"description\":\"Moda, belleza, celebrities, estilo de vida...\",\"potentialAction\":[{\"@type\":\"SearchAction\",\"target\":{\"@type\":\"EntryPoint\",\"urlTemplate\":\"https:\/\/graziamagazine.com\/es\/?s={search_term_string}\"},\"query-input\":\"required name=search_term_string\"}],\"inLanguage\":\"es\"}]}<\/script>\n<!-- \/ Yoast SEO Premium plugin. -->","yoast_head_json":{"title":"Los estrenos de Disney + en febrero de 2023","description":"Estas son las series y pel\u00edculas que estar\u00e1n disponibles este mes. \u00a1No te pierdas los estrenos y lanzamientos que la plataforma tiene para ti!","robots":{"index":"index","follow":"follow","max-snippet":"max-snippet:-1","max-image-preview":"max-image-preview:large","max-video-preview":"max-video-preview:-1"},"canonical":"https:\/\/graziamagazine.com\/es\/articles\/los-estrenos-de-disney-en-febrero-de-2023\/","og_locale":"es_ES","og_type":"article","og_title":"Los estrenos de Disney + en febrero de 2023","og_description":"Estas son las series y pel\u00edculas que estar\u00e1n disponibles este mes. \u00a1No te pierdas los estrenos y lanzamientos que la plataforma tiene para ti!","og_url":"https:\/\/graziamagazine.com\/es\/articles\/los-estrenos-de-disney-en-febrero-de-2023\/","og_site_name":"Grazia","article_modified_time":"2023-02-02T22:55:33+00:00","og_image":[{"width":1366,"height":768,"url":"https:\/\/graziamagazine.com\/es\/wp-content\/uploads\/sites\/12\/2023\/02\/1366_2000.jpeg?fit=1366%2C768","type":"image\/jpeg"}],"twitter_card":"summary_large_image","twitter_misc":{"Est. reading time":"5 minutos"},"schema":{"@context":"https:\/\/schema.org","@graph":[{"@type":"WebPage","@id":"https:\/\/graziamagazine.com\/es\/articles\/los-estrenos-de-disney-en-febrero-de-2023\/","url":"https:\/\/graziamagazine.com\/es\/articles\/los-estrenos-de-disney-en-febrero-de-2023\/","name":"Los estrenos de Disney + en febrero de 2023","isPartOf":{"@id":"https:\/\/graziamagazine.com\/es\/#website"},"datePublished":"2023-02-03T11:00:37+00:00","dateModified":"2023-02-02T22:55:33+00:00","description":"Estas son las series y pel\u00edculas que estar\u00e1n disponibles este mes. \u00a1No te pierdas los estrenos y lanzamientos que la plataforma tiene para ti!","breadcrumb":{"@id":"https:\/\/graziamagazine.com\/es\/articles\/los-estrenos-de-disney-en-febrero-de-2023\/#breadcrumb"},"inLanguage":"es","potentialAction":[{"@type":"ReadAction","target":["https:\/\/graziamagazine.com\/es\/articles\/los-estrenos-de-disney-en-febrero-de-2023\/"]}]},{"@type":"BreadcrumbList","@id":"https:\/\/graziamagazine.com\/es\/articles\/los-estrenos-de-disney-en-febrero-de-2023\/#breadcrumb","itemListElement":[{"@type":"ListItem","position":1,"name":"Portada","item":"https:\/\/graziamagazine.com\/es\/"},{"@type":"ListItem","position":2,"name":"Los estrenos de Disney + en febrero de 2023"}]},{"@type":"WebSite","@id":"https:\/\/graziamagazine.com\/es\/#website","url":"https:\/\/graziamagazine.com\/es\/","name":"Grazia","description":"Moda, belleza, celebrities, estilo de vida...","potentialAction":[{"@type":"SearchAction","target":{"@type":"EntryPoint","urlTemplate":"https:\/\/graziamagazine.com\/es\/?s={search_term_string}"},"query-input":"required name=search_term_string"}],"inLanguage":"es"}]}},"jetpack_sharing_enabled":true,"distributor_meta":false,"distributor_terms":false,"distributor_media":false,"distributor_original_site_name":"Grazia","distributor_original_site_url":"https:\/\/graziamagazine.com\/es","push-errors":false,"_links":{"self":[{"href":"https:\/\/graziamagazine.com\/es\/wp-json\/wp\/v2\/articles\/167873"}],"collection":[{"href":"https:\/\/graziamagazine.com\/es\/wp-json\/wp\/v2\/articles"}],"about":[{"href":"https:\/\/graziamagazine.com\/es\/wp-json\/wp\/v2\/types\/articles"}],"author":[{"embeddable":true,"href":"https:\/\/graziamagazine.com\/es\/wp-json\/wp\/v2\/users\/28953"}],"wp:featuredmedia":[{"embeddable":true,"href":"https:\/\/graziamagazine.com\/es\/wp-json\/wp\/v2\/media\/167885"}],"wp:attachment":[{"href":"https:\/\/graziamagazine.com\/es\/wp-json\/wp\/v2\/media?parent=167873"}],"wp:term":[{"taxonomy":"category","embeddable":true,"href":"https:\/\/graziamagazine.com\/es\/wp-json\/wp\/v2\/categories?post=167873"}],"curies":[{"name":"wp","href":"https:\/\/api.w.org\/{rel}","templated":true}]}}