{"id":167871,"date":"2023-02-03T09:00:18","date_gmt":"2023-02-03T08:00:18","guid":{"rendered":"https:\/\/graziamagazine.com\/es\/?post_type=articles&#038;p=167871"},"modified":"2023-02-02T19:53:25","modified_gmt":"2023-02-02T18:53:25","slug":"dior-entra-en-el-beauty-tech-con-su-lamparada-de-luz-led","status":"publish","type":"articles","link":"https:\/\/graziamagazine.com\/es\/articles\/dior-entra-en-el-beauty-tech-con-su-lamparada-de-luz-led\/","title":{"rendered":"Dior entra en el beauty tech con su l\u00e1mparada de luz led"},"content":{"rendered":"<p>Uno pudiera pensar, ya que siempre nos dicen que debemos tener cuidado con la luz azul de las pantallas o la luz del sol, que la luz no es buena para piel, pero est\u00e1bamos equivocados. La luz led roja, s\u00ed, esa que pr\u00e1cticamente todos tenemos en alg\u00fan lugar de nuestra casa, se ha convertido en una nueva herramienta de belleza para trabajar, cuidar la piel y combatir los s\u00edntomas del envejecimiento.<\/p>\n<p>Aunque se present\u00f3 por primera vez en 2021 en el Dior Spa Cheval Blanc de Par\u00eds, ahora la m\u00e1scara de belleza de Dior con luz led roja llega a Espa\u00f1a. <strong>Creada en colaboraci\u00f3n con el prestigioso grupo franc\u00e9s Lucibel<\/strong>, y con un dise\u00f1o firmado por Olivier Lapidus evocando la forma del \u00f3valo, es una de las m\u00e1scaras de led m\u00e1s potentes del momento.<\/p>\n<h3>\u00bfPor qu\u00e9 es tan especial?<\/h3>\n<ul>\n<li>Es muy segura tanto para los ojos como para la piel.<\/li>\n<li>Tiene un rendimiento \u00fanico.<\/li>\n<li>Es 10 veces m\u00e1s potente que los modelos de m\u00e1scaras de belleza que ya est\u00e1n en el mercado.<\/li>\n<li>Gracias a su longitud de onda y su potencia, los resultados se ven r\u00e1pidamente.<\/li>\n<li>La m\u00e1scara act\u00faa como una fuente de energ\u00eda natural que equilibra el metabolismo, restaura la armon\u00eda y calma la piel.<\/li>\n<li>La disposici\u00f3n de sus luz led permite que cada zona del rostro reciba la potencia lum\u00ednica adecuada para cada uno de ellos.<\/li>\n<li>En pieles j\u00f3venes la eficacia se observa de manera pr\u00e1cticamente instant\u00e1nea.<\/li>\n<li>En las pieles m\u00e1s maduras consigue un alisamiento de las arrugas, trabaja sobre la elasticidad y la luminosidad de la piel, aspectos que mejoran m\u00e1s y m\u00e1s con el uso de la m\u00e1scara.<\/li>\n<li>Necesitas 12 minutos para que los efectos se vean de inmediato.<\/li>\n<\/ul>\n<blockquote class=\"instagram-media\" data-instgrm-captioned data-instgrm-permalink=\"https:\/\/www.instagram.com\/p\/CXEzNiCtGD9\/?utm_source=ig_embed&amp;utm_campaign=loading\" data-instgrm-version=\"14\" style=\" background:#FFF; border:0; border-radius:3px; box-shadow:0 0 1px 0 rgba(0,0,0,0.5),0 1px 10px 0 rgba(0,0,0,0.15); margin: 1px; max-width:500px; min-width:326px; padding:0; width:99.375%; width:-webkit-calc(100% - 2px); width:calc(100% - 2px);\">\n<div style=\"padding:16px;\"> <a href=\"https:\/\/www.instagram.com\/p\/CXEzNiCtGD9\/?utm_source=ig_embed&amp;utm_campaign=loading\" style=\" background:#FFFFFF; line-height:0; padding:0 0; text-align:center; text-decoration:none; width:100%;\" target=\"_blank\"> <\/p>\n<div style=\" display: flex; flex-direction: row; align-items: center;\">\n<div style=\"background-color: #F4F4F4; border-radius: 50%; flex-grow: 0; height: 40px; margin-right: 14px; width: 40px;\"><\/div>\n<div style=\"display: flex; flex-direction: column; flex-grow: 1; justify-content: center;\">\n<div style=\" background-color: #F4F4F4; border-radius: 4px; flex-grow: 0; height: 14px; margin-bottom: 6px; width: 100px;\"><\/div>\n<div style=\" background-color: #F4F4F4; border-radius: 4px; flex-grow: 0; height: 14px; width: 60px;\"><\/div>\n<\/div>\n<\/div>\n<div style=\"padding: 19% 0;\"><\/div>\n<div style=\"display:block; height:50px; margin:0 auto 12px; width:50px;\"><svg width=\"50px\" height=\"50px\" viewBox=\"0 0 60 60\" version=\"1.1\" xmlns=\"https:\/\/www.w3.org\/2000\/svg\" xmlns:xlink=\"https:\/\/www.w3.org\/1999\/xlink\"><g stroke=\"none\" stroke-width=\"1\" fill=\"none\" fill-rule=\"evenodd\"><g transform=\"translate(-511.000000, -20.000000)\" fill=\"#000000\"><g><path d=\"M556.869,30.41 C554.814,30.41 553.148,32.076 553.148,34.131 C553.148,36.186 554.814,37.852 556.869,37.852 C558.924,37.852 560.59,36.186 560.59,34.131 C560.59,32.076 558.924,30.41 556.869,30.41 M541,60.657 C535.114,60.657 530.342,55.887 530.342,50 C530.342,44.114 535.114,39.342 541,39.342 C546.887,39.342 551.658,44.114 551.658,50 C551.658,55.887 546.887,60.657 541,60.657 M541,33.886 C532.1,33.886 524.886,41.1 524.886,50 C524.886,58.899 532.1,66.113 541,66.113 C549.9,66.113 557.115,58.899 557.115,50 C557.115,41.1 549.9,33.886 541,33.886 M565.378,62.101 C565.244,65.022 564.756,66.606 564.346,67.663 C563.803,69.06 563.154,70.057 562.106,71.106 C561.058,72.155 560.06,72.803 558.662,73.347 C557.607,73.757 556.021,74.244 553.102,74.378 C549.944,74.521 548.997,74.552 541,74.552 C533.003,74.552 532.056,74.521 528.898,74.378 C525.979,74.244 524.393,73.757 523.338,73.347 C521.94,72.803 520.942,72.155 519.894,71.106 C518.846,70.057 518.197,69.06 517.654,67.663 C517.244,66.606 516.755,65.022 516.623,62.101 C516.479,58.943 516.448,57.996 516.448,50 C516.448,42.003 516.479,41.056 516.623,37.899 C516.755,34.978 517.244,33.391 517.654,32.338 C518.197,30.938 518.846,29.942 519.894,28.894 C520.942,27.846 521.94,27.196 523.338,26.654 C524.393,26.244 525.979,25.756 528.898,25.623 C532.057,25.479 533.004,25.448 541,25.448 C548.997,25.448 549.943,25.479 553.102,25.623 C556.021,25.756 557.607,26.244 558.662,26.654 C560.06,27.196 561.058,27.846 562.106,28.894 C563.154,29.942 563.803,30.938 564.346,32.338 C564.756,33.391 565.244,34.978 565.378,37.899 C565.522,41.056 565.552,42.003 565.552,50 C565.552,57.996 565.522,58.943 565.378,62.101 M570.82,37.631 C570.674,34.438 570.167,32.258 569.425,30.349 C568.659,28.377 567.633,26.702 565.965,25.035 C564.297,23.368 562.623,22.342 560.652,21.575 C558.743,20.834 556.562,20.326 553.369,20.18 C550.169,20.033 549.148,20 541,20 C532.853,20 531.831,20.033 528.631,20.18 C525.438,20.326 523.257,20.834 521.349,21.575 C519.376,22.342 517.703,23.368 516.035,25.035 C514.368,26.702 513.342,28.377 512.574,30.349 C511.834,32.258 511.326,34.438 511.181,37.631 C511.035,40.831 511,41.851 511,50 C511,58.147 511.035,59.17 511.181,62.369 C511.326,65.562 511.834,67.743 512.574,69.651 C513.342,71.625 514.368,73.296 516.035,74.965 C517.703,76.634 519.376,77.658 521.349,78.425 C523.257,79.167 525.438,79.673 528.631,79.82 C531.831,79.965 532.853,80.001 541,80.001 C549.148,80.001 550.169,79.965 553.369,79.82 C556.562,79.673 558.743,79.167 560.652,78.425 C562.623,77.658 564.297,76.634 565.965,74.965 C567.633,73.296 568.659,71.625 569.425,69.651 C570.167,67.743 570.674,65.562 570.82,62.369 C570.966,59.17 571,58.147 571,50 C571,41.851 570.966,40.831 570.82,37.631\"><\/path><\/g><\/g><\/g><\/svg><\/div>\n<div style=\"padding-top: 8px;\">\n<div style=\" color:#3897f0; font-family:Arial,sans-serif; font-size:14px; font-style:normal; font-weight:550; line-height:18px;\">View this post on Instagram<\/div>\n<\/div>\n<div style=\"padding: 12.5% 0;\"><\/div>\n<div style=\"display: flex; flex-direction: row; margin-bottom: 14px; align-items: center;\">\n<div>\n<div style=\"background-color: #F4F4F4; border-radius: 50%; height: 12.5px; width: 12.5px; transform: translateX(0px) translateY(7px);\"><\/div>\n<div style=\"background-color: #F4F4F4; height: 12.5px; transform: rotate(-45deg) translateX(3px) translateY(1px); width: 12.5px; flex-grow: 0; margin-right: 14px; margin-left: 2px;\"><\/div>\n<div style=\"background-color: #F4F4F4; border-radius: 50%; height: 12.5px; width: 12.5px; transform: translateX(9px) translateY(-18px);\"><\/div>\n<\/div>\n<div style=\"margin-left: 8px;\">\n<div style=\" background-color: #F4F4F4; border-radius: 50%; flex-grow: 0; height: 20px; width: 20px;\"><\/div>\n<div style=\" width: 0; height: 0; border-top: 2px solid transparent; border-left: 6px solid #f4f4f4; border-bottom: 2px solid transparent; transform: translateX(16px) translateY(-4px) rotate(30deg)\"><\/div>\n<\/div>\n<div style=\"margin-left: auto;\">\n<div style=\" width: 0px; border-top: 8px solid #F4F4F4; border-right: 8px solid transparent; transform: translateY(16px);\"><\/div>\n<div style=\" background-color: #F4F4F4; flex-grow: 0; height: 12px; width: 16px; transform: translateY(-4px);\"><\/div>\n<div style=\" width: 0; height: 0; border-top: 8px solid #F4F4F4; border-left: 8px solid transparent; transform: translateY(-4px) translateX(8px);\"><\/div>\n<\/div>\n<\/div>\n<div style=\"display: flex; flex-direction: column; flex-grow: 1; justify-content: center; margin-bottom: 24px;\">\n<div style=\" background-color: #F4F4F4; border-radius: 4px; flex-grow: 0; height: 14px; margin-bottom: 6px; width: 224px;\"><\/div>\n<div style=\" background-color: #F4F4F4; border-radius: 4px; flex-grow: 0; height: 14px; width: 144px;\"><\/div>\n<\/div>\n<p><\/a><\/p>\n<p style=\" color:#c9c8cd; font-family:Arial,sans-serif; font-size:14px; line-height:17px; margin-bottom:0; margin-top:8px; overflow:hidden; padding:8px 0 7px; text-align:center; text-overflow:ellipsis; white-space:nowrap;\"><a href=\"https:\/\/www.instagram.com\/p\/CXEzNiCtGD9\/?utm_source=ig_embed&amp;utm_campaign=loading\" style=\" color:#c9c8cd; font-family:Arial,sans-serif; font-size:14px; font-style:normal; font-weight:normal; line-height:17px; text-decoration:none;\" target=\"_blank\" target=\"_blank\">A post shared by Dior Beauty Official (@diorbeauty)<\/a><\/p>\n<\/div>\n<\/blockquote>\n<p><script async src=\"\/\/platform.instagram.com\/en_US\/embeds.js\"><\/script><\/p>\n<h3>El protocolo Tacha + Dior<\/h3>\n<p>\u00bfQuieres probarlo? Perfecto porque ya puedes hacerlo de manera exclusiva en los centros de <a href=\"https:\/\/tacha.es\/\" target=\"_blank\">Tacha en Madrid<\/a>. <strong>Natalia de la Vega, gran aliada de la <em>maison<\/em>, ha creado adem\u00e1s un protocolo espec\u00edfico de menos de 30 minutos para utilizar la m\u00e1scara junto son los productos de la gama Dior Capture Totale<\/strong>.<\/p>\n<p class=\"p1\">Este protocolo <em>flash<\/em> Capture Total creado por Tacha se basa en los siguientes pasos:<\/p>\n<ul>\n<li class=\"p1\">Primero el <strong><a href=\"https:\/\/www.dior.com\/es_es\/beauty\/products\/Y0996498-agua-desmaquillante-agua-micelar-desmaquillante-con-nenufar-blanco-frances-purificante-rostro-y-ojos?objectID=Y0996498&amp;query=agua%20micel&amp;queryID=00e2fa3106ac31b715f5cd1803394c01\" target=\"_blank\">agua micelar con nen\u00fafar franc\u00e9s<\/a><\/strong>.<\/li>\n<li class=\"p1\">Despu\u00e9s <strong><a href=\"https:\/\/www.dior.com\/es_es\/beauty\/tratamiento\/las-colecciones\/capture-totale#la-locion-facial\" target=\"_blank\">Capture Totale Intensive Essence Lotion<\/a><\/strong>.<\/li>\n<li class=\"p1\">A continuaci\u00f3n el nuevo <strong><a href=\"https:\/\/www.dior.com\/es_es\/beauty\/products\/Y0997044-capture-totale-le-serum-serum-antiedad-firmeza-elasticidad-y-luminosidad\" target=\"_blank\">Capture Totale Le S\u00e9rum<\/a><\/strong>.<\/li>\n<li class=\"p1\">Siguen los ojos con <strong><a href=\"https:\/\/www.dior.com\/es_es\/beauty\/products\/Y0996239-capture-totale-super-potent-eye-serum-serum-contorno-de-ojos-intenso-tratamiento-antifatiga-y-antiedad-global\" target=\"_blank\">Capture Totale Super Potent Eye Serum<\/a><\/strong>.<\/li>\n<li class=\"p1\">Por \u00faltimo un masaje de remonte con <strong><a href=\"https:\/\/www.dior.com\/es_es\/beauty\/products\/Y0996208-capture-totale-super-potent-rich-creme-crema-rica-antiedad-global-nutricion-y-reparacion-intensas\" target=\"_blank\">Capture Totale Super Potent Rich Creme<\/a><\/strong>.<\/li>\n<\/ul>\n<p>La alianza de este protocolo flash\u00a0<i><span class=\"markzootnee5w\" data-markjs=\"true\" data-ogac=\"\" data-ogab=\"\" data-ogsc=\"\" data-ogsb=\"\">Dior<\/span>\u00a0Lucibel<\/i>\u00a0<i>by Tacha<\/i>\u00a0con la m\u00e1scara\u00a0<span class=\"markzootnee5w\" data-markjs=\"true\" data-ogac=\"\" data-ogab=\"\" data-ogsc=\"\" data-ogsb=\"\">Dior<\/span> Lucibel es perfecta para preparar la piel antes de un maquillaje de alfombra roja, y por lo que nos han contado desde la marca, estar\u00e1 disponible para las actrices en los Goya 2023 que se celebran en Sevilla.<\/p>\n<p>En breve llegar\u00e1 a El Corte Ingl\u00e9s de Castellana, para ofrecer un servicio <em>premium<\/em> a los <em>Dioraddicts<\/em>, pero puedes tener la tuya ya que tambi\u00e9n estar\u00e1 disponible en la boutique online de Dior, para todos aquellos que quieren usar la tecnolog\u00eda en su domicilio. De f\u00e1cil uso y transporte, tendr\u00e1 un precio de 3.150 euros.<\/p>\n<p><em>*Im\u00e1genes: cortes\u00eda de Dior Beauty<\/em><\/p>\n","protected":false},"author":11653,"featured_media":167872,"template":"","format":"standard","categories":[7],"acf":[],"yoast_head":"<!-- This site is optimized with the Yoast SEO Premium plugin v18.5 (Yoast SEO v20.4) - https:\/\/yoast.com\/wordpress\/plugins\/seo\/ -->\n<title>Dior entra en el beauty tech con su l\u00e1mparada de luz led | Grazia<\/title>\n<meta name=\"description\" content=\"La casa francesa junto Lucibel presenta su primer gadget de belleza en el que se han basado en la tecnolog\u00eda de la NASA.\" \/>\n<meta name=\"robots\" content=\"index, follow, max-snippet:-1, max-image-preview:large, max-video-preview:-1\" \/>\n<link rel=\"canonical\" href=\"https:\/\/graziamagazine.com\/es\/articles\/dior-entra-en-el-beauty-tech-con-su-lamparada-de-luz-led\/\" \/>\n<meta property=\"og:locale\" content=\"es_ES\" \/>\n<meta property=\"og:type\" content=\"article\" \/>\n<meta property=\"og:title\" content=\"Dior entra en el beauty tech con su l\u00e1mparada de luz led\" \/>\n<meta property=\"og:description\" content=\"La casa francesa junto Lucibel presenta su primer gadget de belleza en el que se han basado en la tecnolog\u00eda de la NASA.\" \/>\n<meta property=\"og:url\" content=\"https:\/\/graziamagazine.com\/es\/articles\/dior-entra-en-el-beauty-tech-con-su-lamparada-de-luz-led\/\" \/>\n<meta property=\"og:site_name\" content=\"Grazia\" \/>\n<meta property=\"article:modified_time\" content=\"2023-02-02T18:53:25+00:00\" \/>\n<meta property=\"og:image\" content=\"https:\/\/graziamagazine.com\/es\/wp-content\/uploads\/sites\/12\/2023\/02\/Captura-de-pantalla-2023-02-02-a-las-19.18.36-copia.jpg?fit=1888%2C1446\" \/>\n\t<meta property=\"og:image:width\" content=\"1888\" \/>\n\t<meta property=\"og:image:height\" content=\"1446\" \/>\n\t<meta property=\"og:image:type\" content=\"image\/jpeg\" \/>\n<meta name=\"twitter:card\" content=\"summary_large_image\" \/>\n<meta name=\"twitter:label1\" content=\"Est. reading time\" \/>\n\t<meta name=\"twitter:data1\" content=\"3 minutos\" \/>\n<script type=\"application\/ld+json\" class=\"yoast-schema-graph\">{\"@context\":\"https:\/\/schema.org\",\"@graph\":[{\"@type\":\"WebPage\",\"@id\":\"https:\/\/graziamagazine.com\/es\/articles\/dior-entra-en-el-beauty-tech-con-su-lamparada-de-luz-led\/\",\"url\":\"https:\/\/graziamagazine.com\/es\/articles\/dior-entra-en-el-beauty-tech-con-su-lamparada-de-luz-led\/\",\"name\":\"Dior entra en el beauty tech con su l\u00e1mparada de luz led | Grazia\",\"isPartOf\":{\"@id\":\"https:\/\/graziamagazine.com\/es\/#website\"},\"datePublished\":\"2023-02-03T08:00:18+00:00\",\"dateModified\":\"2023-02-02T18:53:25+00:00\",\"description\":\"La casa francesa junto Lucibel presenta su primer gadget de belleza en el que se han basado en la tecnolog\u00eda de la NASA.\",\"breadcrumb\":{\"@id\":\"https:\/\/graziamagazine.com\/es\/articles\/dior-entra-en-el-beauty-tech-con-su-lamparada-de-luz-led\/#breadcrumb\"},\"inLanguage\":\"es\",\"potentialAction\":[{\"@type\":\"ReadAction\",\"target\":[\"https:\/\/graziamagazine.com\/es\/articles\/dior-entra-en-el-beauty-tech-con-su-lamparada-de-luz-led\/\"]}]},{\"@type\":\"BreadcrumbList\",\"@id\":\"https:\/\/graziamagazine.com\/es\/articles\/dior-entra-en-el-beauty-tech-con-su-lamparada-de-luz-led\/#breadcrumb\",\"itemListElement\":[{\"@type\":\"ListItem\",\"position\":1,\"name\":\"Portada\",\"item\":\"https:\/\/graziamagazine.com\/es\/\"},{\"@type\":\"ListItem\",\"position\":2,\"name\":\"Dior entra en el beauty tech con su l\u00e1mparada de luz led\"}]},{\"@type\":\"WebSite\",\"@id\":\"https:\/\/graziamagazine.com\/es\/#website\",\"url\":\"https:\/\/graziamagazine.com\/es\/\",\"name\":\"Grazia\",\"description\":\"Moda, belleza, celebrities, estilo de vida...\",\"potentialAction\":[{\"@type\":\"SearchAction\",\"target\":{\"@type\":\"EntryPoint\",\"urlTemplate\":\"https:\/\/graziamagazine.com\/es\/?s={search_term_string}\"},\"query-input\":\"required name=search_term_string\"}],\"inLanguage\":\"es\"}]}<\/script>\n<!-- \/ Yoast SEO Premium plugin. -->","yoast_head_json":{"title":"Dior entra en el beauty tech con su l\u00e1mparada de luz led | Grazia","description":"La casa francesa junto Lucibel presenta su primer gadget de belleza en el que se han basado en la tecnolog\u00eda de la NASA.","robots":{"index":"index","follow":"follow","max-snippet":"max-snippet:-1","max-image-preview":"max-image-preview:large","max-video-preview":"max-video-preview:-1"},"canonical":"https:\/\/graziamagazine.com\/es\/articles\/dior-entra-en-el-beauty-tech-con-su-lamparada-de-luz-led\/","og_locale":"es_ES","og_type":"article","og_title":"Dior entra en el beauty tech con su l\u00e1mparada de luz led","og_description":"La casa francesa junto Lucibel presenta su primer gadget de belleza en el que se han basado en la tecnolog\u00eda de la NASA.","og_url":"https:\/\/graziamagazine.com\/es\/articles\/dior-entra-en-el-beauty-tech-con-su-lamparada-de-luz-led\/","og_site_name":"Grazia","article_modified_time":"2023-02-02T18:53:25+00:00","og_image":[{"width":1888,"height":1446,"url":"https:\/\/graziamagazine.com\/es\/wp-content\/uploads\/sites\/12\/2023\/02\/Captura-de-pantalla-2023-02-02-a-las-19.18.36-copia.jpg?fit=1888%2C1446","type":"image\/jpeg"}],"twitter_card":"summary_large_image","twitter_misc":{"Est. reading time":"3 minutos"},"schema":{"@context":"https:\/\/schema.org","@graph":[{"@type":"WebPage","@id":"https:\/\/graziamagazine.com\/es\/articles\/dior-entra-en-el-beauty-tech-con-su-lamparada-de-luz-led\/","url":"https:\/\/graziamagazine.com\/es\/articles\/dior-entra-en-el-beauty-tech-con-su-lamparada-de-luz-led\/","name":"Dior entra en el beauty tech con su l\u00e1mparada de luz led | Grazia","isPartOf":{"@id":"https:\/\/graziamagazine.com\/es\/#website"},"datePublished":"2023-02-03T08:00:18+00:00","dateModified":"2023-02-02T18:53:25+00:00","description":"La casa francesa junto Lucibel presenta su primer gadget de belleza en el que se han basado en la tecnolog\u00eda de la NASA.","breadcrumb":{"@id":"https:\/\/graziamagazine.com\/es\/articles\/dior-entra-en-el-beauty-tech-con-su-lamparada-de-luz-led\/#breadcrumb"},"inLanguage":"es","potentialAction":[{"@type":"ReadAction","target":["https:\/\/graziamagazine.com\/es\/articles\/dior-entra-en-el-beauty-tech-con-su-lamparada-de-luz-led\/"]}]},{"@type":"BreadcrumbList","@id":"https:\/\/graziamagazine.com\/es\/articles\/dior-entra-en-el-beauty-tech-con-su-lamparada-de-luz-led\/#breadcrumb","itemListElement":[{"@type":"ListItem","position":1,"name":"Portada","item":"https:\/\/graziamagazine.com\/es\/"},{"@type":"ListItem","position":2,"name":"Dior entra en el beauty tech con su l\u00e1mparada de luz led"}]},{"@type":"WebSite","@id":"https:\/\/graziamagazine.com\/es\/#website","url":"https:\/\/graziamagazine.com\/es\/","name":"Grazia","description":"Moda, belleza, celebrities, estilo de vida...","potentialAction":[{"@type":"SearchAction","target":{"@type":"EntryPoint","urlTemplate":"https:\/\/graziamagazine.com\/es\/?s={search_term_string}"},"query-input":"required name=search_term_string"}],"inLanguage":"es"}]}},"jetpack_sharing_enabled":true,"distributor_meta":false,"distributor_terms":false,"distributor_media":false,"distributor_original_site_name":"Grazia","distributor_original_site_url":"https:\/\/graziamagazine.com\/es","push-errors":false,"_links":{"self":[{"href":"https:\/\/graziamagazine.com\/es\/wp-json\/wp\/v2\/articles\/167871"}],"collection":[{"href":"https:\/\/graziamagazine.com\/es\/wp-json\/wp\/v2\/articles"}],"about":[{"href":"https:\/\/graziamagazine.com\/es\/wp-json\/wp\/v2\/types\/articles"}],"author":[{"embeddable":true,"href":"https:\/\/graziamagazine.com\/es\/wp-json\/wp\/v2\/users\/11653"}],"wp:featuredmedia":[{"embeddable":true,"href":"https:\/\/graziamagazine.com\/es\/wp-json\/wp\/v2\/media\/167872"}],"wp:attachment":[{"href":"https:\/\/graziamagazine.com\/es\/wp-json\/wp\/v2\/media?parent=167871"}],"wp:term":[{"taxonomy":"category","embeddable":true,"href":"https:\/\/graziamagazine.com\/es\/wp-json\/wp\/v2\/categories?post=167871"}],"curies":[{"name":"wp","href":"https:\/\/api.w.org\/{rel}","templated":true}]}}