{"id":167854,"date":"2023-02-02T11:54:20","date_gmt":"2023-02-02T10:54:20","guid":{"rendered":"https:\/\/graziamagazine.com\/es\/?post_type=articles&#038;p=167854"},"modified":"2023-02-02T11:54:20","modified_gmt":"2023-02-02T10:54:20","slug":"louis-vuitton-lanza-su-primera-coleccion-para-bebe","status":"publish","type":"articles","link":"https:\/\/graziamagazine.com\/es\/articles\/louis-vuitton-lanza-su-primera-coleccion-para-bebe\/","title":{"rendered":"Louis Vuitton lanza su primera colecci\u00f3n para beb\u00e9"},"content":{"rendered":"<p><b>Louis Vuitton<\/b><span style=\"font-weight: 400\"> presenta su primera colecci\u00f3n para <\/span><b>beb\u00e9s<\/b><span style=\"font-weight: 400\">, la cual incluye ropa, zapatos, accesorios y objetos que acompa\u00f1ar\u00e1n al reci\u00e9n nacido en sus primeros d\u00edas. Estar\u00e1 disponible a partir de marzo de este a\u00f1o.<\/span><\/p>\n<p><span style=\"font-weight: 400\">Las tallas van de 0 hasta 12 meses, y podr\u00e1s encontrar monos, conjuntos coordinados, <\/span><i><span style=\"font-weight: 400\">bodys<\/span><\/i><span style=\"font-weight: 400\"> esenciales, pijamas, un vestido y un abrigo con capucha de doble cara con el ic\u00f3nico dise\u00f1o de la flor <\/span><b>Monogram<\/b><span style=\"font-weight: 400\"> y motivos <\/span><b>Meli-Melo<\/b><span style=\"font-weight: 400\"> en el interior.<\/span><\/p>\n<div class=\"content-gallery\">\n<div class=\"gallery-placeholder\">\n<div class=\"spinner\"><\/div>\n<\/div>\n<p>&nbsp;<\/p>\n<div id=\"gallery-1\" class=\"gallery galleryid- gallery-columns- gallery-size-\">\n<figure class=\"gallery-item\">\n<div class=\"gallery-icon landscape\"><img loading=\"lazy\" decoding=\"async\" class=\"lazy\" src=\"https:\/\/graziamagazine.com\/mx\/wp-content\/uploads\/sites\/13\/2023\/01\/WhatsApp-Image-2023-01-31-at-18.37.17.jpeg?resize=648%2C622\" alt=\"\" width=\"648\" height=\"622\" data-recalc-dims=\"1\" \/><\/div><figcaption id=\"gallery-1-121185\" class=\"wp-caption-text gallery-caption\">Louis Vuitton<\/figcaption><\/figure>\n<figure class=\"gallery-item\">\n<div class=\"gallery-icon landscape\"><img loading=\"lazy\" decoding=\"async\" class=\"lazy\" src=\"https:\/\/graziamagazine.com\/mx\/wp-content\/uploads\/sites\/13\/2023\/01\/WhatsApp-Image-2023-01-31-at-18.37.17-1-e1675216327684.jpeg?resize=646%2C442\" alt=\"\" width=\"646\" height=\"442\" data-recalc-dims=\"1\" \/><\/div><figcaption id=\"gallery-1-121184\" class=\"wp-caption-text gallery-caption\">Louis Vuitton<\/figcaption><\/figure>\n<\/div>\n<\/div>\n<p><span style=\"font-weight: 400\">Los detalles en esta colecci\u00f3n fueron considerados con delicadeza y meticulosidad, como se puede percibir en los botones de n\u00e1car en cardigans de algod\u00f3n y <\/span><b>cachemira<\/b><span style=\"font-weight: 400\">, peque\u00f1os bordados en bombachos y cuerpos.<\/span><\/p>\n<p><span style=\"font-weight: 400\">Los dos estilos de zapatitos est\u00e1n adornados con perforaciones Monogram, y los botines estar\u00e1n disponibles en color blanco o dune, ambos con cordones amarillos.\u00a0<\/span><\/p>\n<div class=\"content-gallery\">\n<div class=\"gallery-placeholder\">\n<div class=\"spinner\"><\/div>\n<\/div>\n<p>&nbsp;<\/p>\n<div id=\"gallery-2\" class=\"gallery galleryid- gallery-columns- gallery-size-\">\n<figure class=\"gallery-item\">\n<div class=\"gallery-icon landscape\"><img loading=\"lazy\" decoding=\"async\" class=\"lazy\" src=\"https:\/\/graziamagazine.com\/mx\/wp-content\/uploads\/sites\/13\/2023\/01\/WhatsApp-Image-2023-01-31-at-18.37.18.jpeg?resize=646%2C618\" alt=\"\" width=\"646\" height=\"618\" data-recalc-dims=\"1\" \/><\/div><figcaption id=\"gallery-2-121182\" class=\"wp-caption-text gallery-caption\">Louis Vuitton<\/figcaption><\/figure>\n<figure class=\"gallery-item\">\n<div class=\"gallery-icon landscape\"><img loading=\"lazy\" decoding=\"async\" class=\"lazy\" src=\"https:\/\/graziamagazine.com\/mx\/wp-content\/uploads\/sites\/13\/2023\/01\/WhatsApp-Image-2023-01-31-at-18.37.17-2.jpeg?resize=648%2C620\" alt=\"\" width=\"648\" height=\"620\" data-recalc-dims=\"1\" \/><\/div><figcaption id=\"gallery-2-121183\" class=\"wp-caption-text gallery-caption\">Louis Vuitton<\/figcaption><\/figure>\n<\/div>\n<\/div>\n<p><span style=\"font-weight: 400\">Entre los accesorios se encuentran pantuflas de punto, gorros de flores, barberos, calcetines, mantas, que mantendr\u00e1n muy bien abrigados a los peque\u00f1os. Adem\u00e1s de dos estuches, una maleta peque\u00f1a, y un sonajero redondo.<\/span><\/p>\n<p><span style=\"font-weight: 400\">Los materiales utilizados en cada uno de estos art\u00edculos fueron cuidadosamente seleccionados y pensados para durar, de acuerdo con el compromiso de la firma con el abastecimiento responsable.<\/span><\/p>\n<figure id=\"attachment_121181\" class=\"wp-caption alignnone\" style=\"width: 636px\" aria-describedby=\"caption-attachment-121181\"><img loading=\"lazy\" decoding=\"async\" class=\"wp-image-121181 size-large\" src=\"https:\/\/graziamagazine.com\/mx\/wp-content\/uploads\/sites\/13\/2023\/01\/WhatsApp-Image-2023-01-31-at-18.37.18-1.jpeg?w=636&amp;resize=636%2C608\" alt=\"\" width=\"636\" height=\"608\" data-recalc-dims=\"1\" \/><figcaption id=\"caption-attachment-121181\" class=\"wp-caption-text\">Louis Vuitton<\/figcaption><\/figure>\n<p><span style=\"font-weight: 400\">Entre estos est\u00e1ndares ambientales incluyen <\/span><b>algod\u00f3n org\u00e1nico<\/b><span style=\"font-weight: 400\"> y cuero certificado por <\/span><b>LWG<\/b><span style=\"font-weight: 400\"> (Leather Working Group), as\u00ed como la cachemira y la lana de oveja provienen de socios que garantizan el bienestar animal.<\/span><\/p>\n<p><span style=\"font-weight: 400\">Todos los valores fundamentales de la <\/span><b>Maison<\/b><span style=\"font-weight: 400\"> fueron guiados por el asombro y el descubrimiento ilimitado que inicia en la infancia, por lo que esta ofrenda para los reci\u00e9n nacidos desea crear momentos simb\u00f3licos para lograr bellos recuerdos.\u00a0<\/span><\/p>\n<p><em>*Im\u00e1genes: cortes\u00eda Louis Vuitton<\/em><\/p>\n<p>&nbsp;<\/p>\n","protected":false},"author":16349,"featured_media":167855,"template":"","format":"standard","categories":[1],"acf":[],"yoast_head":"<!-- This site is optimized with the Yoast SEO Premium plugin v18.5 (Yoast SEO v20.4) - https:\/\/yoast.com\/wordpress\/plugins\/seo\/ -->\n<title>Louis Vuitton lanza su primera colecci\u00f3n para beb\u00e9 | Grazia<\/title>\n<meta name=\"description\" content=\"La firma francesa se adentra por primera vez en la moda infantil con una colecci\u00f3n que llegar\u00e1 al mercado el pr\u00f3ximo mes de marzo.\" \/>\n<meta name=\"robots\" content=\"index, follow, max-snippet:-1, max-image-preview:large, max-video-preview:-1\" \/>\n<link rel=\"canonical\" href=\"https:\/\/graziamagazine.com\/es\/articles\/louis-vuitton-lanza-su-primera-coleccion-para-bebe\/\" \/>\n<meta property=\"og:locale\" content=\"es_ES\" \/>\n<meta property=\"og:type\" content=\"article\" \/>\n<meta property=\"og:title\" content=\"Louis Vuitton lanza su primera colecci\u00f3n para beb\u00e9\" \/>\n<meta property=\"og:description\" content=\"La firma francesa se adentra por primera vez en la moda infantil con una colecci\u00f3n que llegar\u00e1 al mercado el pr\u00f3ximo mes de marzo.\" \/>\n<meta property=\"og:url\" content=\"https:\/\/graziamagazine.com\/es\/articles\/louis-vuitton-lanza-su-primera-coleccion-para-bebe\/\" \/>\n<meta property=\"og:site_name\" content=\"Grazia\" \/>\n<meta property=\"og:image\" content=\"https:\/\/graziamagazine.com\/es\/wp-content\/uploads\/sites\/12\/2023\/02\/WhatsApp-Image-2023-01-31-at-18.37.17-1-e1675216327684.jpeg\" \/>\n\t<meta property=\"og:image:width\" content=\"646\" \/>\n\t<meta property=\"og:image:height\" content=\"442\" \/>\n\t<meta property=\"og:image:type\" content=\"image\/jpeg\" \/>\n<meta name=\"twitter:card\" content=\"summary_large_image\" \/>\n<meta name=\"twitter:label1\" content=\"Est. reading time\" \/>\n\t<meta name=\"twitter:data1\" content=\"3 minutos\" \/>\n<script type=\"application\/ld+json\" class=\"yoast-schema-graph\">{\"@context\":\"https:\/\/schema.org\",\"@graph\":[{\"@type\":\"WebPage\",\"@id\":\"https:\/\/graziamagazine.com\/es\/articles\/louis-vuitton-lanza-su-primera-coleccion-para-bebe\/\",\"url\":\"https:\/\/graziamagazine.com\/es\/articles\/louis-vuitton-lanza-su-primera-coleccion-para-bebe\/\",\"name\":\"Louis Vuitton lanza su primera colecci\u00f3n para beb\u00e9 | Grazia\",\"isPartOf\":{\"@id\":\"https:\/\/graziamagazine.com\/es\/#website\"},\"datePublished\":\"2023-02-02T10:54:20+00:00\",\"dateModified\":\"2023-02-02T10:54:20+00:00\",\"description\":\"La firma francesa se adentra por primera vez en la moda infantil con una colecci\u00f3n que llegar\u00e1 al mercado el pr\u00f3ximo mes de marzo.\",\"breadcrumb\":{\"@id\":\"https:\/\/graziamagazine.com\/es\/articles\/louis-vuitton-lanza-su-primera-coleccion-para-bebe\/#breadcrumb\"},\"inLanguage\":\"es\",\"potentialAction\":[{\"@type\":\"ReadAction\",\"target\":[\"https:\/\/graziamagazine.com\/es\/articles\/louis-vuitton-lanza-su-primera-coleccion-para-bebe\/\"]}]},{\"@type\":\"BreadcrumbList\",\"@id\":\"https:\/\/graziamagazine.com\/es\/articles\/louis-vuitton-lanza-su-primera-coleccion-para-bebe\/#breadcrumb\",\"itemListElement\":[{\"@type\":\"ListItem\",\"position\":1,\"name\":\"Portada\",\"item\":\"https:\/\/graziamagazine.com\/es\/\"},{\"@type\":\"ListItem\",\"position\":2,\"name\":\"Louis Vuitton lanza su primera colecci\u00f3n para beb\u00e9\"}]},{\"@type\":\"WebSite\",\"@id\":\"https:\/\/graziamagazine.com\/es\/#website\",\"url\":\"https:\/\/graziamagazine.com\/es\/\",\"name\":\"Grazia\",\"description\":\"Moda, belleza, celebrities, estilo de vida...\",\"potentialAction\":[{\"@type\":\"SearchAction\",\"target\":{\"@type\":\"EntryPoint\",\"urlTemplate\":\"https:\/\/graziamagazine.com\/es\/?s={search_term_string}\"},\"query-input\":\"required name=search_term_string\"}],\"inLanguage\":\"es\"}]}<\/script>\n<!-- \/ Yoast SEO Premium plugin. -->","yoast_head_json":{"title":"Louis Vuitton lanza su primera colecci\u00f3n para beb\u00e9 | Grazia","description":"La firma francesa se adentra por primera vez en la moda infantil con una colecci\u00f3n que llegar\u00e1 al mercado el pr\u00f3ximo mes de marzo.","robots":{"index":"index","follow":"follow","max-snippet":"max-snippet:-1","max-image-preview":"max-image-preview:large","max-video-preview":"max-video-preview:-1"},"canonical":"https:\/\/graziamagazine.com\/es\/articles\/louis-vuitton-lanza-su-primera-coleccion-para-bebe\/","og_locale":"es_ES","og_type":"article","og_title":"Louis Vuitton lanza su primera colecci\u00f3n para beb\u00e9","og_description":"La firma francesa se adentra por primera vez en la moda infantil con una colecci\u00f3n que llegar\u00e1 al mercado el pr\u00f3ximo mes de marzo.","og_url":"https:\/\/graziamagazine.com\/es\/articles\/louis-vuitton-lanza-su-primera-coleccion-para-bebe\/","og_site_name":"Grazia","og_image":[{"width":646,"height":442,"url":"https:\/\/graziamagazine.com\/es\/wp-content\/uploads\/sites\/12\/2023\/02\/WhatsApp-Image-2023-01-31-at-18.37.17-1-e1675216327684.jpeg","type":"image\/jpeg"}],"twitter_card":"summary_large_image","twitter_misc":{"Est. reading time":"3 minutos"},"schema":{"@context":"https:\/\/schema.org","@graph":[{"@type":"WebPage","@id":"https:\/\/graziamagazine.com\/es\/articles\/louis-vuitton-lanza-su-primera-coleccion-para-bebe\/","url":"https:\/\/graziamagazine.com\/es\/articles\/louis-vuitton-lanza-su-primera-coleccion-para-bebe\/","name":"Louis Vuitton lanza su primera colecci\u00f3n para beb\u00e9 | Grazia","isPartOf":{"@id":"https:\/\/graziamagazine.com\/es\/#website"},"datePublished":"2023-02-02T10:54:20+00:00","dateModified":"2023-02-02T10:54:20+00:00","description":"La firma francesa se adentra por primera vez en la moda infantil con una colecci\u00f3n que llegar\u00e1 al mercado el pr\u00f3ximo mes de marzo.","breadcrumb":{"@id":"https:\/\/graziamagazine.com\/es\/articles\/louis-vuitton-lanza-su-primera-coleccion-para-bebe\/#breadcrumb"},"inLanguage":"es","potentialAction":[{"@type":"ReadAction","target":["https:\/\/graziamagazine.com\/es\/articles\/louis-vuitton-lanza-su-primera-coleccion-para-bebe\/"]}]},{"@type":"BreadcrumbList","@id":"https:\/\/graziamagazine.com\/es\/articles\/louis-vuitton-lanza-su-primera-coleccion-para-bebe\/#breadcrumb","itemListElement":[{"@type":"ListItem","position":1,"name":"Portada","item":"https:\/\/graziamagazine.com\/es\/"},{"@type":"ListItem","position":2,"name":"Louis Vuitton lanza su primera colecci\u00f3n para beb\u00e9"}]},{"@type":"WebSite","@id":"https:\/\/graziamagazine.com\/es\/#website","url":"https:\/\/graziamagazine.com\/es\/","name":"Grazia","description":"Moda, belleza, celebrities, estilo de vida...","potentialAction":[{"@type":"SearchAction","target":{"@type":"EntryPoint","urlTemplate":"https:\/\/graziamagazine.com\/es\/?s={search_term_string}"},"query-input":"required name=search_term_string"}],"inLanguage":"es"}]}},"jetpack_sharing_enabled":true,"distributor_meta":false,"distributor_terms":false,"distributor_media":false,"distributor_original_site_name":"Grazia","distributor_original_site_url":"https:\/\/graziamagazine.com\/es","push-errors":false,"_links":{"self":[{"href":"https:\/\/graziamagazine.com\/es\/wp-json\/wp\/v2\/articles\/167854"}],"collection":[{"href":"https:\/\/graziamagazine.com\/es\/wp-json\/wp\/v2\/articles"}],"about":[{"href":"https:\/\/graziamagazine.com\/es\/wp-json\/wp\/v2\/types\/articles"}],"author":[{"embeddable":true,"href":"https:\/\/graziamagazine.com\/es\/wp-json\/wp\/v2\/users\/16349"}],"wp:featuredmedia":[{"embeddable":true,"href":"https:\/\/graziamagazine.com\/es\/wp-json\/wp\/v2\/media\/167855"}],"wp:attachment":[{"href":"https:\/\/graziamagazine.com\/es\/wp-json\/wp\/v2\/media?parent=167854"}],"wp:term":[{"taxonomy":"category","embeddable":true,"href":"https:\/\/graziamagazine.com\/es\/wp-json\/wp\/v2\/categories?post=167854"}],"curies":[{"name":"wp","href":"https:\/\/api.w.org\/{rel}","templated":true}]}}