{"id":167813,"date":"2023-01-31T09:27:14","date_gmt":"2023-01-31T08:27:14","guid":{"rendered":"https:\/\/graziamagazine.com\/es\/?post_type=articles&#038;p=167813"},"modified":"2023-01-31T09:27:14","modified_gmt":"2023-01-31T08:27:14","slug":"la-moda-espanola-se-cuela-en-la-ultima-pelicula-de-jlo","status":"publish","type":"articles","link":"https:\/\/graziamagazine.com\/es\/articles\/la-moda-espanola-se-cuela-en-la-ultima-pelicula-de-jlo\/","title":{"rendered":"La moda espa\u00f1ola se cuela en la \u00faltima pel\u00edcula de JLo"},"content":{"rendered":"<p>Son muchas las veces que hemos visto a Jennifer Lopez vestida de novia en la gran pantalla, adem\u00e1s de en su vida persona, claro est\u00e1. La actriz acaba de estrenar pel\u00edcula en Prime Video, <em>Bodas de plomo (Shotgun Weddding)<\/em>, una comedia rom\u00e1ntica y de acci\u00f3n que por supuesto ya hemos visto.<\/p>\n<p>Nuestra sorpresa no ha sido ver a JLo vestida de novia, nuestra sorpresa ha sido ver que la moda espa\u00f1ola ha aparecido en la pel\u00edcula. Est\u00e1 claro que nuestra moda\u00a0triunfa all\u00e1 por donde va y no es para menos. Sus dise\u00f1os distinguidos internacionalmente con ese toque tan especial y lleno de identidad, sus exquisitos tejidos elegidos con sumo cuidado para conseguir una pieza atemporal y duradera, y los patrones influenciados por dise\u00f1adores de la talla de Crist\u00f3bal Balenciaga que juegan a apreciar la figura de la mujer.<\/p>\n<p>Pues bien, en\u00a0una de las escenas de esta nueva pel\u00edcula es la protagonista quien<strong> luce un dos piezas de la firma espa\u00f1ola <a href=\"https:\/\/www.charoruiz.com\/es\/\" target=\"_blank\" rel=\"noopener noreferrer\" data-auth=\"NotApplicable\" data-safelink=\"true\" data-linkindex=\"2\" target=\"_blank\"><span class=\"marknmzwv95sr\" data-markjs=\"true\" data-ogac=\"\" data-ogab=\"\" data-ogsc=\"\" data-ogsb=\"\">Charo<\/span> <span class=\"markcqh8qzayp\" data-markjs=\"true\" data-ogac=\"\" data-ogab=\"\" data-ogsc=\"\" data-ogsb=\"\">Ruiz<\/span><\/a><\/strong>. Uno de los grandes exponentes de la moda <em>ad lib<\/em>, temporada tras temporada es la firma de referencia de <em>influencers<\/em> y celebrities que eligen sus vestidos, kaftanes o faldas cargadas de la esencia ibicenca que han lucido desde la reina Letizia en sus veranos en Mallorca, a modelos como Adriana Lima, Alessandra Ambrosio, Naomi Campbell o Nieves \u00c1lvarez. En concreto <strong>JLo aparece con un dos piezas que sigue disponible en la web de la firma espa\u00f1ola<\/strong> y que puedes hacerte con \u00e9l para sumarlo a tus pr\u00f3ximos looks estivales.<\/p>\n<p><img loading=\"lazy\" decoding=\"async\" class=\"aligncenter size-full wp-image-167814\" src=\"https:\/\/graziamagazine.com\/es\/wp-content\/uploads\/sites\/12\/2023\/01\/WhatsApp_Image_2023-01-30_at_11.47.20.jpeg\" alt=\"La moda espa\u00f1ola se cuela en la \u00faltima pel\u00edcula de JLo\" width=\"1024\" height=\"602\" \/><\/p>\n<h3>Top Cata<\/h3>\n<p>El conjunto est\u00e1 compuesto por el top Cata de la colecci\u00f3n Essentials de la firma adlib. Un top con escote bardot el\u00e1stico, volantes de voile de algod\u00f3n 100% fruncidos y acabados en puntillas. Un dise\u00f1o corto que cuenta tambi\u00e9n con el\u00e1stico debajo del pecho para ajustarse a la perfecci\u00f3n pero aportando comodidad al look. El crop top Cata otorga adem\u00e1s un toque espa\u00f1ol y divertido que enfatiza la belleza de tu clav\u00edcula y cintura, ideal para llevar de forma sencilla o con unos maxi pendientes, como nos recomiendan desde la firma ibicenca.<\/p>\n<p><img loading=\"lazy\" decoding=\"async\" class=\"aligncenter wp-image-167816 size-full\" src=\"https:\/\/graziamagazine.com\/es\/wp-content\/uploads\/sites\/12\/2023\/01\/10-e1675120850236.png\" alt=\"\" width=\"980\" height=\"465\" \/><\/p>\n<p>Su precio es de <a href=\"https:\/\/www.charoruiz.com\/es\/colecciones\/essentials\/top-cata#\/8-color-blanco\/33-talla-l\" target=\"_blank\"><strong>209 euros<\/strong><\/a>.<\/p>\n<h3>Falda Greta<\/h3>\n<p>Tambi\u00e9n de la colecci\u00f3n Essentials de <span class=\"marknmzwv95sr\" data-markjs=\"true\" data-ogac=\"\" data-ogab=\"\" data-ogsc=\"\" data-ogsb=\"\">Charo<\/span> <span class=\"markcqh8qzayp\" data-markjs=\"true\" data-ogac=\"\" data-ogab=\"\" data-ogsc=\"\" data-ogsb=\"\">Ruiz<\/span>. De estilo skater, con unos exquisitos acabados en puntillas y la distancia entre los elaborados entredoses la convierten en una de las piezas m\u00e1s divertidas y coquetas de la colecci\u00f3n de cl\u00e1sicos de <span class=\"marknmzwv95sr\" data-markjs=\"true\" data-ogac=\"\" data-ogab=\"\" data-ogsc=\"\" data-ogsb=\"\">Charo<\/span> <span class=\"markcqh8qzayp\" data-markjs=\"true\" data-ogac=\"\" data-ogab=\"\" data-ogsc=\"\" data-ogsb=\"\">Ruiz<\/span>. Tanto en color blanco como en negro, es un must atemporal para llevar desde con un traje de ba\u00f1o hasta con un total look como Jennifer L\u00f3pez.<\/p>\n<p><img loading=\"lazy\" decoding=\"async\" class=\"aligncenter wp-image-167817 size-full\" src=\"https:\/\/graziamagazine.com\/es\/wp-content\/uploads\/sites\/12\/2023\/01\/11-e1675121368997.png\" alt=\"\" width=\"908\" height=\"665\" \/><\/p>\n<p>Su precio es de <a href=\"https:\/\/www.charoruiz.com\/es\/colecciones\/essentials\/falda-greta#\/8-color-blanco\/32-talla-m\" target=\"_blank\"><strong>199 euros<\/strong><\/a>.<\/p>\n<p><em>*Im\u00e1genes: cortes\u00eda Charo Ruiz y &#8216;Bodas de plomo&#8217;<\/em><\/p>\n","protected":false},"author":11653,"featured_media":167818,"template":"","format":"standard","categories":[1],"acf":[],"yoast_head":"<!-- This site is optimized with the Yoast SEO Premium plugin v18.5 (Yoast SEO v20.4) - https:\/\/yoast.com\/wordpress\/plugins\/seo\/ -->\n<title>La moda espa\u00f1ola se cuela en la \u00faltima pel\u00edcula de JLo | Grazia<\/title>\n<meta name=\"description\" content=\"La actriz luce un total look de la firma ibicenca Charo Ruiz se cuela, demostrando una vez m\u00e1s que el estilo ad lib cruza fronteras.\" \/>\n<meta name=\"robots\" content=\"index, follow, max-snippet:-1, max-image-preview:large, max-video-preview:-1\" \/>\n<link rel=\"canonical\" href=\"https:\/\/graziamagazine.com\/es\/articles\/la-moda-espanola-se-cuela-en-la-ultima-pelicula-de-jlo\/\" \/>\n<meta property=\"og:locale\" content=\"es_ES\" \/>\n<meta property=\"og:type\" content=\"article\" \/>\n<meta property=\"og:title\" content=\"La moda espa\u00f1ola se cuela en la \u00faltima pel\u00edcula de JLo\" \/>\n<meta property=\"og:description\" content=\"La actriz luce un total look de la firma ibicenca Charo Ruiz se cuela, demostrando una vez m\u00e1s que el estilo ad lib cruza fronteras.\" \/>\n<meta property=\"og:url\" content=\"https:\/\/graziamagazine.com\/es\/articles\/la-moda-espanola-se-cuela-en-la-ultima-pelicula-de-jlo\/\" \/>\n<meta property=\"og:site_name\" content=\"Grazia\" \/>\n<meta property=\"og:image\" content=\"https:\/\/graziamagazine.com\/es\/wp-content\/uploads\/sites\/12\/2023\/01\/bodas-de-plomo-jennifer-lopez-copia.jpg\" \/>\n\t<meta property=\"og:image:width\" content=\"1000\" \/>\n\t<meta property=\"og:image:height\" content=\"493\" \/>\n\t<meta property=\"og:image:type\" content=\"image\/jpeg\" \/>\n<meta name=\"twitter:card\" content=\"summary_large_image\" \/>\n<meta name=\"twitter:label1\" content=\"Est. reading time\" \/>\n\t<meta name=\"twitter:data1\" content=\"3 minutos\" \/>\n<script type=\"application\/ld+json\" class=\"yoast-schema-graph\">{\"@context\":\"https:\/\/schema.org\",\"@graph\":[{\"@type\":\"WebPage\",\"@id\":\"https:\/\/graziamagazine.com\/es\/articles\/la-moda-espanola-se-cuela-en-la-ultima-pelicula-de-jlo\/\",\"url\":\"https:\/\/graziamagazine.com\/es\/articles\/la-moda-espanola-se-cuela-en-la-ultima-pelicula-de-jlo\/\",\"name\":\"La moda espa\u00f1ola se cuela en la \u00faltima pel\u00edcula de JLo | Grazia\",\"isPartOf\":{\"@id\":\"https:\/\/graziamagazine.com\/es\/#website\"},\"datePublished\":\"2023-01-31T08:27:14+00:00\",\"dateModified\":\"2023-01-31T08:27:14+00:00\",\"description\":\"La actriz luce un total look de la firma ibicenca Charo Ruiz se cuela, demostrando una vez m\u00e1s que el estilo ad lib cruza fronteras.\",\"breadcrumb\":{\"@id\":\"https:\/\/graziamagazine.com\/es\/articles\/la-moda-espanola-se-cuela-en-la-ultima-pelicula-de-jlo\/#breadcrumb\"},\"inLanguage\":\"es\",\"potentialAction\":[{\"@type\":\"ReadAction\",\"target\":[\"https:\/\/graziamagazine.com\/es\/articles\/la-moda-espanola-se-cuela-en-la-ultima-pelicula-de-jlo\/\"]}]},{\"@type\":\"BreadcrumbList\",\"@id\":\"https:\/\/graziamagazine.com\/es\/articles\/la-moda-espanola-se-cuela-en-la-ultima-pelicula-de-jlo\/#breadcrumb\",\"itemListElement\":[{\"@type\":\"ListItem\",\"position\":1,\"name\":\"Portada\",\"item\":\"https:\/\/graziamagazine.com\/es\/\"},{\"@type\":\"ListItem\",\"position\":2,\"name\":\"La moda espa\u00f1ola se cuela en la \u00faltima pel\u00edcula de JLo\"}]},{\"@type\":\"WebSite\",\"@id\":\"https:\/\/graziamagazine.com\/es\/#website\",\"url\":\"https:\/\/graziamagazine.com\/es\/\",\"name\":\"Grazia\",\"description\":\"Moda, belleza, celebrities, estilo de vida...\",\"potentialAction\":[{\"@type\":\"SearchAction\",\"target\":{\"@type\":\"EntryPoint\",\"urlTemplate\":\"https:\/\/graziamagazine.com\/es\/?s={search_term_string}\"},\"query-input\":\"required name=search_term_string\"}],\"inLanguage\":\"es\"}]}<\/script>\n<!-- \/ Yoast SEO Premium plugin. -->","yoast_head_json":{"title":"La moda espa\u00f1ola se cuela en la \u00faltima pel\u00edcula de JLo | Grazia","description":"La actriz luce un total look de la firma ibicenca Charo Ruiz se cuela, demostrando una vez m\u00e1s que el estilo ad lib cruza fronteras.","robots":{"index":"index","follow":"follow","max-snippet":"max-snippet:-1","max-image-preview":"max-image-preview:large","max-video-preview":"max-video-preview:-1"},"canonical":"https:\/\/graziamagazine.com\/es\/articles\/la-moda-espanola-se-cuela-en-la-ultima-pelicula-de-jlo\/","og_locale":"es_ES","og_type":"article","og_title":"La moda espa\u00f1ola se cuela en la \u00faltima pel\u00edcula de JLo","og_description":"La actriz luce un total look de la firma ibicenca Charo Ruiz se cuela, demostrando una vez m\u00e1s que el estilo ad lib cruza fronteras.","og_url":"https:\/\/graziamagazine.com\/es\/articles\/la-moda-espanola-se-cuela-en-la-ultima-pelicula-de-jlo\/","og_site_name":"Grazia","og_image":[{"width":1000,"height":493,"url":"https:\/\/graziamagazine.com\/es\/wp-content\/uploads\/sites\/12\/2023\/01\/bodas-de-plomo-jennifer-lopez-copia.jpg","type":"image\/jpeg"}],"twitter_card":"summary_large_image","twitter_misc":{"Est. reading time":"3 minutos"},"schema":{"@context":"https:\/\/schema.org","@graph":[{"@type":"WebPage","@id":"https:\/\/graziamagazine.com\/es\/articles\/la-moda-espanola-se-cuela-en-la-ultima-pelicula-de-jlo\/","url":"https:\/\/graziamagazine.com\/es\/articles\/la-moda-espanola-se-cuela-en-la-ultima-pelicula-de-jlo\/","name":"La moda espa\u00f1ola se cuela en la \u00faltima pel\u00edcula de JLo | Grazia","isPartOf":{"@id":"https:\/\/graziamagazine.com\/es\/#website"},"datePublished":"2023-01-31T08:27:14+00:00","dateModified":"2023-01-31T08:27:14+00:00","description":"La actriz luce un total look de la firma ibicenca Charo Ruiz se cuela, demostrando una vez m\u00e1s que el estilo ad lib cruza fronteras.","breadcrumb":{"@id":"https:\/\/graziamagazine.com\/es\/articles\/la-moda-espanola-se-cuela-en-la-ultima-pelicula-de-jlo\/#breadcrumb"},"inLanguage":"es","potentialAction":[{"@type":"ReadAction","target":["https:\/\/graziamagazine.com\/es\/articles\/la-moda-espanola-se-cuela-en-la-ultima-pelicula-de-jlo\/"]}]},{"@type":"BreadcrumbList","@id":"https:\/\/graziamagazine.com\/es\/articles\/la-moda-espanola-se-cuela-en-la-ultima-pelicula-de-jlo\/#breadcrumb","itemListElement":[{"@type":"ListItem","position":1,"name":"Portada","item":"https:\/\/graziamagazine.com\/es\/"},{"@type":"ListItem","position":2,"name":"La moda espa\u00f1ola se cuela en la \u00faltima pel\u00edcula de JLo"}]},{"@type":"WebSite","@id":"https:\/\/graziamagazine.com\/es\/#website","url":"https:\/\/graziamagazine.com\/es\/","name":"Grazia","description":"Moda, belleza, celebrities, estilo de vida...","potentialAction":[{"@type":"SearchAction","target":{"@type":"EntryPoint","urlTemplate":"https:\/\/graziamagazine.com\/es\/?s={search_term_string}"},"query-input":"required name=search_term_string"}],"inLanguage":"es"}]}},"jetpack_sharing_enabled":true,"distributor_meta":false,"distributor_terms":false,"distributor_media":false,"distributor_original_site_name":"Grazia","distributor_original_site_url":"https:\/\/graziamagazine.com\/es","push-errors":false,"_links":{"self":[{"href":"https:\/\/graziamagazine.com\/es\/wp-json\/wp\/v2\/articles\/167813"}],"collection":[{"href":"https:\/\/graziamagazine.com\/es\/wp-json\/wp\/v2\/articles"}],"about":[{"href":"https:\/\/graziamagazine.com\/es\/wp-json\/wp\/v2\/types\/articles"}],"author":[{"embeddable":true,"href":"https:\/\/graziamagazine.com\/es\/wp-json\/wp\/v2\/users\/11653"}],"wp:featuredmedia":[{"embeddable":true,"href":"https:\/\/graziamagazine.com\/es\/wp-json\/wp\/v2\/media\/167818"}],"wp:attachment":[{"href":"https:\/\/graziamagazine.com\/es\/wp-json\/wp\/v2\/media?parent=167813"}],"wp:term":[{"taxonomy":"category","embeddable":true,"href":"https:\/\/graziamagazine.com\/es\/wp-json\/wp\/v2\/categories?post=167813"}],"curies":[{"name":"wp","href":"https:\/\/api.w.org\/{rel}","templated":true}]}}