{"id":167485,"date":"2023-01-16T13:05:10","date_gmt":"2023-01-16T12:05:10","guid":{"rendered":"https:\/\/graziamagazine.com\/es\/?post_type=articles&#038;p=167485"},"modified":"2023-01-16T15:42:21","modified_gmt":"2023-01-16T14:42:21","slug":"critics-choice-awards-2023-los-looks-de-la-alfombra-roja","status":"publish","type":"articles","link":"https:\/\/graziamagazine.com\/es\/articles\/critics-choice-awards-2023-los-looks-de-la-alfombra-roja\/","title":{"rendered":"Critics Choice Awards 2023: los looks de la alfombra roja"},"content":{"rendered":"<p>Anoche se celebr\u00f3 una nueva edici\u00f3n de los premios Critics Choice en su edici\u00f3n n\u00famero 28. La cita tuvo lugar en el Hotel Fairmont Century Plaza de Los \u00c1ngeles y hasta all\u00ed llegaron un gran n\u00famero de rostros conocidos, entre nominados y exponentes de Hollywood.<\/p>\n<p>Repasamos <strong>todos los looks y vestidos<\/strong> <strong>de la alfombra roja de los Critics Choice Awards 2023 <\/strong>, la segunda desde que comenz\u00f3 este 2023, y que junto con los Globos de Oro son la antesala de los Premios Oscar que tendr\u00e1n lugar en una semanas.<\/p>\n<h3 class=\"BaseWrap-sc-UrHlS BaseText-fFrHpW GallerySlideCaptionHed-lfzRYK boMZdO jTxtoy inATry\"><span class=\"GallerySlideCaptionHedText-dauSZL hOQIAG\">Anya Taylor-Joy, de Dior Alta Costura<\/span><\/h3>\n<p><img loading=\"lazy\" decoding=\"async\" class=\"aligncenter size-full wp-image-167489\" src=\"https:\/\/graziamagazine.com\/es\/wp-content\/uploads\/sites\/12\/2023\/01\/cf3a958b-7f41-42de-93fa-ac7b88fd63ab.jpg\" alt=\"Critics Choice Awards 2023: los looks de la alfombra roja\" width=\"942\" height=\"1280\" \/><\/p>\n<h3 class=\"BaseWrap-sc-UrHlS BaseText-fFrHpW GallerySlideCaptionHed-lfzRYK boMZdO jTxtoy inATry\"><span class=\"GallerySlideCaptionHedText-dauSZL hOQIAG\">Cate Blanchett, de Max Mara\u00a0<\/span><\/h3>\n<div class=\"GallerySlideCaptionDekContainer-fAbzEq fKULoN\" data-testid=\"GallerySlideCaptionDekContainer\">\n<div class=\"GallerySlideCaptionDek-dhXPox cPfzLm\">\n<p><img loading=\"lazy\" decoding=\"async\" class=\"aligncenter size-full wp-image-167487\" src=\"https:\/\/graziamagazine.com\/es\/wp-content\/uploads\/sites\/12\/2023\/01\/GettyImages-1246262644-copia.jpg\" alt=\"Critics Choice Awards 2023: los looks de la alfombra roja\" width=\"1024\" height=\"1531\" \/><\/p>\n<h3>Julia Roberts, de <strong>Schiaparelli<\/strong><\/h3>\n<p><img loading=\"lazy\" decoding=\"async\" class=\"aligncenter size-full wp-image-167494\" src=\"https:\/\/graziamagazine.com\/es\/wp-content\/uploads\/sites\/12\/2023\/01\/994419ab-c4c2-4718-ba1c-abb5b8576fb9.jpg\" alt=\"Critics Choice Awards 2023: los looks de la alfombra roja\" width=\"981\" height=\"1280\" \/><\/p>\n<h3 class=\"BaseWrap-sc-UrHlS BaseText-fFrHpW GallerySlideCaptionHed-lfzRYK boMZdO jTxtoy inATry\"><span class=\"GallerySlideCaptionHedText-dauSZL hOQIAG\">Michelle Yeoh, de Carolina Herrera<\/span><\/h3>\n<div class=\"GallerySlideCaptionDekContainer-fAbzEq fKULoN\" data-testid=\"GallerySlideCaptionDekContainer\">\n<div class=\"GallerySlideCaptionDek-dhXPox cPfzLm\">\n<p><img loading=\"lazy\" decoding=\"async\" class=\"aligncenter size-full wp-image-167492\" src=\"https:\/\/graziamagazine.com\/es\/wp-content\/uploads\/sites\/12\/2023\/01\/cbe10f25-7473-47fc-a890-af99fb3cf3f9-1.jpg\" alt=\"Critics Choice Awards 2023: los looks de la alfombra roja\" width=\"853\" height=\"1280\" \/><\/p>\n<h3 class=\"BaseWrap-sc-UrHlS BaseText-fFrHpW GallerySlideCaptionHed-lfzRYK boMZdO jTxtoy inATry\"><span class=\"GallerySlideCaptionHedText-dauSZL hOQIAG\">Amanda Seyfried, de Dior Alta Costura primavera-verano 2020<\/span><\/h3>\n<\/div>\n<\/div>\n<p><img loading=\"lazy\" decoding=\"async\" class=\"aligncenter size-full wp-image-167495\" src=\"https:\/\/graziamagazine.com\/es\/wp-content\/uploads\/sites\/12\/2023\/01\/11254984-c5b1-4fc3-b4f2-67b805af176b.jpg\" alt=\"Critics Choice Awards 2023: los looks de la alfombra roja\" width=\"853\" height=\"1280\" \/><\/p>\n<h3 class=\"BaseWrap-sc-UrHlS BaseText-fFrHpW GallerySlideCaptionHed-lfzRYK boMZdO jTxtoy inATry\"><span class=\"GallerySlideCaptionHedText-dauSZL hOQIAG\">Elle Fanning,<\/span>\u00a0de\u00a0<strong>Alexander McQueen<\/strong><\/h3>\n<p><img loading=\"lazy\" decoding=\"async\" class=\"aligncenter size-full wp-image-167493\" src=\"https:\/\/graziamagazine.com\/es\/wp-content\/uploads\/sites\/12\/2023\/01\/fbface7a-487c-4c9b-9836-3ab037283b04.jpg\" alt=\"Critics Choice Awards 2023: los looks de la alfombra roja\" width=\"853\" height=\"1280\" \/><\/p>\n<h3><b>Kaley Cuoco, de Dior Alta Costura oto\u00f1o-invierno 2022<\/b><\/h3>\n<p><img loading=\"lazy\" decoding=\"async\" class=\"size-full wp-image-167503\" src=\"https:\/\/graziamagazine.com\/es\/wp-content\/uploads\/sites\/12\/2023\/01\/Kaley-Cuoco-Dior-Critics-Choice-Awards.jpg\" alt=\"Critics Choice Awards 2023: los looks de la alfombra roja\" width=\"1024\" height=\"1536\" \/><\/p>\n<h3 class=\"BaseWrap-sc-UrHlS BaseText-fFrHpW GallerySlideCaptionHed-lfzRYK boMZdO jTxtoy inATry\"><span class=\"GallerySlideCaptionHedText-dauSZL hOQIAG\">Kate Hudson, <\/span>de oscar de la renta<\/h3>\n<p><img loading=\"lazy\" decoding=\"async\" class=\"aligncenter size-full wp-image-167496\" src=\"https:\/\/graziamagazine.com\/es\/wp-content\/uploads\/sites\/12\/2023\/01\/51ff2640-a0d4-4b62-8682-299fbecd1fa1.jpg\" alt=\"Critics Choice Awards 2023: los looks de la alfombra roja\" width=\"853\" height=\"1280\" \/><\/p>\n<h3 class=\"BaseWrap-sc-UrHlS BaseText-fFrHpW GallerySlideCaptionHed-lfzRYK boMZdO jTxtoy inATry\"><span class=\"GallerySlideCaptionHedText-dauSZL hOQIAG\">Viola Davis, de Valentino<\/span><\/h3>\n<div class=\"GallerySlideCaptionDekContainer-fAbzEq fKULoN\" data-testid=\"GallerySlideCaptionDekContainer\">\n<div class=\"GallerySlideCaptionDek-dhXPox cPfzLm\">\n<p><img loading=\"lazy\" decoding=\"async\" class=\"aligncenter size-full wp-image-167500\" src=\"https:\/\/graziamagazine.com\/es\/wp-content\/uploads\/sites\/12\/2023\/01\/feb14658-b4f7-4ad4-a174-98fd4764d11e.jpg\" alt=\"Critics Choice Awards 2023: los looks de la alfombra roja\" width=\"853\" height=\"1280\" \/><\/p>\n<\/div>\n<\/div>\n<h3 class=\"BaseWrap-sc-UrHlS BaseText-fFrHpW GallerySlideCaptionHed-lfzRYK boMZdO jTxtoy inATry\"><span class=\"GallerySlideCaptionHedText-dauSZL hOQIAG\">Julia Garner, de Ferragamo<\/span><\/h3>\n<div class=\"GallerySlideCaptionDekContainer-fAbzEq fKULoN\" data-testid=\"GallerySlideCaptionDekContainer\">\n<div class=\"GallerySlideCaptionDek-dhXPox cPfzLm\">\n<p><img loading=\"lazy\" decoding=\"async\" class=\"aligncenter size-full wp-image-167498\" src=\"https:\/\/graziamagazine.com\/es\/wp-content\/uploads\/sites\/12\/2023\/01\/d4213dc7-7296-4537-9707-2c7e112410d6.jpg\" alt=\"Critics Choice Awards 2023: los looks de la alfombra roja\" width=\"853\" height=\"1280\" \/><\/p>\n<h3><b>Milly Alcock, de Dior Alta Costura primavera-verano 2019<\/b><\/h3>\n<p><img loading=\"lazy\" decoding=\"async\" class=\"aligncenter size-full wp-image-167502\" src=\"https:\/\/graziamagazine.com\/es\/wp-content\/uploads\/sites\/12\/2023\/01\/Milly-Alcock-Dior-Critics-Choice-Awards.jpg\" alt=\"Critics Choice Awards 2023: los looks de la alfombra roja\" width=\"1024\" height=\"1591\" \/><\/p>\n<\/div>\n<\/div>\n<h3 class=\"BaseWrap-sc-UrHlS BaseText-fFrHpW GallerySlideCaptionHed-lfzRYK boMZdO jTxtoy inATry\"><span class=\"GallerySlideCaptionHedText-dauSZL hOQIAG\">Michelle Williams, de Louis Vuitton<\/span><\/h3>\n<div class=\"GallerySlideCaptionDekContainer-fAbzEq fKULoN\" data-testid=\"GallerySlideCaptionDekContainer\">\n<div class=\"GallerySlideCaptionDek-dhXPox cPfzLm\">\n<p><img loading=\"lazy\" decoding=\"async\" class=\"aligncenter size-full wp-image-167497\" src=\"https:\/\/graziamagazine.com\/es\/wp-content\/uploads\/sites\/12\/2023\/01\/f6e6b332-f9ff-4fde-ad77-c2f4b380dba1.jpg\" alt=\"Critics Choice Awards 2023: los looks de la alfombra roja\" width=\"853\" height=\"1280\" \/><\/p>\n<h3 class=\"BaseWrap-sc-UrHlS BaseText-fFrHpW GallerySlideCaptionHed-lfzRYK boMZdO jTxtoy inATry\"><span class=\"GallerySlideCaptionHedText-dauSZL hOQIAG\">Lily James, de Oscar de la Renta<\/span><\/h3>\n<div class=\"GallerySlideCaptionDekContainer-fAbzEq fKULoN\" data-testid=\"GallerySlideCaptionDekContainer\">\n<div class=\"GallerySlideCaptionDek-dhXPox cPfzLm\">\n<p><img loading=\"lazy\" decoding=\"async\" class=\"aligncenter size-full wp-image-167499\" src=\"https:\/\/graziamagazine.com\/es\/wp-content\/uploads\/sites\/12\/2023\/01\/13b1e3e2-e74d-4ddd-9782-efdf2246d89f.jpg\" alt=\"Critics Choice Awards 2023: los looks de la alfombra roja\" width=\"853\" height=\"1280\" \/><\/p>\n<h3 class=\"BaseWrap-sc-UrHlS BaseText-fFrHpW GallerySlideCaptionHed-lfzRYK boMZdO jTxtoy inATry\"><span class=\"GallerySlideCaptionHedText-dauSZL hOQIAG\">Sadie Sink, de Chanel<\/span><\/h3>\n<div class=\"GallerySlideCaptionDekContainer-fAbzEq fKULoN\" data-testid=\"GallerySlideCaptionDekContainer\">\n<div class=\"GallerySlideCaptionDek-dhXPox cPfzLm\">\n<p><img loading=\"lazy\" decoding=\"async\" class=\"aligncenter size-full wp-image-167501\" src=\"https:\/\/graziamagazine.com\/es\/wp-content\/uploads\/sites\/12\/2023\/01\/a792b944-54c6-42a1-9b4f-70611afa6248.jpg\" alt=\"Critics Choice Awards 2023: los looks de la alfombra roja\" width=\"852\" height=\"1280\" \/><\/p>\n<h3><b>Minha Kim, de Dior Cruise 2023\u00a0<\/b><\/h3>\n<p><img loading=\"lazy\" decoding=\"async\" class=\"aligncenter size-full wp-image-167504\" src=\"https:\/\/graziamagazine.com\/es\/wp-content\/uploads\/sites\/12\/2023\/01\/Minha-Kim-Dior-Critics-Choice-Awards.jpg\" alt=\"Critics Choice Awards 2023: los looks de la alfombra roja\" width=\"1024\" height=\"1536\" \/><\/p>\n<h3 class=\"BaseWrap-sc-UrHlS BaseText-fFrHpW GallerySlideCaptionHed-lfzRYK boMZdO jTxtoy inATry\"><span class=\"GallerySlideCaptionHedText-dauSZL hOQIAG\">Phoebe Dynevor, de Louis Vuitton<\/span><\/h3>\n<div class=\"GallerySlideCaptionDekContainer-fAbzEq fKULoN\" data-testid=\"GallerySlideCaptionDekContainer\">\n<div class=\"GallerySlideCaptionDek-dhXPox cPfzLm\">\n<p><img loading=\"lazy\" decoding=\"async\" class=\"aligncenter size-full wp-image-167505\" src=\"https:\/\/graziamagazine.com\/es\/wp-content\/uploads\/sites\/12\/2023\/01\/dac78869-c0b0-41a2-babc-307e9bad5998.jpg\" alt=\"Critics Choice Awards 2023: los looks de la alfombra roja\" width=\"853\" height=\"1280\" \/><\/p>\n<h3 class=\"BaseWrap-sc-UrHlS BaseText-fFrHpW GallerySlideCaptionHed-lfzRYK boMZdO jTxtoy inATry\"><span class=\"GallerySlideCaptionHedText-dauSZL hOQIAG\">Jennifer Coolidge, de Dolce &amp; Gabbana<\/span><\/h3>\n<p><img loading=\"lazy\" decoding=\"async\" class=\"aligncenter size-full wp-image-167506\" src=\"https:\/\/graziamagazine.com\/es\/wp-content\/uploads\/sites\/12\/2023\/01\/fcec6a00-47b0-4aee-9cbb-8b7ebe499d3e.jpg\" alt=\"Critics Choice Awards 2023: los looks de la alfombra roja\" width=\"853\" height=\"1280\" \/><\/p>\n<div class=\"GallerySlideCaptionDekContainer-fAbzEq fKULoN\" data-testid=\"GallerySlideCaptionDekContainer\">\n<div class=\"GallerySlideCaptionDek-dhXPox cPfzLm\">\n<h3 class=\"BaseWrap-sc-UrHlS BaseText-fFrHpW GallerySlideCaptionHed-lfzRYK boMZdO jTxtoy inATry\"><span class=\"GallerySlideCaptionHedText-dauSZL hOQIAG\">Kerry Washington, de Giorgio Armani<\/span><\/h3>\n<div class=\"GallerySlideCaptionDekContainer-fAbzEq fKULoN\" data-testid=\"GallerySlideCaptionDekContainer\">\n<div class=\"GallerySlideCaptionDek-dhXPox cPfzLm\">\n<p><img loading=\"lazy\" decoding=\"async\" class=\"aligncenter size-full wp-image-167507\" src=\"https:\/\/graziamagazine.com\/es\/wp-content\/uploads\/sites\/12\/2023\/01\/784f3681-ab42-487a-a676-2e7490470441.jpg\" alt=\"Critics Choice Awards 2023: los looks de la alfombra roja\" width=\"853\" height=\"1280\" \/><\/p>\n<h3 class=\"BaseWrap-sc-UrHlS BaseText-fFrHpW GallerySlideCaptionHed-lfzRYK boMZdO jTxtoy inATry\"><span class=\"GallerySlideCaptionHedText-dauSZL hOQIAG\">Angela Bassett, de\u00a0<\/span><strong>Christian Siriano<\/strong><\/h3>\n<p><img loading=\"lazy\" decoding=\"async\" class=\"aligncenter size-full wp-image-167508\" src=\"https:\/\/graziamagazine.com\/es\/wp-content\/uploads\/sites\/12\/2023\/01\/ddc9db63-313b-4206-9eda-f0939476468c.jpg\" alt=\"Critics Choice Awards 2023: los looks de la alfombra roja\" width=\"853\" height=\"1280\" \/><\/p>\n<\/div>\n<\/div>\n<\/div>\n<\/div>\n<\/div>\n<\/div>\n<\/div>\n<\/div>\n<\/div>\n<\/div>\n<\/div>\n<\/div>\n<\/div>\n<p><em>*Im\u00e1genes: Getty Images<\/em><\/p>\n<div class=\"GallerySlideCaptionDek-dhXPox cPfzLm\">\n<p>&nbsp;<\/p>\n<\/div>\n<\/div>\n","protected":false},"author":11653,"featured_media":167509,"template":"","format":"standard","categories":[2971,13],"acf":{"banner":null},"yoast_head":"<!-- This site is optimized with the Yoast SEO Premium plugin v18.5 (Yoast SEO v20.4) - https:\/\/yoast.com\/wordpress\/plugins\/seo\/ -->\n<title>Critics Choice Awards 2023: los looks de la alfombra roja | Grazia<\/title>\n<meta name=\"description\" content=\"Anoche se celebr\u00f3 una nueva edici\u00f3n de los premios Critics Choice en su edici\u00f3n n\u00famero 28. La cita tuvo lugar en el Hotel Fairmont Century Plaza de Los\" \/>\n<meta name=\"robots\" content=\"index, follow, max-snippet:-1, max-image-preview:large, max-video-preview:-1\" \/>\n<link rel=\"canonical\" href=\"https:\/\/graziamagazine.com\/es\/articles\/critics-choice-awards-2023-los-looks-de-la-alfombra-roja\/\" \/>\n<meta property=\"og:locale\" content=\"es_ES\" \/>\n<meta property=\"og:type\" content=\"article\" \/>\n<meta property=\"og:title\" content=\"Critics Choice Awards 2023: los looks de la alfombra roja\" \/>\n<meta property=\"og:description\" content=\"Anoche se celebr\u00f3 una nueva edici\u00f3n de los premios Critics Choice en su edici\u00f3n n\u00famero 28. La cita tuvo lugar en el Hotel Fairmont Century Plaza de Los\" \/>\n<meta property=\"og:url\" content=\"https:\/\/graziamagazine.com\/es\/articles\/critics-choice-awards-2023-los-looks-de-la-alfombra-roja\/\" \/>\n<meta property=\"og:site_name\" content=\"Grazia\" \/>\n<meta property=\"article:modified_time\" content=\"2023-01-16T14:42:21+00:00\" \/>\n<meta property=\"og:image\" content=\"https:\/\/graziamagazine.com\/es\/wp-content\/uploads\/sites\/12\/2023\/01\/03ab66f2-555e-458f-856a-e83e9abbe942_source-aspect-ratio_default_0.jpg\" \/>\n\t<meta property=\"og:image:width\" content=\"2000\" \/>\n\t<meta property=\"og:image:height\" content=\"1334\" \/>\n\t<meta property=\"og:image:type\" content=\"image\/jpeg\" \/>\n<meta name=\"twitter:card\" content=\"summary_large_image\" \/>\n<meta name=\"twitter:label1\" content=\"Est. reading time\" \/>\n\t<meta name=\"twitter:data1\" content=\"5 minutos\" \/>\n<script type=\"application\/ld+json\" class=\"yoast-schema-graph\">{\"@context\":\"https:\/\/schema.org\",\"@graph\":[{\"@type\":\"WebPage\",\"@id\":\"https:\/\/graziamagazine.com\/es\/articles\/critics-choice-awards-2023-los-looks-de-la-alfombra-roja\/\",\"url\":\"https:\/\/graziamagazine.com\/es\/articles\/critics-choice-awards-2023-los-looks-de-la-alfombra-roja\/\",\"name\":\"Critics Choice Awards 2023: los looks de la alfombra roja | Grazia\",\"isPartOf\":{\"@id\":\"https:\/\/graziamagazine.com\/es\/#website\"},\"datePublished\":\"2023-01-16T12:05:10+00:00\",\"dateModified\":\"2023-01-16T14:42:21+00:00\",\"description\":\"Anoche se celebr\u00f3 una nueva edici\u00f3n de los premios Critics Choice en su edici\u00f3n n\u00famero 28. La cita tuvo lugar en el Hotel Fairmont Century Plaza de Los\",\"breadcrumb\":{\"@id\":\"https:\/\/graziamagazine.com\/es\/articles\/critics-choice-awards-2023-los-looks-de-la-alfombra-roja\/#breadcrumb\"},\"inLanguage\":\"es\",\"potentialAction\":[{\"@type\":\"ReadAction\",\"target\":[\"https:\/\/graziamagazine.com\/es\/articles\/critics-choice-awards-2023-los-looks-de-la-alfombra-roja\/\"]}]},{\"@type\":\"BreadcrumbList\",\"@id\":\"https:\/\/graziamagazine.com\/es\/articles\/critics-choice-awards-2023-los-looks-de-la-alfombra-roja\/#breadcrumb\",\"itemListElement\":[{\"@type\":\"ListItem\",\"position\":1,\"name\":\"Portada\",\"item\":\"https:\/\/graziamagazine.com\/es\/\"},{\"@type\":\"ListItem\",\"position\":2,\"name\":\"Critics Choice Awards 2023: los looks de la alfombra roja\"}]},{\"@type\":\"WebSite\",\"@id\":\"https:\/\/graziamagazine.com\/es\/#website\",\"url\":\"https:\/\/graziamagazine.com\/es\/\",\"name\":\"Grazia\",\"description\":\"Moda, belleza, celebrities, estilo de vida...\",\"potentialAction\":[{\"@type\":\"SearchAction\",\"target\":{\"@type\":\"EntryPoint\",\"urlTemplate\":\"https:\/\/graziamagazine.com\/es\/?s={search_term_string}\"},\"query-input\":\"required name=search_term_string\"}],\"inLanguage\":\"es\"}]}<\/script>\n<!-- \/ Yoast SEO Premium plugin. -->","yoast_head_json":{"title":"Critics Choice Awards 2023: los looks de la alfombra roja | Grazia","description":"Anoche se celebr\u00f3 una nueva edici\u00f3n de los premios Critics Choice en su edici\u00f3n n\u00famero 28. La cita tuvo lugar en el Hotel Fairmont Century Plaza de Los","robots":{"index":"index","follow":"follow","max-snippet":"max-snippet:-1","max-image-preview":"max-image-preview:large","max-video-preview":"max-video-preview:-1"},"canonical":"https:\/\/graziamagazine.com\/es\/articles\/critics-choice-awards-2023-los-looks-de-la-alfombra-roja\/","og_locale":"es_ES","og_type":"article","og_title":"Critics Choice Awards 2023: los looks de la alfombra roja","og_description":"Anoche se celebr\u00f3 una nueva edici\u00f3n de los premios Critics Choice en su edici\u00f3n n\u00famero 28. La cita tuvo lugar en el Hotel Fairmont Century Plaza de Los","og_url":"https:\/\/graziamagazine.com\/es\/articles\/critics-choice-awards-2023-los-looks-de-la-alfombra-roja\/","og_site_name":"Grazia","article_modified_time":"2023-01-16T14:42:21+00:00","og_image":[{"width":2000,"height":1334,"url":"https:\/\/graziamagazine.com\/es\/wp-content\/uploads\/sites\/12\/2023\/01\/03ab66f2-555e-458f-856a-e83e9abbe942_source-aspect-ratio_default_0.jpg","type":"image\/jpeg"}],"twitter_card":"summary_large_image","twitter_misc":{"Est. reading time":"5 minutos"},"schema":{"@context":"https:\/\/schema.org","@graph":[{"@type":"WebPage","@id":"https:\/\/graziamagazine.com\/es\/articles\/critics-choice-awards-2023-los-looks-de-la-alfombra-roja\/","url":"https:\/\/graziamagazine.com\/es\/articles\/critics-choice-awards-2023-los-looks-de-la-alfombra-roja\/","name":"Critics Choice Awards 2023: los looks de la alfombra roja | Grazia","isPartOf":{"@id":"https:\/\/graziamagazine.com\/es\/#website"},"datePublished":"2023-01-16T12:05:10+00:00","dateModified":"2023-01-16T14:42:21+00:00","description":"Anoche se celebr\u00f3 una nueva edici\u00f3n de los premios Critics Choice en su edici\u00f3n n\u00famero 28. La cita tuvo lugar en el Hotel Fairmont Century Plaza de Los","breadcrumb":{"@id":"https:\/\/graziamagazine.com\/es\/articles\/critics-choice-awards-2023-los-looks-de-la-alfombra-roja\/#breadcrumb"},"inLanguage":"es","potentialAction":[{"@type":"ReadAction","target":["https:\/\/graziamagazine.com\/es\/articles\/critics-choice-awards-2023-los-looks-de-la-alfombra-roja\/"]}]},{"@type":"BreadcrumbList","@id":"https:\/\/graziamagazine.com\/es\/articles\/critics-choice-awards-2023-los-looks-de-la-alfombra-roja\/#breadcrumb","itemListElement":[{"@type":"ListItem","position":1,"name":"Portada","item":"https:\/\/graziamagazine.com\/es\/"},{"@type":"ListItem","position":2,"name":"Critics Choice Awards 2023: los looks de la alfombra roja"}]},{"@type":"WebSite","@id":"https:\/\/graziamagazine.com\/es\/#website","url":"https:\/\/graziamagazine.com\/es\/","name":"Grazia","description":"Moda, belleza, celebrities, estilo de vida...","potentialAction":[{"@type":"SearchAction","target":{"@type":"EntryPoint","urlTemplate":"https:\/\/graziamagazine.com\/es\/?s={search_term_string}"},"query-input":"required name=search_term_string"}],"inLanguage":"es"}]}},"jetpack_sharing_enabled":true,"distributor_meta":false,"distributor_terms":false,"distributor_media":false,"distributor_original_site_name":"Grazia","distributor_original_site_url":"https:\/\/graziamagazine.com\/es","push-errors":false,"_links":{"self":[{"href":"https:\/\/graziamagazine.com\/es\/wp-json\/wp\/v2\/articles\/167485"}],"collection":[{"href":"https:\/\/graziamagazine.com\/es\/wp-json\/wp\/v2\/articles"}],"about":[{"href":"https:\/\/graziamagazine.com\/es\/wp-json\/wp\/v2\/types\/articles"}],"author":[{"embeddable":true,"href":"https:\/\/graziamagazine.com\/es\/wp-json\/wp\/v2\/users\/11653"}],"wp:featuredmedia":[{"embeddable":true,"href":"https:\/\/graziamagazine.com\/es\/wp-json\/wp\/v2\/media\/167509"}],"wp:attachment":[{"href":"https:\/\/graziamagazine.com\/es\/wp-json\/wp\/v2\/media?parent=167485"}],"wp:term":[{"taxonomy":"category","embeddable":true,"href":"https:\/\/graziamagazine.com\/es\/wp-json\/wp\/v2\/categories?post=167485"}],"curies":[{"name":"wp","href":"https:\/\/api.w.org\/{rel}","templated":true}]}}