{"id":167466,"date":"2023-01-13T13:04:05","date_gmt":"2023-01-13T12:04:05","guid":{"rendered":"https:\/\/graziamagazine.com\/es\/?post_type=articles&#038;p=167466"},"modified":"2023-01-13T13:04:18","modified_gmt":"2023-01-13T12:04:18","slug":"esto-te-costaria-ser-emily-en-paris","status":"publish","type":"articles","link":"https:\/\/graziamagazine.com\/es\/articles\/esto-te-costaria-ser-emily-en-paris\/","title":{"rendered":"Esto te costar\u00eda ser Emily en Par\u00eds"},"content":{"rendered":"<p><span style=\"font-weight: 400\">La moda del drama parisino llega ahora con la tercera temporada de <\/span><i><span style=\"font-weight: 400\">Emily en Par\u00eds<\/span><\/i><span style=\"font-weight: 400\">. A cargo de la dise\u00f1adora <\/span><b>Patricia Field <\/b><span style=\"font-weight: 400\">quien ha estado detr\u00e1s de los ic\u00f3nicos vestuarios de famosas series y pel\u00edculas como <\/span><b><i>Sex And The City<\/i><\/b><i><span style=\"font-weight: 400\">, <\/span><\/i><span style=\"font-weight: 400\">ahora llega el turno de la serie interpretada por<\/span><b> Lily Collins.<\/b><\/p>\n<p><span style=\"font-weight: 400\">No nos resulta extra\u00f1o que desde que la serie fue lanzada por la plataforma de streaming,<strong> Netflix<\/strong> en octubre de 2020, todas las amantes de la moda y espectadoras busquen replicar los looks de Emily.<\/span><\/p>\n<p><span style=\"font-weight: 400\">Es por eso que te dejamos algunas de las piezas m\u00e1s emblem\u00e1ticas de la serie que por cierto cuenta con <strong>m\u00e1s de 42 looks<\/strong> totales durante la tercera temporada, un aproximado de <strong>14 mil piezas.<\/strong><\/span><\/p>\n<p><span style=\"font-weight: 400\">Comencemos por una polo de punto de Versace, chaqueta de Elie Saab, una falda de cuadros de<strong> Thierry Mugler<\/strong> y el mini bolso de <strong>Tod\u2019s<\/strong> por un precio de <\/span><span style=\"font-weight: 400\">1,478\u20ac.<\/span><\/p>\n<figure id=\"attachment_120585\" class=\"wp-caption alignnone\" style=\"width: 1024px\" aria-describedby=\"caption-attachment-120585\"><img loading=\"lazy\" decoding=\"async\" class=\"size-large wp-image-120585\" src=\"https:\/\/graziamagazine.com\/mx\/wp-content\/uploads\/sites\/13\/2023\/01\/emily-in-paris-elie-saab-fb.jpg?w=1024&amp;resize=1024%2C538\" alt=\"Esto te costar\u00eda ser Emily en Par\u00eds\" width=\"1024\" height=\"538\" data-recalc-dims=\"1\" \/><figcaption id=\"caption-attachment-120585\" class=\"wp-caption-text\">Esto te costar\u00eda ser Emily en Par\u00eds<\/figcaption><\/figure>\n<p><span style=\"font-weight: 400\">Ahora imagina una escena en la que te encuentres frente al louvre con una chaqueta militar de<strong> Balmain<\/strong> de 3.600\u20ac, unos pantalones de<strong> Patou<\/strong> en 840\u20ac, bolso de <\/span><span style=\"font-weight: 400\">Patou<\/span><span style=\"font-weight: 400\"> en 726\u20ac y unas maravillosas gafas estilo mariposa de<strong> Zeus + Dione<\/strong> en 261\u20ac. Nada mal para comenzar un d\u00eda de excursi\u00f3n por uno de los museos m\u00e1s emblem\u00e1ticos de Francia.<img loading=\"lazy\" decoding=\"async\" class=\"alignnone size-large wp-image-120581\" src=\"https:\/\/graziamagazine.com\/mx\/wp-content\/uploads\/sites\/13\/2023\/01\/Captura-de-Pantalla-2023-01-11-a-las-19.42.59.png?w=1024&amp;resize=1024%2C813\" alt=\"\" width=\"1024\" height=\"813\" data-recalc-dims=\"1\" \/><\/span><\/p>\n<p><span style=\"font-weight: 400\">Por otro lado, existen esas botas tan distintivas de la serie. Las botas altas metalizadas de <strong>Maison Skorpios<\/strong> rondan un precio de 1,200\u20ac.\u00a0<\/span><\/p>\n<p><span style=\"font-weight: 400\">Y si tus planes son buscar algo m\u00e1s econ\u00f3mico, la versatilidad del guardarropa de Emily permite ser flexible en todos los aspectos sin dejar de tener estilo. <\/span><span style=\"font-weight: 400\">Podr\u00e1s encontrar el vestido que pertenece a la \u00faltima colaboraci\u00f3n de <\/span><b>H&amp;M con Iris Apfel<\/b> <span style=\"font-weight: 400\">a tan solo <\/span><b>79, 99 euros<\/b><span style=\"font-weight: 400\">.<\/span><\/p>\n<figure id=\"attachment_120583\" class=\"wp-caption alignnone\" style=\"width: 1024px\" aria-describedby=\"caption-attachment-120583\"><img loading=\"lazy\" decoding=\"async\" class=\"size-large wp-image-120583\" src=\"https:\/\/graziamagazine.com\/mx\/wp-content\/uploads\/sites\/13\/2023\/01\/Captura-de-Pantalla-2023-01-11-a-las-19.45.58.png?w=1024&amp;resize=1024%2C696\" alt=\"Esto te costar\u00eda ser Emily en Par\u00eds\" width=\"1024\" height=\"696\" data-recalc-dims=\"1\" \/><figcaption id=\"caption-attachment-120583\" class=\"wp-caption-text\">Esto te costar\u00eda ser Emily en Par\u00eds<\/figcaption><\/figure>\n<p><span style=\"font-weight: 400\">Por \u00faltimo pero no menos importante, no podemos dejar de lado la <\/span><b>blusa de estampado de cebra<\/b><span style=\"font-weight: 400\"> que acaparaba toda la atenci\u00f3n de la escena. Una pieza que pertenece a la temporada Primavera\/Verano 2022 de <\/span><b>Dolce &amp; Gabbana<\/b><span style=\"font-weight: 400\"> en 1.550<\/span><span style=\"font-weight: 400\">\u20ac <\/span><span style=\"font-weight: 400\">pero de la cual lamentablemente no quedan existencias.<\/span><\/p>\n<figure id=\"attachment_120582\" class=\"wp-caption alignnone\" style=\"width: 1024px\" aria-describedby=\"caption-attachment-120582\"><img loading=\"lazy\" decoding=\"async\" class=\"size-large wp-image-120582\" src=\"https:\/\/graziamagazine.com\/mx\/wp-content\/uploads\/sites\/13\/2023\/01\/Captura-de-Pantalla-2023-01-11-a-las-19.43.52.png?w=1024&amp;resize=1024%2C790\" alt=\"Esto te costar\u00eda ser Emily en Par\u00eds\" width=\"1024\" height=\"790\" data-recalc-dims=\"1\" \/><figcaption id=\"caption-attachment-120582\" class=\"wp-caption-text\">Esto te costar\u00eda ser Emily en Par\u00eds<\/figcaption><\/figure>\n<p><span style=\"font-weight: 400\">Sin duda el armario de Emily en Par\u00eds se ha convertido en un sue\u00f1o lleno de fantas\u00eda, glamour, estilo y elegancia. \u00bfQu\u00e9prendas elegir\u00edas t\u00fa para ser la pr\u00f3xima Emily?<\/span><\/p>\n<p><em><strong>*IMAGEN: Google Images<\/strong><\/em><\/p>\n","protected":false},"author":16349,"featured_media":167467,"template":"","format":"standard","categories":[1],"acf":[],"yoast_head":"<!-- This site is optimized with the Yoast SEO Premium plugin v18.5 (Yoast SEO v20.4) - https:\/\/yoast.com\/wordpress\/plugins\/seo\/ -->\n<title>Esto te costar\u00eda ser Emily en Par\u00eds<\/title>\n<meta name=\"description\" content=\"Una de las series m\u00e1s chic puede llegar ahora a tu armario !Replica los mejores looks de Emily y convi\u00e9rtete en un icono de la moda!\" \/>\n<meta name=\"robots\" content=\"index, follow, max-snippet:-1, max-image-preview:large, max-video-preview:-1\" \/>\n<link rel=\"canonical\" href=\"https:\/\/graziamagazine.com\/es\/articles\/esto-te-costaria-ser-emily-en-paris\/\" \/>\n<meta property=\"og:locale\" content=\"es_ES\" \/>\n<meta property=\"og:type\" content=\"article\" \/>\n<meta property=\"og:title\" content=\"Esto te costar\u00eda ser Emily en Par\u00eds\" \/>\n<meta property=\"og:description\" content=\"Una de las series m\u00e1s chic puede llegar ahora a tu armario !Replica los mejores looks de Emily y convi\u00e9rtete en un icono de la moda!\" \/>\n<meta property=\"og:url\" content=\"https:\/\/graziamagazine.com\/es\/articles\/esto-te-costaria-ser-emily-en-paris\/\" \/>\n<meta property=\"og:site_name\" content=\"Grazia\" \/>\n<meta property=\"article:modified_time\" content=\"2023-01-13T12:04:18+00:00\" \/>\n<meta property=\"og:image\" content=\"https:\/\/graziamagazine.com\/es\/wp-content\/uploads\/sites\/12\/2023\/01\/emily-in-paris-113022-1-166a45333c2a4ddbb1f579e92c095724.jpg\" \/>\n\t<meta property=\"og:image:width\" content=\"1500\" \/>\n\t<meta property=\"og:image:height\" content=\"1000\" \/>\n\t<meta property=\"og:image:type\" content=\"image\/jpeg\" \/>\n<meta name=\"twitter:card\" content=\"summary_large_image\" \/>\n<meta name=\"twitter:label1\" content=\"Est. reading time\" \/>\n\t<meta name=\"twitter:data1\" content=\"3 minutos\" \/>\n<script type=\"application\/ld+json\" class=\"yoast-schema-graph\">{\"@context\":\"https:\/\/schema.org\",\"@graph\":[{\"@type\":\"WebPage\",\"@id\":\"https:\/\/graziamagazine.com\/es\/articles\/esto-te-costaria-ser-emily-en-paris\/\",\"url\":\"https:\/\/graziamagazine.com\/es\/articles\/esto-te-costaria-ser-emily-en-paris\/\",\"name\":\"Esto te costar\u00eda ser Emily en Par\u00eds\",\"isPartOf\":{\"@id\":\"https:\/\/graziamagazine.com\/es\/#website\"},\"datePublished\":\"2023-01-13T12:04:05+00:00\",\"dateModified\":\"2023-01-13T12:04:18+00:00\",\"description\":\"Una de las series m\u00e1s chic puede llegar ahora a tu armario !Replica los mejores looks de Emily y convi\u00e9rtete en un icono de la moda!\",\"breadcrumb\":{\"@id\":\"https:\/\/graziamagazine.com\/es\/articles\/esto-te-costaria-ser-emily-en-paris\/#breadcrumb\"},\"inLanguage\":\"es\",\"potentialAction\":[{\"@type\":\"ReadAction\",\"target\":[\"https:\/\/graziamagazine.com\/es\/articles\/esto-te-costaria-ser-emily-en-paris\/\"]}]},{\"@type\":\"BreadcrumbList\",\"@id\":\"https:\/\/graziamagazine.com\/es\/articles\/esto-te-costaria-ser-emily-en-paris\/#breadcrumb\",\"itemListElement\":[{\"@type\":\"ListItem\",\"position\":1,\"name\":\"Portada\",\"item\":\"https:\/\/graziamagazine.com\/es\/\"},{\"@type\":\"ListItem\",\"position\":2,\"name\":\"Esto te costar\u00eda ser Emily en Par\u00eds\"}]},{\"@type\":\"WebSite\",\"@id\":\"https:\/\/graziamagazine.com\/es\/#website\",\"url\":\"https:\/\/graziamagazine.com\/es\/\",\"name\":\"Grazia\",\"description\":\"Moda, belleza, celebrities, estilo de vida...\",\"potentialAction\":[{\"@type\":\"SearchAction\",\"target\":{\"@type\":\"EntryPoint\",\"urlTemplate\":\"https:\/\/graziamagazine.com\/es\/?s={search_term_string}\"},\"query-input\":\"required name=search_term_string\"}],\"inLanguage\":\"es\"}]}<\/script>\n<!-- \/ Yoast SEO Premium plugin. -->","yoast_head_json":{"title":"Esto te costar\u00eda ser Emily en Par\u00eds","description":"Una de las series m\u00e1s chic puede llegar ahora a tu armario !Replica los mejores looks de Emily y convi\u00e9rtete en un icono de la moda!","robots":{"index":"index","follow":"follow","max-snippet":"max-snippet:-1","max-image-preview":"max-image-preview:large","max-video-preview":"max-video-preview:-1"},"canonical":"https:\/\/graziamagazine.com\/es\/articles\/esto-te-costaria-ser-emily-en-paris\/","og_locale":"es_ES","og_type":"article","og_title":"Esto te costar\u00eda ser Emily en Par\u00eds","og_description":"Una de las series m\u00e1s chic puede llegar ahora a tu armario !Replica los mejores looks de Emily y convi\u00e9rtete en un icono de la moda!","og_url":"https:\/\/graziamagazine.com\/es\/articles\/esto-te-costaria-ser-emily-en-paris\/","og_site_name":"Grazia","article_modified_time":"2023-01-13T12:04:18+00:00","og_image":[{"width":1500,"height":1000,"url":"https:\/\/graziamagazine.com\/es\/wp-content\/uploads\/sites\/12\/2023\/01\/emily-in-paris-113022-1-166a45333c2a4ddbb1f579e92c095724.jpg","type":"image\/jpeg"}],"twitter_card":"summary_large_image","twitter_misc":{"Est. reading time":"3 minutos"},"schema":{"@context":"https:\/\/schema.org","@graph":[{"@type":"WebPage","@id":"https:\/\/graziamagazine.com\/es\/articles\/esto-te-costaria-ser-emily-en-paris\/","url":"https:\/\/graziamagazine.com\/es\/articles\/esto-te-costaria-ser-emily-en-paris\/","name":"Esto te costar\u00eda ser Emily en Par\u00eds","isPartOf":{"@id":"https:\/\/graziamagazine.com\/es\/#website"},"datePublished":"2023-01-13T12:04:05+00:00","dateModified":"2023-01-13T12:04:18+00:00","description":"Una de las series m\u00e1s chic puede llegar ahora a tu armario !Replica los mejores looks de Emily y convi\u00e9rtete en un icono de la moda!","breadcrumb":{"@id":"https:\/\/graziamagazine.com\/es\/articles\/esto-te-costaria-ser-emily-en-paris\/#breadcrumb"},"inLanguage":"es","potentialAction":[{"@type":"ReadAction","target":["https:\/\/graziamagazine.com\/es\/articles\/esto-te-costaria-ser-emily-en-paris\/"]}]},{"@type":"BreadcrumbList","@id":"https:\/\/graziamagazine.com\/es\/articles\/esto-te-costaria-ser-emily-en-paris\/#breadcrumb","itemListElement":[{"@type":"ListItem","position":1,"name":"Portada","item":"https:\/\/graziamagazine.com\/es\/"},{"@type":"ListItem","position":2,"name":"Esto te costar\u00eda ser Emily en Par\u00eds"}]},{"@type":"WebSite","@id":"https:\/\/graziamagazine.com\/es\/#website","url":"https:\/\/graziamagazine.com\/es\/","name":"Grazia","description":"Moda, belleza, celebrities, estilo de vida...","potentialAction":[{"@type":"SearchAction","target":{"@type":"EntryPoint","urlTemplate":"https:\/\/graziamagazine.com\/es\/?s={search_term_string}"},"query-input":"required name=search_term_string"}],"inLanguage":"es"}]}},"jetpack_sharing_enabled":true,"distributor_meta":false,"distributor_terms":false,"distributor_media":false,"distributor_original_site_name":"Grazia","distributor_original_site_url":"https:\/\/graziamagazine.com\/es","push-errors":false,"_links":{"self":[{"href":"https:\/\/graziamagazine.com\/es\/wp-json\/wp\/v2\/articles\/167466"}],"collection":[{"href":"https:\/\/graziamagazine.com\/es\/wp-json\/wp\/v2\/articles"}],"about":[{"href":"https:\/\/graziamagazine.com\/es\/wp-json\/wp\/v2\/types\/articles"}],"author":[{"embeddable":true,"href":"https:\/\/graziamagazine.com\/es\/wp-json\/wp\/v2\/users\/16349"}],"wp:featuredmedia":[{"embeddable":true,"href":"https:\/\/graziamagazine.com\/es\/wp-json\/wp\/v2\/media\/167467"}],"wp:attachment":[{"href":"https:\/\/graziamagazine.com\/es\/wp-json\/wp\/v2\/media?parent=167466"}],"wp:term":[{"taxonomy":"category","embeddable":true,"href":"https:\/\/graziamagazine.com\/es\/wp-json\/wp\/v2\/categories?post=167466"}],"curies":[{"name":"wp","href":"https:\/\/api.w.org\/{rel}","templated":true}]}}