{"id":167406,"date":"2023-01-11T11:00:01","date_gmt":"2023-01-11T10:00:01","guid":{"rendered":"https:\/\/graziamagazine.com\/es\/?post_type=articles&#038;p=167406"},"modified":"2023-01-16T22:02:26","modified_gmt":"2023-01-16T21:02:26","slug":"los-mejores-looks-en-la-alfombra-roja-de-los-globos-de-oro-2023","status":"publish","type":"articles","link":"https:\/\/graziamagazine.com\/es\/articles\/los-mejores-looks-en-la-alfombra-roja-de-los-globos-de-oro-2023\/","title":{"rendered":"Los mejores looks en la alfombra roja de los Globos de Oro 2023"},"content":{"rendered":"<p><span style=\"font-weight: 400\">\u00a1Nuevo a\u00f1o, nuevas<em><strong> red carpets<\/strong><\/em>! La temporada de entrega de premios para lo mejor del cine ocurrido durante 2022 ha comenzado, con los<strong> Golden Globes<\/strong> como puntero de las mejores alfombras rojas y premiaciones para los grandes de la industria cinematogr\u00e1fica.<\/span><\/p>\n<p><span style=\"font-weight: 400\">Presentado por el comediante <strong>Jerrod Carmichael<\/strong>, los Globos de Oro 2023 contar\u00e1n con apariciones de <strong>Tracy Morgan, Jamie Lee Curtis, Billy Porter<\/strong> y m\u00e1s, en vivo desde el tradicional The Beverly Hilton.<\/span><\/p>\n<p><span style=\"font-weight: 400\">Adem\u00e1s, <strong>Ryan Murphy<\/strong> est\u00e1 listo para recibir el Premio Carol Burnett por su trabajo en la televisi\u00f3n, mientras que <strong>Eddie Murphy<\/strong> aceptar\u00e1 el Premio Cecil B. DeMille por su trayectoria.<\/span><\/p>\n<p><span style=\"font-weight: 400\">En cuanto a la lista completa de nominaciones, <\/span><strong><i>The Banshees of Inisherin<\/i><\/strong><span style=\"font-weight: 400\"> lidera las categor\u00edas de pel\u00edculas con ocho nominaciones. Despu\u00e9s, <em><strong>Abbott Elementary<\/strong><\/em>, la exitosa serie de comedia tiene cinco nominaciones, incluida la de Mejor serie de televisi\u00f3n.<\/span><\/p>\n<p><span style=\"font-weight: 400\">Estos son los mejores<em> looks<\/em> de la red carpet de los Golden Globes 2023:<\/span><\/p>\n<h3>jessica chastain, de Oscar de la Renta<\/h3>\n<p><img loading=\"lazy\" decoding=\"async\" class=\"aligncenter size-full wp-image-167431\" src=\"https:\/\/graziamagazine.com\/es\/wp-content\/uploads\/sites\/12\/2023\/01\/GettyImages-1455609456.jpg\" alt=\"Los mejores looks en la alfombra roja de los Globos de Oro 2023\" width=\"800\" height=\"1200\" \/><\/p>\n<h3>Margot Robbie, de Chanel<\/h3>\n<p><img loading=\"lazy\" decoding=\"async\" class=\"aligncenter size-full wp-image-167424\" src=\"https:\/\/graziamagazine.com\/es\/wp-content\/uploads\/sites\/12\/2023\/01\/GettyImages-1455610066.jpg\" alt=\"Los mejores looks en la alfombra roja de los Globos de Oro 2023\" width=\"800\" height=\"1200\" \/><\/p>\n<h3><strong>Angela Bassett<\/strong>, de\u00a0Pamella Roland<\/h3>\n<p><img loading=\"lazy\" decoding=\"async\" class=\"aligncenter size-full wp-image-167444\" src=\"https:\/\/graziamagazine.com\/es\/wp-content\/uploads\/sites\/12\/2023\/01\/GettyImages-1455608699.jpg\" alt=\"Los mejores looks en la alfombra roja de los Globos de Oro 2023\" width=\"800\" height=\"1200\" \/><\/p>\n<h3>Selena Gomez, de Valentino<\/h3>\n<p><img loading=\"lazy\" decoding=\"async\" class=\"aligncenter size-full wp-image-167428\" src=\"https:\/\/graziamagazine.com\/es\/wp-content\/uploads\/sites\/12\/2023\/01\/GettyImages-1455609713.jpg\" alt=\"Los mejores looks en la alfombra roja de los Globos de Oro 2023\" width=\"800\" height=\"1200\" \/><\/p>\n<h3><strong>Anya Taylor-Joy<\/strong>, de Christian Dior<\/h3>\n<p>La actriz eligi\u00f3 un top y una falda de seda amarilla de la colecci\u00f3n Fall 2023.<\/p>\n<p><img loading=\"lazy\" decoding=\"async\" class=\"aligncenter size-full wp-image-167432\" src=\"https:\/\/graziamagazine.com\/es\/wp-content\/uploads\/sites\/12\/2023\/01\/GettyImages-1455608609.jpg\" alt=\"Los mejores looks en la alfombra roja de los Globos de Oro 2023\" width=\"800\" height=\"1200\" \/><\/p>\n<h3>Ana de Armas, de Louis Vuitton<\/h3>\n<p><img loading=\"lazy\" decoding=\"async\" class=\"aligncenter size-full wp-image-167425\" src=\"https:\/\/graziamagazine.com\/es\/wp-content\/uploads\/sites\/12\/2023\/01\/GettyImages-1455609989.jpg\" alt=\"Los mejores looks en la alfombra roja de los Globos de Oro 2023\" width=\"800\" height=\"1200\" \/><\/p>\n<h3>Heidi Klun, de Kevin Germanier<\/h3>\n<p><img loading=\"lazy\" decoding=\"async\" class=\"aligncenter size-full wp-image-167436\" src=\"https:\/\/graziamagazine.com\/es\/wp-content\/uploads\/sites\/12\/2023\/01\/GettyImages-1455598991.jpg\" alt=\"Los mejores looks en la alfombra roja de los Globos de Oro 2023\" width=\"800\" height=\"1200\" \/><\/p>\n<h3>Julia Garner, de Gucci<\/h3>\n<p><img loading=\"lazy\" decoding=\"async\" class=\"aligncenter size-full wp-image-167427\" src=\"https:\/\/graziamagazine.com\/es\/wp-content\/uploads\/sites\/12\/2023\/01\/GettyImages-1455608610.jpg\" alt=\"Los mejores looks en la alfombra roja de los Globos de Oro 2023\" width=\"800\" height=\"1200\" \/><\/p>\n<h3>Salma Hayek, de Gucci<\/h3>\n<p><img loading=\"lazy\" decoding=\"async\" class=\"aligncenter size-full wp-image-167429\" src=\"https:\/\/graziamagazine.com\/es\/wp-content\/uploads\/sites\/12\/2023\/01\/salma5-1.jpg\" alt=\"Los mejores looks en la alfombra roja de los Globos de Oro 2023\" width=\"800\" height=\"1200\" \/><\/p>\n<h3><b>Elizabeth Debicki<\/b> , de DIor<\/h3>\n<p>La actriz eligi\u00f3 un vestido sin tirantes de seda rosa de la colecci\u00f3n Fall 2023 con un collar <i>Dior Bagatelle<\/i>\u00a0de oro blanco y diamantes de Dior Joaillerie.<\/p>\n<p><img loading=\"lazy\" decoding=\"async\" class=\"aligncenter size-full wp-image-167518\" src=\"https:\/\/graziamagazine.com\/es\/wp-content\/uploads\/sites\/12\/2023\/01\/Elizabeth-Debicki.jpg\" alt=\"Los mejores looks en la alfombra roja de los Globos de Oro 2023\" width=\"1024\" height=\"1536\" \/><\/p>\n<h3>Jenna Ortega, de Gucci<\/h3>\n<p><img loading=\"lazy\" decoding=\"async\" class=\"aligncenter size-full wp-image-167430\" src=\"https:\/\/graziamagazine.com\/es\/wp-content\/uploads\/sites\/12\/2023\/01\/GettyImages-1455609603.jpg\" alt=\"Los mejores looks en la alfombra roja de los Globos de Oro 2023\" width=\"800\" height=\"1200\" \/><\/p>\n<h3><strong>Jennifer Coolidge, de Dolce &amp; Gabbana\u00a0<\/strong><\/h3>\n<p><img loading=\"lazy\" decoding=\"async\" class=\"size-full wp-image-167426\" src=\"https:\/\/graziamagazine.com\/es\/wp-content\/uploads\/sites\/12\/2023\/01\/GettyImages-1455607260.jpg\" alt=\"Los mejores looks en la alfombra roja de los Globos de Oro 2023\" width=\"800\" height=\"1200\" \/><\/p>\n<h3><strong>Bailey Bass, de<\/strong> Dior<\/h3>\n<p>Su <em>total look<\/em> estaba compuesto por un vestido de seda dorada de la colecci\u00f3n Primavera-Verano 2023 acompa\u00f1ado de una pulsera de oro amarillo, diamantes y n\u00e1car <i>Rose des Vents<\/i>\u00a0y unos pendientes\u00a0<i>Gem Dior<\/i>\u00a0de oro amarillo y diamantes de Dior Joaillerie.<\/p>\n<p><img loading=\"lazy\" decoding=\"async\" class=\"aligncenter size-full wp-image-167445\" src=\"https:\/\/graziamagazine.com\/es\/wp-content\/uploads\/sites\/12\/2023\/01\/GettyImages-1455596507-1.jpg\" alt=\"Los mejores looks en la alfombra roja de los Globos de Oro 2023\" width=\"800\" height=\"1200\" \/><\/p>\n<h3><strong>Hilary Swank<\/strong>, de Prada<\/h3>\n<p><img loading=\"lazy\" decoding=\"async\" class=\"aligncenter size-full wp-image-167433\" src=\"https:\/\/graziamagazine.com\/es\/wp-content\/uploads\/sites\/12\/2023\/01\/GettyImages-1455610055.jpg\" alt=\"Los mejores looks en la alfombra roja de los Globos de Oro 2023\" width=\"800\" height=\"1200\" \/><\/p>\n<h3>Lily James, de Versace<\/h3>\n<p><img loading=\"lazy\" decoding=\"async\" class=\"aligncenter size-full wp-image-167435\" src=\"https:\/\/graziamagazine.com\/es\/wp-content\/uploads\/sites\/12\/2023\/01\/GettyImages-1455608732.jpg\" alt=\"Los mejores looks en la alfombra roja de los Globos de Oro 2023\" width=\"800\" height=\"1200\" \/><\/p>\n<h3>Michele Williams, de Gucci<\/h3>\n<p><img loading=\"lazy\" decoding=\"async\" class=\"aligncenter size-full wp-image-167434\" src=\"https:\/\/graziamagazine.com\/es\/wp-content\/uploads\/sites\/12\/2023\/01\/GettyImages-1455608570.jpg\" alt=\"Los mejores looks en la alfombra roja de los Globos de Oro 2023\" width=\"800\" height=\"1200\" \/><\/p>\n<h3>Claire Danes, de Giambattista Valli<\/h3>\n<p><img loading=\"lazy\" decoding=\"async\" class=\"aligncenter size-full wp-image-167437\" src=\"https:\/\/graziamagazine.com\/es\/wp-content\/uploads\/sites\/12\/2023\/01\/GettyImages-1455611061.jpg\" alt=\"Los mejores looks en la alfombra roja de los Globos de Oro 2023\" width=\"800\" height=\"1200\" \/><\/p>\n<h3><strong>Viola Davis, <\/strong>de Jason Wu<\/h3>\n<p><img loading=\"lazy\" decoding=\"async\" class=\"aligncenter size-full wp-image-167443\" src=\"https:\/\/graziamagazine.com\/es\/wp-content\/uploads\/sites\/12\/2023\/01\/GettyImages-1455608607.jpg\" alt=\"Los mejores looks en la alfombra roja de los Globos de Oro 2023\" width=\"800\" height=\"1200\" \/><\/p>\n<h3>Jamie Lee Curtis, de Valentino<\/h3>\n<p><img loading=\"lazy\" decoding=\"async\" class=\"aligncenter size-full wp-image-167448\" src=\"https:\/\/graziamagazine.com\/es\/wp-content\/uploads\/sites\/12\/2023\/01\/32aa26e3-4ddc-43da-b148-87b97e7f2390.jpg\" alt=\"Los mejores looks en la alfombra roja de los Globos de Oro 2023\" width=\"1024\" height=\"1537\" \/><\/p>\n<h3><strong>Britt Lower,<\/strong> de B<span class=\"_aacl _aaco _aacu _aacx _aad7 _aade\">ach Mai<\/span><\/h3>\n<p><img loading=\"lazy\" decoding=\"async\" class=\"aligncenter size-full wp-image-167438\" src=\"https:\/\/graziamagazine.com\/es\/wp-content\/uploads\/sites\/12\/2023\/01\/GettyImages-1455597685.jpg\" alt=\"Los mejores looks en la alfombra roja de los Globos de Oro 2023\" width=\"800\" height=\"1200\" \/><\/p>\n<h3>Kaley Cuoco, de Vera Wang<\/h3>\n<h3><img loading=\"lazy\" decoding=\"async\" class=\"aligncenter size-full wp-image-167439\" src=\"https:\/\/graziamagazine.com\/es\/wp-content\/uploads\/sites\/12\/2023\/01\/kaley-cuoco-attends-the-80th-annual-golden-globe-awards-at-news-photo-1673394999.jpg\" alt=\"Los mejores looks en la alfombra roja de los Globos de Oro 2023\" width=\"980\" height=\"1470\" \/><\/h3>\n<h3><strong>Monica Barbaro, de Dolce &amp; Gabbana<\/strong><\/h3>\n<p><img loading=\"lazy\" decoding=\"async\" class=\"aligncenter size-full wp-image-167441\" src=\"https:\/\/graziamagazine.com\/es\/wp-content\/uploads\/sites\/12\/2023\/01\/GettyImages-1455602375.jpg\" alt=\"Los mejores looks en la alfombra roja de los Globos de Oro 2023\" width=\"800\" height=\"1200\" \/><\/p>\n<h3><strong>Milly Alcock,<\/strong> de\u00a0Givenchy<\/h3>\n<p><img loading=\"lazy\" decoding=\"async\" class=\"aligncenter size-full wp-image-167442\" src=\"https:\/\/graziamagazine.com\/es\/wp-content\/uploads\/sites\/12\/2023\/01\/GettyImages-1455604697.jpg\" alt=\"Los mejores looks en la alfombra roja de los Globos de Oro 2023\" width=\"800\" height=\"1200\" \/><\/p>\n<h3><strong>Jenny Slate,<\/strong> de Rodarte<\/h3>\n<p><img loading=\"lazy\" decoding=\"async\" class=\"aligncenter size-full wp-image-167446\" src=\"https:\/\/graziamagazine.com\/es\/wp-content\/uploads\/sites\/12\/2023\/01\/GettyImages-1455603639.jpg\" alt=\"Los mejores looks en la alfombra roja de los Globos de Oro 2023\" width=\"800\" height=\"1200\" \/><\/p>\n<h3><strong>Laverne Cox,<\/strong> de\u00a0<span class=\"_aacl _aaco _aacu _aacx _aad7 _aade\">John Galliano de 2007<\/span><\/h3>\n<p><img loading=\"lazy\" decoding=\"async\" class=\"aligncenter size-full wp-image-167447\" src=\"https:\/\/graziamagazine.com\/es\/wp-content\/uploads\/sites\/12\/2023\/01\/GettyImages-1455586112.jpg\" alt=\"Los mejores looks en la alfombra roja de los Globos de Oro 2023\" width=\"800\" height=\"1200\" \/><\/p>\n<h3>Li Jun Li, de Dolce&amp;Gabbana<\/h3>\n<p><img loading=\"lazy\" decoding=\"async\" class=\"aligncenter size-full wp-image-167440\" src=\"https:\/\/graziamagazine.com\/es\/wp-content\/uploads\/sites\/12\/2023\/01\/thumbnail_Li-Jun-Li.jpg\" alt=\"Los mejores looks en la alfombra roja de los Globos de Oro 2023\" width=\"853\" height=\"1280\" \/><\/p>\n<p>&nbsp;<\/p>\n<p>&nbsp;<\/p>\n<p>&nbsp;<\/p>\n","protected":false},"author":11653,"featured_media":167423,"template":"","format":"standard","categories":[2971,13,1],"acf":{"banner":null},"yoast_head":"<!-- This site is optimized with the Yoast SEO Premium plugin v18.5 (Yoast SEO v20.4) - https:\/\/yoast.com\/wordpress\/plugins\/seo\/ -->\n<title>Los mejores looks en la alfombra roja de los Globos de Oro 2023 | Grazia<\/title>\n<meta name=\"description\" content=\"\u00a1Nuevo a\u00f1o, nuevas red carpets! La temporada de entrega de premios para lo mejor del cine ocurrido durante 2022 ha comenzado, con los Golden Globes como\" \/>\n<meta name=\"robots\" content=\"index, follow, max-snippet:-1, max-image-preview:large, max-video-preview:-1\" \/>\n<link rel=\"canonical\" href=\"https:\/\/graziamagazine.com\/es\/articles\/los-mejores-looks-en-la-alfombra-roja-de-los-globos-de-oro-2023\/\" \/>\n<meta property=\"og:locale\" content=\"es_ES\" \/>\n<meta property=\"og:type\" content=\"article\" \/>\n<meta property=\"og:title\" content=\"Los mejores looks en la alfombra roja de los Globos de Oro 2023\" \/>\n<meta property=\"og:description\" content=\"\u00a1Nuevo a\u00f1o, nuevas red carpets! La temporada de entrega de premios para lo mejor del cine ocurrido durante 2022 ha comenzado, con los Golden Globes como\" \/>\n<meta property=\"og:url\" content=\"https:\/\/graziamagazine.com\/es\/articles\/los-mejores-looks-en-la-alfombra-roja-de-los-globos-de-oro-2023\/\" \/>\n<meta property=\"og:site_name\" content=\"Grazia\" \/>\n<meta property=\"article:modified_time\" content=\"2023-01-16T21:02:26+00:00\" \/>\n<meta property=\"og:image\" content=\"https:\/\/graziamagazine.com\/es\/wp-content\/uploads\/sites\/12\/2023\/01\/descarga.jpeg\" \/>\n\t<meta property=\"og:image:width\" content=\"1600\" \/>\n\t<meta property=\"og:image:height\" content=\"900\" \/>\n\t<meta property=\"og:image:type\" content=\"image\/jpeg\" \/>\n<meta name=\"twitter:card\" content=\"summary_large_image\" \/>\n<meta name=\"twitter:label1\" content=\"Est. reading time\" \/>\n\t<meta name=\"twitter:data1\" content=\"7 minutos\" \/>\n<script type=\"application\/ld+json\" class=\"yoast-schema-graph\">{\"@context\":\"https:\/\/schema.org\",\"@graph\":[{\"@type\":\"WebPage\",\"@id\":\"https:\/\/graziamagazine.com\/es\/articles\/los-mejores-looks-en-la-alfombra-roja-de-los-globos-de-oro-2023\/\",\"url\":\"https:\/\/graziamagazine.com\/es\/articles\/los-mejores-looks-en-la-alfombra-roja-de-los-globos-de-oro-2023\/\",\"name\":\"Los mejores looks en la alfombra roja de los Globos de Oro 2023 | Grazia\",\"isPartOf\":{\"@id\":\"https:\/\/graziamagazine.com\/es\/#website\"},\"datePublished\":\"2023-01-11T10:00:01+00:00\",\"dateModified\":\"2023-01-16T21:02:26+00:00\",\"description\":\"\u00a1Nuevo a\u00f1o, nuevas red carpets! La temporada de entrega de premios para lo mejor del cine ocurrido durante 2022 ha comenzado, con los Golden Globes como\",\"breadcrumb\":{\"@id\":\"https:\/\/graziamagazine.com\/es\/articles\/los-mejores-looks-en-la-alfombra-roja-de-los-globos-de-oro-2023\/#breadcrumb\"},\"inLanguage\":\"es\",\"potentialAction\":[{\"@type\":\"ReadAction\",\"target\":[\"https:\/\/graziamagazine.com\/es\/articles\/los-mejores-looks-en-la-alfombra-roja-de-los-globos-de-oro-2023\/\"]}]},{\"@type\":\"BreadcrumbList\",\"@id\":\"https:\/\/graziamagazine.com\/es\/articles\/los-mejores-looks-en-la-alfombra-roja-de-los-globos-de-oro-2023\/#breadcrumb\",\"itemListElement\":[{\"@type\":\"ListItem\",\"position\":1,\"name\":\"Portada\",\"item\":\"https:\/\/graziamagazine.com\/es\/\"},{\"@type\":\"ListItem\",\"position\":2,\"name\":\"Los mejores looks en la alfombra roja de los Globos de Oro 2023\"}]},{\"@type\":\"WebSite\",\"@id\":\"https:\/\/graziamagazine.com\/es\/#website\",\"url\":\"https:\/\/graziamagazine.com\/es\/\",\"name\":\"Grazia\",\"description\":\"Moda, belleza, celebrities, estilo de vida...\",\"potentialAction\":[{\"@type\":\"SearchAction\",\"target\":{\"@type\":\"EntryPoint\",\"urlTemplate\":\"https:\/\/graziamagazine.com\/es\/?s={search_term_string}\"},\"query-input\":\"required name=search_term_string\"}],\"inLanguage\":\"es\"}]}<\/script>\n<!-- \/ Yoast SEO Premium plugin. -->","yoast_head_json":{"title":"Los mejores looks en la alfombra roja de los Globos de Oro 2023 | Grazia","description":"\u00a1Nuevo a\u00f1o, nuevas red carpets! La temporada de entrega de premios para lo mejor del cine ocurrido durante 2022 ha comenzado, con los Golden Globes como","robots":{"index":"index","follow":"follow","max-snippet":"max-snippet:-1","max-image-preview":"max-image-preview:large","max-video-preview":"max-video-preview:-1"},"canonical":"https:\/\/graziamagazine.com\/es\/articles\/los-mejores-looks-en-la-alfombra-roja-de-los-globos-de-oro-2023\/","og_locale":"es_ES","og_type":"article","og_title":"Los mejores looks en la alfombra roja de los Globos de Oro 2023","og_description":"\u00a1Nuevo a\u00f1o, nuevas red carpets! La temporada de entrega de premios para lo mejor del cine ocurrido durante 2022 ha comenzado, con los Golden Globes como","og_url":"https:\/\/graziamagazine.com\/es\/articles\/los-mejores-looks-en-la-alfombra-roja-de-los-globos-de-oro-2023\/","og_site_name":"Grazia","article_modified_time":"2023-01-16T21:02:26+00:00","og_image":[{"width":1600,"height":900,"url":"https:\/\/graziamagazine.com\/es\/wp-content\/uploads\/sites\/12\/2023\/01\/descarga.jpeg","type":"image\/jpeg"}],"twitter_card":"summary_large_image","twitter_misc":{"Est. reading time":"7 minutos"},"schema":{"@context":"https:\/\/schema.org","@graph":[{"@type":"WebPage","@id":"https:\/\/graziamagazine.com\/es\/articles\/los-mejores-looks-en-la-alfombra-roja-de-los-globos-de-oro-2023\/","url":"https:\/\/graziamagazine.com\/es\/articles\/los-mejores-looks-en-la-alfombra-roja-de-los-globos-de-oro-2023\/","name":"Los mejores looks en la alfombra roja de los Globos de Oro 2023 | Grazia","isPartOf":{"@id":"https:\/\/graziamagazine.com\/es\/#website"},"datePublished":"2023-01-11T10:00:01+00:00","dateModified":"2023-01-16T21:02:26+00:00","description":"\u00a1Nuevo a\u00f1o, nuevas red carpets! La temporada de entrega de premios para lo mejor del cine ocurrido durante 2022 ha comenzado, con los Golden Globes como","breadcrumb":{"@id":"https:\/\/graziamagazine.com\/es\/articles\/los-mejores-looks-en-la-alfombra-roja-de-los-globos-de-oro-2023\/#breadcrumb"},"inLanguage":"es","potentialAction":[{"@type":"ReadAction","target":["https:\/\/graziamagazine.com\/es\/articles\/los-mejores-looks-en-la-alfombra-roja-de-los-globos-de-oro-2023\/"]}]},{"@type":"BreadcrumbList","@id":"https:\/\/graziamagazine.com\/es\/articles\/los-mejores-looks-en-la-alfombra-roja-de-los-globos-de-oro-2023\/#breadcrumb","itemListElement":[{"@type":"ListItem","position":1,"name":"Portada","item":"https:\/\/graziamagazine.com\/es\/"},{"@type":"ListItem","position":2,"name":"Los mejores looks en la alfombra roja de los Globos de Oro 2023"}]},{"@type":"WebSite","@id":"https:\/\/graziamagazine.com\/es\/#website","url":"https:\/\/graziamagazine.com\/es\/","name":"Grazia","description":"Moda, belleza, celebrities, estilo de vida...","potentialAction":[{"@type":"SearchAction","target":{"@type":"EntryPoint","urlTemplate":"https:\/\/graziamagazine.com\/es\/?s={search_term_string}"},"query-input":"required name=search_term_string"}],"inLanguage":"es"}]}},"jetpack_sharing_enabled":true,"distributor_meta":false,"distributor_terms":false,"distributor_media":false,"distributor_original_site_name":"Grazia","distributor_original_site_url":"https:\/\/graziamagazine.com\/es","push-errors":false,"_links":{"self":[{"href":"https:\/\/graziamagazine.com\/es\/wp-json\/wp\/v2\/articles\/167406"}],"collection":[{"href":"https:\/\/graziamagazine.com\/es\/wp-json\/wp\/v2\/articles"}],"about":[{"href":"https:\/\/graziamagazine.com\/es\/wp-json\/wp\/v2\/types\/articles"}],"author":[{"embeddable":true,"href":"https:\/\/graziamagazine.com\/es\/wp-json\/wp\/v2\/users\/11653"}],"wp:featuredmedia":[{"embeddable":true,"href":"https:\/\/graziamagazine.com\/es\/wp-json\/wp\/v2\/media\/167423"}],"wp:attachment":[{"href":"https:\/\/graziamagazine.com\/es\/wp-json\/wp\/v2\/media?parent=167406"}],"wp:term":[{"taxonomy":"category","embeddable":true,"href":"https:\/\/graziamagazine.com\/es\/wp-json\/wp\/v2\/categories?post=167406"}],"curies":[{"name":"wp","href":"https:\/\/api.w.org\/{rel}","templated":true}]}}