{"id":167200,"date":"2022-12-16T10:56:13","date_gmt":"2022-12-16T09:56:13","guid":{"rendered":"https:\/\/graziamagazine.com\/es\/?post_type=articles&#038;p=167200"},"modified":"2022-12-20T01:35:03","modified_gmt":"2022-12-20T00:35:03","slug":"los-cortes-de-cabello-que-seran-tendencia-en-2023","status":"publish","type":"articles","link":"https:\/\/graziamagazine.com\/es\/articles\/los-cortes-de-cabello-que-seran-tendencia-en-2023\/","title":{"rendered":"Los cortes de cabello que ser\u00e1n tendencia en 2023"},"content":{"rendered":"<div class=\"field field-name-field-quehaydenuevo-teaser field-type-text-long field-label-hidden\">\n<div class=\"field-items\">\n<div class=\"field-item even\">\n<p>Bobs en todas sus versiones, flequillos, melenas midi y tonalidades c\u00e1lidas van a ser las principales tendencias de cabello que veremos durante 2023.\u00a0Yolanda Izquierdo, miembro del Education Team de Montibello, nos desvela los secretos para el nuevo a\u00f1o.<\/p>\n<\/div>\n<\/div>\n<\/div>\n<div class=\"field field-name-field-foto-principal field-type-image field-label-hidden\">\n<div class=\"field-items\">\n<h3><strong>MUCHO MOVIMIENTO<\/strong><\/h3>\n<p>Este\u00a0<strong>2023<\/strong>\u00a0imperar\u00e1n los estilos con\u00a0<strong>movimiento<\/strong>\u00a0que se adaptan a nuestras facciones y siempre favorecen:<\/p>\n<ul>\n<li><strong>Capas<\/strong>. Veremos capas largas, con movimiento, que enmarcan los p\u00f3mulos y la mand\u00edbula.<\/li>\n<li><strong>Texturas<\/strong>. Estos cortes a capas ser\u00e1n perfectos para resaltar todo tipo de texturas de cabello, tanto las lisas como las onduladas o rizadas.<\/li>\n<li><strong>Flequillos<\/strong>. Los flequillos seguir\u00e1n en alza para el pr\u00f3ximo 2023. Adem\u00e1s de los flequillos laterales, veremos flequillos despuntados, de estilo \u201cmal cortado\u201d y sin estar alineado.<\/li>\n<\/ul>\n<h3><strong>Estilos de corte que arrasar\u00e1n este 2023<\/strong><\/h3>\n<p>Estos son los cortes de pelo que marcar\u00e1n tendencia en 2023:<\/p>\n<p><strong>1. Bob<\/strong><\/p>\n<p>Sigue siendo el rey por su versatilidad y atemporalidad. Aporta un estilo informal y, al mismo tiempo, sofisticaci\u00f3n y elegancia. \u201cPuedes escoger desde un\u00a0<strong>Sharp Bob<\/strong>, recto, altura de la mand\u00edbula y con las puntas hacia dentro, a un\u00a0<strong>French Bob<\/strong>, melena corta sin capas y con puntas desfiladas, hasta el\u00a0<strong>Long Bob<\/strong>, que llega a la altura de los hombros y favorece pr\u00e1cticamente a todo tipo de rostros\u201d, comenta\u00a0<strong>Yolanda Izquierdo<\/strong>.<\/p>\n<p>&nbsp;<\/p>\n<p><img loading=\"lazy\" decoding=\"async\" class=\"aligncenter size-full wp-image-167202\" src=\"https:\/\/graziamagazine.com\/es\/wp-content\/uploads\/sites\/12\/2022\/12\/MONTIBELLO_TENDENCIA-BOB.jpeg\" alt=\"Los cortes y colores de cabello que ser\u00e1n tendencia en 2023\" width=\"1024\" height=\"1704\" \/><\/p>\n<p><strong>2. Melena midi con capas<\/strong><\/p>\n<p>Melena intermedia que queda a la altura del ment\u00f3n. Aporta\u00a0<strong>frescura y<\/strong>\u00a0<strong>movimiento<\/strong>\u00a0al cabello y es muy favorecedor para casi cualquier rostro, aunque funciona a la perfecci\u00f3n en rostros ovalados, cuadrados y tipo triangulo invertido.<\/p>\n<p>Puede llevarse con o sin flequillo. Al a\u00f1adirlo le aportamos m\u00e1s sensaci\u00f3n de\u00a0<strong>volumen<\/strong>\u00a0y originalidad. En los \u00faltimos desfiles vimos c\u00f3mo esta longitud de corte tomaba protagonismo en cabellos ondulados y muy rizados\u2026 \u00a1Tendencia absoluta!<\/p>\n<p>&nbsp;<\/p>\n<p><img loading=\"lazy\" decoding=\"async\" class=\"aligncenter size-full wp-image-167204\" src=\"https:\/\/graziamagazine.com\/es\/wp-content\/uploads\/sites\/12\/2022\/12\/MONTIBELLO_TENDENCIA-MIDI.jpeg\" alt=\"Los cortes y colores de cabello que ser\u00e1n tendencia en 2023\" width=\"1024\" height=\"1024\" \/><\/p>\n<p><strong>3. Long hair<\/strong><\/p>\n<p>Vuelven las melenas largas de los a\u00f1os 90, adapt\u00e1ndose a la\u00a0<strong>textura<\/strong>\u00a0y\u00a0<strong>densidad<\/strong>\u00a0de cada cabello. Tanto en las melenas largas como en los cortes con capas, un\u00a0<strong>flequillo<\/strong>\u00a0en cualquiera de sus versiones aportar\u00e1 un toque de modernidad.<\/p>\n<p><img loading=\"lazy\" decoding=\"async\" class=\"aligncenter size-full wp-image-167203\" src=\"https:\/\/graziamagazine.com\/es\/wp-content\/uploads\/sites\/12\/2022\/12\/MONTIBELLO_TENDENCIA-LONG.jpeg\" alt=\"Los cortes y colores de cabello que ser\u00e1n tendencia en 2023\" width=\"1024\" height=\"683\" \/><\/p>\n<p>&nbsp;<\/p>\n<h3><strong>LOS TONOS QUE VEREMOS EN 2023<\/strong><\/h3>\n<p>El\u00a0<strong>color<\/strong>\u00a0jugar\u00e1 tambi\u00e9n un papel muy importante en\u00a0<strong>2023<\/strong>. \u00a1Descubre los tonos que ser\u00e1n tendencia pr\u00f3xima temporada!<\/p>\n<p>La palabra que m\u00e1s resonar\u00e1 el pr\u00f3ximo a\u00f1o es\u00a0<strong>brillo<\/strong>. Los colores ganan en viveza con un brillo extra, gracias a los tratamientos como\u00a0<a href=\"https:\/\/www.montibello.com\/esp\/peluqueria\/color\/demipermanente\/eclat\" target=\"_blank\"><strong>\u00e9clat<\/strong><\/a>, la coloraci\u00f3n demipermanente de pH \u00e1cido con prote\u00ednas y vitamina C que aporta brillo, color y vitalidad al cabello.<\/p>\n<p>Del mismo modo que en 2022, la\u00a0<strong>naturalidad<\/strong>\u00a0seguir\u00e1 imponi\u00e9ndose en 2023. \u201cLooks naturales, y luminosos, creados con\u00a0<strong>tonos tierra<\/strong>,\u00a0<strong>casta\u00f1os<\/strong>\u00a0y\u00a0<strong>marrones brillantes<\/strong>,\u00a0<strong>rubios c\u00e1lidos<\/strong>\u00a0y los cl\u00e1sicos\u00a0<strong>pasteles rosados<\/strong>, no faltar\u00e1n en los salones m\u00e1s\u00a0<em>trendy\u201d<\/em>, asegura\u00a0<strong>Yolanda Izquierdo<\/strong>.<\/p>\n<p><img loading=\"lazy\" decoding=\"async\" class=\"aligncenter size-full wp-image-167205\" src=\"https:\/\/graziamagazine.com\/es\/wp-content\/uploads\/sites\/12\/2022\/12\/MONTIBELLO_CORTES-Y-COLOR-TENDENCIA-2023.jpeg\" alt=\"Los cortes y colores de cabello que ser\u00e1n tendencia en 2023\" width=\"1024\" height=\"1536\" \/><\/p>\n<p>El rubio se aleja de los tonos fr\u00edos, dando relevancia a tonalidades m\u00e1s doradas y beiges, como el rubio chai o el rubio\u00a0<em>champange<\/em>.<\/p>\n<p>Para las m\u00e1s transgresoras, la tendencia de\u00a0<strong>ra\u00edces profundas<\/strong>\u00a0ser\u00e1 la mejor opci\u00f3n. Consiste en jugar con las tonalidades, apostando por un mayor aclarado en contornos y resto del cabello, efecto en progresi\u00f3n\u2026 \u00a1acertar\u00e1s seguro!<\/p>\n<p>&nbsp;<\/p>\n<\/div>\n<\/div>\n","protected":false},"author":11653,"featured_media":167201,"template":"","format":"standard","categories":[7],"acf":[],"yoast_head":"<!-- This site is optimized with the Yoast SEO Premium plugin v18.5 (Yoast SEO v20.4) - https:\/\/yoast.com\/wordpress\/plugins\/seo\/ -->\n<title>Los cortes de cabello que ser\u00e1n tendencia en 2023 | Grazia<\/title>\n<meta name=\"description\" content=\"Bobs, flequillos, melenas midi y tonalidades c\u00e1lidas van a ser las principales tendencias de cabello que veremos durante 2023.\" \/>\n<meta name=\"robots\" content=\"index, follow, max-snippet:-1, max-image-preview:large, max-video-preview:-1\" \/>\n<link rel=\"canonical\" href=\"https:\/\/graziamagazine.com\/es\/articles\/los-cortes-de-cabello-que-seran-tendencia-en-2023\/\" \/>\n<meta property=\"og:locale\" content=\"es_ES\" \/>\n<meta property=\"og:type\" content=\"article\" \/>\n<meta property=\"og:title\" content=\"Los cortes de cabello que ser\u00e1n tendencia en 2023\" \/>\n<meta property=\"og:description\" content=\"Bobs, flequillos, melenas midi y tonalidades c\u00e1lidas van a ser las principales tendencias de cabello que veremos durante 2023.\" \/>\n<meta property=\"og:url\" content=\"https:\/\/graziamagazine.com\/es\/articles\/los-cortes-de-cabello-que-seran-tendencia-en-2023\/\" \/>\n<meta property=\"og:site_name\" content=\"Grazia\" \/>\n<meta property=\"article:modified_time\" content=\"2022-12-20T00:35:03+00:00\" \/>\n<meta property=\"og:image\" content=\"https:\/\/graziamagazine.com\/es\/wp-content\/uploads\/sites\/12\/2022\/12\/aitana-con-corte-clavicut_617530ca_1280x842.jpeg\" \/>\n\t<meta property=\"og:image:width\" content=\"1280\" \/>\n\t<meta property=\"og:image:height\" content=\"842\" \/>\n\t<meta property=\"og:image:type\" content=\"image\/jpeg\" \/>\n<meta name=\"twitter:card\" content=\"summary_large_image\" \/>\n<meta name=\"twitter:label1\" content=\"Est. reading time\" \/>\n\t<meta name=\"twitter:data1\" content=\"4 minutos\" \/>\n<script type=\"application\/ld+json\" class=\"yoast-schema-graph\">{\"@context\":\"https:\/\/schema.org\",\"@graph\":[{\"@type\":\"WebPage\",\"@id\":\"https:\/\/graziamagazine.com\/es\/articles\/los-cortes-de-cabello-que-seran-tendencia-en-2023\/\",\"url\":\"https:\/\/graziamagazine.com\/es\/articles\/los-cortes-de-cabello-que-seran-tendencia-en-2023\/\",\"name\":\"Los cortes de cabello que ser\u00e1n tendencia en 2023 | Grazia\",\"isPartOf\":{\"@id\":\"https:\/\/graziamagazine.com\/es\/#website\"},\"datePublished\":\"2022-12-16T09:56:13+00:00\",\"dateModified\":\"2022-12-20T00:35:03+00:00\",\"description\":\"Bobs, flequillos, melenas midi y tonalidades c\u00e1lidas van a ser las principales tendencias de cabello que veremos durante 2023.\",\"breadcrumb\":{\"@id\":\"https:\/\/graziamagazine.com\/es\/articles\/los-cortes-de-cabello-que-seran-tendencia-en-2023\/#breadcrumb\"},\"inLanguage\":\"es\",\"potentialAction\":[{\"@type\":\"ReadAction\",\"target\":[\"https:\/\/graziamagazine.com\/es\/articles\/los-cortes-de-cabello-que-seran-tendencia-en-2023\/\"]}]},{\"@type\":\"BreadcrumbList\",\"@id\":\"https:\/\/graziamagazine.com\/es\/articles\/los-cortes-de-cabello-que-seran-tendencia-en-2023\/#breadcrumb\",\"itemListElement\":[{\"@type\":\"ListItem\",\"position\":1,\"name\":\"Portada\",\"item\":\"https:\/\/graziamagazine.com\/es\/\"},{\"@type\":\"ListItem\",\"position\":2,\"name\":\"Los cortes de cabello que ser\u00e1n tendencia en 2023\"}]},{\"@type\":\"WebSite\",\"@id\":\"https:\/\/graziamagazine.com\/es\/#website\",\"url\":\"https:\/\/graziamagazine.com\/es\/\",\"name\":\"Grazia\",\"description\":\"Moda, belleza, celebrities, estilo de vida...\",\"potentialAction\":[{\"@type\":\"SearchAction\",\"target\":{\"@type\":\"EntryPoint\",\"urlTemplate\":\"https:\/\/graziamagazine.com\/es\/?s={search_term_string}\"},\"query-input\":\"required name=search_term_string\"}],\"inLanguage\":\"es\"}]}<\/script>\n<!-- \/ Yoast SEO Premium plugin. -->","yoast_head_json":{"title":"Los cortes de cabello que ser\u00e1n tendencia en 2023 | Grazia","description":"Bobs, flequillos, melenas midi y tonalidades c\u00e1lidas van a ser las principales tendencias de cabello que veremos durante 2023.","robots":{"index":"index","follow":"follow","max-snippet":"max-snippet:-1","max-image-preview":"max-image-preview:large","max-video-preview":"max-video-preview:-1"},"canonical":"https:\/\/graziamagazine.com\/es\/articles\/los-cortes-de-cabello-que-seran-tendencia-en-2023\/","og_locale":"es_ES","og_type":"article","og_title":"Los cortes de cabello que ser\u00e1n tendencia en 2023","og_description":"Bobs, flequillos, melenas midi y tonalidades c\u00e1lidas van a ser las principales tendencias de cabello que veremos durante 2023.","og_url":"https:\/\/graziamagazine.com\/es\/articles\/los-cortes-de-cabello-que-seran-tendencia-en-2023\/","og_site_name":"Grazia","article_modified_time":"2022-12-20T00:35:03+00:00","og_image":[{"width":1280,"height":842,"url":"https:\/\/graziamagazine.com\/es\/wp-content\/uploads\/sites\/12\/2022\/12\/aitana-con-corte-clavicut_617530ca_1280x842.jpeg","type":"image\/jpeg"}],"twitter_card":"summary_large_image","twitter_misc":{"Est. reading time":"4 minutos"},"schema":{"@context":"https:\/\/schema.org","@graph":[{"@type":"WebPage","@id":"https:\/\/graziamagazine.com\/es\/articles\/los-cortes-de-cabello-que-seran-tendencia-en-2023\/","url":"https:\/\/graziamagazine.com\/es\/articles\/los-cortes-de-cabello-que-seran-tendencia-en-2023\/","name":"Los cortes de cabello que ser\u00e1n tendencia en 2023 | Grazia","isPartOf":{"@id":"https:\/\/graziamagazine.com\/es\/#website"},"datePublished":"2022-12-16T09:56:13+00:00","dateModified":"2022-12-20T00:35:03+00:00","description":"Bobs, flequillos, melenas midi y tonalidades c\u00e1lidas van a ser las principales tendencias de cabello que veremos durante 2023.","breadcrumb":{"@id":"https:\/\/graziamagazine.com\/es\/articles\/los-cortes-de-cabello-que-seran-tendencia-en-2023\/#breadcrumb"},"inLanguage":"es","potentialAction":[{"@type":"ReadAction","target":["https:\/\/graziamagazine.com\/es\/articles\/los-cortes-de-cabello-que-seran-tendencia-en-2023\/"]}]},{"@type":"BreadcrumbList","@id":"https:\/\/graziamagazine.com\/es\/articles\/los-cortes-de-cabello-que-seran-tendencia-en-2023\/#breadcrumb","itemListElement":[{"@type":"ListItem","position":1,"name":"Portada","item":"https:\/\/graziamagazine.com\/es\/"},{"@type":"ListItem","position":2,"name":"Los cortes de cabello que ser\u00e1n tendencia en 2023"}]},{"@type":"WebSite","@id":"https:\/\/graziamagazine.com\/es\/#website","url":"https:\/\/graziamagazine.com\/es\/","name":"Grazia","description":"Moda, belleza, celebrities, estilo de vida...","potentialAction":[{"@type":"SearchAction","target":{"@type":"EntryPoint","urlTemplate":"https:\/\/graziamagazine.com\/es\/?s={search_term_string}"},"query-input":"required name=search_term_string"}],"inLanguage":"es"}]}},"jetpack_sharing_enabled":true,"distributor_meta":false,"distributor_terms":false,"distributor_media":false,"distributor_original_site_name":"Grazia","distributor_original_site_url":"https:\/\/graziamagazine.com\/es","push-errors":false,"_links":{"self":[{"href":"https:\/\/graziamagazine.com\/es\/wp-json\/wp\/v2\/articles\/167200"}],"collection":[{"href":"https:\/\/graziamagazine.com\/es\/wp-json\/wp\/v2\/articles"}],"about":[{"href":"https:\/\/graziamagazine.com\/es\/wp-json\/wp\/v2\/types\/articles"}],"author":[{"embeddable":true,"href":"https:\/\/graziamagazine.com\/es\/wp-json\/wp\/v2\/users\/11653"}],"wp:featuredmedia":[{"embeddable":true,"href":"https:\/\/graziamagazine.com\/es\/wp-json\/wp\/v2\/media\/167201"}],"wp:attachment":[{"href":"https:\/\/graziamagazine.com\/es\/wp-json\/wp\/v2\/media?parent=167200"}],"wp:term":[{"taxonomy":"category","embeddable":true,"href":"https:\/\/graziamagazine.com\/es\/wp-json\/wp\/v2\/categories?post=167200"}],"curies":[{"name":"wp","href":"https:\/\/api.w.org\/{rel}","templated":true}]}}