{"id":167008,"date":"2022-12-01T10:09:24","date_gmt":"2022-12-01T09:09:24","guid":{"rendered":"https:\/\/graziamagazine.com\/es\/?post_type=articles&#038;p=167008"},"modified":"2022-12-01T16:55:48","modified_gmt":"2022-12-01T15:55:48","slug":"fendi-casa-lanza-coleccion-que-le-dara-mas-estilo-a-tu-hogar","status":"publish","type":"articles","link":"https:\/\/graziamagazine.com\/es\/articles\/fendi-casa-lanza-coleccion-que-le-dara-mas-estilo-a-tu-hogar\/","title":{"rendered":"FENDI presenta una exclusiva colecci\u00f3n de accesorios y decoraci\u00f3n del hogar"},"content":{"rendered":"<p><strong>FENDI<\/strong> se complace en anunciar el lanzamiento de su primera colecci\u00f3n de accesorios de estilo de vida y decoraci\u00f3n del hogar que se une al mundo <strong>FENDI Casa<\/strong>, bajo la direcci\u00f3n creativa de <em>Silvia Venturini Fendi<\/em> y con una fuerte contaminaci\u00f3n de los c\u00f3digos de <strong>FENDI<\/strong> como<em> O\u00b4Lock<\/em>, <em>FENDI Roma<\/em> y <em>Pequin<\/em>, en l\u00ednea con la identidad y la m\u00e1s alta artesan\u00eda de la Maison.<\/p>\n<div class=\"content-gallery\">\n<div class=\"gallery-placeholder\">\n<div class=\"spinner\"><\/div>\n<\/div>\n<p>&nbsp;<\/p>\n<div id=\"gallery-1\" class=\"gallery galleryid- gallery-columns- gallery-size-\">\n<figure class=\"gallery-item\">\n<div class=\"gallery-icon landscape\"><img loading=\"lazy\" decoding=\"async\" class=\"lazy\" src=\"https:\/\/graziamagazine.com\/mx\/wp-content\/uploads\/sites\/13\/2022\/11\/03_FENDI-Home-Decor-Lifestyle-Accessories-Collection_Still-Life.jpg?resize=1024%2C683\" alt=\"FENDI Casa\" width=\"1024\" height=\"683\" data-recalc-dims=\"1\" \/><\/div>\n<\/figure>\n<figure class=\"gallery-item\">\n<div class=\"gallery-icon landscape\"><img loading=\"lazy\" decoding=\"async\" class=\"lazy\" src=\"https:\/\/graziamagazine.com\/mx\/wp-content\/uploads\/sites\/13\/2022\/11\/02_FENDI-Home-Decor-Lifestyle-Accessories-Collection_Groupage-Images-1.jpg?resize=1024%2C683\" alt=\"FENDI Casa\" width=\"1024\" height=\"683\" data-recalc-dims=\"1\" \/><\/div>\n<\/figure>\n<figure class=\"gallery-item\">\n<div class=\"gallery-icon landscape\"><img loading=\"lazy\" decoding=\"async\" class=\"lazy\" src=\"https:\/\/graziamagazine.com\/mx\/wp-content\/uploads\/sites\/13\/2022\/11\/03_FENDI-Home-Decor-Lifestyle-Accessories-Collection_Groupage-Images.jpg?resize=1024%2C683\" alt=\"FENDI Casa\" width=\"1024\" height=\"683\" data-recalc-dims=\"1\" \/><\/div>\n<\/figure>\n<figure class=\"gallery-item\">\n<div class=\"gallery-icon landscape\"><img loading=\"lazy\" decoding=\"async\" class=\"lazy\" src=\"https:\/\/graziamagazine.com\/mx\/wp-content\/uploads\/sites\/13\/2022\/11\/01_FENDI-Home-Decor-Lifestyle-Accessories-Collection_Groupage-Images.jpg?resize=1024%2C683\" alt=\"FENDI Casa\" width=\"1024\" height=\"683\" data-recalc-dims=\"1\" \/><\/div>\n<\/figure>\n<figure class=\"gallery-item\">\n<div class=\"gallery-icon landscape\"><img loading=\"lazy\" decoding=\"async\" class=\"lazy\" src=\"https:\/\/graziamagazine.com\/mx\/wp-content\/uploads\/sites\/13\/2022\/11\/68_FENDI-Home-Decor-Lifestyle-Accessories-Collection_Still-Life.jpg?resize=1024%2C683\" alt=\"FENDI Casa\" width=\"1024\" height=\"683\" data-recalc-dims=\"1\" \/><\/div>\n<\/figure>\n<figure class=\"gallery-item\">\n<div class=\"gallery-icon landscape\"><img loading=\"lazy\" decoding=\"async\" class=\"lazy\" src=\"https:\/\/graziamagazine.com\/mx\/wp-content\/uploads\/sites\/13\/2022\/11\/84_FENDI-Home-Decor-Lifestyle-Accessories-Collection_Still-Life.jpg?resize=1024%2C683\" alt=\"FENDI Casa\" width=\"1024\" height=\"683\" data-recalc-dims=\"1\" \/><\/div>\n<\/figure>\n<\/div>\n<\/div>\n<p>Los materiales se seleccionan cuidadosamente para que coincidan con la actitud de la colecci\u00f3n, desde la m\u00e1s suave piel de napa hasta la fina porcelana de Limoges. La mano de obra es igualmente preciosa, incluida la madera natura con incrustaciones que generan un efecto Pequin a rayas que es tan valorado por <strong>FENDI<\/strong>. Los colores neutro a menuda se combinan con tonos m\u00e1s brillantes (el ic\u00f3nico amarillo de <strong>FENDI<\/strong>, verde penicilina o el rosa polvo) en una paleta equilibrada a la perfecci\u00f3n, mientras los detalles dorados animan las texturas. El logotipo de <em>O\u00b4Lock<\/em> y <strong>FENDI<\/strong>, se transforman en patrones decorativos que adornan juegos, cajas, bandejas y candelabros de porcelana en una reinterpretaci\u00f3n del ADN gr\u00e1fico de la Maison.<\/p>\n<p>La l\u00ednea de vajillas <em>Art de la Table<\/em> est\u00e1 elaborada con la mejor porcelana francesa de Limoges y sigue algunas de las im\u00e1genes clave de las colecciones <em>Ready to Wear<\/em> y <em>Accessories<\/em>. Todas las placas cuentan con un motivo de dise\u00f1o exclusivo del logotipo <em>FENDI O\u00b4Lock<\/em> entrelazado en blanco y negro, creando una cadena en versiones micro y maxi resaltada por elegantes toques dorados. El juego <strong>FENDI<\/strong> <em>Art de la Table<\/em> transforma cada taza de t\u00e9 o caf\u00e9 en un ritual de elegancia; tazas y teteras est\u00e1n dise\u00f1adas con una elegante tapa adornada con un logotipo dorado de <em>O\u00b4Lock<\/em>.<\/p>\n<div class=\"content-gallery\">\n<div class=\"gallery-placeholder\">\n<div class=\"spinner\"><\/div>\n<\/div>\n<p>&nbsp;<\/p>\n<div id=\"gallery-2\" class=\"gallery galleryid- gallery-columns- gallery-size-\">\n<figure class=\"gallery-item\">\n<div class=\"gallery-icon landscape\"><img loading=\"lazy\" decoding=\"async\" class=\"lazy\" src=\"https:\/\/graziamagazine.com\/mx\/wp-content\/uploads\/sites\/13\/2022\/11\/13_FENDI-Home-Decor-Lifestyle-Accessories-Collection_Special-Shooting.jpg?resize=1024%2C1536\" alt=\"FENDI Casa\" width=\"1024\" height=\"1536\" data-recalc-dims=\"1\" \/><\/div>\n<\/figure>\n<figure class=\"gallery-item\">\n<div class=\"gallery-icon landscape\"><img loading=\"lazy\" decoding=\"async\" class=\"lazy\" src=\"https:\/\/graziamagazine.com\/mx\/wp-content\/uploads\/sites\/13\/2022\/11\/04_FENDI-Home-Decor-Lifestyle-Accessories-Collection_Special-Shooting.jpg?resize=1024%2C1536\" alt=\"FENDI Casa\" width=\"1024\" height=\"1536\" data-recalc-dims=\"1\" \/><\/div>\n<\/figure>\n<figure class=\"gallery-item\">\n<div class=\"gallery-icon landscape\"><img loading=\"lazy\" decoding=\"async\" class=\"lazy\" src=\"https:\/\/graziamagazine.com\/mx\/wp-content\/uploads\/sites\/13\/2022\/11\/20_FENDI-Home-Decor-Lifestyle-Accessories-Collection_Special-Shooting.jpg?resize=1024%2C1536\" alt=\"FENDI Casa\" width=\"1024\" height=\"1536\" data-recalc-dims=\"1\" \/><\/div>\n<\/figure>\n<figure class=\"gallery-item\">\n<div class=\"gallery-icon landscape\"><img loading=\"lazy\" decoding=\"async\" class=\"lazy\" src=\"https:\/\/graziamagazine.com\/mx\/wp-content\/uploads\/sites\/13\/2022\/11\/08_FENDI-Home-Decor-Lifestyle-Accessories-Collection_Special-Shooting.jpg?resize=1024%2C1536\" alt=\"FENDI Casa\" width=\"1024\" height=\"1536\" data-recalc-dims=\"1\" \/><\/div>\n<\/figure>\n<\/div>\n<\/div>\n<p>Para dise\u00f1ar las copas, <em>Silvia Venturini Fendi<\/em> ha colaborado con su madre, <em>Anna Fendi<\/em>, la visionaria creadora de la l\u00ednea <strong>FENDI Casa<\/strong> en 1987, convirtiendo a <strong>FENDI<\/strong> en la primera marca de moda en lanzar una l\u00ednea <em>Home<\/em>. La peculiar forma est\u00e1 formada por dos formas c\u00f3nicas a juego, transparente y negra, ambas elaboradas en cristal. La l\u00ednea de copas se inspira en la colecci\u00f3n privada de <em>Anna Fendi<\/em>, mientras que el sutil logotipo realza la elegante silueta.<\/p>\n<p>El logo <em>O\u00b4Lock<\/em>, en hilo rojo de la colecci\u00f3n, se puede observar tambi\u00e9n en las adornos de mesa. Su forma ovalada se convierte en el elegante marcador de posici\u00f3n perfecto en oro galv\u00e1nico, adem\u00e1s de decorar el juego de portavelas o los jarrones largos y delgados de cristal de Murano, elegantes acabados con bordes de oro galv\u00e1nico. Las velas arom\u00e1ticas est\u00e1n dentro de una carcasa de porcelana en tonos brillantes y acompa\u00f1ados de una tapa dorada. \u00danicos y sofisticados, los accesorios de mesa crean un ambiente especial para toda ocasi\u00f3n.<\/p>\n<div class=\"content-gallery\">\n<div class=\"gallery-placeholder\">\n<div class=\"spinner\"><\/div>\n<\/div>\n<p>&nbsp;<\/p>\n<div id=\"gallery-3\" class=\"gallery galleryid- gallery-columns- gallery-size-\">\n<figure class=\"gallery-item\">\n<div class=\"gallery-icon landscape\"><img loading=\"lazy\" decoding=\"async\" class=\"lazy\" src=\"https:\/\/graziamagazine.com\/mx\/wp-content\/uploads\/sites\/13\/2022\/11\/79_FENDI-Home-Decor-Lifestyle-Accessories-Collection_Still-Life.jpg?resize=1024%2C683\" alt=\"FENDI Casa\" width=\"1024\" height=\"683\" data-recalc-dims=\"1\" \/><\/div>\n<\/figure>\n<figure class=\"gallery-item\">\n<div class=\"gallery-icon landscape\"><img loading=\"lazy\" decoding=\"async\" class=\"lazy\" src=\"https:\/\/graziamagazine.com\/mx\/wp-content\/uploads\/sites\/13\/2022\/11\/78_FENDI-Home-Decor-Lifestyle-Accessories-Collection_Still-Life.jpg?resize=1024%2C683\" alt=\"FENDI Casa\" width=\"1024\" height=\"683\" data-recalc-dims=\"1\" \/><\/div>\n<\/figure>\n<figure class=\"gallery-item\">\n<div class=\"gallery-icon landscape\"><img loading=\"lazy\" decoding=\"async\" class=\"lazy\" src=\"https:\/\/graziamagazine.com\/mx\/wp-content\/uploads\/sites\/13\/2022\/11\/15_FENDI-Home-Decor-Lifestyle-Accessories-Collection_Still-Life.jpg?resize=1024%2C683\" alt=\"FENDI Casa\" width=\"1024\" height=\"683\" data-recalc-dims=\"1\" \/><\/div>\n<\/figure>\n<\/div>\n<\/div>\n<p>Los complementos para el hogar incluyen cajas ovaladas bicolor en piel, con tapas transparentes y acabado en forma de O\u00b4Lock dorado. La forma del dise\u00f1o y el logotipo definen el <em>vide-poche<\/em> y las bandejas, de est\u00e1 misma forma lo hacen las declinadas l\u00edneas Pequin. En cambio, las formas cuadradas se identifican con el logotipo de <em>FENDI Roma<\/em> en cuero repujado en los cl\u00e1sicos colores crema y camel, as\u00ed como el rosa beb\u00e9 y verde penicilina.<\/p>\n<div class=\"content-gallery\">\n<div class=\"gallery-placeholder\">\n<div class=\"spinner\"><\/div>\n<\/div>\n<p>&nbsp;<\/p>\n<div id=\"gallery-4\" class=\"gallery galleryid- gallery-columns- gallery-size-\">\n<figure class=\"gallery-item\">\n<div class=\"gallery-icon landscape\"><img loading=\"lazy\" decoding=\"async\" class=\"lazy\" src=\"https:\/\/graziamagazine.com\/mx\/wp-content\/uploads\/sites\/13\/2022\/11\/107_FENDI-Home-Decor-Lifestyle-Accessories-Collection_Still-Life.jpg?resize=1024%2C683\" alt=\"FENDI Casa\" width=\"1024\" height=\"683\" data-recalc-dims=\"1\" \/><\/div>\n<\/figure>\n<figure class=\"gallery-item\">\n<div class=\"gallery-icon landscape\"><img loading=\"lazy\" decoding=\"async\" class=\"lazy\" src=\"https:\/\/graziamagazine.com\/mx\/wp-content\/uploads\/sites\/13\/2022\/11\/104_FENDI-Home-Decor-Lifestyle-Accessories-Collection_Still-Life.jpg?resize=1024%2C683\" alt=\"FENDI Casa\" width=\"1024\" height=\"683\" data-recalc-dims=\"1\" \/><\/div>\n<\/figure>\n<figure class=\"gallery-item\">\n<div class=\"gallery-icon landscape\"><img loading=\"lazy\" decoding=\"async\" class=\"lazy\" src=\"https:\/\/graziamagazine.com\/mx\/wp-content\/uploads\/sites\/13\/2022\/11\/102_FENDI-Home-Decor-Lifestyle-Accessories-Collection_Still-Life.jpg?resize=1024%2C683\" alt=\"FENDI Casa\" width=\"1024\" height=\"683\" data-recalc-dims=\"1\" \/><\/div>\n<\/figure>\n<figure class=\"gallery-item\">\n<div class=\"gallery-icon landscape\"><img loading=\"lazy\" decoding=\"async\" class=\"lazy\" src=\"https:\/\/graziamagazine.com\/mx\/wp-content\/uploads\/sites\/13\/2022\/11\/101_FENDI-Home-Decor-Lifestyle-Accessories-Collection_Still-Life.jpg?resize=1024%2C683\" alt=\"FENDI Casa\" width=\"1024\" height=\"683\" data-recalc-dims=\"1\" \/><\/div>\n<\/figure>\n<\/div>\n<\/div>\n<p>Los textiles para el hogar en cashmere con el logo <em>FF<\/em> vienen en colores neutros vistiendo almohadas de varios tama\u00f1os que dan un toque <strong>FENDI<\/strong>, que hacen acogedora cualquier habitaci\u00f3n. Para completar la oferta que <strong>FENDI<\/strong> ofrece para estilo de vida tambi\u00e9n hay juegos de mes como backgammon, gato y domin\u00f3 son redise\u00f1ados con los colores y c\u00f3digos <strong>FENDI<\/strong>, expresi\u00f3n de la iron\u00eda y la artesan\u00eda de <strong>FENDI<\/strong>.<\/p>\n<div id=\"v-AacZWo9S-1\" class=\"video-player\"><\/div>\n<p>Disponible en <strong>FENDI<\/strong> y en <strong>FENDI Casa<\/strong> Boutiques en todo el mundo, as\u00ed como tambi\u00e9n a trav\u00e9s de fendi.com a partir del 1\u00b0 de diciembre de 2022.<\/p>\n","protected":false},"author":11636,"featured_media":167009,"template":"","format":"standard","categories":[6051,2134],"acf":[],"yoast_head":"<!-- This site is optimized with the Yoast SEO Premium plugin v18.5 (Yoast SEO v20.4) - https:\/\/yoast.com\/wordpress\/plugins\/seo\/ -->\n<title>FENDI Casa lanza l\u00ednea de accesorios del hogar | Grazia M\u00e9xico y Latam<\/title>\n<meta name=\"description\" content=\"FENDI Casa se complace en anunciar el lanzamiento de su primera colecci\u00f3n de accesorios de estilo de vida y decoraci\u00f3n del hogar\" \/>\n<meta name=\"robots\" content=\"index, follow, max-snippet:-1, max-image-preview:large, max-video-preview:-1\" \/>\n<link rel=\"canonical\" href=\"https:\/\/graziamagazine.com\/es\/articles\/fendi-casa-lanza-coleccion-que-le-dara-mas-estilo-a-tu-hogar\/\" \/>\n<meta property=\"og:locale\" content=\"es_ES\" \/>\n<meta property=\"og:type\" content=\"article\" \/>\n<meta property=\"og:title\" content=\"FENDI presenta una exclusiva colecci\u00f3n de accesorios y decoraci\u00f3n del hogar\" \/>\n<meta property=\"og:description\" content=\"FENDI Casa se complace en anunciar el lanzamiento de su primera colecci\u00f3n de accesorios de estilo de vida y decoraci\u00f3n del hogar\" \/>\n<meta property=\"og:url\" content=\"https:\/\/graziamagazine.com\/es\/articles\/fendi-casa-lanza-coleccion-que-le-dara-mas-estilo-a-tu-hogar\/\" \/>\n<meta property=\"og:site_name\" content=\"Grazia\" \/>\n<meta property=\"article:modified_time\" content=\"2022-12-01T15:55:48+00:00\" \/>\n<meta property=\"og:image\" content=\"https:\/\/graziamagazine.com\/es\/wp-content\/uploads\/sites\/12\/2022\/12\/06_FENDI-Home-Decor-Lifestyle-Accessories-Collection_Groupage-Images-e1669859999915.jpg\" \/>\n\t<meta property=\"og:image:width\" content=\"1280\" \/>\n\t<meta property=\"og:image:height\" content=\"853\" \/>\n\t<meta property=\"og:image:type\" content=\"image\/jpeg\" \/>\n<meta name=\"twitter:card\" content=\"summary_large_image\" \/>\n<meta name=\"twitter:label1\" content=\"Est. reading time\" \/>\n\t<meta name=\"twitter:data1\" content=\"3 minutos\" \/>\n<script type=\"application\/ld+json\" class=\"yoast-schema-graph\">{\"@context\":\"https:\/\/schema.org\",\"@graph\":[{\"@type\":\"WebPage\",\"@id\":\"https:\/\/graziamagazine.com\/es\/articles\/fendi-casa-lanza-coleccion-que-le-dara-mas-estilo-a-tu-hogar\/\",\"url\":\"https:\/\/graziamagazine.com\/es\/articles\/fendi-casa-lanza-coleccion-que-le-dara-mas-estilo-a-tu-hogar\/\",\"name\":\"FENDI Casa lanza l\u00ednea de accesorios del hogar | Grazia M\u00e9xico y Latam\",\"isPartOf\":{\"@id\":\"https:\/\/graziamagazine.com\/es\/#website\"},\"datePublished\":\"2022-12-01T09:09:24+00:00\",\"dateModified\":\"2022-12-01T15:55:48+00:00\",\"description\":\"FENDI Casa se complace en anunciar el lanzamiento de su primera colecci\u00f3n de accesorios de estilo de vida y decoraci\u00f3n del hogar\",\"breadcrumb\":{\"@id\":\"https:\/\/graziamagazine.com\/es\/articles\/fendi-casa-lanza-coleccion-que-le-dara-mas-estilo-a-tu-hogar\/#breadcrumb\"},\"inLanguage\":\"es\",\"potentialAction\":[{\"@type\":\"ReadAction\",\"target\":[\"https:\/\/graziamagazine.com\/es\/articles\/fendi-casa-lanza-coleccion-que-le-dara-mas-estilo-a-tu-hogar\/\"]}]},{\"@type\":\"BreadcrumbList\",\"@id\":\"https:\/\/graziamagazine.com\/es\/articles\/fendi-casa-lanza-coleccion-que-le-dara-mas-estilo-a-tu-hogar\/#breadcrumb\",\"itemListElement\":[{\"@type\":\"ListItem\",\"position\":1,\"name\":\"Portada\",\"item\":\"https:\/\/graziamagazine.com\/es\/\"},{\"@type\":\"ListItem\",\"position\":2,\"name\":\"FENDI presenta una exclusiva colecci\u00f3n de accesorios y decoraci\u00f3n del hogar\"}]},{\"@type\":\"WebSite\",\"@id\":\"https:\/\/graziamagazine.com\/es\/#website\",\"url\":\"https:\/\/graziamagazine.com\/es\/\",\"name\":\"Grazia\",\"description\":\"Moda, belleza, celebrities, estilo de vida...\",\"potentialAction\":[{\"@type\":\"SearchAction\",\"target\":{\"@type\":\"EntryPoint\",\"urlTemplate\":\"https:\/\/graziamagazine.com\/es\/?s={search_term_string}\"},\"query-input\":\"required name=search_term_string\"}],\"inLanguage\":\"es\"}]}<\/script>\n<!-- \/ Yoast SEO Premium plugin. -->","yoast_head_json":{"title":"FENDI Casa lanza l\u00ednea de accesorios del hogar | Grazia M\u00e9xico y Latam","description":"FENDI Casa se complace en anunciar el lanzamiento de su primera colecci\u00f3n de accesorios de estilo de vida y decoraci\u00f3n del hogar","robots":{"index":"index","follow":"follow","max-snippet":"max-snippet:-1","max-image-preview":"max-image-preview:large","max-video-preview":"max-video-preview:-1"},"canonical":"https:\/\/graziamagazine.com\/es\/articles\/fendi-casa-lanza-coleccion-que-le-dara-mas-estilo-a-tu-hogar\/","og_locale":"es_ES","og_type":"article","og_title":"FENDI presenta una exclusiva colecci\u00f3n de accesorios y decoraci\u00f3n del hogar","og_description":"FENDI Casa se complace en anunciar el lanzamiento de su primera colecci\u00f3n de accesorios de estilo de vida y decoraci\u00f3n del hogar","og_url":"https:\/\/graziamagazine.com\/es\/articles\/fendi-casa-lanza-coleccion-que-le-dara-mas-estilo-a-tu-hogar\/","og_site_name":"Grazia","article_modified_time":"2022-12-01T15:55:48+00:00","og_image":[{"width":1280,"height":853,"url":"https:\/\/graziamagazine.com\/es\/wp-content\/uploads\/sites\/12\/2022\/12\/06_FENDI-Home-Decor-Lifestyle-Accessories-Collection_Groupage-Images-e1669859999915.jpg","type":"image\/jpeg"}],"twitter_card":"summary_large_image","twitter_misc":{"Est. reading time":"3 minutos"},"schema":{"@context":"https:\/\/schema.org","@graph":[{"@type":"WebPage","@id":"https:\/\/graziamagazine.com\/es\/articles\/fendi-casa-lanza-coleccion-que-le-dara-mas-estilo-a-tu-hogar\/","url":"https:\/\/graziamagazine.com\/es\/articles\/fendi-casa-lanza-coleccion-que-le-dara-mas-estilo-a-tu-hogar\/","name":"FENDI Casa lanza l\u00ednea de accesorios del hogar | Grazia M\u00e9xico y Latam","isPartOf":{"@id":"https:\/\/graziamagazine.com\/es\/#website"},"datePublished":"2022-12-01T09:09:24+00:00","dateModified":"2022-12-01T15:55:48+00:00","description":"FENDI Casa se complace en anunciar el lanzamiento de su primera colecci\u00f3n de accesorios de estilo de vida y decoraci\u00f3n del hogar","breadcrumb":{"@id":"https:\/\/graziamagazine.com\/es\/articles\/fendi-casa-lanza-coleccion-que-le-dara-mas-estilo-a-tu-hogar\/#breadcrumb"},"inLanguage":"es","potentialAction":[{"@type":"ReadAction","target":["https:\/\/graziamagazine.com\/es\/articles\/fendi-casa-lanza-coleccion-que-le-dara-mas-estilo-a-tu-hogar\/"]}]},{"@type":"BreadcrumbList","@id":"https:\/\/graziamagazine.com\/es\/articles\/fendi-casa-lanza-coleccion-que-le-dara-mas-estilo-a-tu-hogar\/#breadcrumb","itemListElement":[{"@type":"ListItem","position":1,"name":"Portada","item":"https:\/\/graziamagazine.com\/es\/"},{"@type":"ListItem","position":2,"name":"FENDI presenta una exclusiva colecci\u00f3n de accesorios y decoraci\u00f3n del hogar"}]},{"@type":"WebSite","@id":"https:\/\/graziamagazine.com\/es\/#website","url":"https:\/\/graziamagazine.com\/es\/","name":"Grazia","description":"Moda, belleza, celebrities, estilo de vida...","potentialAction":[{"@type":"SearchAction","target":{"@type":"EntryPoint","urlTemplate":"https:\/\/graziamagazine.com\/es\/?s={search_term_string}"},"query-input":"required name=search_term_string"}],"inLanguage":"es"}]}},"jetpack_sharing_enabled":true,"distributor_meta":false,"distributor_terms":false,"distributor_media":false,"distributor_original_site_name":"Grazia","distributor_original_site_url":"https:\/\/graziamagazine.com\/es","push-errors":false,"_links":{"self":[{"href":"https:\/\/graziamagazine.com\/es\/wp-json\/wp\/v2\/articles\/167008"}],"collection":[{"href":"https:\/\/graziamagazine.com\/es\/wp-json\/wp\/v2\/articles"}],"about":[{"href":"https:\/\/graziamagazine.com\/es\/wp-json\/wp\/v2\/types\/articles"}],"author":[{"embeddable":true,"href":"https:\/\/graziamagazine.com\/es\/wp-json\/wp\/v2\/users\/11636"}],"wp:featuredmedia":[{"embeddable":true,"href":"https:\/\/graziamagazine.com\/es\/wp-json\/wp\/v2\/media\/167009"}],"wp:attachment":[{"href":"https:\/\/graziamagazine.com\/es\/wp-json\/wp\/v2\/media?parent=167008"}],"wp:term":[{"taxonomy":"category","embeddable":true,"href":"https:\/\/graziamagazine.com\/es\/wp-json\/wp\/v2\/categories?post=167008"}],"curies":[{"name":"wp","href":"https:\/\/api.w.org\/{rel}","templated":true}]}}