{"id":166974,"date":"2022-11-29T09:30:49","date_gmt":"2022-11-29T08:30:49","guid":{"rendered":"https:\/\/graziamagazine.com\/es\/?post_type=articles&#038;p=166974"},"modified":"2022-11-29T05:53:20","modified_gmt":"2022-11-29T04:53:20","slug":"prada-lanza-su-capsula-navidena-en-nft","status":"publish","type":"articles","link":"https:\/\/graziamagazine.com\/es\/articles\/prada-lanza-su-capsula-navidena-en-nft\/","title":{"rendered":"Prada lanza su c\u00e1psula navide\u00f1a en NFT"},"content":{"rendered":"<p><span style=\"font-weight: 400\">Para las celebraciones de esta \u00e9poca del a\u00f1o, Prada estrenar\u00e1 el pr\u00f3ximo<strong> 1 de diciembre una colecci\u00f3n <\/strong><\/span><strong><i>Timecapsule<\/i><\/strong><span style=\"font-weight: 400\"> de edici\u00f3n limitada, que est\u00e1 combinada con un<strong> NFT de regalo<\/strong>. Se trata de un \u2018<\/span><b><i>ugly sweater<\/i><\/b><span style=\"font-weight: 400\">\u2019 tradicional con temas festivos, que de <\/span><i><span style=\"font-weight: 400\">ugly<\/span><\/i><span style=\"font-weight: 400\"> no tiene nada.<\/span><\/p>\n<p><span style=\"font-weight: 400\">Esta ser\u00e1 la s\u00e9ptima entrega de la <\/span><b><i>Timecapsule NFT Collection<\/i><\/b><span style=\"font-weight: 400\">, cuyo NFT del <\/span><i><span style=\"font-weight: 400\">sweater <\/span><\/i><span style=\"font-weight: 400\">es el n\u00famero 36 en la colecci\u00f3n <\/span><i><span style=\"font-weight: 400\">Timecapsule<\/span><\/i><span style=\"font-weight: 400\">. Reimaginando el <\/span><i><span style=\"font-weight: 400\">sweater <\/span><\/i><span style=\"font-weight: 400\">tradicional con temas festivos, los colores primarios ser\u00e1n rojo y blanco, con rayas negras visibles en la parte inferior y en los pu\u00f1os.\u00a0<\/span><\/p>\n<p><span style=\"font-weight: 400\">El <\/span><i><span style=\"font-weight: 400\">jersey<\/span><\/i><span style=\"font-weight: 400\"> de lana merino est\u00e1 confeccionado con una t\u00e9cnica especial de tejido <\/span><i><span style=\"font-weight: 400\">jacquard <\/span><\/i><span style=\"font-weight: 400\">noruego, mientras que el logotipo de PRADA que aparece en el jersey est\u00e1 confeccionado con una t\u00e9cnica de bordado.<\/span><\/p>\n<p><img loading=\"lazy\" decoding=\"async\" class=\"aligncenter wp-image-119278 size-large\" src=\"https:\/\/graziamagazine.com\/mx\/wp-content\/uploads\/sites\/13\/2022\/11\/Prada-Timecapsule-NFT_December_04.jpg?w=819&amp;resize=819%2C1024\" alt=\"\" width=\"819\" height=\"1024\" data-recalc-dims=\"1\" \/><\/p>\n<p><span style=\"font-weight: 400\">Al igual que con lanzamientos anteriores, Prada quiere continuar ofreciendo oportunidades exclusivas para su comunidad <\/span><b>Web3<\/b><span style=\"font-weight: 400\">. Los suscriptores de <\/span><i><span style=\"font-weight: 400\">Timecapsule NFT<\/span><\/i><span style=\"font-weight: 400\"> tendr\u00e1n la oportunidad de obtener acceso a eventos y experiencias exclusivas, incluidas invitaciones a eventos especiales como <\/span><b>Prada Extends y Prada Mode<\/b><span style=\"font-weight: 400\">, que se llevan a cabo en todo el mundo.\u00a0<\/span><\/p>\n<p><span style=\"font-weight: 400\">Adem\u00e1s, para los fieles clientes, los suscriptores NFT de los primeros seis lanzamientos tendr\u00e1n la oportunidad exclusiva de asistir a <\/span><b>Prada Extends Miami<\/b><span style=\"font-weight: 400\"> al margen de <\/span><b>Art Basel 2022.<\/b><span style=\"font-weight: 400\">\u00a0<\/span><\/p>\n<p><span style=\"font-weight: 400\">Oportunidades que los seguidores de la marca ya conocen, pues a principios de noviembre los suscriptores NFT anteriores pudieron asistir a la octava versi\u00f3n de Prada Mode, un club social itinerante que brinda a los miembros una experiencia art\u00edstica \u00fanica junto con m\u00fasica, comidas y conversaciones, que cont\u00f3 con una instalaci\u00f3n del artista <\/span><b>Damien Hirst en Dubai.<\/b><\/p>\n<p><img loading=\"lazy\" decoding=\"async\" class=\"aligncenter wp-image-119277 size-large\" src=\"https:\/\/graziamagazine.com\/mx\/wp-content\/uploads\/sites\/13\/2022\/11\/Prada-Timecapsule-NFT_December_02.jpg?w=1024&amp;resize=1024%2C576\" alt=\"\" width=\"1024\" height=\"576\" data-recalc-dims=\"1\" \/><\/p>\n<p><i><span style=\"font-weight: 400\">Timecapsule drop<\/span><\/i><span style=\"font-weight: 400\"> es un evento mensual en l\u00ednea que tiene lugar el <\/span><b>primer jueves de cada mes. <\/b><span style=\"font-weight: 400\">Cantidades limitadas de los productos <\/span><i><span style=\"font-weight: 400\">Timecapsule Collection<\/span><\/i><span style=\"font-weight: 400\"> est\u00e1n <\/span><b>disponibles durante 24 horas.<\/b><span style=\"font-weight: 400\"> Cada art\u00edculo de edici\u00f3n limitada tiene su propio n\u00famero de serie \u00fanico y se prepara para la entrega con un embalaje personalizado. Al comprar Timecapsule, los clientes podr\u00e1n canjear el NFT relacionado. Con este proceso, Prada mantiene la coherencia y la armon\u00eda entre la exclusividad de Prada Timecapsule y la <\/span><b>rareza de los NFT correspondientes.<\/b><\/p>\n<p><span style=\"font-weight: 400\">Los propietarios de NFT son elegibles para participar en beneficios y experiencias exclusivas, as\u00ed como para obtener acceso prioritario a futuros lanzamientos.<\/span><\/p>\n<p><span style=\"font-weight: 400\">\u00bfTe sumas a las experiencias en el metaverso de Prada?<\/span><\/p>\n<p><img loading=\"lazy\" decoding=\"async\" class=\"aligncenter wp-image-119280 size-large\" src=\"https:\/\/graziamagazine.com\/mx\/wp-content\/uploads\/sites\/13\/2022\/11\/Prada-Timecapsule-NFT_December_05.jpg?w=819&amp;resize=819%2C1024\" alt=\"\" width=\"819\" height=\"1024\" data-recalc-dims=\"1\" \/><\/p>\n","protected":false},"author":16349,"featured_media":166975,"template":"","format":"standard","categories":[1],"acf":[],"yoast_head":"<!-- This site is optimized with the Yoast SEO Premium plugin v18.5 (Yoast SEO v20.4) - https:\/\/yoast.com\/wordpress\/plugins\/seo\/ -->\n<title>Prada lanza su c\u00e1psula navide\u00f1a en NFT | Grazia<\/title>\n<meta name=\"description\" content=\"Para las celebraciones de esta \u00e9poca del a\u00f1o, Prada estrenar\u00e1 el pr\u00f3ximo 1 de diciembre una colecci\u00f3n Timecapsule de edici\u00f3n limitada, que est\u00e1 combinada\" \/>\n<meta name=\"robots\" content=\"index, follow, max-snippet:-1, max-image-preview:large, max-video-preview:-1\" \/>\n<link rel=\"canonical\" href=\"https:\/\/graziamagazine.com\/es\/articles\/prada-lanza-su-capsula-navidena-en-nft\/\" \/>\n<meta property=\"og:locale\" content=\"es_ES\" \/>\n<meta property=\"og:type\" content=\"article\" \/>\n<meta property=\"og:title\" content=\"Prada lanza su c\u00e1psula navide\u00f1a en NFT\" \/>\n<meta property=\"og:description\" content=\"Para las celebraciones de esta \u00e9poca del a\u00f1o, Prada estrenar\u00e1 el pr\u00f3ximo 1 de diciembre una colecci\u00f3n Timecapsule de edici\u00f3n limitada, que est\u00e1 combinada\" \/>\n<meta property=\"og:url\" content=\"https:\/\/graziamagazine.com\/es\/articles\/prada-lanza-su-capsula-navidena-en-nft\/\" \/>\n<meta property=\"og:site_name\" content=\"Grazia\" \/>\n<meta property=\"article:modified_time\" content=\"2022-11-29T04:53:20+00:00\" \/>\n<meta property=\"og:image\" content=\"https:\/\/graziamagazine.com\/es\/wp-content\/uploads\/sites\/12\/2022\/11\/Prada-Timecapsule-NFT_December_01.jpg?fit=1920%2C1080\" \/>\n\t<meta property=\"og:image:width\" content=\"1920\" \/>\n\t<meta property=\"og:image:height\" content=\"1080\" \/>\n\t<meta property=\"og:image:type\" content=\"image\/jpeg\" \/>\n<meta name=\"twitter:card\" content=\"summary_large_image\" \/>\n<meta name=\"twitter:label1\" content=\"Est. reading time\" \/>\n\t<meta name=\"twitter:data1\" content=\"3 minutos\" \/>\n<script type=\"application\/ld+json\" class=\"yoast-schema-graph\">{\"@context\":\"https:\/\/schema.org\",\"@graph\":[{\"@type\":\"WebPage\",\"@id\":\"https:\/\/graziamagazine.com\/es\/articles\/prada-lanza-su-capsula-navidena-en-nft\/\",\"url\":\"https:\/\/graziamagazine.com\/es\/articles\/prada-lanza-su-capsula-navidena-en-nft\/\",\"name\":\"Prada lanza su c\u00e1psula navide\u00f1a en NFT | Grazia\",\"isPartOf\":{\"@id\":\"https:\/\/graziamagazine.com\/es\/#website\"},\"datePublished\":\"2022-11-29T08:30:49+00:00\",\"dateModified\":\"2022-11-29T04:53:20+00:00\",\"description\":\"Para las celebraciones de esta \u00e9poca del a\u00f1o, Prada estrenar\u00e1 el pr\u00f3ximo 1 de diciembre una colecci\u00f3n Timecapsule de edici\u00f3n limitada, que est\u00e1 combinada\",\"breadcrumb\":{\"@id\":\"https:\/\/graziamagazine.com\/es\/articles\/prada-lanza-su-capsula-navidena-en-nft\/#breadcrumb\"},\"inLanguage\":\"es\",\"potentialAction\":[{\"@type\":\"ReadAction\",\"target\":[\"https:\/\/graziamagazine.com\/es\/articles\/prada-lanza-su-capsula-navidena-en-nft\/\"]}]},{\"@type\":\"BreadcrumbList\",\"@id\":\"https:\/\/graziamagazine.com\/es\/articles\/prada-lanza-su-capsula-navidena-en-nft\/#breadcrumb\",\"itemListElement\":[{\"@type\":\"ListItem\",\"position\":1,\"name\":\"Portada\",\"item\":\"https:\/\/graziamagazine.com\/es\/\"},{\"@type\":\"ListItem\",\"position\":2,\"name\":\"Prada lanza su c\u00e1psula navide\u00f1a en NFT\"}]},{\"@type\":\"WebSite\",\"@id\":\"https:\/\/graziamagazine.com\/es\/#website\",\"url\":\"https:\/\/graziamagazine.com\/es\/\",\"name\":\"Grazia\",\"description\":\"Moda, belleza, celebrities, estilo de vida...\",\"potentialAction\":[{\"@type\":\"SearchAction\",\"target\":{\"@type\":\"EntryPoint\",\"urlTemplate\":\"https:\/\/graziamagazine.com\/es\/?s={search_term_string}\"},\"query-input\":\"required name=search_term_string\"}],\"inLanguage\":\"es\"}]}<\/script>\n<!-- \/ Yoast SEO Premium plugin. -->","yoast_head_json":{"title":"Prada lanza su c\u00e1psula navide\u00f1a en NFT | Grazia","description":"Para las celebraciones de esta \u00e9poca del a\u00f1o, Prada estrenar\u00e1 el pr\u00f3ximo 1 de diciembre una colecci\u00f3n Timecapsule de edici\u00f3n limitada, que est\u00e1 combinada","robots":{"index":"index","follow":"follow","max-snippet":"max-snippet:-1","max-image-preview":"max-image-preview:large","max-video-preview":"max-video-preview:-1"},"canonical":"https:\/\/graziamagazine.com\/es\/articles\/prada-lanza-su-capsula-navidena-en-nft\/","og_locale":"es_ES","og_type":"article","og_title":"Prada lanza su c\u00e1psula navide\u00f1a en NFT","og_description":"Para las celebraciones de esta \u00e9poca del a\u00f1o, Prada estrenar\u00e1 el pr\u00f3ximo 1 de diciembre una colecci\u00f3n Timecapsule de edici\u00f3n limitada, que est\u00e1 combinada","og_url":"https:\/\/graziamagazine.com\/es\/articles\/prada-lanza-su-capsula-navidena-en-nft\/","og_site_name":"Grazia","article_modified_time":"2022-11-29T04:53:20+00:00","og_image":[{"width":1920,"height":1080,"url":"https:\/\/graziamagazine.com\/es\/wp-content\/uploads\/sites\/12\/2022\/11\/Prada-Timecapsule-NFT_December_01.jpg?fit=1920%2C1080","type":"image\/jpeg"}],"twitter_card":"summary_large_image","twitter_misc":{"Est. reading time":"3 minutos"},"schema":{"@context":"https:\/\/schema.org","@graph":[{"@type":"WebPage","@id":"https:\/\/graziamagazine.com\/es\/articles\/prada-lanza-su-capsula-navidena-en-nft\/","url":"https:\/\/graziamagazine.com\/es\/articles\/prada-lanza-su-capsula-navidena-en-nft\/","name":"Prada lanza su c\u00e1psula navide\u00f1a en NFT | Grazia","isPartOf":{"@id":"https:\/\/graziamagazine.com\/es\/#website"},"datePublished":"2022-11-29T08:30:49+00:00","dateModified":"2022-11-29T04:53:20+00:00","description":"Para las celebraciones de esta \u00e9poca del a\u00f1o, Prada estrenar\u00e1 el pr\u00f3ximo 1 de diciembre una colecci\u00f3n Timecapsule de edici\u00f3n limitada, que est\u00e1 combinada","breadcrumb":{"@id":"https:\/\/graziamagazine.com\/es\/articles\/prada-lanza-su-capsula-navidena-en-nft\/#breadcrumb"},"inLanguage":"es","potentialAction":[{"@type":"ReadAction","target":["https:\/\/graziamagazine.com\/es\/articles\/prada-lanza-su-capsula-navidena-en-nft\/"]}]},{"@type":"BreadcrumbList","@id":"https:\/\/graziamagazine.com\/es\/articles\/prada-lanza-su-capsula-navidena-en-nft\/#breadcrumb","itemListElement":[{"@type":"ListItem","position":1,"name":"Portada","item":"https:\/\/graziamagazine.com\/es\/"},{"@type":"ListItem","position":2,"name":"Prada lanza su c\u00e1psula navide\u00f1a en NFT"}]},{"@type":"WebSite","@id":"https:\/\/graziamagazine.com\/es\/#website","url":"https:\/\/graziamagazine.com\/es\/","name":"Grazia","description":"Moda, belleza, celebrities, estilo de vida...","potentialAction":[{"@type":"SearchAction","target":{"@type":"EntryPoint","urlTemplate":"https:\/\/graziamagazine.com\/es\/?s={search_term_string}"},"query-input":"required name=search_term_string"}],"inLanguage":"es"}]}},"jetpack_sharing_enabled":true,"distributor_meta":false,"distributor_terms":false,"distributor_media":false,"distributor_original_site_name":"Grazia","distributor_original_site_url":"https:\/\/graziamagazine.com\/es","push-errors":false,"_links":{"self":[{"href":"https:\/\/graziamagazine.com\/es\/wp-json\/wp\/v2\/articles\/166974"}],"collection":[{"href":"https:\/\/graziamagazine.com\/es\/wp-json\/wp\/v2\/articles"}],"about":[{"href":"https:\/\/graziamagazine.com\/es\/wp-json\/wp\/v2\/types\/articles"}],"author":[{"embeddable":true,"href":"https:\/\/graziamagazine.com\/es\/wp-json\/wp\/v2\/users\/16349"}],"wp:featuredmedia":[{"embeddable":true,"href":"https:\/\/graziamagazine.com\/es\/wp-json\/wp\/v2\/media\/166975"}],"wp:attachment":[{"href":"https:\/\/graziamagazine.com\/es\/wp-json\/wp\/v2\/media?parent=166974"}],"wp:term":[{"taxonomy":"category","embeddable":true,"href":"https:\/\/graziamagazine.com\/es\/wp-json\/wp\/v2\/categories?post=166974"}],"curies":[{"name":"wp","href":"https:\/\/api.w.org\/{rel}","templated":true}]}}